{"id":14392,"date":"2021-05-26T04:00:00","date_gmt":"2021-05-26T02:00:00","guid":{"rendered":"https:\/\/www.newsendip.com\/bolsonaro-lun-des-rares-dirigeants-a-la-ceremonie-dinvestiture-presidentielle-de-lequateur\/"},"modified":"2024-07-16T23:47:23","modified_gmt":"2024-07-16T21:47:23","slug":"bolsonaro-bresil-un-des-rares-dirigeants-a-la-ceremonie-dinvestiture-presidentielle-de-lequateur","status":"publish","type":"post","link":"https:\/\/www.newsendip.com\/fr\/bolsonaro-bresil-un-des-rares-dirigeants-a-la-ceremonie-dinvestiture-presidentielle-de-lequateur\/","title":{"rendered":"Bolsonaro, l\u2019un des rares dirigeants pr\u00e9sent pour l\u2019investiture du pr\u00e9sident de l\u2019\u00c9quateur"},"content":{"rendered":"<p><strong>Alors que l\u2019\u00c9quateur envisage de s\u2019ouvrir au commerce mondial apr\u00e8s des ann\u00e9es de gouvernement socialiste, le pr\u00e9sident du Br\u00e9sil fut l\u2019un des seuls chefs d\u2019\u00c9tat de la r\u00e9gion \u00e0 avoir fait le d\u00e9placement pour l\u2019investiture de Guillermo Lasso.<\/strong><\/p>\n<figure id=\"attachment_13556\" aria-describedby=\"caption-attachment-13556\" style=\"width: 435px\" class=\"wp-caption aligncenter\"><img decoding=\"async\" class=\"wp-image-13556 size-full\" src=\"https:\/\/www.newsendip.com\/wp-content\/uploads\/2021\/05\/Guillermo_Lasso_Ecuador_Bolsonaro_Brazil.jpg\" alt=\"Guillermo Lasso, pr\u00e9sident de l'Equateur\" width=\"435\" height=\"480\" srcset=\"https:\/\/www.newsendip.com\/wp-content\/uploads\/2021\/05\/Guillermo_Lasso_Ecuador_Bolsonaro_Brazil.jpg 435w, https:\/\/www.newsendip.com\/wp-content\/uploads\/2021\/05\/Guillermo_Lasso_Ecuador_Bolsonaro_Brazil-60x66.jpg 60w, https:\/\/www.newsendip.com\/wp-content\/uploads\/2021\/05\/Guillermo_Lasso_Ecuador_Bolsonaro_Brazil-272x300.jpg 272w\" sizes=\"(max-width: 435px) 100vw, 435px\"><figcaption id=\"caption-attachment-13556\" class=\"wp-caption-text\">Guillermo Lasso a pr\u00eat\u00e9 serment le 24 mai 2021\u202fen pr\u00e9sence du roi d\u2019Espagne, Felipe VI, et le pr\u00e9sident du Br\u00e9sil, Jair Bolsonaro<\/figcaption><\/figure>\n<p>Guillermo Lasso, homme politique de centre-droit, a pr\u00eat\u00e9 serment \u00e0 la pr\u00e9sidence de l\u2019\u00c9quateur le 24 mai apr\u00e8s 18 ans de gouvernement socialiste. Alors que l\u2019\u00c9quateur va ouvrir son \u00e9conomie au march\u00e9 libre, Jair Bolsonaro a \u00e9t\u00e9 l\u2019un des seuls pr\u00e9sidents \u00e0 s\u2019\u00eatre d\u00e9plac\u00e9 \u00e0 la c\u00e9r\u00e9monie.<strong><br>\n<\/strong><\/p>\n<p>Guillermo Lasso, 65 ans, a \u00e9t\u00e9 \u00e9lu pr\u00e9sident de l\u2019\u00c9quateur le 11 avril, avec 52\u202f% des voix. Investi le 24 mai, il est le <strong>premier pr\u00e9sident de droite de l\u2019\u00c9quateur depuis 18 ans<\/strong>. Sur le plan \u00e9conomique, l\u2019ancien banquier est un <strong>lib\u00e9ral convaincu<\/strong> en faveur de la privatisation des entreprises et <strong>de l\u2019ouverture \u00e0 l\u2019\u00e9conomie de march\u00e9, et surtout \u00e0 ses alli\u00e9s<\/strong>. \u00ab\u202f<em>Aujourd\u2019hui, l\u2019\u00c9quateur d\u00e9clare qu\u2019il ouvre ses portes au commerce mondial<\/em>\u202f\u00bb, a d\u00e9clar\u00e9 Guillermo Lasso lors de son investiture. Le pays, qui a souffert de la fluctuation des prix du p\u00e9trole et plus r\u00e9cemment de la pand\u00e9mie, est en effet dans une situation \u00e9conomique difficile avec une r\u00e9cession de 7,8% en&nbsp;2020.<\/p>\n<p>Et <strong>Jair Bolsonaro, l\u2019un des seuls dirigeants conservateurs d\u2019Am\u00e9rique latine, a \u00e9t\u00e9 l\u2019un des rares \u00e0 s\u2019\u00eatre rendu \u00e0 Quito<\/strong>, la capitale de l\u2019\u00c9quateur, pour assister \u00e0 la c\u00e9r\u00e9monie.<\/p>\n<p>Aux c\u00f4t\u00e9s du pr\u00e9sident br\u00e9silien, le roi d\u2019Espagne Felipe VI a \u00e9galement assist\u00e9 \u00e0 l\u2019\u00e9v\u00e9nement. Luis Abinader, le pr\u00e9sident de la R\u00e9publique dominicaine, issu d\u2019un parti social-d\u00e9mocrate, et Jovenel Mo\u00efse, le pr\u00e9sident contest\u00e9 d\u2019Ha\u00efti en pleine tourmente politique, \u00e9taient les autres chefs d\u2019\u00c9tat pr\u00e9sents \u00e0 la c\u00e9r\u00e9monie.<\/p>\n<h2>Bolsonaro s\u2019est rendu en \u00c9quateur contrairement \u00e0 la plupart des autres dirigeants de la r\u00e9gion<\/h2>\n<p><!--more--><\/p>\n<p><strong>Les pr\u00e9sidents du Chili, de l\u2019Uruguay, de la Colombie, trois autres pr\u00e9sidents de droite d\u2019Am\u00e9rique latin ont annul\u00e9 \u00e0 la derni\u00e8re minute<\/strong>. M. Pi\u00f1era au Chili aurait \u00e9t\u00e9 occup\u00e9 \u00e0 modifier son gouvernement apr\u00e8s les \u00e9lections li\u00e9es aux modifications de la Constitution suscit\u00e9es par les manifestations de 2019. M. Pou, qui a \u00e9t\u00e9 \u00e9lu apr\u00e8s 15 ans d\u2019une pr\u00e9sidence de gauche, a d\u00e9cid\u00e9 de rester en Uruguay apr\u00e8s la mort de son ministre de l\u2019Int\u00e9rieur d\u2019une crise cardiaque. Et le pr\u00e9sident colombien, Iv\u00e1n Duque, avait pr\u00e9vu d\u2019assister \u00e0 la c\u00e9r\u00e9monie mais a choisi de rester chez lui en raison de la crise politique et \u00e9conomique interne que traverse actuellement le pays. Le Guatemala, l\u2019autre pays dirig\u00e9 par la droite, \u00e9tait repr\u00e9sent\u00e9 par son ministre des Affaires \u00e9trang\u00e8res.<\/p>\n<p>C\u2019est par cette mani\u00e8re que la plupart des pays d\u2019Am\u00e9rique latine et d\u2019Am\u00e9rique centrale \u00e9taient repr\u00e9sent\u00e9s. <strong>Le Costa Rica, le Nicaragua, le Panama, la Bolivie et l\u2019Argentine, tous dirig\u00e9s par des pr\u00e9sidents de gauche, avaient leur ministre des Affaires \u00e9trang\u00e8res \u00e0 la c\u00e9r\u00e9monie<\/strong>. La d\u00e9l\u00e9gation des \u00c9tats-Unis \u00e9tait conduite par l\u2019ambassadrice aupr\u00e8s de l\u2019ONU, Linda Thomas-Greenfield, qui a salu\u00e9 les \u00e9lections libres qui ont eu lieu en \u00c9quateur.<\/p>\n<p>Pour Bolsonaro, si le symbole politique est fort, il a aussi une perspective \u00e9conomique. En fait, <strong>le Br\u00e9sil est l\u2019un des partenaires commerciaux les plus importants de l\u2019\u00c9quateur<\/strong>&nbsp;: un tiers des importations \u00e9quatoriennes proviennent du Br\u00e9sil. Et malgr\u00e9 le fait que les exportations du Br\u00e9sil vers l\u2019\u00c9quateur ne repr\u00e9sentent que 0,3\u202f% des ventes ext\u00e9rieures en 2020, la balance commerciale est positive de 512 millions de dollars am\u00e9ricains. \u00c0 l\u2019image de la balance commerciale avec l\u2019Argentine, celle envers <strong>l\u2019\u00c9quateur est loin d\u2019\u00eatre n\u00e9gligeable<\/strong> . Et Jair Bolsonaro a d\u00e9cid\u00e9 de se rendre personnellement \u00e0 la c\u00e9r\u00e9monie, contrairement \u00e0 la plupart de ses homologues.<\/p>\n<p><strong><a href=\"https:\/\/www.newsendip.com\/fr\/etiquette\/bresil\/\">En savoir plus sur le Br\u00e9sil<\/a><\/strong><\/p>\n","protected":false},"excerpt":{"rendered":"<p>Alors que l\u2019\u00c9quateur envisage de s\u2019ouvrir au commerce mondial apr\u00e8s des ann\u00e9es de gouvernement socialiste, le pr\u00e9sident du Br\u00e9sil fut l\u2019un des seuls chefs d\u2019\u00c9tat \u00e0 avoir fait le d\u00e9placement pour l\u2019investiture de Guillermo Lasso.<\/p>\n","protected":false},"author":1,"featured_media":13556,"comment_status":"closed","ping_status":"closed","sticky":false,"template":"","format":"standard","meta":{"wp_typography_post_enhancements_disabled":false,"footnotes":""},"categories":[416],"tags":[455,1128,421],"class_list":["post-14392","post","type-post","status-publish","format-standard","has-post-thumbnail","hentry","category-politique","tag-bresil","tag-equateur","tag-vieux"],"yoast_head":"<!-- This site is optimized with the Yoast SEO Premium plugin v27.4 (Yoast SEO v27.4) - https:\/\/yoast.com\/product\/yoast-seo-premium-wordpress\/ -->\n<title>Bolsonaro, l&#039;un des rares dirigeants pr\u00e9sent pour l&#039;investiture du pr\u00e9sident de l&#039;\u00c9quateur<\/title>\n<meta name=\"description\" content=\"Alors que l\u2019\u00c9quateur envisage de s&#039;ouvrir au commerce mondial apr\u00e8s des ann\u00e9es de gouvernement socialiste, le pr\u00e9sident du Br\u00e9sil fut l&#039;un des seuls chefs d\u2019\u00c9tat \u00e0 avoir fait le d\u00e9placement pour l&#039;investiture de Guillermo Lasso.\" \/>\n<meta name=\"robots\" content=\"index, follow, max-snippet:-1, max-image-preview:large, max-video-preview:-1\" \/>\n<link rel=\"canonical\" href=\"https:\/\/www.newsendip.com\/fr\/bolsonaro-bresil-un-des-rares-dirigeants-a-la-ceremonie-dinvestiture-presidentielle-de-lequateur\/\" \/>\n<meta property=\"og:locale\" content=\"fr_FR\" \/>\n<meta property=\"og:type\" content=\"article\" \/>\n<meta property=\"og:title\" content=\"Bolsonaro, l&#039;un des rares dirigeants pr\u00e9sent pour l&#039;investiture du pr\u00e9sident de l&#039;\u00c9quateur\" \/>\n<meta property=\"og:description\" content=\"Alors que l\u2019\u00c9quateur envisage de s&#039;ouvrir au commerce mondial apr\u00e8s des ann\u00e9es de gouvernement socialiste, le pr\u00e9sident du Br\u00e9sil fut l&#039;un des seuls chefs d\u2019\u00c9tat \u00e0 avoir fait le d\u00e9placement pour l&#039;investiture de Guillermo Lasso.\" \/>\n<meta property=\"og:url\" content=\"https:\/\/www.newsendip.com\/fr\/bolsonaro-bresil-un-des-rares-dirigeants-a-la-ceremonie-dinvestiture-presidentielle-de-lequateur\/\" \/>\n<meta property=\"og:site_name\" content=\"Newsendip\" \/>\n<meta property=\"article:publisher\" content=\"https:\/\/www.facebook.com\/newsendip\" \/>\n<meta property=\"article:published_time\" content=\"2021-05-26T02:00:00+00:00\" \/>\n<meta property=\"article:modified_time\" content=\"2024-07-16T21:47:23+00:00\" \/>\n<meta property=\"og:image\" content=\"https:\/\/www.newsendip.com\/wp-content\/uploads\/2021\/05\/Guillermo_Lasso_Ecuador_Bolsonaro_Brazil.jpg\" \/>\n\t<meta property=\"og:image:width\" content=\"435\" \/>\n\t<meta property=\"og:image:height\" content=\"480\" \/>\n\t<meta property=\"og:image:type\" content=\"image\/jpeg\" \/>\n<meta name=\"author\" content=\"Cl\u00e9ment V\u00e9rit\u00e9\" \/>\n<meta name=\"twitter:card\" content=\"summary_large_image\" \/>\n<meta name=\"twitter:creator\" content=\"@https:\/\/twitter.com\/cverite\" \/>\n<meta name=\"twitter:site\" content=\"@newsendip\" \/>\n<meta name=\"twitter:label1\" content=\"\u00c9crit par\" \/>\n\t<meta name=\"twitter:data1\" content=\"Cl\u00e9ment V\u00e9rit\u00e9\" \/>\n\t<meta name=\"twitter:label2\" content=\"Dur\u00e9e de lecture estim\u00e9e\" \/>\n\t<meta name=\"twitter:data2\" content=\"3 minutes\" \/>\n<!-- \/ Yoast SEO Premium plugin. -->","yoast_head_json":{"title":"Bolsonaro, l'un des rares dirigeants pr\u00e9sent pour l'investiture du pr\u00e9sident de l'\u00c9quateur","description":"Alors que l\u2019\u00c9quateur envisage de s'ouvrir au commerce mondial apr\u00e8s des ann\u00e9es de gouvernement socialiste, le pr\u00e9sident du Br\u00e9sil fut l'un des seuls chefs d\u2019\u00c9tat \u00e0 avoir fait le d\u00e9placement pour l'investiture de Guillermo Lasso.","robots":{"index":"index","follow":"follow","max-snippet":"max-snippet:-1","max-image-preview":"max-image-preview:large","max-video-preview":"max-video-preview:-1"},"canonical":"https:\/\/www.newsendip.com\/fr\/bolsonaro-bresil-un-des-rares-dirigeants-a-la-ceremonie-dinvestiture-presidentielle-de-lequateur\/","og_locale":"fr_FR","og_type":"article","og_title":"Bolsonaro, l'un des rares dirigeants pr\u00e9sent pour l'investiture du pr\u00e9sident de l'\u00c9quateur","og_description":"Alors que l\u2019\u00c9quateur envisage de s'ouvrir au commerce mondial apr\u00e8s des ann\u00e9es de gouvernement socialiste, le pr\u00e9sident du Br\u00e9sil fut l'un des seuls chefs d\u2019\u00c9tat \u00e0 avoir fait le d\u00e9placement pour l'investiture de Guillermo Lasso.","og_url":"https:\/\/www.newsendip.com\/fr\/bolsonaro-bresil-un-des-rares-dirigeants-a-la-ceremonie-dinvestiture-presidentielle-de-lequateur\/","og_site_name":"Newsendip","article_publisher":"https:\/\/www.facebook.com\/newsendip","article_published_time":"2021-05-26T02:00:00+00:00","article_modified_time":"2024-07-16T21:47:23+00:00","og_image":[{"width":435,"height":480,"url":"https:\/\/www.newsendip.com\/wp-content\/uploads\/2021\/05\/Guillermo_Lasso_Ecuador_Bolsonaro_Brazil.jpg","type":"image\/jpeg"}],"author":"Cl\u00e9ment V\u00e9rit\u00e9","twitter_card":"summary_large_image","twitter_creator":"@https:\/\/twitter.com\/cverite","twitter_site":"@newsendip","twitter_misc":{"\u00c9crit par":"Cl\u00e9ment V\u00e9rit\u00e9","Dur\u00e9e de lecture estim\u00e9e":"3 minutes"},"schema":{"@context":"https:\/\/schema.org","@graph":[{"@type":"NewsArticle","@id":"https:\/\/www.newsendip.com\/fr\/bolsonaro-bresil-un-des-rares-dirigeants-a-la-ceremonie-dinvestiture-presidentielle-de-lequateur\/#article","isPartOf":{"@id":"https:\/\/www.newsendip.com\/fr\/bolsonaro-bresil-un-des-rares-dirigeants-a-la-ceremonie-dinvestiture-presidentielle-de-lequateur\/"},"author":{"name":"Cl\u00e9ment V\u00e9rit\u00e9","@id":"https:\/\/www.newsendip.com\/fr\/#\/schema\/person\/ea22c01755f464a3cbc2c619584d6363"},"headline":"Bolsonaro, l\u2019un des rares dirigeants pr\u00e9sent pour l\u2019investiture du pr\u00e9sident de l\u2019\u00c9quateur","datePublished":"2021-05-26T02:00:00+00:00","dateModified":"2024-07-16T21:47:23+00:00","mainEntityOfPage":{"@id":"https:\/\/www.newsendip.com\/fr\/bolsonaro-bresil-un-des-rares-dirigeants-a-la-ceremonie-dinvestiture-presidentielle-de-lequateur\/"},"wordCount":741,"publisher":{"@id":"https:\/\/www.newsendip.com\/fr\/#organization"},"image":{"@id":"https:\/\/www.newsendip.com\/fr\/bolsonaro-bresil-un-des-rares-dirigeants-a-la-ceremonie-dinvestiture-presidentielle-de-lequateur\/#primaryimage"},"thumbnailUrl":"https:\/\/www.newsendip.com\/wp-content\/uploads\/2021\/05\/Guillermo_Lasso_Ecuador_Bolsonaro_Brazil.jpg","keywords":["Br\u00e9sil","\u00c9quateur","Vieux"],"articleSection":["Politique"],"inLanguage":"fr-FR","copyrightYear":"2021","copyrightHolder":{"@id":"https:\/\/www.newsendip.com\/#organization"}},{"@type":"WebPage","@id":"https:\/\/www.newsendip.com\/fr\/bolsonaro-bresil-un-des-rares-dirigeants-a-la-ceremonie-dinvestiture-presidentielle-de-lequateur\/","url":"https:\/\/www.newsendip.com\/fr\/bolsonaro-bresil-un-des-rares-dirigeants-a-la-ceremonie-dinvestiture-presidentielle-de-lequateur\/","name":"Bolsonaro, l'un des rares dirigeants pr\u00e9sent pour l'investiture du pr\u00e9sident de l'\u00c9quateur","isPartOf":{"@id":"https:\/\/www.newsendip.com\/fr\/#website"},"primaryImageOfPage":{"@id":"https:\/\/www.newsendip.com\/fr\/bolsonaro-bresil-un-des-rares-dirigeants-a-la-ceremonie-dinvestiture-presidentielle-de-lequateur\/#primaryimage"},"image":{"@id":"https:\/\/www.newsendip.com\/fr\/bolsonaro-bresil-un-des-rares-dirigeants-a-la-ceremonie-dinvestiture-presidentielle-de-lequateur\/#primaryimage"},"thumbnailUrl":"https:\/\/www.newsendip.com\/wp-content\/uploads\/2021\/05\/Guillermo_Lasso_Ecuador_Bolsonaro_Brazil.jpg","datePublished":"2021-05-26T02:00:00+00:00","dateModified":"2024-07-16T21:47:23+00:00","description":"Alors que l\u2019\u00c9quateur envisage de s'ouvrir au commerce mondial apr\u00e8s des ann\u00e9es de gouvernement socialiste, le pr\u00e9sident du Br\u00e9sil fut l'un des seuls chefs d\u2019\u00c9tat \u00e0 avoir fait le d\u00e9placement pour l'investiture de Guillermo Lasso.","breadcrumb":{"@id":"https:\/\/www.newsendip.com\/fr\/bolsonaro-bresil-un-des-rares-dirigeants-a-la-ceremonie-dinvestiture-presidentielle-de-lequateur\/#breadcrumb"},"inLanguage":"fr-FR","potentialAction":[{"@type":"ReadAction","target":["https:\/\/www.newsendip.com\/fr\/bolsonaro-bresil-un-des-rares-dirigeants-a-la-ceremonie-dinvestiture-presidentielle-de-lequateur\/"]}]},{"@type":"ImageObject","inLanguage":"fr-FR","@id":"https:\/\/www.newsendip.com\/fr\/bolsonaro-bresil-un-des-rares-dirigeants-a-la-ceremonie-dinvestiture-presidentielle-de-lequateur\/#primaryimage","url":"https:\/\/www.newsendip.com\/wp-content\/uploads\/2021\/05\/Guillermo_Lasso_Ecuador_Bolsonaro_Brazil.jpg","contentUrl":"https:\/\/www.newsendip.com\/wp-content\/uploads\/2021\/05\/Guillermo_Lasso_Ecuador_Bolsonaro_Brazil.jpg","width":435,"height":480,"caption":"Guillermo Lasso a pr\u00eat\u00e9 serment le 24 mai 2021 en pr\u00e9sence du roi d'Espagne, Felipe VI, et le pr\u00e9sident du Br\u00e9sil, Jair Bolsonaro"},{"@type":"BreadcrumbList","@id":"https:\/\/www.newsendip.com\/fr\/bolsonaro-bresil-un-des-rares-dirigeants-a-la-ceremonie-dinvestiture-presidentielle-de-lequateur\/#breadcrumb","itemListElement":[{"@type":"ListItem","position":1,"name":"Accueil","item":"https:\/\/www.newsendip.com\/fr\/"},{"@type":"ListItem","position":2,"name":"Bolsonaro, l&#8217;un des rares dirigeants pr\u00e9sent pour l&#8217;investiture du pr\u00e9sident de l&#8217;\u00c9quateur"}]},{"@type":"WebSite","@id":"https:\/\/www.newsendip.com\/fr\/#website","url":"https:\/\/www.newsendip.com\/fr\/","name":"Newsendip","description":"Red\u00e9couvrez l&#039;actualit\u00e9 internationale","publisher":{"@id":"https:\/\/www.newsendip.com\/fr\/#organization"},"potentialAction":[{"@type":"SearchAction","target":{"@type":"EntryPoint","urlTemplate":"https:\/\/www.newsendip.com\/fr\/?s={search_term_string}"},"query-input":{"@type":"PropertyValueSpecification","valueRequired":true,"valueName":"search_term_string"}}],"inLanguage":"fr-FR"},{"@type":"Organization","@id":"https:\/\/www.newsendip.com\/fr\/#organization","name":"Newsendip","url":"https:\/\/www.newsendip.com\/fr\/","logo":{"@type":"ImageObject","inLanguage":"fr-FR","@id":"https:\/\/www.newsendip.com\/fr\/#\/schema\/logo\/image\/","url":"https:\/\/www.newsendip.com\/wp-content\/uploads\/2023\/12\/512x512.svg","contentUrl":"https:\/\/www.newsendip.com\/wp-content\/uploads\/2023\/12\/512x512.svg","width":1,"height":1,"caption":"Newsendip"},"image":{"@id":"https:\/\/www.newsendip.com\/fr\/#\/schema\/logo\/image\/"},"sameAs":["https:\/\/www.facebook.com\/newsendip","https:\/\/x.com\/newsendip","https:\/\/mastodon.social\/@newsendip","https:\/\/www.linkedin.com\/company\/newsendip"],"description":"Newsendip est un site qui a pour mission de rendre l'actualit\u00e9 internationale accessible et diversifi\u00e9e","email":"contact@newsendip.com","legalName":"Newsendip SAS","foundingDate":"2022-11-04","vatID":"FR60921124723","numberOfEmployees":{"@type":"QuantitativeValue","minValue":"1","maxValue":"10"},"publishingPrinciples":"https:\/\/www.newsendip.com\/about-us\/","ownershipFundingInfo":"https:\/\/www.newsendip.com\/legal-notice\/","actionableFeedbackPolicy":"https:\/\/www.newsendip.com\/about-us\/","correctionsPolicy":"https:\/\/www.newsendip.com\/about-us\/","ethicsPolicy":"https:\/\/www.newsendip.com\/about-us\/","diversityPolicy":"https:\/\/www.newsendip.com\/about-us\/"},{"@type":"Person","@id":"https:\/\/www.newsendip.com\/fr\/#\/schema\/person\/ea22c01755f464a3cbc2c619584d6363","name":"Cl\u00e9ment V\u00e9rit\u00e9","description":"Cl\u00e9ment is the executive editor and founder of Newsendip. He started in the media industry as a freelance reporter at 16 for a local French newspaper after school and has never left it. He later worked for seven years at The New York Times, notably as a data analyst. He holds a Master of Management in France and a Master of Arts in the United Kingdom in International Marketing &amp; Communications Strategy. He has lived in France, the United Kingdom, and Italy.","sameAs":["https:\/\/www.newsendip.com\/","https:\/\/www.linkedin.com\/in\/clementverite\/","https:\/\/x.com\/https:\/\/twitter.com\/cverite"],"knowsAbout":["News","International","Business","Media monitoring"],"knowsLanguage":["English","French","Italian","Spanish"],"url":"https:\/\/www.newsendip.com\/fr\/author\/clement-verite\/"}]}},"_links":{"self":[{"href":"https:\/\/www.newsendip.com\/fr\/wp-json\/wp\/v2\/posts\/14392","targetHints":{"allow":["GET"]}}],"collection":[{"href":"https:\/\/www.newsendip.com\/fr\/wp-json\/wp\/v2\/posts"}],"about":[{"href":"https:\/\/www.newsendip.com\/fr\/wp-json\/wp\/v2\/types\/post"}],"author":[{"embeddable":true,"href":"https:\/\/www.newsendip.com\/fr\/wp-json\/wp\/v2\/users\/1"}],"replies":[{"embeddable":true,"href":"https:\/\/www.newsendip.com\/fr\/wp-json\/wp\/v2\/comments?post=14392"}],"version-history":[{"count":0,"href":"https:\/\/www.newsendip.com\/fr\/wp-json\/wp\/v2\/posts\/14392\/revisions"}],"wp:featuredmedia":[{"embeddable":true,"href":"https:\/\/www.newsendip.com\/fr\/wp-json\/wp\/v2\/media\/13556"}],"wp:attachment":[{"href":"https:\/\/www.newsendip.com\/fr\/wp-json\/wp\/v2\/media?parent=14392"}],"wp:term":[{"taxonomy":"category","embeddable":true,"href":"https:\/\/www.newsendip.com\/fr\/wp-json\/wp\/v2\/categories?post=14392"},{"taxonomy":"post_tag","embeddable":true,"href":"https:\/\/www.newsendip.com\/fr\/wp-json\/wp\/v2\/tags?post=14392"}],"curies":[{"name":"wp","href":"https:\/\/api.w.org\/{rel}","templated":true}]}}