{"id":14397,"date":"2021-06-02T18:00:00","date_gmt":"2021-06-02T16:00:00","guid":{"rendered":"https:\/\/www.newsendip.com\/taux-de-chomage-record-en-afrique-du-sud\/"},"modified":"2022-11-12T23:21:00","modified_gmt":"2022-11-12T22:21:00","slug":"taux-de-chomage-record-en-afrique-du-sud","status":"publish","type":"post","link":"https:\/\/www.newsendip.com\/fr\/taux-de-chomage-record-en-afrique-du-sud\/","title":{"rendered":"Taux de ch\u00f4mage record en Afrique du&nbsp;Sud"},"content":{"rendered":"<p><strong>L\u2019Afrique du Sud n\u2019a jamais enregistr\u00e9 un taux de ch\u00f4mage aussi \u00e9lev\u00e9. Elle a perdu 1,4 million d\u2019emplois en un an. Les demandeurs d\u2019emploi dits d\u00e9courag\u00e9s ont augment\u00e9 de 7,3\u202f% en un&nbsp;an.<br>\n<\/strong><\/p>\n<p>Le taux de ch\u00f4mage de l\u2019Afrique du Sud a atteint 32,6\u202f% au premier trimestre 2021. Il s\u2019agit du taux le plus \u00e9lev\u00e9 depuis que <a href=\"http:\/\/www.statssa.gov.za\/publications\/P0211\/P02111stQuarter2021.pdf\">Statistics South Africa<\/a> a lanc\u00e9 ses \u00e9tudes trimestrielles sur le march\u00e9 de l\u2019emploi en&nbsp;2008.<\/p>\n<p>Les chiffres sont l\u00e9g\u00e8rement sup\u00e9rieurs \u00e0 ceux du 4e trimestre 2020, avec une hausse de 0,1%. Les \u00e9conomistes s\u2019attendaient \u00e0 ce qu\u2019ils soient plus importants \u00e9tant donn\u00e9 que l\u2019ann\u00e9e universitaire s\u2019arr\u00eate habituellement en d\u00e9cembre, <strong>et les nouveaux dipl\u00f4m\u00e9s rentrent sur le march\u00e9 du travail<\/strong>. Mais plus de la moiti\u00e9 des 26 universit\u00e9s sud-africaines ont d\u00e9cid\u00e9 de reporter la fin de l\u2019ann\u00e9e universitaire entre janvier et mars 2021. Le taux de ch\u00f4mage devrait donc continuer \u00e0 augmenter.<\/p>\n<p>Il y a encore 7,2 millions de personnes \u00e2g\u00e9es de 15 \u00e0 64 ans \u00e0 la recherche d\u2019un emploi dans ce pays de 58,6 millions d\u2019habitants. Si l\u2019on y ajoute ceux qui ont cess\u00e9 de chercher un emploi, <strong>le taux de ch\u00f4mage de longue dur\u00e9e atteint m\u00eame 43,2\u202f% de la population active<\/strong>. Les demandeurs d\u2019emploi d\u00e9courag\u00e9s, qui ont arr\u00eat\u00e9 de chercher un emploi parce qu\u2019ils ont perdu espoir, qui ne trouvent pas d\u2019emploi en rapport avec leurs comp\u00e9tences ou parce qu\u2019il n\u2019y a pas d\u2019emploi dans la r\u00e9gion, ont augment\u00e9 de 7,3\u202f% en un an, ce qui repr\u00e9sente 3,1 millions de personnes.<\/p>\n<h2>Seul le secteur financier a ajout\u00e9 10 000 emplois<\/h2>\n<p><!--more--><\/p>\n<p>En un an, <strong>l\u2019Afrique du Sud a perdu 1,4 million d\u2019emplois<\/strong> et ne s\u2019est pas remise des 2,2 millions d\u2019emplois perdus au 2e trimestre 2020. Il s\u2019agit d\u2019une baisse de 8,5\u202f% du nombre de personnes employ\u00e9es d\u2019une ann\u00e9e sur l\u2019autre. <strong>L\u2019Afrique du Sud a par exemple \u00e9t\u00e9 plus durement touch\u00e9e que les \u00c9tats-Unis<\/strong>, dont la population active a diminu\u00e9 de <a href=\"https:\/\/www.bls.gov\/charts\/employment-situation\/civilian-employment.htm\">5,4\u202f% entre janvier 2020 et janvier 2021<\/a>. L\u2019<a href=\"https:\/\/appsso.eurostat.ec.europa.eu\/nui\/show.do?dataset=lfsi_emp_q&amp;lang=en\">Union europ\u00e9enne<\/a> comptait 1\u202f% de ch\u00f4meurs de plus entre le premier trimestre 2020 et le quatri\u00e8me trimestre 2020 (les donn\u00e9es du premier trimestre 2021 n\u2019\u00e9tant pas encore disponibles).<\/p>\n<p>Par rapport \u00e0 l\u2019ann\u00e9e derni\u00e8re, les secteurs de la construction, de l\u2019industrie et du commerce, parmi les plus importants de l\u2019\u00e9conomie sud-africaine, ont \u00e9t\u00e9 les plus touch\u00e9s par les destructions d\u2019emplois avec respectivement 199 000, 149 000 et 135 000 emplois en&nbsp;moins.<\/p>\n<p>Seule la finance a embauch\u00e9 plus de personnes avec une croissance de 0,4\u202f% sur l\u2019ann\u00e9e.<\/p>\n<p><strong><a href=\"https:\/\/www.newsendip.com\/fr\/etiquette\/afrique-sud\/\">En savoir plus sur l\u2019Afrique du&nbsp;Sud<\/a><\/strong><\/p>\n","protected":false},"excerpt":{"rendered":"<p>L\u2019Afrique du Sud n\u2019a jamais enregistr\u00e9 un taux de ch\u00f4mage aussi \u00e9lev\u00e9. Elle a perdu 1,4 million d\u2019emplois en un an. Les demandeurs d\u2019emploi dits d\u00e9courag\u00e9s ont augment\u00e9 de 7,3\u202f% en un&nbsp;an.<\/p>\n","protected":false},"author":1,"featured_media":13495,"comment_status":"closed","ping_status":"closed","sticky":false,"template":"","format":"standard","meta":{"wp_typography_post_enhancements_disabled":false,"footnotes":""},"categories":[414],"tags":[420,421],"class_list":["post-14397","post","type-post","status-publish","format-standard","has-post-thumbnail","hentry","category-economie","tag-afrique-sud","tag-vieux"],"yoast_head":"<!-- This site is optimized with the Yoast SEO Premium plugin v27.4 (Yoast SEO v27.4) - https:\/\/yoast.com\/product\/yoast-seo-premium-wordpress\/ -->\n<title>Taux de ch\u00f4mage record en Afrique du Sud<\/title>\n<meta name=\"description\" content=\"L&#039;Afrique du Sud n&#039;a jamais enregistr\u00e9 un taux de ch\u00f4mage aussi \u00e9lev\u00e9. Elle a perdu 1,4 million d&#039;emplois en un an. Les demandeurs d&#039;emploi dits d\u00e9courag\u00e9s ont augment\u00e9 de 7,3 % en un an.\" \/>\n<meta name=\"robots\" content=\"index, follow, max-snippet:-1, max-image-preview:large, max-video-preview:-1\" \/>\n<link rel=\"canonical\" href=\"https:\/\/www.newsendip.com\/fr\/taux-de-chomage-record-en-afrique-du-sud\/\" \/>\n<meta property=\"og:locale\" content=\"fr_FR\" \/>\n<meta property=\"og:type\" content=\"article\" \/>\n<meta property=\"og:title\" content=\"Taux de ch\u00f4mage record en Afrique du Sud\" \/>\n<meta property=\"og:description\" content=\"L&#039;Afrique du Sud n&#039;a jamais enregistr\u00e9 un taux de ch\u00f4mage aussi \u00e9lev\u00e9. Elle a perdu 1,4 million d&#039;emplois en un an. Les demandeurs d&#039;emploi dits d\u00e9courag\u00e9s ont augment\u00e9 de 7,3 % en un an.\" \/>\n<meta property=\"og:url\" content=\"https:\/\/www.newsendip.com\/fr\/taux-de-chomage-record-en-afrique-du-sud\/\" \/>\n<meta property=\"og:site_name\" content=\"Newsendip\" \/>\n<meta property=\"article:publisher\" content=\"https:\/\/www.facebook.com\/newsendip\" \/>\n<meta property=\"article:published_time\" content=\"2021-06-02T16:00:00+00:00\" \/>\n<meta property=\"article:modified_time\" content=\"2022-11-12T22:21:00+00:00\" \/>\n<meta property=\"og:image\" content=\"https:\/\/www.newsendip.com\/wp-content\/uploads\/2021\/03\/business_thumbnail_2.jpg\" \/>\n\t<meta property=\"og:image:width\" content=\"640\" \/>\n\t<meta property=\"og:image:height\" content=\"426\" \/>\n\t<meta property=\"og:image:type\" content=\"image\/jpeg\" \/>\n<meta name=\"author\" content=\"Cl\u00e9ment V\u00e9rit\u00e9\" \/>\n<meta name=\"twitter:card\" content=\"summary_large_image\" \/>\n<meta name=\"twitter:creator\" content=\"@https:\/\/twitter.com\/cverite\" \/>\n<meta name=\"twitter:site\" content=\"@newsendip\" \/>\n<meta name=\"twitter:label1\" content=\"\u00c9crit par\" \/>\n\t<meta name=\"twitter:data1\" content=\"Cl\u00e9ment V\u00e9rit\u00e9\" \/>\n\t<meta name=\"twitter:label2\" content=\"Dur\u00e9e de lecture estim\u00e9e\" \/>\n\t<meta name=\"twitter:data2\" content=\"2 minutes\" \/>\n<!-- \/ Yoast SEO Premium plugin. -->","yoast_head_json":{"title":"Taux de ch\u00f4mage record en Afrique du Sud","description":"L'Afrique du Sud n'a jamais enregistr\u00e9 un taux de ch\u00f4mage aussi \u00e9lev\u00e9. Elle a perdu 1,4 million d'emplois en un an. Les demandeurs d'emploi dits d\u00e9courag\u00e9s ont augment\u00e9 de 7,3 % en un an.","robots":{"index":"index","follow":"follow","max-snippet":"max-snippet:-1","max-image-preview":"max-image-preview:large","max-video-preview":"max-video-preview:-1"},"canonical":"https:\/\/www.newsendip.com\/fr\/taux-de-chomage-record-en-afrique-du-sud\/","og_locale":"fr_FR","og_type":"article","og_title":"Taux de ch\u00f4mage record en Afrique du Sud","og_description":"L'Afrique du Sud n'a jamais enregistr\u00e9 un taux de ch\u00f4mage aussi \u00e9lev\u00e9. Elle a perdu 1,4 million d'emplois en un an. Les demandeurs d'emploi dits d\u00e9courag\u00e9s ont augment\u00e9 de 7,3 % en un an.","og_url":"https:\/\/www.newsendip.com\/fr\/taux-de-chomage-record-en-afrique-du-sud\/","og_site_name":"Newsendip","article_publisher":"https:\/\/www.facebook.com\/newsendip","article_published_time":"2021-06-02T16:00:00+00:00","article_modified_time":"2022-11-12T22:21:00+00:00","og_image":[{"width":640,"height":426,"url":"https:\/\/www.newsendip.com\/wp-content\/uploads\/2021\/03\/business_thumbnail_2.jpg","type":"image\/jpeg"}],"author":"Cl\u00e9ment V\u00e9rit\u00e9","twitter_card":"summary_large_image","twitter_creator":"@https:\/\/twitter.com\/cverite","twitter_site":"@newsendip","twitter_misc":{"\u00c9crit par":"Cl\u00e9ment V\u00e9rit\u00e9","Dur\u00e9e de lecture estim\u00e9e":"2 minutes"},"schema":{"@context":"https:\/\/schema.org","@graph":[{"@type":"NewsArticle","@id":"https:\/\/www.newsendip.com\/fr\/taux-de-chomage-record-en-afrique-du-sud\/#article","isPartOf":{"@id":"https:\/\/www.newsendip.com\/fr\/taux-de-chomage-record-en-afrique-du-sud\/"},"author":{"name":"Cl\u00e9ment V\u00e9rit\u00e9","@id":"https:\/\/www.newsendip.com\/fr\/#\/schema\/person\/ea22c01755f464a3cbc2c619584d6363"},"headline":"Taux de ch\u00f4mage record en Afrique du&nbsp;Sud","datePublished":"2021-06-02T16:00:00+00:00","dateModified":"2022-11-12T22:21:00+00:00","mainEntityOfPage":{"@id":"https:\/\/www.newsendip.com\/fr\/taux-de-chomage-record-en-afrique-du-sud\/"},"wordCount":461,"publisher":{"@id":"https:\/\/www.newsendip.com\/fr\/#organization"},"image":{"@id":"https:\/\/www.newsendip.com\/fr\/taux-de-chomage-record-en-afrique-du-sud\/#primaryimage"},"thumbnailUrl":"https:\/\/www.newsendip.com\/wp-content\/uploads\/2021\/03\/business_thumbnail_2.jpg","keywords":["Afrique du Sud","Vieux"],"articleSection":["\u00c9conomie"],"inLanguage":"fr-FR","copyrightYear":"2021","copyrightHolder":{"@id":"https:\/\/www.newsendip.com\/#organization"}},{"@type":"WebPage","@id":"https:\/\/www.newsendip.com\/fr\/taux-de-chomage-record-en-afrique-du-sud\/","url":"https:\/\/www.newsendip.com\/fr\/taux-de-chomage-record-en-afrique-du-sud\/","name":"Taux de ch\u00f4mage record en Afrique du Sud","isPartOf":{"@id":"https:\/\/www.newsendip.com\/fr\/#website"},"primaryImageOfPage":{"@id":"https:\/\/www.newsendip.com\/fr\/taux-de-chomage-record-en-afrique-du-sud\/#primaryimage"},"image":{"@id":"https:\/\/www.newsendip.com\/fr\/taux-de-chomage-record-en-afrique-du-sud\/#primaryimage"},"thumbnailUrl":"https:\/\/www.newsendip.com\/wp-content\/uploads\/2021\/03\/business_thumbnail_2.jpg","datePublished":"2021-06-02T16:00:00+00:00","dateModified":"2022-11-12T22:21:00+00:00","description":"L'Afrique du Sud n'a jamais enregistr\u00e9 un taux de ch\u00f4mage aussi \u00e9lev\u00e9. Elle a perdu 1,4 million d'emplois en un an. Les demandeurs d'emploi dits d\u00e9courag\u00e9s ont augment\u00e9 de 7,3 % en un an.","breadcrumb":{"@id":"https:\/\/www.newsendip.com\/fr\/taux-de-chomage-record-en-afrique-du-sud\/#breadcrumb"},"inLanguage":"fr-FR","potentialAction":[{"@type":"ReadAction","target":["https:\/\/www.newsendip.com\/fr\/taux-de-chomage-record-en-afrique-du-sud\/"]}]},{"@type":"ImageObject","inLanguage":"fr-FR","@id":"https:\/\/www.newsendip.com\/fr\/taux-de-chomage-record-en-afrique-du-sud\/#primaryimage","url":"https:\/\/www.newsendip.com\/wp-content\/uploads\/2021\/03\/business_thumbnail_2.jpg","contentUrl":"https:\/\/www.newsendip.com\/wp-content\/uploads\/2021\/03\/business_thumbnail_2.jpg","width":640,"height":426,"caption":"business"},{"@type":"BreadcrumbList","@id":"https:\/\/www.newsendip.com\/fr\/taux-de-chomage-record-en-afrique-du-sud\/#breadcrumb","itemListElement":[{"@type":"ListItem","position":1,"name":"Accueil","item":"https:\/\/www.newsendip.com\/fr\/"},{"@type":"ListItem","position":2,"name":"Taux de ch\u00f4mage record en Afrique du Sud"}]},{"@type":"WebSite","@id":"https:\/\/www.newsendip.com\/fr\/#website","url":"https:\/\/www.newsendip.com\/fr\/","name":"Newsendip","description":"Red\u00e9couvrez l&#039;actualit\u00e9 internationale","publisher":{"@id":"https:\/\/www.newsendip.com\/fr\/#organization"},"potentialAction":[{"@type":"SearchAction","target":{"@type":"EntryPoint","urlTemplate":"https:\/\/www.newsendip.com\/fr\/?s={search_term_string}"},"query-input":{"@type":"PropertyValueSpecification","valueRequired":true,"valueName":"search_term_string"}}],"inLanguage":"fr-FR"},{"@type":"Organization","@id":"https:\/\/www.newsendip.com\/fr\/#organization","name":"Newsendip","url":"https:\/\/www.newsendip.com\/fr\/","logo":{"@type":"ImageObject","inLanguage":"fr-FR","@id":"https:\/\/www.newsendip.com\/fr\/#\/schema\/logo\/image\/","url":"https:\/\/www.newsendip.com\/wp-content\/uploads\/2023\/12\/512x512.svg","contentUrl":"https:\/\/www.newsendip.com\/wp-content\/uploads\/2023\/12\/512x512.svg","width":1,"height":1,"caption":"Newsendip"},"image":{"@id":"https:\/\/www.newsendip.com\/fr\/#\/schema\/logo\/image\/"},"sameAs":["https:\/\/www.facebook.com\/newsendip","https:\/\/x.com\/newsendip","https:\/\/mastodon.social\/@newsendip","https:\/\/www.linkedin.com\/company\/newsendip"],"description":"Newsendip est un site qui a pour mission de rendre l'actualit\u00e9 internationale accessible et diversifi\u00e9e","email":"contact@newsendip.com","legalName":"Newsendip SAS","foundingDate":"2022-11-04","vatID":"FR60921124723","numberOfEmployees":{"@type":"QuantitativeValue","minValue":"1","maxValue":"10"},"publishingPrinciples":"https:\/\/www.newsendip.com\/about-us\/","ownershipFundingInfo":"https:\/\/www.newsendip.com\/legal-notice\/","actionableFeedbackPolicy":"https:\/\/www.newsendip.com\/about-us\/","correctionsPolicy":"https:\/\/www.newsendip.com\/about-us\/","ethicsPolicy":"https:\/\/www.newsendip.com\/about-us\/","diversityPolicy":"https:\/\/www.newsendip.com\/about-us\/"},{"@type":"Person","@id":"https:\/\/www.newsendip.com\/fr\/#\/schema\/person\/ea22c01755f464a3cbc2c619584d6363","name":"Cl\u00e9ment V\u00e9rit\u00e9","description":"Cl\u00e9ment is the executive editor and founder of Newsendip. He started in the media industry as a freelance reporter at 16 for a local French newspaper after school and has never left it. He later worked for seven years at The New York Times, notably as a data analyst. He holds a Master of Management in France and a Master of Arts in the United Kingdom in International Marketing &amp; Communications Strategy. He has lived in France, the United Kingdom, and Italy.","sameAs":["https:\/\/www.newsendip.com\/","https:\/\/www.linkedin.com\/in\/clementverite\/","https:\/\/x.com\/https:\/\/twitter.com\/cverite"],"knowsAbout":["News","International","Business","Media monitoring"],"knowsLanguage":["English","French","Italian","Spanish"],"url":"https:\/\/www.newsendip.com\/fr\/author\/clement-verite\/"}]}},"_links":{"self":[{"href":"https:\/\/www.newsendip.com\/fr\/wp-json\/wp\/v2\/posts\/14397","targetHints":{"allow":["GET"]}}],"collection":[{"href":"https:\/\/www.newsendip.com\/fr\/wp-json\/wp\/v2\/posts"}],"about":[{"href":"https:\/\/www.newsendip.com\/fr\/wp-json\/wp\/v2\/types\/post"}],"author":[{"embeddable":true,"href":"https:\/\/www.newsendip.com\/fr\/wp-json\/wp\/v2\/users\/1"}],"replies":[{"embeddable":true,"href":"https:\/\/www.newsendip.com\/fr\/wp-json\/wp\/v2\/comments?post=14397"}],"version-history":[{"count":0,"href":"https:\/\/www.newsendip.com\/fr\/wp-json\/wp\/v2\/posts\/14397\/revisions"}],"wp:featuredmedia":[{"embeddable":true,"href":"https:\/\/www.newsendip.com\/fr\/wp-json\/wp\/v2\/media\/13495"}],"wp:attachment":[{"href":"https:\/\/www.newsendip.com\/fr\/wp-json\/wp\/v2\/media?parent=14397"}],"wp:term":[{"taxonomy":"category","embeddable":true,"href":"https:\/\/www.newsendip.com\/fr\/wp-json\/wp\/v2\/categories?post=14397"},{"taxonomy":"post_tag","embeddable":true,"href":"https:\/\/www.newsendip.com\/fr\/wp-json\/wp\/v2\/tags?post=14397"}],"curies":[{"name":"wp","href":"https:\/\/api.w.org\/{rel}","templated":true}]}}