{"id":14398,"date":"2021-06-01T15:00:00","date_gmt":"2021-06-01T13:00:00","guid":{"rendered":"https:\/\/www.newsendip.com\/la-haute-cour-du-ghana-accepte-les-dreadlocks-au-lycee\/"},"modified":"2024-07-23T17:58:33","modified_gmt":"2024-07-23T15:58:33","slug":"la-haute-cour-du-ghana-accepte-les-dreadlocks-au-lycee","status":"publish","type":"post","link":"https:\/\/www.newsendip.com\/fr\/la-haute-cour-du-ghana-accepte-les-dreadlocks-au-lycee\/","title":{"rendered":"La Haute Cour du Ghana accepte les dreadlocks au&nbsp;lyc\u00e9e"},"content":{"rendered":"<p><strong>Deux \u00e9l\u00e8ves n\u2019\u00e9taient pas admis \u00e0 l\u2019\u00e9cole Achimota car leurs dreadlocks \u00e9taient contraires au code vestimentaire. Apr\u00e8s une s\u00e9rie de d\u00e9cisions contraires, la Haute Cour de justice du Ghana a finalement ordonn\u00e9 l\u2019admission des 2 Rastafaris.<\/strong><\/p>\n<figure id=\"attachment_13489\" aria-describedby=\"caption-attachment-13489\" style=\"width: 1024px\" class=\"wp-caption aligncenter\"><img decoding=\"async\" class=\"wp-image-13489 size-large\" src=\"https:\/\/www.newsendip.com\/wp-content\/uploads\/2021\/03\/ACHIMOTA-1024x768.jpg\" alt=\"Ecole Achimota au Ghana\" width=\"1024\" height=\"768\" srcset=\"https:\/\/www.newsendip.com\/wp-content\/uploads\/2021\/03\/ACHIMOTA-1024x768.jpg 1024w, https:\/\/www.newsendip.com\/wp-content\/uploads\/2021\/03\/ACHIMOTA-60x45.jpg 60w, https:\/\/www.newsendip.com\/wp-content\/uploads\/2021\/03\/ACHIMOTA-300x225.jpg 300w, https:\/\/www.newsendip.com\/wp-content\/uploads\/2021\/03\/ACHIMOTA-768x576.jpg 768w, https:\/\/www.newsendip.com\/wp-content\/uploads\/2021\/03\/ACHIMOTA-1536x1152.jpg 1536w, https:\/\/www.newsendip.com\/wp-content\/uploads\/2021\/03\/ACHIMOTA.jpg 1559w\" sizes=\"(max-width: 1024px) 100vw, 1024px\"><figcaption id=\"caption-attachment-13489\" class=\"wp-caption-text\">L\u2019\u00e9cole Achimota au Ghana refusait deux \u00e9tudiants d\u2019avoir des dreadlocks<\/figcaption><\/figure>\n<p>En mars 2021, deux \u00e9l\u00e8ves du lyc\u00e9e Achimota, une \u00e9cole ghan\u00e9enne de premier rang, se sont vu <a href=\"https:\/\/www.newsendip.com\/fr\/au-ghana-deux-lyceens-sont-exclus-a-cause-de-leurs-dreadlocks\/\">refuser l\u2019acc\u00e8s \u00e0 l\u2019\u00e9tablissement s\u2019ils conservaient leurs dreadlocks<\/a>. Les cheveux longs sont interdits dans le code de l\u2019\u00e9cole.<\/p>\n<p>Le Ghana Education Service, une agence gouvernementale d\u00e9pendant du minist\u00e8re de l\u2019\u00e9ducation, a d\u2019abord demand\u00e9 \u00e0 admettre les \u00e9l\u00e8ves \u00e0 condition que les cheveux soient \u00ab\u202f<em>soigneusement attach\u00e9s<\/em>\u202f\u00bb. Achimota a refus\u00e9 de s\u2019y conformer, et l\u2019agence a ensuite soutenu la d\u00e9cision de l\u2019\u00e9cole d\u2019admettre les \u00e9l\u00e8ves uniquement s\u2019ils se faisaient couper les cheveux.<\/p>\n<p>Tyron Marghuy, l\u2019un des 2 \u00e9tudiants refus\u00e9s d\u2019Achimota, a intent\u00e9 une action en justice par l\u2019interm\u00e9diaire de son p\u00e8re aupr\u00e8s de la division des droits de l\u2019homme de la Haute Cour d\u2019Accra pour faire respecter son droit \u00e0 l\u2019\u00e9ducation. Il avait dit plus t\u00f4t qu\u2019il ne voulait pas couper ses dreadlocks m\u00eame si cela lui co\u00fbtait sa place \u00e0 Achimota.<\/p>\n<h2>Les dreadlocks ne sont pas une raison pour refuser le droit \u00e0 l\u2019\u00e9ducation<\/h2>\n<p><!--more--><\/p>\n<p>En effet, le gar\u00e7on de 17 ans, qui a laiss\u00e9 pousser ses cheveux d\u00e8s l\u2019\u00e2ge de 13 ans, consid\u00e9rait que cette d\u00e9cision \u00e9tait discriminatoire envers la religion rastafari. \u00ab\u202f<em>Je me conformerai \u00e0 la religion de mon p\u00e8re tant que je resterai \u00e0 la maison<\/em>\u202f\u00bb, avait-t-il d\u00e9clar\u00e9 dans un entretien en&nbsp;mars.<\/p>\n<p>Pour l\u2019\u00e9cole, les dreadlocks constitue comme une violation de ses r\u00e8gles tandis que cela est consid\u00e9r\u00e9 comme une violation de a libert\u00e9 religieuse pour l\u2019\u00e9tudiant. Il ainsi demand\u00e9 au tribunal de reconna\u00eetre que le refus d\u2019inscrire les \u00e9tudiants sur la base d\u2019une inclination religieuse \u00e9tait une violation des droits d l\u2019homme.<\/p>\n<p>Le 31 mai, la Haute Cour a finalement jug\u00e9 que les raisons donn\u00e9es par l\u2019\u00e9cole n\u2019\u00e9taient pas suffisantes compte tenu de leurs droits \u00e0 l\u2019\u00e9ducation et de leurs droits \u00e0 exprimer leur libert\u00e9 religieuse.<\/p>\n<p>Le conseil d\u2019administration de l\u2019\u00e9cole a d\u00e9cid\u00e9 de faire appel de la d\u00e9cision.<\/p>\n<p><strong><a href=\"https:\/\/www.newsendip.com\/fr\/etiquette\/ghana-fr\/\">En savoir plus sur&nbsp;Ghana<\/a><\/strong><\/p>\n","protected":false},"excerpt":{"rendered":"<p>Deux \u00e9l\u00e8ves n\u2019\u00e9taient pas admis \u00e0 l\u2019\u00e9cole Achimota car leurs dreadlocks \u00e9taient contraires au code vestimentaire. Apr\u00e8s une s\u00e9rie de d\u00e9cisions contraires, la Haute Cour de justice du Ghana a finalement ordonn\u00e9 l\u2019admission des 2 Rastafaris.<\/p>\n","protected":false},"author":1,"featured_media":13489,"comment_status":"closed","ping_status":"closed","sticky":false,"template":"","format":"standard","meta":{"wp_typography_post_enhancements_disabled":false,"footnotes":""},"categories":[409],"tags":[411,426],"class_list":["post-14398","post","type-post","status-publish","format-standard","has-post-thumbnail","hentry","category-societe","tag-actuel","tag-ghana-fr"],"yoast_head":"<!-- This site is optimized with the Yoast SEO Premium plugin v27.4 (Yoast SEO v27.4) - https:\/\/yoast.com\/product\/yoast-seo-premium-wordpress\/ -->\n<title>La Haute Cour du Ghana accepte les dreadlocks au lyc\u00e9e<\/title>\n<meta name=\"description\" content=\"Deux \u00e9l\u00e8ves n&#039;\u00e9taient pas admis \u00e0 l&#039;\u00e9cole Achimota car leurs dreadlocks \u00e9taient contraires au code vestimentaire. Apr\u00e8s une s\u00e9rie de d\u00e9cisions contraires, la Haute Cour de justice du Ghana a finalement ordonn\u00e9 l&#039;admission des 2 Rastafaris.\" \/>\n<meta name=\"robots\" content=\"index, follow, max-snippet:-1, max-image-preview:large, max-video-preview:-1\" \/>\n<link rel=\"canonical\" href=\"https:\/\/www.newsendip.com\/fr\/la-haute-cour-du-ghana-accepte-les-dreadlocks-au-lycee\/\" \/>\n<meta property=\"og:locale\" content=\"fr_FR\" \/>\n<meta property=\"og:type\" content=\"article\" \/>\n<meta property=\"og:title\" content=\"La Haute Cour du Ghana accepte les dreadlocks au lyc\u00e9e\" \/>\n<meta property=\"og:description\" content=\"Deux \u00e9l\u00e8ves n&#039;\u00e9taient pas admis \u00e0 l&#039;\u00e9cole Achimota car leurs dreadlocks \u00e9taient contraires au code vestimentaire. Apr\u00e8s une s\u00e9rie de d\u00e9cisions contraires, la Haute Cour de justice du Ghana a finalement ordonn\u00e9 l&#039;admission des 2 Rastafaris.\" \/>\n<meta property=\"og:url\" content=\"https:\/\/www.newsendip.com\/fr\/la-haute-cour-du-ghana-accepte-les-dreadlocks-au-lycee\/\" \/>\n<meta property=\"og:site_name\" content=\"Newsendip\" \/>\n<meta property=\"article:publisher\" content=\"https:\/\/www.facebook.com\/newsendip\" \/>\n<meta property=\"article:published_time\" content=\"2021-06-01T13:00:00+00:00\" \/>\n<meta property=\"article:modified_time\" content=\"2024-07-23T15:58:33+00:00\" \/>\n<meta property=\"og:image\" content=\"https:\/\/www.newsendip.com\/wp-content\/uploads\/2021\/03\/ACHIMOTA.jpg\" \/>\n\t<meta property=\"og:image:width\" content=\"1559\" \/>\n\t<meta property=\"og:image:height\" content=\"1169\" \/>\n\t<meta property=\"og:image:type\" content=\"image\/jpeg\" \/>\n<meta name=\"author\" content=\"Cl\u00e9ment V\u00e9rit\u00e9\" \/>\n<meta name=\"twitter:card\" content=\"summary_large_image\" \/>\n<meta name=\"twitter:creator\" content=\"@https:\/\/twitter.com\/cverite\" \/>\n<meta name=\"twitter:site\" content=\"@newsendip\" \/>\n<meta name=\"twitter:label1\" content=\"\u00c9crit par\" \/>\n\t<meta name=\"twitter:data1\" content=\"Cl\u00e9ment V\u00e9rit\u00e9\" \/>\n\t<meta name=\"twitter:label2\" content=\"Dur\u00e9e de lecture estim\u00e9e\" \/>\n\t<meta name=\"twitter:data2\" content=\"2 minutes\" \/>\n<!-- \/ Yoast SEO Premium plugin. -->","yoast_head_json":{"title":"La Haute Cour du Ghana accepte les dreadlocks au lyc\u00e9e","description":"Deux \u00e9l\u00e8ves n'\u00e9taient pas admis \u00e0 l'\u00e9cole Achimota car leurs dreadlocks \u00e9taient contraires au code vestimentaire. Apr\u00e8s une s\u00e9rie de d\u00e9cisions contraires, la Haute Cour de justice du Ghana a finalement ordonn\u00e9 l'admission des 2 Rastafaris.","robots":{"index":"index","follow":"follow","max-snippet":"max-snippet:-1","max-image-preview":"max-image-preview:large","max-video-preview":"max-video-preview:-1"},"canonical":"https:\/\/www.newsendip.com\/fr\/la-haute-cour-du-ghana-accepte-les-dreadlocks-au-lycee\/","og_locale":"fr_FR","og_type":"article","og_title":"La Haute Cour du Ghana accepte les dreadlocks au lyc\u00e9e","og_description":"Deux \u00e9l\u00e8ves n'\u00e9taient pas admis \u00e0 l'\u00e9cole Achimota car leurs dreadlocks \u00e9taient contraires au code vestimentaire. Apr\u00e8s une s\u00e9rie de d\u00e9cisions contraires, la Haute Cour de justice du Ghana a finalement ordonn\u00e9 l'admission des 2 Rastafaris.","og_url":"https:\/\/www.newsendip.com\/fr\/la-haute-cour-du-ghana-accepte-les-dreadlocks-au-lycee\/","og_site_name":"Newsendip","article_publisher":"https:\/\/www.facebook.com\/newsendip","article_published_time":"2021-06-01T13:00:00+00:00","article_modified_time":"2024-07-23T15:58:33+00:00","og_image":[{"width":1559,"height":1169,"url":"https:\/\/www.newsendip.com\/wp-content\/uploads\/2021\/03\/ACHIMOTA.jpg","type":"image\/jpeg"}],"author":"Cl\u00e9ment V\u00e9rit\u00e9","twitter_card":"summary_large_image","twitter_creator":"@https:\/\/twitter.com\/cverite","twitter_site":"@newsendip","twitter_misc":{"\u00c9crit par":"Cl\u00e9ment V\u00e9rit\u00e9","Dur\u00e9e de lecture estim\u00e9e":"2 minutes"},"schema":{"@context":"https:\/\/schema.org","@graph":[{"@type":"NewsArticle","@id":"https:\/\/www.newsendip.com\/fr\/la-haute-cour-du-ghana-accepte-les-dreadlocks-au-lycee\/#article","isPartOf":{"@id":"https:\/\/www.newsendip.com\/fr\/la-haute-cour-du-ghana-accepte-les-dreadlocks-au-lycee\/"},"author":{"name":"Cl\u00e9ment V\u00e9rit\u00e9","@id":"https:\/\/www.newsendip.com\/fr\/#\/schema\/person\/ea22c01755f464a3cbc2c619584d6363"},"headline":"La Haute Cour du Ghana accepte les dreadlocks au&nbsp;lyc\u00e9e","datePublished":"2021-06-01T13:00:00+00:00","dateModified":"2024-07-23T15:58:33+00:00","mainEntityOfPage":{"@id":"https:\/\/www.newsendip.com\/fr\/la-haute-cour-du-ghana-accepte-les-dreadlocks-au-lycee\/"},"wordCount":429,"publisher":{"@id":"https:\/\/www.newsendip.com\/fr\/#organization"},"image":{"@id":"https:\/\/www.newsendip.com\/fr\/la-haute-cour-du-ghana-accepte-les-dreadlocks-au-lycee\/#primaryimage"},"thumbnailUrl":"https:\/\/www.newsendip.com\/wp-content\/uploads\/2021\/03\/ACHIMOTA.jpg","keywords":["Actuel","Ghana"],"articleSection":["Soci\u00e9t\u00e9"],"inLanguage":"fr-FR","copyrightYear":"2021","copyrightHolder":{"@id":"https:\/\/www.newsendip.com\/#organization"}},{"@type":"WebPage","@id":"https:\/\/www.newsendip.com\/fr\/la-haute-cour-du-ghana-accepte-les-dreadlocks-au-lycee\/","url":"https:\/\/www.newsendip.com\/fr\/la-haute-cour-du-ghana-accepte-les-dreadlocks-au-lycee\/","name":"La Haute Cour du Ghana accepte les dreadlocks au lyc\u00e9e","isPartOf":{"@id":"https:\/\/www.newsendip.com\/fr\/#website"},"primaryImageOfPage":{"@id":"https:\/\/www.newsendip.com\/fr\/la-haute-cour-du-ghana-accepte-les-dreadlocks-au-lycee\/#primaryimage"},"image":{"@id":"https:\/\/www.newsendip.com\/fr\/la-haute-cour-du-ghana-accepte-les-dreadlocks-au-lycee\/#primaryimage"},"thumbnailUrl":"https:\/\/www.newsendip.com\/wp-content\/uploads\/2021\/03\/ACHIMOTA.jpg","datePublished":"2021-06-01T13:00:00+00:00","dateModified":"2024-07-23T15:58:33+00:00","description":"Deux \u00e9l\u00e8ves n'\u00e9taient pas admis \u00e0 l'\u00e9cole Achimota car leurs dreadlocks \u00e9taient contraires au code vestimentaire. Apr\u00e8s une s\u00e9rie de d\u00e9cisions contraires, la Haute Cour de justice du Ghana a finalement ordonn\u00e9 l'admission des 2 Rastafaris.","breadcrumb":{"@id":"https:\/\/www.newsendip.com\/fr\/la-haute-cour-du-ghana-accepte-les-dreadlocks-au-lycee\/#breadcrumb"},"inLanguage":"fr-FR","potentialAction":[{"@type":"ReadAction","target":["https:\/\/www.newsendip.com\/fr\/la-haute-cour-du-ghana-accepte-les-dreadlocks-au-lycee\/"]}]},{"@type":"ImageObject","inLanguage":"fr-FR","@id":"https:\/\/www.newsendip.com\/fr\/la-haute-cour-du-ghana-accepte-les-dreadlocks-au-lycee\/#primaryimage","url":"https:\/\/www.newsendip.com\/wp-content\/uploads\/2021\/03\/ACHIMOTA.jpg","contentUrl":"https:\/\/www.newsendip.com\/wp-content\/uploads\/2021\/03\/ACHIMOTA.jpg","width":1559,"height":1169,"caption":"L'\u00e9cole Achimota au Ghana refusait deux \u00e9tudiants d'avoir des dreadlocks"},{"@type":"BreadcrumbList","@id":"https:\/\/www.newsendip.com\/fr\/la-haute-cour-du-ghana-accepte-les-dreadlocks-au-lycee\/#breadcrumb","itemListElement":[{"@type":"ListItem","position":1,"name":"Accueil","item":"https:\/\/www.newsendip.com\/fr\/"},{"@type":"ListItem","position":2,"name":"La Haute Cour du Ghana accepte les dreadlocks au lyc\u00e9e"}]},{"@type":"WebSite","@id":"https:\/\/www.newsendip.com\/fr\/#website","url":"https:\/\/www.newsendip.com\/fr\/","name":"Newsendip","description":"Red\u00e9couvrez l&#039;actualit\u00e9 internationale","publisher":{"@id":"https:\/\/www.newsendip.com\/fr\/#organization"},"potentialAction":[{"@type":"SearchAction","target":{"@type":"EntryPoint","urlTemplate":"https:\/\/www.newsendip.com\/fr\/?s={search_term_string}"},"query-input":{"@type":"PropertyValueSpecification","valueRequired":true,"valueName":"search_term_string"}}],"inLanguage":"fr-FR"},{"@type":"Organization","@id":"https:\/\/www.newsendip.com\/fr\/#organization","name":"Newsendip","url":"https:\/\/www.newsendip.com\/fr\/","logo":{"@type":"ImageObject","inLanguage":"fr-FR","@id":"https:\/\/www.newsendip.com\/fr\/#\/schema\/logo\/image\/","url":"https:\/\/www.newsendip.com\/wp-content\/uploads\/2023\/12\/512x512.svg","contentUrl":"https:\/\/www.newsendip.com\/wp-content\/uploads\/2023\/12\/512x512.svg","width":1,"height":1,"caption":"Newsendip"},"image":{"@id":"https:\/\/www.newsendip.com\/fr\/#\/schema\/logo\/image\/"},"sameAs":["https:\/\/www.facebook.com\/newsendip","https:\/\/x.com\/newsendip","https:\/\/mastodon.social\/@newsendip","https:\/\/www.linkedin.com\/company\/newsendip"],"description":"Newsendip est un site qui a pour mission de rendre l'actualit\u00e9 internationale accessible et diversifi\u00e9e","email":"contact@newsendip.com","legalName":"Newsendip SAS","foundingDate":"2022-11-04","vatID":"FR60921124723","numberOfEmployees":{"@type":"QuantitativeValue","minValue":"1","maxValue":"10"},"publishingPrinciples":"https:\/\/www.newsendip.com\/about-us\/","ownershipFundingInfo":"https:\/\/www.newsendip.com\/legal-notice\/","actionableFeedbackPolicy":"https:\/\/www.newsendip.com\/about-us\/","correctionsPolicy":"https:\/\/www.newsendip.com\/about-us\/","ethicsPolicy":"https:\/\/www.newsendip.com\/about-us\/","diversityPolicy":"https:\/\/www.newsendip.com\/about-us\/"},{"@type":"Person","@id":"https:\/\/www.newsendip.com\/fr\/#\/schema\/person\/ea22c01755f464a3cbc2c619584d6363","name":"Cl\u00e9ment V\u00e9rit\u00e9","description":"Cl\u00e9ment is the executive editor and founder of Newsendip. He started in the media industry as a freelance reporter at 16 for a local French newspaper after school and has never left it. He later worked for seven years at The New York Times, notably as a data analyst. He holds a Master of Management in France and a Master of Arts in the United Kingdom in International Marketing &amp; Communications Strategy. He has lived in France, the United Kingdom, and Italy.","sameAs":["https:\/\/www.newsendip.com\/","https:\/\/www.linkedin.com\/in\/clementverite\/","https:\/\/x.com\/https:\/\/twitter.com\/cverite"],"knowsAbout":["News","International","Business","Media monitoring"],"knowsLanguage":["English","French","Italian","Spanish"],"url":"https:\/\/www.newsendip.com\/fr\/author\/clement-verite\/"}]}},"_links":{"self":[{"href":"https:\/\/www.newsendip.com\/fr\/wp-json\/wp\/v2\/posts\/14398","targetHints":{"allow":["GET"]}}],"collection":[{"href":"https:\/\/www.newsendip.com\/fr\/wp-json\/wp\/v2\/posts"}],"about":[{"href":"https:\/\/www.newsendip.com\/fr\/wp-json\/wp\/v2\/types\/post"}],"author":[{"embeddable":true,"href":"https:\/\/www.newsendip.com\/fr\/wp-json\/wp\/v2\/users\/1"}],"replies":[{"embeddable":true,"href":"https:\/\/www.newsendip.com\/fr\/wp-json\/wp\/v2\/comments?post=14398"}],"version-history":[{"count":0,"href":"https:\/\/www.newsendip.com\/fr\/wp-json\/wp\/v2\/posts\/14398\/revisions"}],"wp:featuredmedia":[{"embeddable":true,"href":"https:\/\/www.newsendip.com\/fr\/wp-json\/wp\/v2\/media\/13489"}],"wp:attachment":[{"href":"https:\/\/www.newsendip.com\/fr\/wp-json\/wp\/v2\/media?parent=14398"}],"wp:term":[{"taxonomy":"category","embeddable":true,"href":"https:\/\/www.newsendip.com\/fr\/wp-json\/wp\/v2\/categories?post=14398"},{"taxonomy":"post_tag","embeddable":true,"href":"https:\/\/www.newsendip.com\/fr\/wp-json\/wp\/v2\/tags?post=14398"}],"curies":[{"name":"wp","href":"https:\/\/api.w.org\/{rel}","templated":true}]}}