{"id":14401,"date":"2021-04-21T10:20:27","date_gmt":"2021-04-21T08:20:27","guid":{"rendered":"https:\/\/www.newsendip.com\/espere-quun-cafe-de-qualite-pourra-resister-au-changement-climatique\/"},"modified":"2024-07-23T18:06:11","modified_gmt":"2024-07-23T16:06:11","slug":"une-variete-de-cafe-qualite-pourrait-resister-a-la-menace-du-changement-climatique","status":"publish","type":"post","link":"https:\/\/www.newsendip.com\/fr\/une-variete-de-cafe-qualite-pourrait-resister-a-la-menace-du-changement-climatique\/","title":{"rendered":"Une vari\u00e9t\u00e9 de caf\u00e9 premium pourrait r\u00e9sister \u00e0 la menace du changement climatique"},"content":{"rendered":"<p><strong>Le caf\u00e9 de qualit\u00e9 est menac\u00e9 par le changement climatique. Mais une esp\u00e8ce pens\u00e9e disparue pourrait r\u00e9sister \u00e0 des temp\u00e9ratures plus chaudes tout en offrant une excellente saveur ce qui soulagerait l\u2019industrie du&nbsp;caf\u00e9.<\/strong><\/p>\n<h2>Les cultures de caf\u00e9 menac\u00e9es par le r\u00e9chauffement climatique<\/h2>\n<figure id=\"attachment_13526\" aria-describedby=\"caption-attachment-13526\" style=\"width: 320px\" class=\"wp-caption aligncenter\"><img decoding=\"async\" class=\"wp-image-13526 size-full\" src=\"https:\/\/www.newsendip.com\/wp-content\/uploads\/2021\/04\/Coffea_stenophylla_global_warming.jpg\" alt=\"Coffea stenophylla\" width=\"320\" height=\"480\" srcset=\"https:\/\/www.newsendip.com\/wp-content\/uploads\/2021\/04\/Coffea_stenophylla_global_warming.jpg 320w, https:\/\/www.newsendip.com\/wp-content\/uploads\/2021\/04\/Coffea_stenophylla_global_warming-60x90.jpg 60w, https:\/\/www.newsendip.com\/wp-content\/uploads\/2021\/04\/Coffea_stenophylla_global_warming-200x300.jpg 200w\" sizes=\"(max-width: 320px) 100vw, 320px\"><figcaption id=\"caption-attachment-13526\" class=\"wp-caption-text\">Coffea stenophylla, ici dans le jardin botanique de Berlin, n\u2019avait pas \u00e9t\u00e9 trouv\u00e9 \u00e0 l\u2019\u00e9tat sauvage depuis 64&nbsp;ans<\/figcaption><\/figure>\n<p>Le Coffea stenophylla, une esp\u00e8ce de caf\u00e9 sauvage rare originaire de Guin\u00e9e, de Sierra Leone et de C\u00f4te d\u2019Ivoire pourrait \u00eatre une alternative potentielle au caf\u00e9 Arabica dans les prochaines ann\u00e9es.<\/p>\n<p>Les grains d\u2019arabica et de robusta constituent l\u2019essentiel du march\u00e9 mondial du caf\u00e9. Mas l\u2019arabica, r\u00e9put\u00e9 de meilleure qualit\u00e9, est menac\u00e9 par le r\u00e9chauffement climatique.<\/p>\n<p>L\u2019Arabica est une esp\u00e8ce de caf\u00e9 poussant sur les hauts plateaux au niveau des Tropiques, entre 1 000 et 2 000 m\u00e8tres d\u2019altitude, avec une temp\u00e9rature moyenne optimale autour des 18\u201322 degr\u00e9s Celsius. Une augmentation de la temp\u00e9rature entre 2 et 3 degr\u00e9s Celsius pousserait les cultures d\u2019Arabica vers les montagnes, ce qui bouleverseraient les zones de production de caf\u00e9 actuelles.<\/p>\n<p>Le Robusta est plus robuste comme son nom l\u2019indique. Il r\u00e9siste \u00e0 une maladie affectant les feuilles de caf\u00e9ier, mais il peut \u00e9galement se cultiver dans des climats humides, en-dessous de 1 500 m\u00e8tres d\u2019altitude. Il r\u00e9siste aussi \u00e0 des temp\u00e9ratures plus \u00e9lev\u00e9es, entre 24\u201326 degr\u00e9s Celsius voire jusqu\u2019aux 30 degr\u00e9s.<\/p>\n<p>Mais il reste malgr\u00e9 tout <strong>sensible aux fortes temp\u00e9ratures <\/strong>et son rendement le plus optimal se situe sous les 22 degr\u00e9s Celsius.<\/p>\n<h2>Des temp\u00e9ratures plus \u00e9lev\u00e9es, un march\u00e9 du caf\u00e9 perturb\u00e9<\/h2>\n<p><!--more--><\/p>\n<p><strong>L\u2019arabica est r\u00e9put\u00e9 comme \u00e9tant beaucoup plus go\u00fbtu<\/strong>. Son prix est \u00e9galement plus \u00e9lev\u00e9. Et le caf\u00e9 de bonne qualit\u00e9 est une source de revenus plus int\u00e9ressante pour les producteurs de caf\u00e9 qui sont pour la plupart de petits exploitants.<\/p>\n<p>Mais avec le r\u00e9chauffement climatique, la surface potentielle de production de caf\u00e9 pourrait diminuer de 15\u202f% d\u2019ici 2050. De plus, environ la moiti\u00e9 des terres propices au caf\u00e9 arabica ne plus \u00eatre adapt\u00e9es d\u2019ici&nbsp;2050.<\/p>\n<p>Un tel changement <strong>refa\u00e7onnerait l\u2019\u00e9conomie des pays de la ceinture du caf\u00e9<\/strong>. \u00ab\u202f<em>Le caf\u00e9 est le moteur d\u2019une industrie mondiale de plusieurs milliards de dollars, soutient l\u2019\u00e9conomie de plusieurs pays tropicaux et fournit des moyens de subsistance \u00e0 plus de 100 millions de caf\u00e9iculteurs\u202f\u00bb<\/em>, explique le Dr Aaron Davis, auteur principal de l\u2019<a href=\"https:\/\/www.nature.com\/articles\/s41477-021-00891-4\" rel=\"noopener\">\u00e9tude publi\u00e9e dans la revue scientifique Nature<\/a>.<\/p>\n<p>Pendant ce temps, <strong>la demande de caf\u00e9 devrait doubler d\u2019ici 2050<\/strong>.<\/p>\n<figure>\n<p><\/p><figure style=\"width: 300px\" class=\"wp-caption aligncenter\"><img decoding=\"async\" src=\"https:\/\/www.newsendip.com\/wp-content\/uploads\/2021\/04\/Coffee-belt-300x132.jpg\" alt=\"Coffee Belt\" width=\"300\" height=\"132\"><figcaption class=\"wp-caption-text\">La ceinture de caf\u00e9, \u00e0 peu pr\u00e8s entre le tropique du Cancer et le tropique du Capricorne, pourrait \u00eatre remodel\u00e9e avec le changement climatique<\/figcaption><\/figure><\/figure>\n<h2>Une esp\u00e8ce de caf\u00e9 sauvage rare et savoureuse<\/h2>\n<p>Il existe environ 120 esp\u00e8ces de caf\u00e9 et beaucoup d\u2019entre elles peuvent pousser \u00e0 l\u2019\u00e9tat sauvage dans des conditions similaires \u00e0 celles du Robusta. Cependant, aucune ne s\u2019est av\u00e9r\u00e9e avoir des saveurs adapt\u00e9es aux normes de consommation actuelles.<\/p>\n<p>L\u2019\u00e9tude a r\u00e9v\u00e9l\u00e9 que le <em>coffea stenophylla<\/em> peut pousser dans les m\u00eames conditions climatiques que le caf\u00e9 Robusta et encore <strong>donner des saveurs d\u2019une qualit\u00e9 comparables \u00e0 l\u2019Arabica<\/strong>. Le caf\u00e9 sauvage n\u2019a g\u00e9n\u00e9ralement pas bon go\u00fbt, mais celui-ci semble diff\u00e9rent. \u00ab\u202f<em>Nous avons \u00e9t\u00e9 compl\u00e8tement \u00e9poustoufl\u00e9s par le fait que ce caf\u00e9 avait un go\u00fbt incroyable<\/em>\u202f\u00bb a d\u00e9clar\u00e9 Aaron Davis, responsable de la recherche sur le caf\u00e9 au Royal Botanic Gardens a\u2011t-il d\u00e9clar\u00e9 \u00e0 la <a href=\"https:\/\/www.bbc.com\/news\/science-environment-56804147\" rel=\"noopener\">BBC<\/a>.<\/p>\n<p><em>Coffea stenophylla<\/em> n\u2019avait pas \u00e9t\u00e9 vu \u00e0 l\u2019\u00e9tat sauvage depuis 1954 mais il a \u00e9t\u00e9 red\u00e9couvert en Sierra Leone en&nbsp;2018.<\/p>\n<p><strong>Son potentiel de production \u00e0 grande \u00e9chelle est encore incertain<\/strong>. Il faudrait quelques ann\u00e9es pour cultiver cette esp\u00e8ce ou la croiser avec d\u2019autres pour obtenir des volumes de production plus importants. Il ne repr\u00e9sentera probablement qu\u2019un march\u00e9 de niche au cours des 5 \u00e0 7 prochaines ann\u00e9es, avant de s\u2019\u00e9tendre potentiellement \u00e0 une client\u00e8le plus&nbsp;large.<\/p>\n<p><strong><a href=\"https:\/\/www.newsendip.com\/fr\/etiquette\/ethiopie\/\">En savoir plus sur l\u2019Ethiopie<\/a><\/strong><\/p>\n","protected":false},"excerpt":{"rendered":"<p>Le caf\u00e9 de qualit\u00e9 est menac\u00e9 par le changement climatique. Mais une esp\u00e8ce pens\u00e9e disparue pourrait r\u00e9sister \u00e0 des temp\u00e9ratures plus chaudes tout en offrant une excellente saveur, ce qui soulagerait l\u2019industrie du&nbsp;caf\u00e9.<\/p>\n","protected":false},"author":1,"featured_media":13526,"comment_status":"closed","ping_status":"closed","sticky":false,"template":"","format":"standard","meta":{"wp_typography_post_enhancements_disabled":false,"footnotes":""},"categories":[3016],"tags":[411,442],"class_list":["post-14401","post","type-post","status-publish","format-standard","has-post-thumbnail","hentry","category-environnement","tag-actuel","tag-ethiopie"],"yoast_head":"<!-- This site is optimized with the Yoast SEO Premium plugin v27.4 (Yoast SEO v27.4) - https:\/\/yoast.com\/product\/yoast-seo-premium-wordpress\/ -->\n<title>Une vari\u00e9t\u00e9 de caf\u00e9 premium pourrait r\u00e9sister \u00e0 la menace du changement climatique<\/title>\n<meta name=\"description\" content=\"Le caf\u00e9 de qualit\u00e9 est menac\u00e9 par le changement climatique. Mais une esp\u00e8ce pens\u00e9e disparue pourrait r\u00e9sister \u00e0 des temp\u00e9ratures plus chaudes tout en offrant une excellente saveur, ce qui soulagerait l&#039;industrie du caf\u00e9.\" \/>\n<meta name=\"robots\" content=\"index, follow, max-snippet:-1, max-image-preview:large, max-video-preview:-1\" \/>\n<link rel=\"canonical\" href=\"https:\/\/www.newsendip.com\/fr\/une-variete-de-cafe-qualite-pourrait-resister-a-la-menace-du-changement-climatique\/\" \/>\n<meta property=\"og:locale\" content=\"fr_FR\" \/>\n<meta property=\"og:type\" content=\"article\" \/>\n<meta property=\"og:title\" content=\"Une vari\u00e9t\u00e9 de caf\u00e9 premium pourrait r\u00e9sister \u00e0 la menace du changement climatique\" \/>\n<meta property=\"og:description\" content=\"Le caf\u00e9 de qualit\u00e9 est menac\u00e9 par le changement climatique. Mais une esp\u00e8ce pens\u00e9e disparue pourrait r\u00e9sister \u00e0 des temp\u00e9ratures plus chaudes tout en offrant une excellente saveur, ce qui soulagerait l&#039;industrie du caf\u00e9.\" \/>\n<meta property=\"og:url\" content=\"https:\/\/www.newsendip.com\/fr\/une-variete-de-cafe-qualite-pourrait-resister-a-la-menace-du-changement-climatique\/\" \/>\n<meta property=\"og:site_name\" content=\"Newsendip\" \/>\n<meta property=\"article:publisher\" content=\"https:\/\/www.facebook.com\/newsendip\" \/>\n<meta property=\"article:published_time\" content=\"2021-04-21T08:20:27+00:00\" \/>\n<meta property=\"article:modified_time\" content=\"2024-07-23T16:06:11+00:00\" \/>\n<meta property=\"og:image\" content=\"https:\/\/www.newsendip.com\/wp-content\/uploads\/2021\/04\/Coffea_stenophylla_global_warming.jpg\" \/>\n\t<meta property=\"og:image:width\" content=\"320\" \/>\n\t<meta property=\"og:image:height\" content=\"480\" \/>\n\t<meta property=\"og:image:type\" content=\"image\/jpeg\" \/>\n<meta name=\"author\" content=\"Cl\u00e9ment V\u00e9rit\u00e9\" \/>\n<meta name=\"twitter:card\" content=\"summary_large_image\" \/>\n<meta name=\"twitter:creator\" content=\"@https:\/\/twitter.com\/cverite\" \/>\n<meta name=\"twitter:site\" content=\"@newsendip\" \/>\n<meta name=\"twitter:label1\" content=\"\u00c9crit par\" \/>\n\t<meta name=\"twitter:data1\" content=\"Cl\u00e9ment V\u00e9rit\u00e9\" \/>\n\t<meta name=\"twitter:label2\" content=\"Dur\u00e9e de lecture estim\u00e9e\" \/>\n\t<meta name=\"twitter:data2\" content=\"4 minutes\" \/>\n<!-- \/ Yoast SEO Premium plugin. -->","yoast_head_json":{"title":"Une vari\u00e9t\u00e9 de caf\u00e9 premium pourrait r\u00e9sister \u00e0 la menace du changement climatique","description":"Le caf\u00e9 de qualit\u00e9 est menac\u00e9 par le changement climatique. Mais une esp\u00e8ce pens\u00e9e disparue pourrait r\u00e9sister \u00e0 des temp\u00e9ratures plus chaudes tout en offrant une excellente saveur, ce qui soulagerait l'industrie du caf\u00e9.","robots":{"index":"index","follow":"follow","max-snippet":"max-snippet:-1","max-image-preview":"max-image-preview:large","max-video-preview":"max-video-preview:-1"},"canonical":"https:\/\/www.newsendip.com\/fr\/une-variete-de-cafe-qualite-pourrait-resister-a-la-menace-du-changement-climatique\/","og_locale":"fr_FR","og_type":"article","og_title":"Une vari\u00e9t\u00e9 de caf\u00e9 premium pourrait r\u00e9sister \u00e0 la menace du changement climatique","og_description":"Le caf\u00e9 de qualit\u00e9 est menac\u00e9 par le changement climatique. Mais une esp\u00e8ce pens\u00e9e disparue pourrait r\u00e9sister \u00e0 des temp\u00e9ratures plus chaudes tout en offrant une excellente saveur, ce qui soulagerait l'industrie du caf\u00e9.","og_url":"https:\/\/www.newsendip.com\/fr\/une-variete-de-cafe-qualite-pourrait-resister-a-la-menace-du-changement-climatique\/","og_site_name":"Newsendip","article_publisher":"https:\/\/www.facebook.com\/newsendip","article_published_time":"2021-04-21T08:20:27+00:00","article_modified_time":"2024-07-23T16:06:11+00:00","og_image":[{"width":320,"height":480,"url":"https:\/\/www.newsendip.com\/wp-content\/uploads\/2021\/04\/Coffea_stenophylla_global_warming.jpg","type":"image\/jpeg"}],"author":"Cl\u00e9ment V\u00e9rit\u00e9","twitter_card":"summary_large_image","twitter_creator":"@https:\/\/twitter.com\/cverite","twitter_site":"@newsendip","twitter_misc":{"\u00c9crit par":"Cl\u00e9ment V\u00e9rit\u00e9","Dur\u00e9e de lecture estim\u00e9e":"4 minutes"},"schema":{"@context":"https:\/\/schema.org","@graph":[{"@type":"NewsArticle","@id":"https:\/\/www.newsendip.com\/fr\/une-variete-de-cafe-qualite-pourrait-resister-a-la-menace-du-changement-climatique\/#article","isPartOf":{"@id":"https:\/\/www.newsendip.com\/fr\/une-variete-de-cafe-qualite-pourrait-resister-a-la-menace-du-changement-climatique\/"},"author":{"name":"Cl\u00e9ment V\u00e9rit\u00e9","@id":"https:\/\/www.newsendip.com\/fr\/#\/schema\/person\/ea22c01755f464a3cbc2c619584d6363"},"headline":"Une vari\u00e9t\u00e9 de caf\u00e9 premium pourrait r\u00e9sister \u00e0 la menace du changement climatique","datePublished":"2021-04-21T08:20:27+00:00","dateModified":"2024-07-23T16:06:11+00:00","mainEntityOfPage":{"@id":"https:\/\/www.newsendip.com\/fr\/une-variete-de-cafe-qualite-pourrait-resister-a-la-menace-du-changement-climatique\/"},"wordCount":722,"publisher":{"@id":"https:\/\/www.newsendip.com\/fr\/#organization"},"image":{"@id":"https:\/\/www.newsendip.com\/fr\/une-variete-de-cafe-qualite-pourrait-resister-a-la-menace-du-changement-climatique\/#primaryimage"},"thumbnailUrl":"https:\/\/www.newsendip.com\/wp-content\/uploads\/2021\/04\/Coffea_stenophylla_global_warming.jpg","keywords":["Actuel","\u00c9thiopie"],"articleSection":["Environnement"],"inLanguage":"fr-FR","copyrightYear":"2021","copyrightHolder":{"@id":"https:\/\/www.newsendip.com\/#organization"}},{"@type":"WebPage","@id":"https:\/\/www.newsendip.com\/fr\/une-variete-de-cafe-qualite-pourrait-resister-a-la-menace-du-changement-climatique\/","url":"https:\/\/www.newsendip.com\/fr\/une-variete-de-cafe-qualite-pourrait-resister-a-la-menace-du-changement-climatique\/","name":"Une vari\u00e9t\u00e9 de caf\u00e9 premium pourrait r\u00e9sister \u00e0 la menace du changement climatique","isPartOf":{"@id":"https:\/\/www.newsendip.com\/fr\/#website"},"primaryImageOfPage":{"@id":"https:\/\/www.newsendip.com\/fr\/une-variete-de-cafe-qualite-pourrait-resister-a-la-menace-du-changement-climatique\/#primaryimage"},"image":{"@id":"https:\/\/www.newsendip.com\/fr\/une-variete-de-cafe-qualite-pourrait-resister-a-la-menace-du-changement-climatique\/#primaryimage"},"thumbnailUrl":"https:\/\/www.newsendip.com\/wp-content\/uploads\/2021\/04\/Coffea_stenophylla_global_warming.jpg","datePublished":"2021-04-21T08:20:27+00:00","dateModified":"2024-07-23T16:06:11+00:00","description":"Le caf\u00e9 de qualit\u00e9 est menac\u00e9 par le changement climatique. Mais une esp\u00e8ce pens\u00e9e disparue pourrait r\u00e9sister \u00e0 des temp\u00e9ratures plus chaudes tout en offrant une excellente saveur, ce qui soulagerait l'industrie du caf\u00e9.","breadcrumb":{"@id":"https:\/\/www.newsendip.com\/fr\/une-variete-de-cafe-qualite-pourrait-resister-a-la-menace-du-changement-climatique\/#breadcrumb"},"inLanguage":"fr-FR","potentialAction":[{"@type":"ReadAction","target":["https:\/\/www.newsendip.com\/fr\/une-variete-de-cafe-qualite-pourrait-resister-a-la-menace-du-changement-climatique\/"]}]},{"@type":"ImageObject","inLanguage":"fr-FR","@id":"https:\/\/www.newsendip.com\/fr\/une-variete-de-cafe-qualite-pourrait-resister-a-la-menace-du-changement-climatique\/#primaryimage","url":"https:\/\/www.newsendip.com\/wp-content\/uploads\/2021\/04\/Coffea_stenophylla_global_warming.jpg","contentUrl":"https:\/\/www.newsendip.com\/wp-content\/uploads\/2021\/04\/Coffea_stenophylla_global_warming.jpg","width":320,"height":480,"caption":"Coffea stenophylla, ici dans le jardin botanique de Berlin, n'avait pas \u00e9t\u00e9 trouv\u00e9 \u00e0 l'\u00e9tat sauvage depuis 64 ans"},{"@type":"BreadcrumbList","@id":"https:\/\/www.newsendip.com\/fr\/une-variete-de-cafe-qualite-pourrait-resister-a-la-menace-du-changement-climatique\/#breadcrumb","itemListElement":[{"@type":"ListItem","position":1,"name":"Accueil","item":"https:\/\/www.newsendip.com\/fr\/"},{"@type":"ListItem","position":2,"name":"Une vari\u00e9t\u00e9 de caf\u00e9 premium pourrait r\u00e9sister \u00e0 la menace du changement climatique"}]},{"@type":"WebSite","@id":"https:\/\/www.newsendip.com\/fr\/#website","url":"https:\/\/www.newsendip.com\/fr\/","name":"Newsendip","description":"Red\u00e9couvrez l&#039;actualit\u00e9 internationale","publisher":{"@id":"https:\/\/www.newsendip.com\/fr\/#organization"},"potentialAction":[{"@type":"SearchAction","target":{"@type":"EntryPoint","urlTemplate":"https:\/\/www.newsendip.com\/fr\/?s={search_term_string}"},"query-input":{"@type":"PropertyValueSpecification","valueRequired":true,"valueName":"search_term_string"}}],"inLanguage":"fr-FR"},{"@type":"Organization","@id":"https:\/\/www.newsendip.com\/fr\/#organization","name":"Newsendip","url":"https:\/\/www.newsendip.com\/fr\/","logo":{"@type":"ImageObject","inLanguage":"fr-FR","@id":"https:\/\/www.newsendip.com\/fr\/#\/schema\/logo\/image\/","url":"https:\/\/www.newsendip.com\/wp-content\/uploads\/2023\/12\/512x512.svg","contentUrl":"https:\/\/www.newsendip.com\/wp-content\/uploads\/2023\/12\/512x512.svg","width":1,"height":1,"caption":"Newsendip"},"image":{"@id":"https:\/\/www.newsendip.com\/fr\/#\/schema\/logo\/image\/"},"sameAs":["https:\/\/www.facebook.com\/newsendip","https:\/\/x.com\/newsendip","https:\/\/mastodon.social\/@newsendip","https:\/\/www.linkedin.com\/company\/newsendip"],"description":"Newsendip est un site qui a pour mission de rendre l'actualit\u00e9 internationale accessible et diversifi\u00e9e","email":"contact@newsendip.com","legalName":"Newsendip SAS","foundingDate":"2022-11-04","vatID":"FR60921124723","numberOfEmployees":{"@type":"QuantitativeValue","minValue":"1","maxValue":"10"},"publishingPrinciples":"https:\/\/www.newsendip.com\/about-us\/","ownershipFundingInfo":"https:\/\/www.newsendip.com\/legal-notice\/","actionableFeedbackPolicy":"https:\/\/www.newsendip.com\/about-us\/","correctionsPolicy":"https:\/\/www.newsendip.com\/about-us\/","ethicsPolicy":"https:\/\/www.newsendip.com\/about-us\/","diversityPolicy":"https:\/\/www.newsendip.com\/about-us\/"},{"@type":"Person","@id":"https:\/\/www.newsendip.com\/fr\/#\/schema\/person\/ea22c01755f464a3cbc2c619584d6363","name":"Cl\u00e9ment V\u00e9rit\u00e9","description":"Cl\u00e9ment is the executive editor and founder of Newsendip. He started in the media industry as a freelance reporter at 16 for a local French newspaper after school and has never left it. He later worked for seven years at The New York Times, notably as a data analyst. He holds a Master of Management in France and a Master of Arts in the United Kingdom in International Marketing &amp; Communications Strategy. He has lived in France, the United Kingdom, and Italy.","sameAs":["https:\/\/www.newsendip.com\/","https:\/\/www.linkedin.com\/in\/clementverite\/","https:\/\/x.com\/https:\/\/twitter.com\/cverite"],"knowsAbout":["News","International","Business","Media monitoring"],"knowsLanguage":["English","French","Italian","Spanish"],"url":"https:\/\/www.newsendip.com\/fr\/author\/clement-verite\/"}]}},"_links":{"self":[{"href":"https:\/\/www.newsendip.com\/fr\/wp-json\/wp\/v2\/posts\/14401","targetHints":{"allow":["GET"]}}],"collection":[{"href":"https:\/\/www.newsendip.com\/fr\/wp-json\/wp\/v2\/posts"}],"about":[{"href":"https:\/\/www.newsendip.com\/fr\/wp-json\/wp\/v2\/types\/post"}],"author":[{"embeddable":true,"href":"https:\/\/www.newsendip.com\/fr\/wp-json\/wp\/v2\/users\/1"}],"replies":[{"embeddable":true,"href":"https:\/\/www.newsendip.com\/fr\/wp-json\/wp\/v2\/comments?post=14401"}],"version-history":[{"count":0,"href":"https:\/\/www.newsendip.com\/fr\/wp-json\/wp\/v2\/posts\/14401\/revisions"}],"wp:featuredmedia":[{"embeddable":true,"href":"https:\/\/www.newsendip.com\/fr\/wp-json\/wp\/v2\/media\/13526"}],"wp:attachment":[{"href":"https:\/\/www.newsendip.com\/fr\/wp-json\/wp\/v2\/media?parent=14401"}],"wp:term":[{"taxonomy":"category","embeddable":true,"href":"https:\/\/www.newsendip.com\/fr\/wp-json\/wp\/v2\/categories?post=14401"},{"taxonomy":"post_tag","embeddable":true,"href":"https:\/\/www.newsendip.com\/fr\/wp-json\/wp\/v2\/tags?post=14401"}],"curies":[{"name":"wp","href":"https:\/\/api.w.org\/{rel}","templated":true}]}}