{"id":14567,"date":"2022-03-22T18:43:47","date_gmt":"2022-03-22T17:43:47","guid":{"rendered":"https:\/\/www.newsendip.com\/?p=14567"},"modified":"2024-07-18T16:01:30","modified_gmt":"2024-07-18T14:01:30","slug":"allemagne-annonce-une-importante-hausse-des-retraites-pour-2022","status":"publish","type":"post","link":"https:\/\/www.newsendip.com\/fr\/allemagne-annonce-une-importante-hausse-des-retraites-pour-2022\/","title":{"rendered":"L\u2019Allemagne annonce une importante hausse des retraites pour&nbsp;2022"},"content":{"rendered":"<p><strong>Les retrait\u00e9s allemands vont pouvoir b\u00e9n\u00e9ficier d\u2019une belle augmentation en 2022. Une telle hausse des retraites n\u2019a pas \u00e9t\u00e9 vue depuis pr\u00e8s de 40 ans dans l\u2019ouest de l\u2019Allemagne.<\/strong><\/p>\n<p><img decoding=\"async\" class=\"aligncenter wp-image-14552 size-large\" src=\"https:\/\/www.newsendip.com\/wp-content\/uploads\/2022\/03\/pensioners-1024x683.webp\" alt=\"Pensioners\" width=\"1024\" height=\"683\" srcset=\"https:\/\/www.newsendip.com\/wp-content\/uploads\/2022\/03\/pensioners-1024x683.webp 1024w, https:\/\/www.newsendip.com\/wp-content\/uploads\/2022\/03\/pensioners-60x40.webp 60w, https:\/\/www.newsendip.com\/wp-content\/uploads\/2022\/03\/pensioners-720x480.webp 720w, https:\/\/www.newsendip.com\/wp-content\/uploads\/2022\/03\/pensioners-300x200.webp 300w, https:\/\/www.newsendip.com\/wp-content\/uploads\/2022\/03\/pensioners-768x512.webp 768w, https:\/\/www.newsendip.com\/wp-content\/uploads\/2022\/03\/pensioners-1536x1024.webp 1536w, https:\/\/www.newsendip.com\/wp-content\/uploads\/2022\/03\/pensioners.webp 1920w\" sizes=\"(max-width: 1024px) 100vw, 1024px\"><\/p>\n<p>\u00c0 partir du 1er juillet, les retraites augmenteront de 5.35% dans l\u2019ouest de l\u2019Allemagne et de 6.12% dans les L\u00e4nder de l\u2019est, le minist\u00e8re f\u00e9d\u00e9ral du Travail a annonc\u00e9 le 22&nbsp;mars.<\/p>\n<p>Le point d\u2019indice mensuel sera revaloris\u00e9 cet \u00e9t\u00e9 de 34,19 \u00e0 36,02 euros (US$37.67 \u00e0 $39.69) dans l\u2019ouest de l\u2019Allemagne et de 33,47 \u00e0 35,52 euros ($36.88 \u00e0 $39.14) \u00e0 l\u2019est, selon les donn\u00e9es du Bureau f\u00e9d\u00e9ral de la statistique et de l\u2019Association allemande d\u2019assurance retraite.<\/p>\n<p>Le point d\u2019indice est la base de calcul pour les retraites allemands. Il est ensuite multipli\u00e9 par les points de retraites accumul\u00e9s tout au long de la carri\u00e8re professionnelle.<\/p>\n<p>L\u2019ajustement annuel est cette fois bien plus \u00e9lev\u00e9 qu\u2019attendu. En novembre dernier, le ministre f\u00e9d\u00e9ral du Travail estimait qu\u2019elle serait de 4.4%.<\/p>\n<p>Pour ce qui est de l\u2019ouest de l\u2019Allemagne, une hausse similaire remonte \u00e0 1983 quand les retraites ont augment\u00e9 de 5.9% selon T\u2011Online. Dans l\u2019est de l\u2019Allemagne, o\u00f9 les retraites restent moins \u00e9lev\u00e9es, <a href=\"https:\/\/www.t-online.de\/finanzen\/news\/unternehmen-verbraucher\/id_91075780\/rente-groesste-rentenerhoehung-seit-fast-40-jahren-kommt-wohl-2022.html\" data-wpel-link=\"external\">une telle hausse date de 2016<\/a>.<\/p>\n<p>La raison pour cette ann\u00e9e exceptionnelle est l\u2019augmentation des contributions de retraite l\u2019ann\u00e9e derni\u00e8re.<!--more--><\/p>\n<p>L\u2019Allemagne a un syst\u00e8me de retraites fond\u00e9 sur trois \u00e9l\u00e9ments, qui comprend le r\u00e9gime de base, la retraite compl\u00e9mentaire et la retraite priv\u00e9e. Mais le syst\u00e8me d\u00e9pend \u00e9norm\u00e9ment du syst\u00e8me public de base financ\u00e9 par les contributions des employ\u00e9s et des employeurs.<\/p>\n<p>La part des <a href=\"https:\/\/www.newsendip.com\/fr\/en-irlande-une-commission-parlementaire-recommande-de-ne-pas-augmenter-lage-de-depart-en-retraite\/\" data-wpel-link=\"external\">retraites financ\u00e9e par les fonds publics<\/a> est index\u00e9 par les salaires dans le pays. Elle devra s\u2019\u00e9lever \u00e0 48% des revenus d\u2019ici 2025, avec des contributions limit\u00e9es \u00e0 20% du salaire brut.<\/p>\n<p>Comme les salaires allemands ont eu une augmentation notable en 2021 par rapport \u00e0 2020, les retraites suivent la hausse.<\/p>\n<p>Mais elle aurait pu \u00eatre encore plus \u00e9lev\u00e9e. Le <a href=\"https:\/\/www.newsendip.com\/fr\/le-chili-augmente-les-retraites-de-24-millions-de-personnes\/\" data-wpel-link=\"external\">nouveau calcul des retraites<\/a> pour juillet en effet prend en consid\u00e9ration le \u00ab\u202ffacteur de rattrapage\u202f\u00bb, selon un accord fait par le gouvernement de coalition m\u00eame si la loi n\u2019a pas encore \u00e9t\u00e9&nbsp;vot\u00e9e.<\/p>\n<p>En Allemagne, une garantie f\u00e9d\u00e9rale de retraite exclut les diminutions de pensions. Cependant, un facteur de rattrapage (<em>nachholfaktor<\/em>) diminue les augmentations de retraite sur les ann\u00e9es suivantes jusqu\u2019\u00e0 ce que les baisses \u00e9vit\u00e9es ont \u00e9t\u00e9 compens\u00e9es.<\/p>\n<p>Ce facteur de rattrapage fut suspendu en 2018 jusqu\u2019au moins en 2025. Mais le gouvernement de coalition qui \u00e0 \u00e9t\u00e9 investi en d\u00e9cembre dernier s\u2019est mis d\u2019accord pour le r\u00e9activer.<\/p>\n<p>Les retraites \u00e9taient cens\u00e9es baisser \u00e0 l\u2019\u00e9chelle nationale l\u2019ann\u00e9e derni\u00e8re \u00e0 cause d\u2019une r\u00e9duction des salaires \u00e9lev\u00e9s en 2020 \u00e0 cause de la <a href=\"https:\/\/www.newsendip.com\/fr\/la-malaisie-permet-de-nouveaux-retraits-sur-les-comptes-de-retraite-pour-subvenir-a-des-besoins-urgents\/\" data-wpel-link=\"external\">pand\u00e9mie de Covid-19<\/a>. Mais cela fut bloqu\u00e9 par la garantie de retraite (les retraites ont quand m\u00eame augment\u00e9 de 0.7% dans l\u2019est de l\u2019Allemagne). Cependant, du fait du facteur de rattrapage, l\u2019augmentation des retraites pour 2022 est r\u00e9duite de 1.14%.<\/p>\n<p>Les \u00e9conomistes critiquaient le gel du facteur de rattrapage parce que cela provoquait uniquement une augmentation des retraites m\u00eame lorsque les salaires diminuaient, ce qui impliquait que les travailleurs allemands contribuaient \u00e0 la m\u00eame hauteur au financement des retraites alors qu\u2019ils gagnaient moins.<\/p>\n<p>\u00ab\u202f<em>L\u2019\u00e9volution des retraites ne doit pas \u00eatre d\u00e9sindex\u00e9 de l\u2019\u00e9volution des salaires,&nbsp;\u00bb<\/em> le ministre Heil explique dans un communiqu\u00e9.<\/p>\n<p>L\u2019Allemagne compte environ 21 millions de retrait\u00e9s et le vieillissement de sa population met le financement de son syst\u00e8me de retraite sous pression. Dix pour cent de son produit int\u00e9rieur brut est d\u00e9pens\u00e9 pour les retraites. De plus, la population \u00e2g\u00e9 de plus de 65 ans repr\u00e9sente 36.5% de sa population en \u00e2ge de travailler selon les <a href=\"#post-bottom-source\">donn\u00e9es de l\u2019OCDE de 2019<\/a>.<\/p>\n<p>Alors que la crise \u00e9conomique caus\u00e9e par la pand\u00e9mie de Covid-19 a restreint les ajustements de retraite l\u2019ann\u00e9e derni\u00e8re, la forte reprise \u00e9conomique en 2021 a permis une forte augmentation des retraites en&nbsp;2022.<\/p>\n<p>En f\u00e9vrier, le gouvernement a annonc\u00e9 que le salaire minimum l\u00e9gal augmentera \u00e0 12 euros brut par heure \u00e0 partir d\u2019octobre, ce qui devrait aider \u00e0 augmenter les retraites l\u2019ann\u00e9e prochaine.<\/p>\n<p><a href=\"https:\/\/www.newsendip.com\/fr\/etiquette\/allemagne\/\"><strong>D\u00e9couvrez des actualit\u00e9s sur l\u2019Allemagne<\/strong><\/a><\/p>\n","protected":false},"excerpt":{"rendered":"<p>Les retrait\u00e9s allemands vont pouvoir b\u00e9n\u00e9ficier d\u2019une belle augmentation en 2022. Une telle hausse des retraites n\u2019a pas \u00e9t\u00e9 vue depuis pr\u00e8s de 40 ans dans l\u2019ouest de l\u2019Allemagne.<\/p>\n","protected":false},"author":1,"featured_media":14552,"comment_status":"closed","ping_status":"closed","sticky":false,"template":"","format":"standard","meta":{"wp_typography_post_enhancements_disabled":false,"footnotes":""},"categories":[414],"tags":[478,421],"class_list":["post-14567","post","type-post","status-publish","format-standard","has-post-thumbnail","hentry","category-economie","tag-allemagne","tag-vieux"],"yoast_head":"<!-- This site is optimized with the Yoast SEO Premium plugin v27.4 (Yoast SEO v27.4) - https:\/\/yoast.com\/product\/yoast-seo-premium-wordpress\/ -->\n<title>L&#039;Allemagne annonce une importante hausse des retraites pour 2022<\/title>\n<meta name=\"description\" content=\"Les retrait\u00e9s allemands vont pouvoir b\u00e9n\u00e9ficier d\u2019une belle augmentation en 2022. Une telle hausse des retraites n\u2019a pas \u00e9t\u00e9 vue depuis pr\u00e8s de 40 ans dans l\u2019ouest de l\u2019Allemagne.\" \/>\n<meta name=\"robots\" content=\"index, follow, max-snippet:-1, max-image-preview:large, max-video-preview:-1\" \/>\n<link rel=\"canonical\" href=\"https:\/\/www.newsendip.com\/fr\/allemagne-annonce-une-importante-hausse-des-retraites-pour-2022\/\" \/>\n<meta property=\"og:locale\" content=\"fr_FR\" \/>\n<meta property=\"og:type\" content=\"article\" \/>\n<meta property=\"og:title\" content=\"L&#039;Allemagne annonce une importante hausse des retraites pour 2022\" \/>\n<meta property=\"og:description\" content=\"Les retrait\u00e9s allemands vont pouvoir b\u00e9n\u00e9ficier d\u2019une belle augmentation en 2022. Une telle hausse des retraites n\u2019a pas \u00e9t\u00e9 vue depuis pr\u00e8s de 40 ans dans l\u2019ouest de l\u2019Allemagne.\" \/>\n<meta property=\"og:url\" content=\"https:\/\/www.newsendip.com\/fr\/allemagne-annonce-une-importante-hausse-des-retraites-pour-2022\/\" \/>\n<meta property=\"og:site_name\" content=\"Newsendip\" \/>\n<meta property=\"article:publisher\" content=\"https:\/\/www.facebook.com\/newsendip\" \/>\n<meta property=\"article:published_time\" content=\"2022-03-22T17:43:47+00:00\" \/>\n<meta property=\"article:modified_time\" content=\"2024-07-18T14:01:30+00:00\" \/>\n<meta property=\"og:image\" content=\"https:\/\/www.newsendip.com\/wp-content\/uploads\/2022\/03\/pensioners-small-progressive.jpeg\" \/>\n\t<meta property=\"og:image:width\" content=\"640\" \/>\n\t<meta property=\"og:image:height\" content=\"426\" \/>\n\t<meta property=\"og:image:type\" content=\"image\/jpeg\" \/>\n<meta name=\"author\" content=\"Cl\u00e9ment V\u00e9rit\u00e9\" \/>\n<meta name=\"twitter:card\" content=\"summary_large_image\" \/>\n<meta name=\"twitter:image\" content=\"https:\/\/www.newsendip.com\/wp-content\/uploads\/2022\/03\/pensioners-small-progressive.jpeg\" \/>\n<meta name=\"twitter:creator\" content=\"@https:\/\/twitter.com\/cverite\" \/>\n<meta name=\"twitter:site\" content=\"@newsendip\" \/>\n<meta name=\"twitter:label1\" content=\"\u00c9crit par\" \/>\n\t<meta name=\"twitter:data1\" content=\"Cl\u00e9ment V\u00e9rit\u00e9\" \/>\n\t<meta name=\"twitter:label2\" content=\"Dur\u00e9e de lecture estim\u00e9e\" \/>\n\t<meta name=\"twitter:data2\" content=\"4 minutes\" \/>\n<!-- \/ Yoast SEO Premium plugin. -->","yoast_head_json":{"title":"L'Allemagne annonce une importante hausse des retraites pour 2022","description":"Les retrait\u00e9s allemands vont pouvoir b\u00e9n\u00e9ficier d\u2019une belle augmentation en 2022. Une telle hausse des retraites n\u2019a pas \u00e9t\u00e9 vue depuis pr\u00e8s de 40 ans dans l\u2019ouest de l\u2019Allemagne.","robots":{"index":"index","follow":"follow","max-snippet":"max-snippet:-1","max-image-preview":"max-image-preview:large","max-video-preview":"max-video-preview:-1"},"canonical":"https:\/\/www.newsendip.com\/fr\/allemagne-annonce-une-importante-hausse-des-retraites-pour-2022\/","og_locale":"fr_FR","og_type":"article","og_title":"L'Allemagne annonce une importante hausse des retraites pour 2022","og_description":"Les retrait\u00e9s allemands vont pouvoir b\u00e9n\u00e9ficier d\u2019une belle augmentation en 2022. Une telle hausse des retraites n\u2019a pas \u00e9t\u00e9 vue depuis pr\u00e8s de 40 ans dans l\u2019ouest de l\u2019Allemagne.","og_url":"https:\/\/www.newsendip.com\/fr\/allemagne-annonce-une-importante-hausse-des-retraites-pour-2022\/","og_site_name":"Newsendip","article_publisher":"https:\/\/www.facebook.com\/newsendip","article_published_time":"2022-03-22T17:43:47+00:00","article_modified_time":"2024-07-18T14:01:30+00:00","og_image":[{"width":640,"height":426,"url":"https:\/\/www.newsendip.com\/wp-content\/uploads\/2022\/03\/pensioners-small-progressive.jpeg","type":"image\/jpeg"}],"author":"Cl\u00e9ment V\u00e9rit\u00e9","twitter_card":"summary_large_image","twitter_image":"https:\/\/www.newsendip.com\/wp-content\/uploads\/2022\/03\/pensioners-small-progressive.jpeg","twitter_creator":"@https:\/\/twitter.com\/cverite","twitter_site":"@newsendip","twitter_misc":{"\u00c9crit par":"Cl\u00e9ment V\u00e9rit\u00e9","Dur\u00e9e de lecture estim\u00e9e":"4 minutes"},"schema":{"@context":"https:\/\/schema.org","@graph":[{"@type":"NewsArticle","@id":"https:\/\/www.newsendip.com\/fr\/allemagne-annonce-une-importante-hausse-des-retraites-pour-2022\/#article","isPartOf":{"@id":"https:\/\/www.newsendip.com\/fr\/allemagne-annonce-une-importante-hausse-des-retraites-pour-2022\/"},"author":{"name":"Cl\u00e9ment V\u00e9rit\u00e9","@id":"https:\/\/www.newsendip.com\/fr\/#\/schema\/person\/ea22c01755f464a3cbc2c619584d6363"},"headline":"L\u2019Allemagne annonce une importante hausse des retraites pour&nbsp;2022","datePublished":"2022-03-22T17:43:47+00:00","dateModified":"2024-07-18T14:01:30+00:00","mainEntityOfPage":{"@id":"https:\/\/www.newsendip.com\/fr\/allemagne-annonce-une-importante-hausse-des-retraites-pour-2022\/"},"wordCount":743,"publisher":{"@id":"https:\/\/www.newsendip.com\/fr\/#organization"},"image":{"@id":"https:\/\/www.newsendip.com\/fr\/allemagne-annonce-une-importante-hausse-des-retraites-pour-2022\/#primaryimage"},"thumbnailUrl":"https:\/\/www.newsendip.com\/wp-content\/uploads\/2022\/03\/pensioners.webp","keywords":["Allemagne","Vieux"],"articleSection":["\u00c9conomie"],"inLanguage":"fr-FR","copyrightYear":"2022","copyrightHolder":{"@id":"https:\/\/www.newsendip.com\/#organization"}},{"@type":"WebPage","@id":"https:\/\/www.newsendip.com\/fr\/allemagne-annonce-une-importante-hausse-des-retraites-pour-2022\/","url":"https:\/\/www.newsendip.com\/fr\/allemagne-annonce-une-importante-hausse-des-retraites-pour-2022\/","name":"L'Allemagne annonce une importante hausse des retraites pour 2022","isPartOf":{"@id":"https:\/\/www.newsendip.com\/fr\/#website"},"primaryImageOfPage":{"@id":"https:\/\/www.newsendip.com\/fr\/allemagne-annonce-une-importante-hausse-des-retraites-pour-2022\/#primaryimage"},"image":{"@id":"https:\/\/www.newsendip.com\/fr\/allemagne-annonce-une-importante-hausse-des-retraites-pour-2022\/#primaryimage"},"thumbnailUrl":"https:\/\/www.newsendip.com\/wp-content\/uploads\/2022\/03\/pensioners.webp","datePublished":"2022-03-22T17:43:47+00:00","dateModified":"2024-07-18T14:01:30+00:00","description":"Les retrait\u00e9s allemands vont pouvoir b\u00e9n\u00e9ficier d\u2019une belle augmentation en 2022. Une telle hausse des retraites n\u2019a pas \u00e9t\u00e9 vue depuis pr\u00e8s de 40 ans dans l\u2019ouest de l\u2019Allemagne.","breadcrumb":{"@id":"https:\/\/www.newsendip.com\/fr\/allemagne-annonce-une-importante-hausse-des-retraites-pour-2022\/#breadcrumb"},"inLanguage":"fr-FR","potentialAction":[{"@type":"ReadAction","target":["https:\/\/www.newsendip.com\/fr\/allemagne-annonce-une-importante-hausse-des-retraites-pour-2022\/"]}]},{"@type":"ImageObject","inLanguage":"fr-FR","@id":"https:\/\/www.newsendip.com\/fr\/allemagne-annonce-une-importante-hausse-des-retraites-pour-2022\/#primaryimage","url":"https:\/\/www.newsendip.com\/wp-content\/uploads\/2022\/03\/pensioners.webp","contentUrl":"https:\/\/www.newsendip.com\/wp-content\/uploads\/2022\/03\/pensioners.webp","width":1920,"height":1280,"caption":"retrait\u00e9s"},{"@type":"BreadcrumbList","@id":"https:\/\/www.newsendip.com\/fr\/allemagne-annonce-une-importante-hausse-des-retraites-pour-2022\/#breadcrumb","itemListElement":[{"@type":"ListItem","position":1,"name":"Accueil","item":"https:\/\/www.newsendip.com\/fr\/"},{"@type":"ListItem","position":2,"name":"L&#8217;Allemagne annonce une importante hausse des retraites pour 2022"}]},{"@type":"WebSite","@id":"https:\/\/www.newsendip.com\/fr\/#website","url":"https:\/\/www.newsendip.com\/fr\/","name":"Newsendip","description":"Red\u00e9couvrez l&#039;actualit\u00e9 internationale","publisher":{"@id":"https:\/\/www.newsendip.com\/fr\/#organization"},"potentialAction":[{"@type":"SearchAction","target":{"@type":"EntryPoint","urlTemplate":"https:\/\/www.newsendip.com\/fr\/?s={search_term_string}"},"query-input":{"@type":"PropertyValueSpecification","valueRequired":true,"valueName":"search_term_string"}}],"inLanguage":"fr-FR"},{"@type":"Organization","@id":"https:\/\/www.newsendip.com\/fr\/#organization","name":"Newsendip","url":"https:\/\/www.newsendip.com\/fr\/","logo":{"@type":"ImageObject","inLanguage":"fr-FR","@id":"https:\/\/www.newsendip.com\/fr\/#\/schema\/logo\/image\/","url":"https:\/\/www.newsendip.com\/wp-content\/uploads\/2023\/12\/512x512.svg","contentUrl":"https:\/\/www.newsendip.com\/wp-content\/uploads\/2023\/12\/512x512.svg","width":1,"height":1,"caption":"Newsendip"},"image":{"@id":"https:\/\/www.newsendip.com\/fr\/#\/schema\/logo\/image\/"},"sameAs":["https:\/\/www.facebook.com\/newsendip","https:\/\/x.com\/newsendip","https:\/\/mastodon.social\/@newsendip","https:\/\/www.linkedin.com\/company\/newsendip"],"description":"Newsendip est un site qui a pour mission de rendre l'actualit\u00e9 internationale accessible et diversifi\u00e9e","email":"contact@newsendip.com","legalName":"Newsendip SAS","foundingDate":"2022-11-04","vatID":"FR60921124723","numberOfEmployees":{"@type":"QuantitativeValue","minValue":"1","maxValue":"10"},"publishingPrinciples":"https:\/\/www.newsendip.com\/about-us\/","ownershipFundingInfo":"https:\/\/www.newsendip.com\/legal-notice\/","actionableFeedbackPolicy":"https:\/\/www.newsendip.com\/about-us\/","correctionsPolicy":"https:\/\/www.newsendip.com\/about-us\/","ethicsPolicy":"https:\/\/www.newsendip.com\/about-us\/","diversityPolicy":"https:\/\/www.newsendip.com\/about-us\/"},{"@type":"Person","@id":"https:\/\/www.newsendip.com\/fr\/#\/schema\/person\/ea22c01755f464a3cbc2c619584d6363","name":"Cl\u00e9ment V\u00e9rit\u00e9","description":"Cl\u00e9ment is the executive editor and founder of Newsendip. He started in the media industry as a freelance reporter at 16 for a local French newspaper after school and has never left it. He later worked for seven years at The New York Times, notably as a data analyst. He holds a Master of Management in France and a Master of Arts in the United Kingdom in International Marketing &amp; Communications Strategy. He has lived in France, the United Kingdom, and Italy.","sameAs":["https:\/\/www.newsendip.com\/","https:\/\/www.linkedin.com\/in\/clementverite\/","https:\/\/x.com\/https:\/\/twitter.com\/cverite"],"knowsAbout":["News","International","Business","Media monitoring"],"knowsLanguage":["English","French","Italian","Spanish"],"url":"https:\/\/www.newsendip.com\/fr\/author\/clement-verite\/"}]}},"_links":{"self":[{"href":"https:\/\/www.newsendip.com\/fr\/wp-json\/wp\/v2\/posts\/14567","targetHints":{"allow":["GET"]}}],"collection":[{"href":"https:\/\/www.newsendip.com\/fr\/wp-json\/wp\/v2\/posts"}],"about":[{"href":"https:\/\/www.newsendip.com\/fr\/wp-json\/wp\/v2\/types\/post"}],"author":[{"embeddable":true,"href":"https:\/\/www.newsendip.com\/fr\/wp-json\/wp\/v2\/users\/1"}],"replies":[{"embeddable":true,"href":"https:\/\/www.newsendip.com\/fr\/wp-json\/wp\/v2\/comments?post=14567"}],"version-history":[{"count":0,"href":"https:\/\/www.newsendip.com\/fr\/wp-json\/wp\/v2\/posts\/14567\/revisions"}],"wp:featuredmedia":[{"embeddable":true,"href":"https:\/\/www.newsendip.com\/fr\/wp-json\/wp\/v2\/media\/14552"}],"wp:attachment":[{"href":"https:\/\/www.newsendip.com\/fr\/wp-json\/wp\/v2\/media?parent=14567"}],"wp:term":[{"taxonomy":"category","embeddable":true,"href":"https:\/\/www.newsendip.com\/fr\/wp-json\/wp\/v2\/categories?post=14567"},{"taxonomy":"post_tag","embeddable":true,"href":"https:\/\/www.newsendip.com\/fr\/wp-json\/wp\/v2\/tags?post=14567"}],"curies":[{"name":"wp","href":"https:\/\/api.w.org\/{rel}","templated":true}]}}