{"id":14586,"date":"2022-03-17T22:16:31","date_gmt":"2022-03-17T21:16:31","guid":{"rendered":"https:\/\/www.newsendip.com\/un-deserteur-polonais-retrouve-mort-la-bielorussie-annonce\/"},"modified":"2024-07-18T16:01:37","modified_gmt":"2024-07-18T14:01:37","slug":"un-deserteur-polonais-retrouve-mort-la-bielorussie-annonce","status":"publish","type":"post","link":"https:\/\/www.newsendip.com\/fr\/un-deserteur-polonais-retrouve-mort-la-bielorussie-annonce\/","title":{"rendered":"la Bi\u00e9lorussie annonce qu\u2019un d\u00e9serteur polonais a \u00e9t\u00e9 retrouv\u00e9 mort"},"content":{"rendered":"<p><strong>Les autorit\u00e9s bi\u00e9lorusses ont d\u00e9clar\u00e9 qu\u2019un soldat polonais qui a d\u00e9sert\u00e9 en d\u00e9cembre dernier a \u00e9t\u00e9 retrouv\u00e9 mort \u00e0 Minsk, la capitale. Elles n\u2019excluent pas qu\u2019il s\u2019agit d\u2019un acte criminel.<\/strong><\/p>\n<figure id=\"attachment_13453\" aria-describedby=\"caption-attachment-13453\" style=\"width: 1024px\" class=\"wp-caption aligncenter\"><img decoding=\"async\" class=\"wp-image-13453 size-large\" src=\"https:\/\/www.newsendip.com\/wp-content\/uploads\/2022\/03\/emil-czeczko-polish-soldier-defector-1024x640.webp\" alt=\"Emil Czeczko, soldat polonais qui a d\u00e9sert\u00e9 pour rejoindre la Bi\u00e9lorussie en d\u00e9cembre 2021\" width=\"1024\" height=\"640\" srcset=\"https:\/\/www.newsendip.com\/wp-content\/uploads\/2022\/03\/emil-czeczko-polish-soldier-defector-1024x640.webp 1024w, https:\/\/www.newsendip.com\/wp-content\/uploads\/2022\/03\/emil-czeczko-polish-soldier-defector-300x188.webp 300w, https:\/\/www.newsendip.com\/wp-content\/uploads\/2022\/03\/emil-czeczko-polish-soldier-defector-768x480.webp 768w, https:\/\/www.newsendip.com\/wp-content\/uploads\/2022\/03\/emil-czeczko-polish-soldier-defector-60x38.webp 60w, https:\/\/www.newsendip.com\/wp-content\/uploads\/2022\/03\/emil-czeczko-polish-soldier-defector.webp 1248w\" sizes=\"(max-width: 1024px) 100vw, 1024px\"><figcaption id=\"caption-attachment-13453\" class=\"wp-caption-text\">Emil Czeczko, soldat polonais qui a d\u00e9sert\u00e9 pour rejoindre la Bi\u00e9lorussie en d\u00e9cembre 2021\u202fen interview<\/figcaption><\/figure>\n<p>Le Comit\u00e9 d\u2019enqu\u00eate bi\u00e9lorusse a communiqu\u00e9 le 17 mars qu\u2019Emil Czeczko, un d\u00e9serteur de l\u2019arm\u00e9e polonais, a \u00e9t\u00e9 retrouv\u00e9 pendu dans son appartement de&nbsp;Minsk.<\/p>\n<p>Les raisons de son d\u00e9c\u00e8s sont encore inconnues. Les forces bi\u00e9lorusses ont d\u00e9clar\u00e9 sur leur cha\u00eene Telegram qu\u2019elles \u00e9tudiaient toutes les hypoth\u00e8ses et qu\u2019elles ne rejetaient par celle d\u2019une \u00ab\u202f<em>mort violente\u202f\u00bb<\/em>.<!--more--><\/p>\n<p>Emil Czeczko a fait les gros titres en Pologne comme \u00e9tant le soldat polonais qui avait d\u00e9cid\u00e9 de quitter l\u2019arm\u00e9e pour fuir en Bi\u00e9lorussie en d\u00e9cembre dernier. L\u2019\u00e9t\u00e9 dernier jusqu\u2019\u00e0 la fin de l\u2019ann\u00e9e, des milliers de migrants tentaient de passer les fronti\u00e8res de Pologne, Lituanie ou Lettonie depuis la Bi\u00e9lorussie, augmentant les tensions de cette derni\u00e8re avec l\u2019Union Europ\u00e9enne.<\/p>\n<p>Czeczko r\u00e9p\u00e9tait sur les m\u00e9dias bi\u00e9lorusses, qui sont \u00e9troitement contr\u00f4l\u00e9s par l\u2019\u00c9tat, que les soldats polonais tiraient sur les migrants \u00e0 la fronti\u00e8re. Le G\u00e9n\u00e9ral polonais Piotrowski a d\u00e9clar\u00e9 que c\u2019\u00e9tait un \u00ab\u202f<em>non-sense complet\u202f\u00bb<\/em> et qu\u2019il \u201c\u00e9tait utilis\u00e9 comme \u00ab\u202f<em>outils de propagande\u202f\u00bb<\/em> contre la Pologne<\/p>\n<p><a href=\"https:\/\/www.newsendip.com\/fr\/etiquette\/pologne\/\"><strong>D\u00e9couvrez des actualit\u00e9s sur la Pologne<\/strong><\/a><\/p>\n","protected":false},"excerpt":{"rendered":"<p>Les autorit\u00e9s bi\u00e9lorusses ont d\u00e9clar\u00e9 qu\u2019un soldait polonais qui a d\u00e9sert\u00e9 en d\u00e9cembre dernier a \u00e9t\u00e9 retrouv\u00e9 mort \u00e0 Minsk. Elles n\u2019excluent pas l\u2019hypoth\u00e8se d\u2019un acte criminel.<\/p>\n","protected":false},"author":1,"featured_media":14243,"comment_status":"closed","ping_status":"closed","sticky":false,"template":"","format":"standard","meta":{"wp_typography_post_enhancements_disabled":false,"footnotes":""},"categories":[416],"tags":[1475,504,421],"class_list":["post-14586","post","type-post","status-publish","format-standard","has-post-thumbnail","hentry","category-politique","tag-bielorussie","tag-pologne","tag-vieux"],"yoast_head":"<!-- This site is optimized with the Yoast SEO Premium plugin v27.4 (Yoast SEO v27.4) - https:\/\/yoast.com\/product\/yoast-seo-premium-wordpress\/ -->\n<title>la Bi\u00e9lorussie annonce qu&#039;un d\u00e9serteur polonais a \u00e9t\u00e9 retrouv\u00e9 mort<\/title>\n<meta name=\"description\" content=\"Les autorit\u00e9s bi\u00e9lorusses ont d\u00e9clar\u00e9 qu&#039;un soldait polonais qui a d\u00e9sert\u00e9 en d\u00e9cembre dernier a \u00e9t\u00e9 retrouv\u00e9 mort \u00e0 Minsk. Elles n&#039;excluent pas l&#039;hypoth\u00e8se d&#039;un acte criminel.\" \/>\n<meta name=\"robots\" content=\"index, follow, max-snippet:-1, max-image-preview:large, max-video-preview:-1\" \/>\n<link rel=\"canonical\" href=\"https:\/\/www.newsendip.com\/fr\/un-deserteur-polonais-retrouve-mort-la-bielorussie-annonce\/\" \/>\n<meta property=\"og:locale\" content=\"fr_FR\" \/>\n<meta property=\"og:type\" content=\"article\" \/>\n<meta property=\"og:title\" content=\"la Bi\u00e9lorussie annonce qu&#039;un d\u00e9serteur polonais a \u00e9t\u00e9 retrouv\u00e9 mort\" \/>\n<meta property=\"og:description\" content=\"Les autorit\u00e9s bi\u00e9lorusses ont d\u00e9clar\u00e9 qu&#039;un soldait polonais qui a d\u00e9sert\u00e9 en d\u00e9cembre dernier a \u00e9t\u00e9 retrouv\u00e9 mort \u00e0 Minsk. Elles n&#039;excluent pas l&#039;hypoth\u00e8se d&#039;un acte criminel.\" \/>\n<meta property=\"og:url\" content=\"https:\/\/www.newsendip.com\/fr\/un-deserteur-polonais-retrouve-mort-la-bielorussie-annonce\/\" \/>\n<meta property=\"og:site_name\" content=\"Newsendip\" \/>\n<meta property=\"article:publisher\" content=\"https:\/\/www.facebook.com\/newsendip\" \/>\n<meta property=\"article:published_time\" content=\"2022-03-17T21:16:31+00:00\" \/>\n<meta property=\"article:modified_time\" content=\"2024-07-18T14:01:37+00:00\" \/>\n<meta property=\"og:image\" content=\"https:\/\/www.newsendip.com\/wp-content\/uploads\/2022\/03\/emil-czeczko-polish-soldier-defector-progressive-1024x640.jpeg\" \/>\n<meta name=\"author\" content=\"Cl\u00e9ment V\u00e9rit\u00e9\" \/>\n<meta name=\"twitter:card\" content=\"summary_large_image\" \/>\n<meta name=\"twitter:image\" content=\"https:\/\/www.newsendip.com\/wp-content\/uploads\/2022\/03\/emil-czeczko-polish-soldier-defector-progressive-150x150.jpeg\" \/>\n<meta name=\"twitter:creator\" content=\"@https:\/\/twitter.com\/cverite\" \/>\n<meta name=\"twitter:site\" content=\"@newsendip\" \/>\n<meta name=\"twitter:label1\" content=\"\u00c9crit par\" \/>\n\t<meta name=\"twitter:data1\" content=\"Cl\u00e9ment V\u00e9rit\u00e9\" \/>\n\t<meta name=\"twitter:label2\" content=\"Dur\u00e9e de lecture estim\u00e9e\" \/>\n\t<meta name=\"twitter:data2\" content=\"2 minutes\" \/>\n<!-- \/ Yoast SEO Premium plugin. -->","yoast_head_json":{"title":"la Bi\u00e9lorussie annonce qu'un d\u00e9serteur polonais a \u00e9t\u00e9 retrouv\u00e9 mort","description":"Les autorit\u00e9s bi\u00e9lorusses ont d\u00e9clar\u00e9 qu'un soldait polonais qui a d\u00e9sert\u00e9 en d\u00e9cembre dernier a \u00e9t\u00e9 retrouv\u00e9 mort \u00e0 Minsk. Elles n'excluent pas l'hypoth\u00e8se d'un acte criminel.","robots":{"index":"index","follow":"follow","max-snippet":"max-snippet:-1","max-image-preview":"max-image-preview:large","max-video-preview":"max-video-preview:-1"},"canonical":"https:\/\/www.newsendip.com\/fr\/un-deserteur-polonais-retrouve-mort-la-bielorussie-annonce\/","og_locale":"fr_FR","og_type":"article","og_title":"la Bi\u00e9lorussie annonce qu'un d\u00e9serteur polonais a \u00e9t\u00e9 retrouv\u00e9 mort","og_description":"Les autorit\u00e9s bi\u00e9lorusses ont d\u00e9clar\u00e9 qu'un soldait polonais qui a d\u00e9sert\u00e9 en d\u00e9cembre dernier a \u00e9t\u00e9 retrouv\u00e9 mort \u00e0 Minsk. Elles n'excluent pas l'hypoth\u00e8se d'un acte criminel.","og_url":"https:\/\/www.newsendip.com\/fr\/un-deserteur-polonais-retrouve-mort-la-bielorussie-annonce\/","og_site_name":"Newsendip","article_publisher":"https:\/\/www.facebook.com\/newsendip","article_published_time":"2022-03-17T21:16:31+00:00","article_modified_time":"2024-07-18T14:01:37+00:00","og_image":[{"url":"https:\/\/www.newsendip.com\/wp-content\/uploads\/2022\/03\/emil-czeczko-polish-soldier-defector-progressive-1024x640.jpeg","type":"","width":"","height":""}],"author":"Cl\u00e9ment V\u00e9rit\u00e9","twitter_card":"summary_large_image","twitter_image":"https:\/\/www.newsendip.com\/wp-content\/uploads\/2022\/03\/emil-czeczko-polish-soldier-defector-progressive-150x150.jpeg","twitter_creator":"@https:\/\/twitter.com\/cverite","twitter_site":"@newsendip","twitter_misc":{"\u00c9crit par":"Cl\u00e9ment V\u00e9rit\u00e9","Dur\u00e9e de lecture estim\u00e9e":"2 minutes"},"schema":{"@context":"https:\/\/schema.org","@graph":[{"@type":"NewsArticle","@id":"https:\/\/www.newsendip.com\/fr\/un-deserteur-polonais-retrouve-mort-la-bielorussie-annonce\/#article","isPartOf":{"@id":"https:\/\/www.newsendip.com\/fr\/un-deserteur-polonais-retrouve-mort-la-bielorussie-annonce\/"},"author":{"name":"Cl\u00e9ment V\u00e9rit\u00e9","@id":"https:\/\/www.newsendip.com\/fr\/#\/schema\/person\/ea22c01755f464a3cbc2c619584d6363"},"headline":"la Bi\u00e9lorussie annonce qu\u2019un d\u00e9serteur polonais a \u00e9t\u00e9 retrouv\u00e9 mort","datePublished":"2022-03-17T21:16:31+00:00","dateModified":"2024-07-18T14:01:37+00:00","mainEntityOfPage":{"@id":"https:\/\/www.newsendip.com\/fr\/un-deserteur-polonais-retrouve-mort-la-bielorussie-annonce\/"},"wordCount":286,"publisher":{"@id":"https:\/\/www.newsendip.com\/fr\/#organization"},"image":{"@id":"https:\/\/www.newsendip.com\/fr\/un-deserteur-polonais-retrouve-mort-la-bielorussie-annonce\/#primaryimage"},"thumbnailUrl":"https:\/\/www.newsendip.com\/wp-content\/uploads\/2022\/03\/emil-czeczko-polish-soldier-defector.webp","keywords":["Bi\u00e9lorussie","Pologne","Vieux"],"articleSection":["Politique"],"inLanguage":"fr-FR","copyrightYear":"2022","copyrightHolder":{"@id":"https:\/\/www.newsendip.com\/#organization"}},{"@type":"WebPage","@id":"https:\/\/www.newsendip.com\/fr\/un-deserteur-polonais-retrouve-mort-la-bielorussie-annonce\/","url":"https:\/\/www.newsendip.com\/fr\/un-deserteur-polonais-retrouve-mort-la-bielorussie-annonce\/","name":"la Bi\u00e9lorussie annonce qu'un d\u00e9serteur polonais a \u00e9t\u00e9 retrouv\u00e9 mort","isPartOf":{"@id":"https:\/\/www.newsendip.com\/fr\/#website"},"primaryImageOfPage":{"@id":"https:\/\/www.newsendip.com\/fr\/un-deserteur-polonais-retrouve-mort-la-bielorussie-annonce\/#primaryimage"},"image":{"@id":"https:\/\/www.newsendip.com\/fr\/un-deserteur-polonais-retrouve-mort-la-bielorussie-annonce\/#primaryimage"},"thumbnailUrl":"https:\/\/www.newsendip.com\/wp-content\/uploads\/2022\/03\/emil-czeczko-polish-soldier-defector.webp","datePublished":"2022-03-17T21:16:31+00:00","dateModified":"2024-07-18T14:01:37+00:00","description":"Les autorit\u00e9s bi\u00e9lorusses ont d\u00e9clar\u00e9 qu'un soldait polonais qui a d\u00e9sert\u00e9 en d\u00e9cembre dernier a \u00e9t\u00e9 retrouv\u00e9 mort \u00e0 Minsk. Elles n'excluent pas l'hypoth\u00e8se d'un acte criminel.","breadcrumb":{"@id":"https:\/\/www.newsendip.com\/fr\/un-deserteur-polonais-retrouve-mort-la-bielorussie-annonce\/#breadcrumb"},"inLanguage":"fr-FR","potentialAction":[{"@type":"ReadAction","target":["https:\/\/www.newsendip.com\/fr\/un-deserteur-polonais-retrouve-mort-la-bielorussie-annonce\/"]}]},{"@type":"ImageObject","inLanguage":"fr-FR","@id":"https:\/\/www.newsendip.com\/fr\/un-deserteur-polonais-retrouve-mort-la-bielorussie-annonce\/#primaryimage","url":"https:\/\/www.newsendip.com\/wp-content\/uploads\/2022\/03\/emil-czeczko-polish-soldier-defector.webp","contentUrl":"https:\/\/www.newsendip.com\/wp-content\/uploads\/2022\/03\/emil-czeczko-polish-soldier-defector.webp","width":1248,"height":780,"caption":"Emil Czeczko, Polish soldier who deserted to Belarus in December 2021 on Belarusian media"},{"@type":"BreadcrumbList","@id":"https:\/\/www.newsendip.com\/fr\/un-deserteur-polonais-retrouve-mort-la-bielorussie-annonce\/#breadcrumb","itemListElement":[{"@type":"ListItem","position":1,"name":"Accueil","item":"https:\/\/www.newsendip.com\/fr\/"},{"@type":"ListItem","position":2,"name":"la Bi\u00e9lorussie annonce qu&#8217;un d\u00e9serteur polonais a \u00e9t\u00e9 retrouv\u00e9 mort"}]},{"@type":"WebSite","@id":"https:\/\/www.newsendip.com\/fr\/#website","url":"https:\/\/www.newsendip.com\/fr\/","name":"Newsendip","description":"Red\u00e9couvrez l&#039;actualit\u00e9 internationale","publisher":{"@id":"https:\/\/www.newsendip.com\/fr\/#organization"},"potentialAction":[{"@type":"SearchAction","target":{"@type":"EntryPoint","urlTemplate":"https:\/\/www.newsendip.com\/fr\/?s={search_term_string}"},"query-input":{"@type":"PropertyValueSpecification","valueRequired":true,"valueName":"search_term_string"}}],"inLanguage":"fr-FR"},{"@type":"Organization","@id":"https:\/\/www.newsendip.com\/fr\/#organization","name":"Newsendip","url":"https:\/\/www.newsendip.com\/fr\/","logo":{"@type":"ImageObject","inLanguage":"fr-FR","@id":"https:\/\/www.newsendip.com\/fr\/#\/schema\/logo\/image\/","url":"https:\/\/www.newsendip.com\/wp-content\/uploads\/2023\/12\/512x512.svg","contentUrl":"https:\/\/www.newsendip.com\/wp-content\/uploads\/2023\/12\/512x512.svg","width":1,"height":1,"caption":"Newsendip"},"image":{"@id":"https:\/\/www.newsendip.com\/fr\/#\/schema\/logo\/image\/"},"sameAs":["https:\/\/www.facebook.com\/newsendip","https:\/\/x.com\/newsendip","https:\/\/mastodon.social\/@newsendip","https:\/\/www.linkedin.com\/company\/newsendip"],"description":"Newsendip est un site qui a pour mission de rendre l'actualit\u00e9 internationale accessible et diversifi\u00e9e","email":"contact@newsendip.com","legalName":"Newsendip SAS","foundingDate":"2022-11-04","vatID":"FR60921124723","numberOfEmployees":{"@type":"QuantitativeValue","minValue":"1","maxValue":"10"},"publishingPrinciples":"https:\/\/www.newsendip.com\/about-us\/","ownershipFundingInfo":"https:\/\/www.newsendip.com\/legal-notice\/","actionableFeedbackPolicy":"https:\/\/www.newsendip.com\/about-us\/","correctionsPolicy":"https:\/\/www.newsendip.com\/about-us\/","ethicsPolicy":"https:\/\/www.newsendip.com\/about-us\/","diversityPolicy":"https:\/\/www.newsendip.com\/about-us\/"},{"@type":"Person","@id":"https:\/\/www.newsendip.com\/fr\/#\/schema\/person\/ea22c01755f464a3cbc2c619584d6363","name":"Cl\u00e9ment V\u00e9rit\u00e9","description":"Cl\u00e9ment is the executive editor and founder of Newsendip. He started in the media industry as a freelance reporter at 16 for a local French newspaper after school and has never left it. He later worked for seven years at The New York Times, notably as a data analyst. He holds a Master of Management in France and a Master of Arts in the United Kingdom in International Marketing &amp; Communications Strategy. He has lived in France, the United Kingdom, and Italy.","sameAs":["https:\/\/www.newsendip.com\/","https:\/\/www.linkedin.com\/in\/clementverite\/","https:\/\/x.com\/https:\/\/twitter.com\/cverite"],"knowsAbout":["News","International","Business","Media monitoring"],"knowsLanguage":["English","French","Italian","Spanish"],"url":"https:\/\/www.newsendip.com\/fr\/author\/clement-verite\/"}]}},"_links":{"self":[{"href":"https:\/\/www.newsendip.com\/fr\/wp-json\/wp\/v2\/posts\/14586","targetHints":{"allow":["GET"]}}],"collection":[{"href":"https:\/\/www.newsendip.com\/fr\/wp-json\/wp\/v2\/posts"}],"about":[{"href":"https:\/\/www.newsendip.com\/fr\/wp-json\/wp\/v2\/types\/post"}],"author":[{"embeddable":true,"href":"https:\/\/www.newsendip.com\/fr\/wp-json\/wp\/v2\/users\/1"}],"replies":[{"embeddable":true,"href":"https:\/\/www.newsendip.com\/fr\/wp-json\/wp\/v2\/comments?post=14586"}],"version-history":[{"count":0,"href":"https:\/\/www.newsendip.com\/fr\/wp-json\/wp\/v2\/posts\/14586\/revisions"}],"wp:featuredmedia":[{"embeddable":true,"href":"https:\/\/www.newsendip.com\/fr\/wp-json\/wp\/v2\/media\/14243"}],"wp:attachment":[{"href":"https:\/\/www.newsendip.com\/fr\/wp-json\/wp\/v2\/media?parent=14586"}],"wp:term":[{"taxonomy":"category","embeddable":true,"href":"https:\/\/www.newsendip.com\/fr\/wp-json\/wp\/v2\/categories?post=14586"},{"taxonomy":"post_tag","embeddable":true,"href":"https:\/\/www.newsendip.com\/fr\/wp-json\/wp\/v2\/tags?post=14586"}],"curies":[{"name":"wp","href":"https:\/\/api.w.org\/{rel}","templated":true}]}}