{"id":14599,"date":"2022-03-15T13:47:03","date_gmt":"2022-03-15T12:47:03","guid":{"rendered":"https:\/\/www.newsendip.com\/lhuile-se-fait-rare-dans-les-rayons-de-commerces-allemands\/"},"modified":"2024-07-16T23:33:25","modified_gmt":"2024-07-16T21:33:25","slug":"lhuile-se-fait-rare-dans-les-rayons-de-commerces-allemands","status":"publish","type":"post","link":"https:\/\/www.newsendip.com\/fr\/lhuile-se-fait-rare-dans-les-rayons-de-commerces-allemands\/","title":{"rendered":"L\u2019huile se fait rare dans les rayons de commerces allemands"},"content":{"rendered":"<p><strong>Les rayons de certains commerces allemands n\u2019ont plus d\u2019huile de cuisine, particuli\u00e8rement l\u2019huile de tournesol, \u00e0 cause de la guerre en Ukraine.<\/strong><\/p>\n<figure id=\"attachment_13204\" aria-describedby=\"caption-attachment-13204\" style=\"width: 1024px\" class=\"wp-caption aligncenter\"><img decoding=\"async\" class=\"wp-image-13204 size-large\" src=\"https:\/\/www.newsendip.com\/wp-content\/uploads\/2022\/03\/sunflower-1024x683.webp\" alt=\"Tournesol\" width=\"1024\" height=\"683\" srcset=\"https:\/\/www.newsendip.com\/wp-content\/uploads\/2022\/03\/sunflower-1024x683.webp 1024w, https:\/\/www.newsendip.com\/wp-content\/uploads\/2022\/03\/sunflower-300x200.webp 300w, https:\/\/www.newsendip.com\/wp-content\/uploads\/2022\/03\/sunflower-768x512.webp 768w, https:\/\/www.newsendip.com\/wp-content\/uploads\/2022\/03\/sunflower-1536x1024.webp 1536w, https:\/\/www.newsendip.com\/wp-content\/uploads\/2022\/03\/sunflower-60x40.webp 60w, https:\/\/www.newsendip.com\/wp-content\/uploads\/2022\/03\/sunflower-720x480.webp 720w, https:\/\/www.newsendip.com\/wp-content\/uploads\/2022\/03\/sunflower.webp 1920w\" sizes=\"(max-width: 1024px) 100vw, 1024px\"><figcaption id=\"caption-attachment-13204\" class=\"wp-caption-text\">\u00a9 Jordan Cormack<\/figcaption><\/figure>\n<p>L\u2019approvisionnement en huile de tournesol est devenue difficile en Allemagne r\u00e9cemment. Dans le m\u00eame temps, il y a eu une augmentation de la demande en huile de cuisine de la part des consommateurs allemands, principalement de l\u2019huile de tournesol mais aussi d\u2019huile de colza et d\u2019huile d\u2019olive.<\/p>\n<p>En cons\u00e9quence, la cha\u00eene de supermarch\u00e9s Aldi a commenc\u00e9 \u00e0 <a href=\"https:\/\/www.focus.de\/finanzen\/news\/nur-noch-2-liter-pro-haushalt-bekommen-keine-lieferungen-mehr-aldi-rationiert-jetzt-das-speiseoel_id_59153347.html\">limiter les ventes d\u2019huile \u00e0 2 litres par foyer<\/a>, selon le site Focus Il y aurait \u00e9galement une p\u00e9nurie d\u2019huile chez Lidl. Et pourtant chez Lidl Portugal, la marque ne reportait aucun souci, consid\u00e9rant m\u00eame que sa demande avait probablement augment\u00e9 du fait de la solidarit\u00e9 des Portugais envers les Ukrainiens plut\u00f4t que de consid\u00e9rer des p\u00e9nuries ou des achats panique.<\/p>\n<p>L\u2019Allemange n\u2019est en effet pas le seul pays \u00e0 avoir des p\u00e9nuries. <a href=\"https:\/\/www.newsendip.com\/fr\/certains-commerces-du-portugal-et-despagne-limitent-la-vente-dhuile\/\">Le Portugal et l\u2019Espagne limitent \u00e9galement les ventes d\u2019huile<\/a> suite \u00e0 l\u2019augmentation de la demande en huile de tournesol.<\/p>\n<p>Les raisons r\u00e9sident surtout par le fait que l\u2019Ukraine et la Russie sont les deux plus gros exportateurs d\u2019huile de tournesol au&nbsp;monde.<!--more--><\/p>\n<p>L\u2019Ukraine a export\u00e9 5,5 million de tonnes d\u2019huile de tournesol en 2019 et 6,9Mt en 2020 selon les estimations de la FAO. Cela correspondait pour elle seule \u00e0 40% et 44% du volume mondial des exportations du produit. Le deuxi\u00e8me plus gros exportateur est la Russie avec plus de 20% des exportations mondiales d\u2019huile de tournesol. Ces deux pays repr\u00e9sentent plus des deux tiers des exportations depuis au moins&nbsp;2015.<\/p>\n<p>Bien que l\u2019Ukraine ait 5 ans de stocks en huile de tournesol selon le Minist\u00e8re de la politique agricole et de l\u2019alimentation, elle a restreint ses exportations soumettant l\u2019exportation \u00e0 la d\u00e9livrance d\u2019une licence. Le pays a par ailleurs interdit l\u2019exportation de boeuf, sucre, sel et bl\u00e9 pour \u00e9viter une \u00ab\u202f<em>crise humanitaire\u202f\u00bb<\/em>. Les relations commerciales sont \u00e9galement tr\u00e8s difficiles avec la Russie suite aux sanctions internationales. Et les ports de la Mer Noire sont ferm\u00e9s.<\/p>\n<p>De plus, la p\u00e9riode des semences en Ukraine g\u00e9n\u00e9ralement commence au printemps et le conflit actuel pourrait impacter la future r\u00e9colte. Le 12 mars, l\u2019Ukraine a interdit l\u2019exportation d\u2019engrais afin d\u2019augmenter sa production autant que faire se&nbsp;peut.<\/p>\n<p>Une mauvaise r\u00e9cole au Canada aussi diminu\u00e9 la production de tournesol l\u2019ann\u00e9e derni\u00e8re. La pand\u00e9mie de Covid-19 a grandement affect\u00e9 les cha\u00eenes d\u2019approvisionnement ces derniers mois.<\/p>\n<p>Et quand les consommateurs anticipent une p\u00e9nurie, ils ont tendance \u00e0 acheter les biens pour les stocker, renfor\u00e7ant ainsi les achat panique et les p\u00e9nuries. Une situation similaire s\u2019est d\u00e9j\u00e0 d\u00e9roul\u00e9e en plein coeur de la pand\u00e9mie quand les acheteurs craignaient, ou ont subi, des situations de p\u00e9nurie.<\/p>\n<p>Avec l\u2019augmentation mondiale des prix des aliments et de l\u2019\u00e9nergie et les inqui\u00e9tudes autour de la s\u00e9curit\u00e9 alimentaire, plusieurs pays restreignent l\u2019exportation de leurs produits. <a href=\"https:\/\/www.newsendip.com\/fr\/argentine-interdit-lexportation-dhuile-et-tourteau-de-soja-jusqua-nouvel-ordre\/\">L\u2019Argentine a interdit l\u2019exportation d\u2019huile de soja<\/a>et l\u2019Indon\u00e9sie a de nouveau limit\u00e9 ses exportations en&nbsp;mars.<\/p>\n<p><a href=\"https:\/\/www.newsendip.com\/fr\/etiquette\/allemagne\/\"><strong>D\u00e9couvrez des actualit\u00e9s sur l\u2019Allemagne<\/strong><\/a><\/p>\n","protected":false},"excerpt":{"rendered":"<p>Les rayons de certains commerces allemands manquent d\u2019huile, notamment d\u2019huile de tournesol, la cons\u00e9quence de la guerre en Ukraine.<\/p>\n","protected":false},"author":1,"featured_media":14215,"comment_status":"closed","ping_status":"closed","sticky":false,"template":"","format":"standard","meta":{"wp_typography_post_enhancements_disabled":false,"footnotes":""},"categories":[414],"tags":[478,421],"class_list":["post-14599","post","type-post","status-publish","format-standard","has-post-thumbnail","hentry","category-economie","tag-allemagne","tag-vieux"],"yoast_head":"<!-- This site is optimized with the Yoast SEO Premium plugin v27.4 (Yoast SEO v27.4) - https:\/\/yoast.com\/product\/yoast-seo-premium-wordpress\/ -->\n<title>L&#039;huile se fait rare dans les rayons de commerces allemands<\/title>\n<meta name=\"description\" content=\"Les rayons de certains commerces allemands manquent d&#039;huile, notamment d&#039;huile de tournesol, la cons\u00e9quence de la guerre en Ukraine.\" \/>\n<meta name=\"robots\" content=\"index, follow, max-snippet:-1, max-image-preview:large, max-video-preview:-1\" \/>\n<link rel=\"canonical\" href=\"https:\/\/www.newsendip.com\/fr\/lhuile-se-fait-rare-dans-les-rayons-de-commerces-allemands\/\" \/>\n<meta property=\"og:locale\" content=\"fr_FR\" \/>\n<meta property=\"og:type\" content=\"article\" \/>\n<meta property=\"og:title\" content=\"L&#039;huile se fait rare dans les rayons de commerces allemands\" \/>\n<meta property=\"og:description\" content=\"Les rayons de certains commerces allemands manquent d&#039;huile, notamment d&#039;huile de tournesol, la cons\u00e9quence de la guerre en Ukraine.\" \/>\n<meta property=\"og:url\" content=\"https:\/\/www.newsendip.com\/fr\/lhuile-se-fait-rare-dans-les-rayons-de-commerces-allemands\/\" \/>\n<meta property=\"og:site_name\" content=\"Newsendip\" \/>\n<meta property=\"article:publisher\" content=\"https:\/\/www.facebook.com\/newsendip\" \/>\n<meta property=\"article:published_time\" content=\"2022-03-15T12:47:03+00:00\" \/>\n<meta property=\"article:modified_time\" content=\"2024-07-16T21:33:25+00:00\" \/>\n<meta property=\"og:image\" content=\"https:\/\/www.newsendip.com\/wp-content\/uploads\/2022\/03\/sunflower-small-progressive.jpeg\" \/>\n<meta name=\"author\" content=\"Cl\u00e9ment V\u00e9rit\u00e9\" \/>\n<meta name=\"twitter:card\" content=\"summary_large_image\" \/>\n<meta name=\"twitter:image\" content=\"https:\/\/www.newsendip.com\/wp-content\/uploads\/2022\/03\/sunflower-small-progressive-150x150.jpeg\" \/>\n<meta name=\"twitter:creator\" content=\"@https:\/\/twitter.com\/cverite\" \/>\n<meta name=\"twitter:site\" content=\"@newsendip\" \/>\n<meta name=\"twitter:label1\" content=\"\u00c9crit par\" \/>\n\t<meta name=\"twitter:data1\" content=\"Cl\u00e9ment V\u00e9rit\u00e9\" \/>\n\t<meta name=\"twitter:label2\" content=\"Dur\u00e9e de lecture estim\u00e9e\" \/>\n\t<meta name=\"twitter:data2\" content=\"3 minutes\" \/>\n<!-- \/ Yoast SEO Premium plugin. -->","yoast_head_json":{"title":"L'huile se fait rare dans les rayons de commerces allemands","description":"Les rayons de certains commerces allemands manquent d'huile, notamment d'huile de tournesol, la cons\u00e9quence de la guerre en Ukraine.","robots":{"index":"index","follow":"follow","max-snippet":"max-snippet:-1","max-image-preview":"max-image-preview:large","max-video-preview":"max-video-preview:-1"},"canonical":"https:\/\/www.newsendip.com\/fr\/lhuile-se-fait-rare-dans-les-rayons-de-commerces-allemands\/","og_locale":"fr_FR","og_type":"article","og_title":"L'huile se fait rare dans les rayons de commerces allemands","og_description":"Les rayons de certains commerces allemands manquent d'huile, notamment d'huile de tournesol, la cons\u00e9quence de la guerre en Ukraine.","og_url":"https:\/\/www.newsendip.com\/fr\/lhuile-se-fait-rare-dans-les-rayons-de-commerces-allemands\/","og_site_name":"Newsendip","article_publisher":"https:\/\/www.facebook.com\/newsendip","article_published_time":"2022-03-15T12:47:03+00:00","article_modified_time":"2024-07-16T21:33:25+00:00","og_image":[{"url":"https:\/\/www.newsendip.com\/wp-content\/uploads\/2022\/03\/sunflower-small-progressive.jpeg","type":"","width":"","height":""}],"author":"Cl\u00e9ment V\u00e9rit\u00e9","twitter_card":"summary_large_image","twitter_image":"https:\/\/www.newsendip.com\/wp-content\/uploads\/2022\/03\/sunflower-small-progressive-150x150.jpeg","twitter_creator":"@https:\/\/twitter.com\/cverite","twitter_site":"@newsendip","twitter_misc":{"\u00c9crit par":"Cl\u00e9ment V\u00e9rit\u00e9","Dur\u00e9e de lecture estim\u00e9e":"3 minutes"},"schema":{"@context":"https:\/\/schema.org","@graph":[{"@type":"NewsArticle","@id":"https:\/\/www.newsendip.com\/fr\/lhuile-se-fait-rare-dans-les-rayons-de-commerces-allemands\/#article","isPartOf":{"@id":"https:\/\/www.newsendip.com\/fr\/lhuile-se-fait-rare-dans-les-rayons-de-commerces-allemands\/"},"author":{"name":"Cl\u00e9ment V\u00e9rit\u00e9","@id":"https:\/\/www.newsendip.com\/fr\/#\/schema\/person\/ea22c01755f464a3cbc2c619584d6363"},"headline":"L\u2019huile se fait rare dans les rayons de commerces allemands","datePublished":"2022-03-15T12:47:03+00:00","dateModified":"2024-07-16T21:33:25+00:00","mainEntityOfPage":{"@id":"https:\/\/www.newsendip.com\/fr\/lhuile-se-fait-rare-dans-les-rayons-de-commerces-allemands\/"},"wordCount":581,"publisher":{"@id":"https:\/\/www.newsendip.com\/fr\/#organization"},"image":{"@id":"https:\/\/www.newsendip.com\/fr\/lhuile-se-fait-rare-dans-les-rayons-de-commerces-allemands\/#primaryimage"},"thumbnailUrl":"https:\/\/www.newsendip.com\/wp-content\/uploads\/2022\/03\/sunflower.webp","keywords":["Allemagne","Vieux"],"articleSection":["\u00c9conomie"],"inLanguage":"fr-FR","copyrightYear":"2022","copyrightHolder":{"@id":"https:\/\/www.newsendip.com\/#organization"}},{"@type":"WebPage","@id":"https:\/\/www.newsendip.com\/fr\/lhuile-se-fait-rare-dans-les-rayons-de-commerces-allemands\/","url":"https:\/\/www.newsendip.com\/fr\/lhuile-se-fait-rare-dans-les-rayons-de-commerces-allemands\/","name":"L'huile se fait rare dans les rayons de commerces allemands","isPartOf":{"@id":"https:\/\/www.newsendip.com\/fr\/#website"},"primaryImageOfPage":{"@id":"https:\/\/www.newsendip.com\/fr\/lhuile-se-fait-rare-dans-les-rayons-de-commerces-allemands\/#primaryimage"},"image":{"@id":"https:\/\/www.newsendip.com\/fr\/lhuile-se-fait-rare-dans-les-rayons-de-commerces-allemands\/#primaryimage"},"thumbnailUrl":"https:\/\/www.newsendip.com\/wp-content\/uploads\/2022\/03\/sunflower.webp","datePublished":"2022-03-15T12:47:03+00:00","dateModified":"2024-07-16T21:33:25+00:00","description":"Les rayons de certains commerces allemands manquent d'huile, notamment d'huile de tournesol, la cons\u00e9quence de la guerre en Ukraine.","breadcrumb":{"@id":"https:\/\/www.newsendip.com\/fr\/lhuile-se-fait-rare-dans-les-rayons-de-commerces-allemands\/#breadcrumb"},"inLanguage":"fr-FR","potentialAction":[{"@type":"ReadAction","target":["https:\/\/www.newsendip.com\/fr\/lhuile-se-fait-rare-dans-les-rayons-de-commerces-allemands\/"]}]},{"@type":"ImageObject","inLanguage":"fr-FR","@id":"https:\/\/www.newsendip.com\/fr\/lhuile-se-fait-rare-dans-les-rayons-de-commerces-allemands\/#primaryimage","url":"https:\/\/www.newsendip.com\/wp-content\/uploads\/2022\/03\/sunflower.webp","contentUrl":"https:\/\/www.newsendip.com\/wp-content\/uploads\/2022\/03\/sunflower.webp","width":1920,"height":1280,"caption":"\u00a9 Jordan Cormack"},{"@type":"BreadcrumbList","@id":"https:\/\/www.newsendip.com\/fr\/lhuile-se-fait-rare-dans-les-rayons-de-commerces-allemands\/#breadcrumb","itemListElement":[{"@type":"ListItem","position":1,"name":"Accueil","item":"https:\/\/www.newsendip.com\/fr\/"},{"@type":"ListItem","position":2,"name":"L&#8217;huile se fait rare dans les rayons de commerces allemands"}]},{"@type":"WebSite","@id":"https:\/\/www.newsendip.com\/fr\/#website","url":"https:\/\/www.newsendip.com\/fr\/","name":"Newsendip","description":"Red\u00e9couvrez l&#039;actualit\u00e9 internationale","publisher":{"@id":"https:\/\/www.newsendip.com\/fr\/#organization"},"potentialAction":[{"@type":"SearchAction","target":{"@type":"EntryPoint","urlTemplate":"https:\/\/www.newsendip.com\/fr\/?s={search_term_string}"},"query-input":{"@type":"PropertyValueSpecification","valueRequired":true,"valueName":"search_term_string"}}],"inLanguage":"fr-FR"},{"@type":"Organization","@id":"https:\/\/www.newsendip.com\/fr\/#organization","name":"Newsendip","url":"https:\/\/www.newsendip.com\/fr\/","logo":{"@type":"ImageObject","inLanguage":"fr-FR","@id":"https:\/\/www.newsendip.com\/fr\/#\/schema\/logo\/image\/","url":"https:\/\/www.newsendip.com\/wp-content\/uploads\/2023\/12\/512x512.svg","contentUrl":"https:\/\/www.newsendip.com\/wp-content\/uploads\/2023\/12\/512x512.svg","width":1,"height":1,"caption":"Newsendip"},"image":{"@id":"https:\/\/www.newsendip.com\/fr\/#\/schema\/logo\/image\/"},"sameAs":["https:\/\/www.facebook.com\/newsendip","https:\/\/x.com\/newsendip","https:\/\/mastodon.social\/@newsendip","https:\/\/www.linkedin.com\/company\/newsendip"],"description":"Newsendip est un site qui a pour mission de rendre l'actualit\u00e9 internationale accessible et diversifi\u00e9e","email":"contact@newsendip.com","legalName":"Newsendip SAS","foundingDate":"2022-11-04","vatID":"FR60921124723","numberOfEmployees":{"@type":"QuantitativeValue","minValue":"1","maxValue":"10"},"publishingPrinciples":"https:\/\/www.newsendip.com\/about-us\/","ownershipFundingInfo":"https:\/\/www.newsendip.com\/legal-notice\/","actionableFeedbackPolicy":"https:\/\/www.newsendip.com\/about-us\/","correctionsPolicy":"https:\/\/www.newsendip.com\/about-us\/","ethicsPolicy":"https:\/\/www.newsendip.com\/about-us\/","diversityPolicy":"https:\/\/www.newsendip.com\/about-us\/"},{"@type":"Person","@id":"https:\/\/www.newsendip.com\/fr\/#\/schema\/person\/ea22c01755f464a3cbc2c619584d6363","name":"Cl\u00e9ment V\u00e9rit\u00e9","description":"Cl\u00e9ment is the executive editor and founder of Newsendip. He started in the media industry as a freelance reporter at 16 for a local French newspaper after school and has never left it. He later worked for seven years at The New York Times, notably as a data analyst. He holds a Master of Management in France and a Master of Arts in the United Kingdom in International Marketing &amp; Communications Strategy. He has lived in France, the United Kingdom, and Italy.","sameAs":["https:\/\/www.newsendip.com\/","https:\/\/www.linkedin.com\/in\/clementverite\/","https:\/\/x.com\/https:\/\/twitter.com\/cverite"],"knowsAbout":["News","International","Business","Media monitoring"],"knowsLanguage":["English","French","Italian","Spanish"],"url":"https:\/\/www.newsendip.com\/fr\/author\/clement-verite\/"}]}},"_links":{"self":[{"href":"https:\/\/www.newsendip.com\/fr\/wp-json\/wp\/v2\/posts\/14599","targetHints":{"allow":["GET"]}}],"collection":[{"href":"https:\/\/www.newsendip.com\/fr\/wp-json\/wp\/v2\/posts"}],"about":[{"href":"https:\/\/www.newsendip.com\/fr\/wp-json\/wp\/v2\/types\/post"}],"author":[{"embeddable":true,"href":"https:\/\/www.newsendip.com\/fr\/wp-json\/wp\/v2\/users\/1"}],"replies":[{"embeddable":true,"href":"https:\/\/www.newsendip.com\/fr\/wp-json\/wp\/v2\/comments?post=14599"}],"version-history":[{"count":0,"href":"https:\/\/www.newsendip.com\/fr\/wp-json\/wp\/v2\/posts\/14599\/revisions"}],"wp:featuredmedia":[{"embeddable":true,"href":"https:\/\/www.newsendip.com\/fr\/wp-json\/wp\/v2\/media\/14215"}],"wp:attachment":[{"href":"https:\/\/www.newsendip.com\/fr\/wp-json\/wp\/v2\/media?parent=14599"}],"wp:term":[{"taxonomy":"category","embeddable":true,"href":"https:\/\/www.newsendip.com\/fr\/wp-json\/wp\/v2\/categories?post=14599"},{"taxonomy":"post_tag","embeddable":true,"href":"https:\/\/www.newsendip.com\/fr\/wp-json\/wp\/v2\/tags?post=14599"}],"curies":[{"name":"wp","href":"https:\/\/api.w.org\/{rel}","templated":true}]}}