{"id":14608,"date":"2022-03-12T17:55:54","date_gmt":"2022-03-12T16:55:54","guid":{"rendered":"https:\/\/www.newsendip.com\/le-gouvernement-espagnol-vote-une-enquete-sur-les-abus-sexuels-au-sein-de-leglise-catholique\/"},"modified":"2024-07-16T23:33:50","modified_gmt":"2024-07-16T21:33:50","slug":"le-gouvernement-espagnol-vote-une-enquete-sur-les-abus-sexuels-au-sein-de-leglise-catholique","status":"publish","type":"post","link":"https:\/\/www.newsendip.com\/fr\/le-gouvernement-espagnol-vote-une-enquete-sur-les-abus-sexuels-au-sein-de-leglise-catholique\/","title":{"rendered":"Le gouvernement espagnol vote une enqu\u00eate sur les abus sexuels au sein de l\u2019\u00c9glise catholique"},"content":{"rendered":"<p><strong>Le gouvernement espagnol a approuv\u00e9 une enqu\u00eate sur les abus sexuels au sein de l\u2019\u00c9glise catholique. Un mois auparavant, l\u2019\u00c9glise annon\u00e7ait qu\u2019elle avait engag\u00e9 un cabinet priv\u00e9 pour effectuer son propre audit.<\/strong><\/p>\n<figure id=\"attachment_12149\" aria-describedby=\"caption-attachment-12149\" style=\"width: 1024px\" class=\"wp-caption aligncenter\"><img decoding=\"async\" class=\"wp-image-12149 size-large\" src=\"https:\/\/www.newsendip.com\/wp-content\/uploads\/2022\/02\/Spain-catholic-church-1024x768.webp\" alt=\"\u00c9glise Saint-J\u00e9r\u00f4me-le-Royal \u00e0 Madrid en Espagne\" width=\"1024\" height=\"768\" srcset=\"https:\/\/www.newsendip.com\/wp-content\/uploads\/2022\/02\/Spain-catholic-church-1024x768.webp 1024w, https:\/\/www.newsendip.com\/wp-content\/uploads\/2022\/02\/Spain-catholic-church-300x225.webp 300w, https:\/\/www.newsendip.com\/wp-content\/uploads\/2022\/02\/Spain-catholic-church-768x576.webp 768w, https:\/\/www.newsendip.com\/wp-content\/uploads\/2022\/02\/Spain-catholic-church-1536x1152.webp 1536w, https:\/\/www.newsendip.com\/wp-content\/uploads\/2022\/02\/Spain-catholic-church-60x45.webp 60w, https:\/\/www.newsendip.com\/wp-content\/uploads\/2022\/02\/Spain-catholic-church.webp 1920w\" sizes=\"(max-width: 1024px) 100vw, 1024px\"><figcaption id=\"caption-attachment-12149\" class=\"wp-caption-text\">\u00c9glise Saint-J\u00e9r\u00f4me-le-Royal \u00e0 Madrid en Espagne | \u00a9 Luiz Felipe S. C.,&nbsp;2021<\/figcaption><\/figure>\n<p>Les parlementaires espagnols ont charg\u00e9 l\u2019ombudsman, le protecteur des droits, du pays de la premi\u00e8re enqu\u00eate officielle sur les abus sexuels perp\u00e9tu\u00e9s au sein de l\u2019\u00c9glise catholique espagnole.<\/p>\n<p>Tous les parlementaires, except\u00e9s les membres d\u2019un parti d\u2019extr\u00eame droite d\u00e9tenant environ 15% des si\u00e8ges de la Chambres de D\u00e9put\u00e9s, a approuv\u00e9 le 10 mars la proposition \u00e9mise par les socialistes et le Parti nationaliste basque.<\/p>\n<p>Le vote marque un moment important alors que l\u2019opinion publique fait pression sur la reconnaissance de l\u2019ordre \u00e9piscopal d\u2019abus sexuel au sein de l\u2019\u00c9glise en Espagne.<\/p>\n<p>La Conf\u00e9rence \u00e9piscopale espagnole a rejet\u00e9 pendant des ann\u00e9es une telle enqu\u00eate. Cependant, elle a annonc\u00e9 le mois dernier qu\u2019un cabinet d\u2019avocats priv\u00e9 <a href=\"https:\/\/www.newsendip.com\/fr\/leglise-catholique-espagnole-annonce-une-enquete-sur-les-abus-sexuels-passes-et-presents\/\">passerait en revue les cas d\u2019abus sexuel pass\u00e9s et pr\u00e9sent au sein de l\u2019\u00c9glise<\/a>. L\u2019enqu\u00eate est destin\u00e9e aux abus du clerg\u00e9, des enseignants et d\u2019autres personnes associ\u00e9es \u00e0 l\u2019\u00c9glise.<\/p>\n<p>Mais certaines victimes restaient sceptiques quant \u00e0 leur v\u00e9ritable intention. Fernando Garc\u00eda Salmones, un porte-parole de l\u2019Association enfance vol\u00e9e qualifiait l\u2019audit d\u2019une \u00ab\u202f<em>manigance pour d\u00e9tourner l\u2019attention\u202f\u00bb<\/em> parce que l\u2019\u00c9glise imposerait ses conditions \u00e0 une entreprise d\u00e9vou\u00e9e \u00e0 l\u2019ordre catholique.<\/p>\n<p>El Pais, le premier quotidien d\u2019Espagne, a rassembl\u00e9 les t\u00e9moignages pour plus de 600 cas d\u2019abus impliquant deux fois plus de victimes, alors que les chiffres sont susceptibles d\u2019\u00eatre bien plus \u00e9lev\u00e9s.<!--more--><\/p>\n<p>Les autorit\u00e9s eccl\u00e9siastiques auraient ni\u00e9 de nombreuses accusations, ignor\u00e9 les victimes ou ralenti les enqu\u00eates, affectant souvent les pr\u00eatres dans de nouvelles paroisses ou dans les mission \u00e0 l\u2019\u00e9tranger o\u00f9 ils pouvait perp\u00e9tuer leurs agissements.<\/p>\n<p>Les partis politiques ont fini par accept\u00e9 de laisser l\u2019enqu\u00eate dans les mains d\u2019Angel Gabilondo, ancien membre d\u2019une fraternit\u00e9 catholique et ancien ministre de l\u2019\u00e9ducation de 2009 \u00e0 2011. Ils ont estim\u00e9 que ce choix garantissait que l\u2019\u00c9glise aurait \u00e0 rendre des comptes.<\/p>\n<p>Dans un tweet, le premier ministre espagnol Pedro S\u00e1nchez \u00e9crit que l\u2019investigation est \u00ab\u202f<em>un premier pas pour essayer de r\u00e9parer la douleur des victimes, qui n\u2019avaient pas \u00e9t\u00e9 entendues jusqu\u2019\u00e0 maintenant\u202f\u00bb<\/em>.<\/p>\n<p>Plus t\u00f4t dans l\u2019ann\u00e9e, le <a href=\"https:\/\/www.newsendip.com\/fr\/une-commission-portugaise-sur-les-abus-sexuels-sur-mineurs-dans-leglise-catholique-recoit-de-nombreux-appels-des-le-premier-jour\/\">Portugal a aussi entam\u00e9 une enqu\u00eate ind\u00e9pendante<\/a>, mais financ\u00e9e par l\u2019\u00c9glise, sur les abus sexuels alors qu\u2019elle avait longtemps refus\u00e9 un audit interne.<\/p>\n<p>Quelques pays \u2013 les \u00c9tats-Unis, l\u2019Australie, l\u2019Irlande, la France, l\u2019Allemagne \u2013 se sont r\u00e9cemment pench\u00e9 sur les abus sexuel au sein de l\u2019\u00c9glise.<\/p>\n<p>Mais peu de gouvernement ont \u00e9t\u00e9 \u00e0 l\u2019initiative d\u2019une enqu\u00eate similaire \u00e0 celle de l\u2019Espagne.<\/p>\n<p>La religion est dissoci\u00e9 de l\u2019\u00c9tat since la Constitution de 1978 qui a fait de l\u2019Espagne une d\u00e9mocratie mais l\u2019\u00c9glise catholique reste fortement ancr\u00e9e dans la culture et les traditions espagnoles.<\/p>\n<p><a href=\"https:\/\/www.newsendip.com\/fr\/etiquette\/espagne\/\"><strong>D\u00e9couvrez des actualit\u00e9s sur l\u2019Espagne<\/strong><\/a><\/p>\n","protected":false},"excerpt":{"rendered":"<p>Le gouvernement espagnol a approuv\u00e9 une enqu\u00eate sur les abus sexuels au sein de l\u2019\u00c9glise catholique. Un mois auparavant, l\u2019\u00c9glise annon\u00e7ait qu\u2019elle avait engag\u00e9 un cabinet priv\u00e9 pour effectuer son propre audit.<\/p>\n","protected":false},"author":1,"featured_media":14108,"comment_status":"closed","ping_status":"closed","sticky":false,"template":"","format":"standard","meta":{"wp_typography_post_enhancements_disabled":false,"footnotes":""},"categories":[409],"tags":[433,421],"class_list":["post-14608","post","type-post","status-publish","format-standard","has-post-thumbnail","hentry","category-societe","tag-espagne","tag-vieux"],"yoast_head":"<!-- This site is optimized with the Yoast SEO Premium plugin v27.4 (Yoast SEO v27.4) - https:\/\/yoast.com\/product\/yoast-seo-premium-wordpress\/ -->\n<title>Le gouvernement espagnol vote une enqu\u00eate sur les abus sexuels au sein de l&#039;\u00c9glise catholique<\/title>\n<meta name=\"description\" content=\"Le gouvernement espagnol a approuv\u00e9 une enqu\u00eate sur les abus sexuels au sein de l&#039;\u00c9glise catholique. Un mois auparavant, l&#039;\u00c9glise annon\u00e7ait qu&#039;elle avait engag\u00e9 un cabinet priv\u00e9 pour effectuer son propre audit.\" \/>\n<meta name=\"robots\" content=\"index, follow, max-snippet:-1, max-image-preview:large, max-video-preview:-1\" \/>\n<link rel=\"canonical\" href=\"https:\/\/www.newsendip.com\/fr\/le-gouvernement-espagnol-vote-une-enquete-sur-les-abus-sexuels-au-sein-de-leglise-catholique\/\" \/>\n<meta property=\"og:locale\" content=\"fr_FR\" \/>\n<meta property=\"og:type\" content=\"article\" \/>\n<meta property=\"og:title\" content=\"Le gouvernement espagnol vote une enqu\u00eate sur les abus sexuels au sein de l&#039;\u00c9glise catholique\" \/>\n<meta property=\"og:description\" content=\"Le gouvernement espagnol a approuv\u00e9 une enqu\u00eate sur les abus sexuels au sein de l&#039;\u00c9glise catholique. Un mois auparavant, l&#039;\u00c9glise annon\u00e7ait qu&#039;elle avait engag\u00e9 un cabinet priv\u00e9 pour effectuer son propre audit.\" \/>\n<meta property=\"og:url\" content=\"https:\/\/www.newsendip.com\/fr\/le-gouvernement-espagnol-vote-une-enquete-sur-les-abus-sexuels-au-sein-de-leglise-catholique\/\" \/>\n<meta property=\"og:site_name\" content=\"Newsendip\" \/>\n<meta property=\"article:publisher\" content=\"https:\/\/www.facebook.com\/newsendip\" \/>\n<meta property=\"article:published_time\" content=\"2022-03-12T16:55:54+00:00\" \/>\n<meta property=\"article:modified_time\" content=\"2024-07-16T21:33:50+00:00\" \/>\n<meta property=\"og:image\" content=\"https:\/\/www.newsendip.com\/wp-content\/uploads\/2022\/02\/Spain-catholic-church.webp\" \/>\n\t<meta property=\"og:image:width\" content=\"1920\" \/>\n\t<meta property=\"og:image:height\" content=\"1440\" \/>\n\t<meta property=\"og:image:type\" content=\"image\/webp\" \/>\n<meta name=\"author\" content=\"Cl\u00e9ment V\u00e9rit\u00e9\" \/>\n<meta name=\"twitter:card\" content=\"summary_large_image\" \/>\n<meta name=\"twitter:creator\" content=\"@https:\/\/twitter.com\/cverite\" \/>\n<meta name=\"twitter:site\" content=\"@newsendip\" \/>\n<meta name=\"twitter:label1\" content=\"\u00c9crit par\" \/>\n\t<meta name=\"twitter:data1\" content=\"Cl\u00e9ment V\u00e9rit\u00e9\" \/>\n\t<meta name=\"twitter:label2\" content=\"Dur\u00e9e de lecture estim\u00e9e\" \/>\n\t<meta name=\"twitter:data2\" content=\"3 minutes\" \/>\n<!-- \/ Yoast SEO Premium plugin. -->","yoast_head_json":{"title":"Le gouvernement espagnol vote une enqu\u00eate sur les abus sexuels au sein de l'\u00c9glise catholique","description":"Le gouvernement espagnol a approuv\u00e9 une enqu\u00eate sur les abus sexuels au sein de l'\u00c9glise catholique. Un mois auparavant, l'\u00c9glise annon\u00e7ait qu'elle avait engag\u00e9 un cabinet priv\u00e9 pour effectuer son propre audit.","robots":{"index":"index","follow":"follow","max-snippet":"max-snippet:-1","max-image-preview":"max-image-preview:large","max-video-preview":"max-video-preview:-1"},"canonical":"https:\/\/www.newsendip.com\/fr\/le-gouvernement-espagnol-vote-une-enquete-sur-les-abus-sexuels-au-sein-de-leglise-catholique\/","og_locale":"fr_FR","og_type":"article","og_title":"Le gouvernement espagnol vote une enqu\u00eate sur les abus sexuels au sein de l'\u00c9glise catholique","og_description":"Le gouvernement espagnol a approuv\u00e9 une enqu\u00eate sur les abus sexuels au sein de l'\u00c9glise catholique. Un mois auparavant, l'\u00c9glise annon\u00e7ait qu'elle avait engag\u00e9 un cabinet priv\u00e9 pour effectuer son propre audit.","og_url":"https:\/\/www.newsendip.com\/fr\/le-gouvernement-espagnol-vote-une-enquete-sur-les-abus-sexuels-au-sein-de-leglise-catholique\/","og_site_name":"Newsendip","article_publisher":"https:\/\/www.facebook.com\/newsendip","article_published_time":"2022-03-12T16:55:54+00:00","article_modified_time":"2024-07-16T21:33:50+00:00","og_image":[{"width":1920,"height":1440,"url":"https:\/\/www.newsendip.com\/wp-content\/uploads\/2022\/02\/Spain-catholic-church.webp","type":"image\/webp"}],"author":"Cl\u00e9ment V\u00e9rit\u00e9","twitter_card":"summary_large_image","twitter_creator":"@https:\/\/twitter.com\/cverite","twitter_site":"@newsendip","twitter_misc":{"\u00c9crit par":"Cl\u00e9ment V\u00e9rit\u00e9","Dur\u00e9e de lecture estim\u00e9e":"3 minutes"},"schema":{"@context":"https:\/\/schema.org","@graph":[{"@type":"NewsArticle","@id":"https:\/\/www.newsendip.com\/fr\/le-gouvernement-espagnol-vote-une-enquete-sur-les-abus-sexuels-au-sein-de-leglise-catholique\/#article","isPartOf":{"@id":"https:\/\/www.newsendip.com\/fr\/le-gouvernement-espagnol-vote-une-enquete-sur-les-abus-sexuels-au-sein-de-leglise-catholique\/"},"author":{"name":"Cl\u00e9ment V\u00e9rit\u00e9","@id":"https:\/\/www.newsendip.com\/fr\/#\/schema\/person\/ea22c01755f464a3cbc2c619584d6363"},"headline":"Le gouvernement espagnol vote une enqu\u00eate sur les abus sexuels au sein de l\u2019\u00c9glise catholique","datePublished":"2022-03-12T16:55:54+00:00","dateModified":"2024-07-16T21:33:50+00:00","mainEntityOfPage":{"@id":"https:\/\/www.newsendip.com\/fr\/le-gouvernement-espagnol-vote-une-enquete-sur-les-abus-sexuels-au-sein-de-leglise-catholique\/"},"wordCount":572,"publisher":{"@id":"https:\/\/www.newsendip.com\/fr\/#organization"},"image":{"@id":"https:\/\/www.newsendip.com\/fr\/le-gouvernement-espagnol-vote-une-enquete-sur-les-abus-sexuels-au-sein-de-leglise-catholique\/#primaryimage"},"thumbnailUrl":"https:\/\/www.newsendip.com\/wp-content\/uploads\/2022\/02\/Spain-catholic-church.webp","keywords":["Espagne","Vieux"],"articleSection":["Soci\u00e9t\u00e9"],"inLanguage":"fr-FR","copyrightYear":"2022","copyrightHolder":{"@id":"https:\/\/www.newsendip.com\/#organization"}},{"@type":"WebPage","@id":"https:\/\/www.newsendip.com\/fr\/le-gouvernement-espagnol-vote-une-enquete-sur-les-abus-sexuels-au-sein-de-leglise-catholique\/","url":"https:\/\/www.newsendip.com\/fr\/le-gouvernement-espagnol-vote-une-enquete-sur-les-abus-sexuels-au-sein-de-leglise-catholique\/","name":"Le gouvernement espagnol vote une enqu\u00eate sur les abus sexuels au sein de l'\u00c9glise catholique","isPartOf":{"@id":"https:\/\/www.newsendip.com\/fr\/#website"},"primaryImageOfPage":{"@id":"https:\/\/www.newsendip.com\/fr\/le-gouvernement-espagnol-vote-une-enquete-sur-les-abus-sexuels-au-sein-de-leglise-catholique\/#primaryimage"},"image":{"@id":"https:\/\/www.newsendip.com\/fr\/le-gouvernement-espagnol-vote-une-enquete-sur-les-abus-sexuels-au-sein-de-leglise-catholique\/#primaryimage"},"thumbnailUrl":"https:\/\/www.newsendip.com\/wp-content\/uploads\/2022\/02\/Spain-catholic-church.webp","datePublished":"2022-03-12T16:55:54+00:00","dateModified":"2024-07-16T21:33:50+00:00","description":"Le gouvernement espagnol a approuv\u00e9 une enqu\u00eate sur les abus sexuels au sein de l'\u00c9glise catholique. Un mois auparavant, l'\u00c9glise annon\u00e7ait qu'elle avait engag\u00e9 un cabinet priv\u00e9 pour effectuer son propre audit.","breadcrumb":{"@id":"https:\/\/www.newsendip.com\/fr\/le-gouvernement-espagnol-vote-une-enquete-sur-les-abus-sexuels-au-sein-de-leglise-catholique\/#breadcrumb"},"inLanguage":"fr-FR","potentialAction":[{"@type":"ReadAction","target":["https:\/\/www.newsendip.com\/fr\/le-gouvernement-espagnol-vote-une-enquete-sur-les-abus-sexuels-au-sein-de-leglise-catholique\/"]}]},{"@type":"ImageObject","inLanguage":"fr-FR","@id":"https:\/\/www.newsendip.com\/fr\/le-gouvernement-espagnol-vote-une-enquete-sur-les-abus-sexuels-au-sein-de-leglise-catholique\/#primaryimage","url":"https:\/\/www.newsendip.com\/wp-content\/uploads\/2022\/02\/Spain-catholic-church.webp","contentUrl":"https:\/\/www.newsendip.com\/wp-content\/uploads\/2022\/02\/Spain-catholic-church.webp","width":1920,"height":1440,"caption":"\u00c9glise Saint-J\u00e9r\u00f4me-le-Royal \u00e0 Madrid | \u00a9 Luiz Felipe S. C., 2021"},{"@type":"BreadcrumbList","@id":"https:\/\/www.newsendip.com\/fr\/le-gouvernement-espagnol-vote-une-enquete-sur-les-abus-sexuels-au-sein-de-leglise-catholique\/#breadcrumb","itemListElement":[{"@type":"ListItem","position":1,"name":"Accueil","item":"https:\/\/www.newsendip.com\/fr\/"},{"@type":"ListItem","position":2,"name":"Le gouvernement espagnol vote une enqu\u00eate sur les abus sexuels au sein de l&#8217;\u00c9glise catholique"}]},{"@type":"WebSite","@id":"https:\/\/www.newsendip.com\/fr\/#website","url":"https:\/\/www.newsendip.com\/fr\/","name":"Newsendip","description":"Red\u00e9couvrez l&#039;actualit\u00e9 internationale","publisher":{"@id":"https:\/\/www.newsendip.com\/fr\/#organization"},"potentialAction":[{"@type":"SearchAction","target":{"@type":"EntryPoint","urlTemplate":"https:\/\/www.newsendip.com\/fr\/?s={search_term_string}"},"query-input":{"@type":"PropertyValueSpecification","valueRequired":true,"valueName":"search_term_string"}}],"inLanguage":"fr-FR"},{"@type":"Organization","@id":"https:\/\/www.newsendip.com\/fr\/#organization","name":"Newsendip","url":"https:\/\/www.newsendip.com\/fr\/","logo":{"@type":"ImageObject","inLanguage":"fr-FR","@id":"https:\/\/www.newsendip.com\/fr\/#\/schema\/logo\/image\/","url":"https:\/\/www.newsendip.com\/wp-content\/uploads\/2023\/12\/512x512.svg","contentUrl":"https:\/\/www.newsendip.com\/wp-content\/uploads\/2023\/12\/512x512.svg","width":1,"height":1,"caption":"Newsendip"},"image":{"@id":"https:\/\/www.newsendip.com\/fr\/#\/schema\/logo\/image\/"},"sameAs":["https:\/\/www.facebook.com\/newsendip","https:\/\/x.com\/newsendip","https:\/\/mastodon.social\/@newsendip","https:\/\/www.linkedin.com\/company\/newsendip"],"description":"Newsendip est un site qui a pour mission de rendre l'actualit\u00e9 internationale accessible et diversifi\u00e9e","email":"contact@newsendip.com","legalName":"Newsendip SAS","foundingDate":"2022-11-04","vatID":"FR60921124723","numberOfEmployees":{"@type":"QuantitativeValue","minValue":"1","maxValue":"10"},"publishingPrinciples":"https:\/\/www.newsendip.com\/about-us\/","ownershipFundingInfo":"https:\/\/www.newsendip.com\/legal-notice\/","actionableFeedbackPolicy":"https:\/\/www.newsendip.com\/about-us\/","correctionsPolicy":"https:\/\/www.newsendip.com\/about-us\/","ethicsPolicy":"https:\/\/www.newsendip.com\/about-us\/","diversityPolicy":"https:\/\/www.newsendip.com\/about-us\/"},{"@type":"Person","@id":"https:\/\/www.newsendip.com\/fr\/#\/schema\/person\/ea22c01755f464a3cbc2c619584d6363","name":"Cl\u00e9ment V\u00e9rit\u00e9","description":"Cl\u00e9ment is the executive editor and founder of Newsendip. He started in the media industry as a freelance reporter at 16 for a local French newspaper after school and has never left it. He later worked for seven years at The New York Times, notably as a data analyst. He holds a Master of Management in France and a Master of Arts in the United Kingdom in International Marketing &amp; Communications Strategy. He has lived in France, the United Kingdom, and Italy.","sameAs":["https:\/\/www.newsendip.com\/","https:\/\/www.linkedin.com\/in\/clementverite\/","https:\/\/x.com\/https:\/\/twitter.com\/cverite"],"knowsAbout":["News","International","Business","Media monitoring"],"knowsLanguage":["English","French","Italian","Spanish"],"url":"https:\/\/www.newsendip.com\/fr\/author\/clement-verite\/"}]}},"_links":{"self":[{"href":"https:\/\/www.newsendip.com\/fr\/wp-json\/wp\/v2\/posts\/14608","targetHints":{"allow":["GET"]}}],"collection":[{"href":"https:\/\/www.newsendip.com\/fr\/wp-json\/wp\/v2\/posts"}],"about":[{"href":"https:\/\/www.newsendip.com\/fr\/wp-json\/wp\/v2\/types\/post"}],"author":[{"embeddable":true,"href":"https:\/\/www.newsendip.com\/fr\/wp-json\/wp\/v2\/users\/1"}],"replies":[{"embeddable":true,"href":"https:\/\/www.newsendip.com\/fr\/wp-json\/wp\/v2\/comments?post=14608"}],"version-history":[{"count":0,"href":"https:\/\/www.newsendip.com\/fr\/wp-json\/wp\/v2\/posts\/14608\/revisions"}],"wp:featuredmedia":[{"embeddable":true,"href":"https:\/\/www.newsendip.com\/fr\/wp-json\/wp\/v2\/media\/14108"}],"wp:attachment":[{"href":"https:\/\/www.newsendip.com\/fr\/wp-json\/wp\/v2\/media?parent=14608"}],"wp:term":[{"taxonomy":"category","embeddable":true,"href":"https:\/\/www.newsendip.com\/fr\/wp-json\/wp\/v2\/categories?post=14608"},{"taxonomy":"post_tag","embeddable":true,"href":"https:\/\/www.newsendip.com\/fr\/wp-json\/wp\/v2\/tags?post=14608"}],"curies":[{"name":"wp","href":"https:\/\/api.w.org\/{rel}","templated":true}]}}