{"id":14651,"date":"2022-03-11T17:33:42","date_gmt":"2022-03-11T16:33:42","guid":{"rendered":"https:\/\/www.newsendip.com\/la-bulgarie-passe-en-revue-ses-abris-anti-bombes\/"},"modified":"2024-07-16T23:34:12","modified_gmt":"2024-07-16T21:34:12","slug":"la-bulgarie-passe-en-revue-ses-abris-anti-bombes","status":"publish","type":"post","link":"https:\/\/www.newsendip.com\/fr\/la-bulgarie-passe-en-revue-ses-abris-anti-bombes\/","title":{"rendered":"La Bulgarie passe en revue ses abris anti-bombes"},"content":{"rendered":"<p><strong>La Bulgarie a pass\u00e9 en revue ses abris anti-bombes et pr\u00e9voit de lancer un r\u00e9pertoire num\u00e9rique recensant les lieux s\u00fbrs pour la population en cas d\u2019urgence. Alors que les abris anti-bombes redeviennent d\u2019actualit\u00e9 avec la guerre en Ukraine, les autorit\u00e9s assurent qu\u2019il ne s\u2019agit que d\u2019une co\u00efncidence car le pays n\u2019est pas menac\u00e9.<\/strong><\/p>\n<figure id=\"attachment_13217\" aria-describedby=\"caption-attachment-13217\" style=\"width: 1024px\" class=\"wp-caption aligncenter\"><img decoding=\"async\" class=\"wp-image-13217 size-large\" src=\"https:\/\/www.newsendip.com\/wp-content\/uploads\/2022\/03\/bomb-shelter-bulgaria-1024x682.webp\" alt=\"Abri anti-bombes en Bulgarie\" width=\"1024\" height=\"682\" srcset=\"https:\/\/www.newsendip.com\/wp-content\/uploads\/2022\/03\/bomb-shelter-bulgaria-1024x682.webp 1024w, https:\/\/www.newsendip.com\/wp-content\/uploads\/2022\/03\/bomb-shelter-bulgaria-300x200.webp 300w, https:\/\/www.newsendip.com\/wp-content\/uploads\/2022\/03\/bomb-shelter-bulgaria-768x512.webp 768w, https:\/\/www.newsendip.com\/wp-content\/uploads\/2022\/03\/bomb-shelter-bulgaria-1536x1024.webp 1536w, https:\/\/www.newsendip.com\/wp-content\/uploads\/2022\/03\/bomb-shelter-bulgaria-60x40.webp 60w, https:\/\/www.newsendip.com\/wp-content\/uploads\/2022\/03\/bomb-shelter-bulgaria-720x480.webp 720w, https:\/\/www.newsendip.com\/wp-content\/uploads\/2022\/03\/bomb-shelter-bulgaria.webp 1628w\" sizes=\"(max-width: 1024px) 100vw, 1024px\"><figcaption id=\"caption-attachment-13217\" class=\"wp-caption-text\">Un abri anti-bombes en Bulgarie, ou \u00e0 quoi il devrait ressembler | Minist\u00e8re de l\u2019Int\u00e9rieur de Bulgarie<\/figcaption><\/figure>\n<p>La Bulgarie compte 734 abris anti-bombes publis ou priv\u00e9s \u00e0 travers le pays selon l\u2019inspection la plus r\u00e9cente officielle selon un communiqu\u00e9 du minist\u00e8re de l\u2019Int\u00e9rieur en date du 11&nbsp;mars.<\/p>\n<p>\u00ab\u202f<em>Bon nombre de ces am\u00e9nagements sont situ\u00e9s sous les \u00e9coles, les cr\u00e8ches, les b\u00e2timents publics\u202f\u00bb<\/em>, Nikolay Nikolov, directeur g\u00e9n\u00e9ral de la protection civile explique aux m\u00e9dias.<\/p>\n<p>Mais seulement 40% d\u2019entre eux (292) sont utilisables. Pour qu\u2019il puisse \u00eatre consid\u00e9r\u00e9 comme ad\u00e9quat, un abri doit poss\u00e9der un syst\u00e8me de ventilation en \u00e9tat de fonctionner, une source d\u2019eau potable et des installations m\u00e9dicales et sanitaires.<\/p>\n<p>Entre 200 000 et 400 000 personne pourrait tenir dans ces 292 sites, soit 3 \u00e0 6% des 6,5 millions de Bulgares. \u00c0 <a href=\"https:\/\/www.newsendip.com\/fr\/polemique-et-interrogations-sur-les-depenses-pour-leclairage-public-a-sofia-la-capitale-bulgare\/\">Sofia<\/a>, le m\u00e9tro pourrait offrir une protection pour 900 000 personnes suppl\u00e9mentaires, en plus des 500 abris recens\u00e9s au sein de la capitale.<\/p>\n<p>La maintenance des abris anti-bombes n\u2019a pas vraiment \u00e9t\u00e9 faite et nombreux sont abandonn\u00e9s ou compl\u00e8tement inutilisables. Cependant, ils ont pu avoir \u00e9t\u00e9 utilis\u00e9 parfois, mais pas pour leur but premier. <a href=\"https:\/\/telegraph.bg\/interesno\/vojnata-v-ukrajna-skrivalishte-1-v-bylgariia-e-pod-mavzoleia.-podgotviat-speshna-proverka-na-bomboubezhishtata-zaradi-invaziiata.-tuneli-svyrzvat-ndk-s-ms-ima-i-pod-mvr-i-ministerstvoto-na-finansite.-v-ruse-sa-prevyrnati-v-narkooranzheriia-v-plovdiv-v-sladkarnica-37710\">Selon le T\u00e9l\u00e9graphe de Bulgarie<\/a>, \u00e0 Ruse (ou Rouss\u00e9), une ville dans le nord situ\u00e9 \u00e0 la fronti\u00e8re de la Roumanie d\u2019environ 150 000 personnes, un abri anti-bombes <a href=\"https:\/\/www.newsendip.com\/fr\/le-costa-rica-legalise-le-cannabis-therapeutique\/\">servait \u00e0 faire pousser du cannabis<\/a> entre mars et juin 2021 jusqu\u2019\u00e0 ce que la police d\u00e9truise la production. Un autre servait de discoth\u00e8que dans les ann\u00e9es 90 dans la petite ville de Veliko Tarnovo.<\/p>\n<h2>Nettoyez les acc\u00e8s des&nbsp;abris<\/h2>\n<p>L\u2019inspection des installations souterraines effectu\u00e9e en 2018 montrait d\u00e9j\u00e0 que les abris \u00e9taient en piteux \u00e9tats. Mais la guerre en Ukraine les a remis au centre de l\u2019attention. Certains abris anti bombardement offrent \u00e9galement une protection contre la radioactivit\u00e9. Les fronti\u00e8res de la Bulgarie sont \u00e0 700\u202fkm de Zaporijia et de la plus grande centrale nucl\u00e9aire d\u2019Europe qui fut momentan\u00e9ment en proie \u00e0 un incendie la semaine derni\u00e8re.<!--more--><\/p>\n<p>Les autorit\u00e9s ont annonc\u00e9 d\u00e9but mars qu\u2019un registre num\u00e9rique des abris anti-bombes serait bient\u00f4t disponible et mis \u00e0 jour tous les quinze jours pour que la population puisse trouver refuge en lieu s\u00fbr en cas de danger. La protection civile de Bulgarie a \u00e9galement publi\u00e9 une premi\u00e8re liste le 10&nbsp;mars.<\/p>\n<p>Mais elle rejette tout lien avec la r\u00e9cente invasion de l\u2019Ukraine. Nikolov affirme que les abris anti-bombes sont inspect\u00e9s deux fois dans l\u2019ann\u00e9e et que les inspections de cette ann\u00e9e ne sont qu\u2019une co\u00efncidence avec la situation en Ukraine.<\/p>\n<p>Une nouvelle application mobile pour signaler les situations dangereuses comme les inondations ou les accidents de la circulations devrait \u00e9galement \u00catre d\u00e9velopp\u00e9e.<\/p>\n<p>Nikolov assure qu\u2019il n\u2019y a pas de menace ou de danger sur le&nbsp;pays.<\/p>\n<p>En ce qui concerne les abris anti-bombes, l\u2019id\u00e9e n\u2019a jamais \u00e9t\u00e9 de cacher les 8 millions de personnes dans de tels lieux \u00e0 long terme le commissaire en chef a\u2011t-il expliqu\u00e9. La priorit\u00e9 serait d\u2019offrir un abri temporaire et d\u2019emmener la population dans des lieux plus s\u00fbrs apr\u00e8s. \u00ab\u202f<em>La premi\u00e8re action est d\u2019\u00e9vacuer, et ensuite de prot\u00e9ger la population qui reste pour prot\u00e9ger la ville et la maintenir en&nbsp;vie.\u202f\u00bb<\/em><\/p>\n<p>Il met en avant que le plus gros d\u00e9fi ne serait pas de cacher les personnes mais plut\u00f4t de leur apporter de la nourriture.<\/p>\n<p>Par ailleurs, tous les b\u00e2timents construits apr\u00e8s les ann\u00e9es 60 devraient avoir un refuge temporaire.<\/p>\n<p>N\u00e9anmoins, Nikolov a tout de m\u00eame saisi l\u2019opportunit\u00e9 pour presser la population de nettoyer et s\u00e9curiser l\u2019acc\u00e8s aux sous-sols de ces b\u00e2timents au cas o\u00f9 il faudrait les utiliser comme&nbsp;abri.<\/p>\n<p><a href=\"https:\/\/www.newsendip.com\/fr\/etiquette\/bulgarie\/\"><strong>D\u00e9couvrez des actualit\u00e9s sur la Bulgarie<\/strong><\/a><\/p>\n","protected":false},"excerpt":{"rendered":"<p>La Bulgarie a pass\u00e9 en revue ses abris anti-bombes et pr\u00e9voit un r\u00e9pertoire num\u00e9rique des lieux s\u00fbrs o\u00f9 la population pourrait se prot\u00e9ger en cas d\u2019urgence. Mais les autorit\u00e9s affirment qu\u2019il ne s\u2019agit que d\u2019une simple co\u00efncidence avec la guerre en Ukraine.<\/p>\n","protected":false},"author":1,"featured_media":14217,"comment_status":"closed","ping_status":"closed","sticky":false,"template":"","format":"standard","meta":{"wp_typography_post_enhancements_disabled":false,"footnotes":""},"categories":[416],"tags":[467,421],"class_list":["post-14651","post","type-post","status-publish","format-standard","has-post-thumbnail","hentry","category-politique","tag-bulgarie","tag-vieux"],"yoast_head":"<!-- This site is optimized with the Yoast SEO Premium plugin v27.4 (Yoast SEO v27.4) - https:\/\/yoast.com\/product\/yoast-seo-premium-wordpress\/ -->\n<title>La Bulgarie passe en revue ses abris anti-bombes<\/title>\n<meta name=\"description\" content=\"La Bulgarie a pass\u00e9 en revue ses abris anti-bombes et pr\u00e9voit un r\u00e9pertoire num\u00e9rique des lieux s\u00fbrs o\u00f9 la population pourrait se prot\u00e9ger en cas d&#039;urgence. Mais les autorit\u00e9s affirment qu&#039;il ne s&#039;agit que d&#039;une simple co\u00efncidence avec la guerre en Ukraine.\" \/>\n<meta name=\"robots\" content=\"index, follow, max-snippet:-1, max-image-preview:large, max-video-preview:-1\" \/>\n<link rel=\"canonical\" href=\"https:\/\/www.newsendip.com\/fr\/la-bulgarie-passe-en-revue-ses-abris-anti-bombes\/\" \/>\n<meta property=\"og:locale\" content=\"fr_FR\" \/>\n<meta property=\"og:type\" content=\"article\" \/>\n<meta property=\"og:title\" content=\"La Bulgarie passe en revue ses abris anti-bombes\" \/>\n<meta property=\"og:description\" content=\"La Bulgarie a pass\u00e9 en revue ses abris anti-bombes et pr\u00e9voit un r\u00e9pertoire num\u00e9rique des lieux s\u00fbrs o\u00f9 la population pourrait se prot\u00e9ger en cas d&#039;urgence. Mais les autorit\u00e9s affirment qu&#039;il ne s&#039;agit que d&#039;une simple co\u00efncidence avec la guerre en Ukraine.\" \/>\n<meta property=\"og:url\" content=\"https:\/\/www.newsendip.com\/fr\/la-bulgarie-passe-en-revue-ses-abris-anti-bombes\/\" \/>\n<meta property=\"og:site_name\" content=\"Newsendip\" \/>\n<meta property=\"article:publisher\" content=\"https:\/\/www.facebook.com\/newsendip\" \/>\n<meta property=\"article:published_time\" content=\"2022-03-11T16:33:42+00:00\" \/>\n<meta property=\"article:modified_time\" content=\"2024-07-16T21:34:12+00:00\" \/>\n<meta property=\"og:image\" content=\"https:\/\/www.newsendip.com\/wp-content\/uploads\/2022\/03\/bomb-shelter-bulgaria-small-progressive.jpeg\" \/>\n<meta name=\"author\" content=\"Cl\u00e9ment V\u00e9rit\u00e9\" \/>\n<meta name=\"twitter:card\" content=\"summary_large_image\" \/>\n<meta name=\"twitter:image\" content=\"https:\/\/www.newsendip.com\/wp-content\/uploads\/2022\/03\/bomb-shelter-bulgaria-small-progressive-150x150.jpeg\" \/>\n<meta name=\"twitter:creator\" content=\"@https:\/\/twitter.com\/cverite\" \/>\n<meta name=\"twitter:site\" content=\"@newsendip\" \/>\n<meta name=\"twitter:label1\" content=\"\u00c9crit par\" \/>\n\t<meta name=\"twitter:data1\" content=\"Cl\u00e9ment V\u00e9rit\u00e9\" \/>\n\t<meta name=\"twitter:label2\" content=\"Dur\u00e9e de lecture estim\u00e9e\" \/>\n\t<meta name=\"twitter:data2\" content=\"4 minutes\" \/>\n<!-- \/ Yoast SEO Premium plugin. -->","yoast_head_json":{"title":"La Bulgarie passe en revue ses abris anti-bombes","description":"La Bulgarie a pass\u00e9 en revue ses abris anti-bombes et pr\u00e9voit un r\u00e9pertoire num\u00e9rique des lieux s\u00fbrs o\u00f9 la population pourrait se prot\u00e9ger en cas d'urgence. Mais les autorit\u00e9s affirment qu'il ne s'agit que d'une simple co\u00efncidence avec la guerre en Ukraine.","robots":{"index":"index","follow":"follow","max-snippet":"max-snippet:-1","max-image-preview":"max-image-preview:large","max-video-preview":"max-video-preview:-1"},"canonical":"https:\/\/www.newsendip.com\/fr\/la-bulgarie-passe-en-revue-ses-abris-anti-bombes\/","og_locale":"fr_FR","og_type":"article","og_title":"La Bulgarie passe en revue ses abris anti-bombes","og_description":"La Bulgarie a pass\u00e9 en revue ses abris anti-bombes et pr\u00e9voit un r\u00e9pertoire num\u00e9rique des lieux s\u00fbrs o\u00f9 la population pourrait se prot\u00e9ger en cas d'urgence. Mais les autorit\u00e9s affirment qu'il ne s'agit que d'une simple co\u00efncidence avec la guerre en Ukraine.","og_url":"https:\/\/www.newsendip.com\/fr\/la-bulgarie-passe-en-revue-ses-abris-anti-bombes\/","og_site_name":"Newsendip","article_publisher":"https:\/\/www.facebook.com\/newsendip","article_published_time":"2022-03-11T16:33:42+00:00","article_modified_time":"2024-07-16T21:34:12+00:00","og_image":[{"url":"https:\/\/www.newsendip.com\/wp-content\/uploads\/2022\/03\/bomb-shelter-bulgaria-small-progressive.jpeg","type":"","width":"","height":""}],"author":"Cl\u00e9ment V\u00e9rit\u00e9","twitter_card":"summary_large_image","twitter_image":"https:\/\/www.newsendip.com\/wp-content\/uploads\/2022\/03\/bomb-shelter-bulgaria-small-progressive-150x150.jpeg","twitter_creator":"@https:\/\/twitter.com\/cverite","twitter_site":"@newsendip","twitter_misc":{"\u00c9crit par":"Cl\u00e9ment V\u00e9rit\u00e9","Dur\u00e9e de lecture estim\u00e9e":"4 minutes"},"schema":{"@context":"https:\/\/schema.org","@graph":[{"@type":"NewsArticle","@id":"https:\/\/www.newsendip.com\/fr\/la-bulgarie-passe-en-revue-ses-abris-anti-bombes\/#article","isPartOf":{"@id":"https:\/\/www.newsendip.com\/fr\/la-bulgarie-passe-en-revue-ses-abris-anti-bombes\/"},"author":{"name":"Cl\u00e9ment V\u00e9rit\u00e9","@id":"https:\/\/www.newsendip.com\/fr\/#\/schema\/person\/ea22c01755f464a3cbc2c619584d6363"},"headline":"La Bulgarie passe en revue ses abris anti-bombes","datePublished":"2022-03-11T16:33:42+00:00","dateModified":"2024-07-16T21:34:12+00:00","mainEntityOfPage":{"@id":"https:\/\/www.newsendip.com\/fr\/la-bulgarie-passe-en-revue-ses-abris-anti-bombes\/"},"wordCount":732,"publisher":{"@id":"https:\/\/www.newsendip.com\/fr\/#organization"},"image":{"@id":"https:\/\/www.newsendip.com\/fr\/la-bulgarie-passe-en-revue-ses-abris-anti-bombes\/#primaryimage"},"thumbnailUrl":"https:\/\/www.newsendip.com\/wp-content\/uploads\/2022\/03\/bomb-shelter-bulgaria.webp","keywords":["Bulgarie","Vieux"],"articleSection":["Politique"],"inLanguage":"fr-FR","copyrightYear":"2022","copyrightHolder":{"@id":"https:\/\/www.newsendip.com\/#organization"}},{"@type":"WebPage","@id":"https:\/\/www.newsendip.com\/fr\/la-bulgarie-passe-en-revue-ses-abris-anti-bombes\/","url":"https:\/\/www.newsendip.com\/fr\/la-bulgarie-passe-en-revue-ses-abris-anti-bombes\/","name":"La Bulgarie passe en revue ses abris anti-bombes","isPartOf":{"@id":"https:\/\/www.newsendip.com\/fr\/#website"},"primaryImageOfPage":{"@id":"https:\/\/www.newsendip.com\/fr\/la-bulgarie-passe-en-revue-ses-abris-anti-bombes\/#primaryimage"},"image":{"@id":"https:\/\/www.newsendip.com\/fr\/la-bulgarie-passe-en-revue-ses-abris-anti-bombes\/#primaryimage"},"thumbnailUrl":"https:\/\/www.newsendip.com\/wp-content\/uploads\/2022\/03\/bomb-shelter-bulgaria.webp","datePublished":"2022-03-11T16:33:42+00:00","dateModified":"2024-07-16T21:34:12+00:00","description":"La Bulgarie a pass\u00e9 en revue ses abris anti-bombes et pr\u00e9voit un r\u00e9pertoire num\u00e9rique des lieux s\u00fbrs o\u00f9 la population pourrait se prot\u00e9ger en cas d'urgence. Mais les autorit\u00e9s affirment qu'il ne s'agit que d'une simple co\u00efncidence avec la guerre en Ukraine.","breadcrumb":{"@id":"https:\/\/www.newsendip.com\/fr\/la-bulgarie-passe-en-revue-ses-abris-anti-bombes\/#breadcrumb"},"inLanguage":"fr-FR","potentialAction":[{"@type":"ReadAction","target":["https:\/\/www.newsendip.com\/fr\/la-bulgarie-passe-en-revue-ses-abris-anti-bombes\/"]}]},{"@type":"ImageObject","inLanguage":"fr-FR","@id":"https:\/\/www.newsendip.com\/fr\/la-bulgarie-passe-en-revue-ses-abris-anti-bombes\/#primaryimage","url":"https:\/\/www.newsendip.com\/wp-content\/uploads\/2022\/03\/bomb-shelter-bulgaria.webp","contentUrl":"https:\/\/www.newsendip.com\/wp-content\/uploads\/2022\/03\/bomb-shelter-bulgaria.webp","width":1628,"height":1085,"caption":"A bomb shelter in Bulgaria, or how it should look like | Bulgarian Ministry of Interior"},{"@type":"BreadcrumbList","@id":"https:\/\/www.newsendip.com\/fr\/la-bulgarie-passe-en-revue-ses-abris-anti-bombes\/#breadcrumb","itemListElement":[{"@type":"ListItem","position":1,"name":"Accueil","item":"https:\/\/www.newsendip.com\/fr\/"},{"@type":"ListItem","position":2,"name":"La Bulgarie passe en revue ses abris anti-bombes"}]},{"@type":"WebSite","@id":"https:\/\/www.newsendip.com\/fr\/#website","url":"https:\/\/www.newsendip.com\/fr\/","name":"Newsendip","description":"Red\u00e9couvrez l&#039;actualit\u00e9 internationale","publisher":{"@id":"https:\/\/www.newsendip.com\/fr\/#organization"},"potentialAction":[{"@type":"SearchAction","target":{"@type":"EntryPoint","urlTemplate":"https:\/\/www.newsendip.com\/fr\/?s={search_term_string}"},"query-input":{"@type":"PropertyValueSpecification","valueRequired":true,"valueName":"search_term_string"}}],"inLanguage":"fr-FR"},{"@type":"Organization","@id":"https:\/\/www.newsendip.com\/fr\/#organization","name":"Newsendip","url":"https:\/\/www.newsendip.com\/fr\/","logo":{"@type":"ImageObject","inLanguage":"fr-FR","@id":"https:\/\/www.newsendip.com\/fr\/#\/schema\/logo\/image\/","url":"https:\/\/www.newsendip.com\/wp-content\/uploads\/2023\/12\/512x512.svg","contentUrl":"https:\/\/www.newsendip.com\/wp-content\/uploads\/2023\/12\/512x512.svg","width":1,"height":1,"caption":"Newsendip"},"image":{"@id":"https:\/\/www.newsendip.com\/fr\/#\/schema\/logo\/image\/"},"sameAs":["https:\/\/www.facebook.com\/newsendip","https:\/\/x.com\/newsendip","https:\/\/mastodon.social\/@newsendip","https:\/\/www.linkedin.com\/company\/newsendip"],"description":"Newsendip est un site qui a pour mission de rendre l'actualit\u00e9 internationale accessible et diversifi\u00e9e","email":"contact@newsendip.com","legalName":"Newsendip SAS","foundingDate":"2022-11-04","vatID":"FR60921124723","numberOfEmployees":{"@type":"QuantitativeValue","minValue":"1","maxValue":"10"},"publishingPrinciples":"https:\/\/www.newsendip.com\/about-us\/","ownershipFundingInfo":"https:\/\/www.newsendip.com\/legal-notice\/","actionableFeedbackPolicy":"https:\/\/www.newsendip.com\/about-us\/","correctionsPolicy":"https:\/\/www.newsendip.com\/about-us\/","ethicsPolicy":"https:\/\/www.newsendip.com\/about-us\/","diversityPolicy":"https:\/\/www.newsendip.com\/about-us\/"},{"@type":"Person","@id":"https:\/\/www.newsendip.com\/fr\/#\/schema\/person\/ea22c01755f464a3cbc2c619584d6363","name":"Cl\u00e9ment V\u00e9rit\u00e9","description":"Cl\u00e9ment is the executive editor and founder of Newsendip. He started in the media industry as a freelance reporter at 16 for a local French newspaper after school and has never left it. He later worked for seven years at The New York Times, notably as a data analyst. He holds a Master of Management in France and a Master of Arts in the United Kingdom in International Marketing &amp; Communications Strategy. He has lived in France, the United Kingdom, and Italy.","sameAs":["https:\/\/www.newsendip.com\/","https:\/\/www.linkedin.com\/in\/clementverite\/","https:\/\/x.com\/https:\/\/twitter.com\/cverite"],"knowsAbout":["News","International","Business","Media monitoring"],"knowsLanguage":["English","French","Italian","Spanish"],"url":"https:\/\/www.newsendip.com\/fr\/author\/clement-verite\/"}]}},"_links":{"self":[{"href":"https:\/\/www.newsendip.com\/fr\/wp-json\/wp\/v2\/posts\/14651","targetHints":{"allow":["GET"]}}],"collection":[{"href":"https:\/\/www.newsendip.com\/fr\/wp-json\/wp\/v2\/posts"}],"about":[{"href":"https:\/\/www.newsendip.com\/fr\/wp-json\/wp\/v2\/types\/post"}],"author":[{"embeddable":true,"href":"https:\/\/www.newsendip.com\/fr\/wp-json\/wp\/v2\/users\/1"}],"replies":[{"embeddable":true,"href":"https:\/\/www.newsendip.com\/fr\/wp-json\/wp\/v2\/comments?post=14651"}],"version-history":[{"count":0,"href":"https:\/\/www.newsendip.com\/fr\/wp-json\/wp\/v2\/posts\/14651\/revisions"}],"wp:featuredmedia":[{"embeddable":true,"href":"https:\/\/www.newsendip.com\/fr\/wp-json\/wp\/v2\/media\/14217"}],"wp:attachment":[{"href":"https:\/\/www.newsendip.com\/fr\/wp-json\/wp\/v2\/media?parent=14651"}],"wp:term":[{"taxonomy":"category","embeddable":true,"href":"https:\/\/www.newsendip.com\/fr\/wp-json\/wp\/v2\/categories?post=14651"},{"taxonomy":"post_tag","embeddable":true,"href":"https:\/\/www.newsendip.com\/fr\/wp-json\/wp\/v2\/tags?post=14651"}],"curies":[{"name":"wp","href":"https:\/\/api.w.org\/{rel}","templated":true}]}}