{"id":14653,"date":"2022-03-11T14:35:09","date_gmt":"2022-03-11T13:35:09","guid":{"rendered":"https:\/\/www.newsendip.com\/certains-commerces-du-portugal-et-despagne-limitent-la-vente-dhuile\/"},"modified":"2024-07-16T23:34:22","modified_gmt":"2024-07-16T21:34:22","slug":"certains-commerces-du-portugal-et-despagne-limitent-la-vente-dhuile","status":"publish","type":"post","link":"https:\/\/www.newsendip.com\/fr\/certains-commerces-du-portugal-et-despagne-limitent-la-vente-dhuile\/","title":{"rendered":"Certains commerces du Portugal et d\u2019Espagne limitent la vente d\u2019huile"},"content":{"rendered":"<p><strong>Certains supermarch\u00e9s du Portugal et d\u2019Espagne limitent la vente d\u2019huile de cuisine \u00e0 cause d\u2019une augmentation de la demande en huile de tournesol venant d\u2019Ukraine.<\/strong><\/p>\n<figure id=\"attachment_13204\" aria-describedby=\"caption-attachment-13204\" style=\"width: 1024px\" class=\"wp-caption aligncenter\"><img decoding=\"async\" class=\"wp-image-14215 size-large\" src=\"https:\/\/www.newsendip.com\/wp-content\/uploads\/2022\/03\/sunflower-1024x683.webp\" alt=\"Tournesol\" width=\"1024\" height=\"683\" srcset=\"https:\/\/www.newsendip.com\/wp-content\/uploads\/2022\/03\/sunflower-1024x683.webp 1024w, https:\/\/www.newsendip.com\/wp-content\/uploads\/2022\/03\/sunflower-60x40.webp 60w, https:\/\/www.newsendip.com\/wp-content\/uploads\/2022\/03\/sunflower-720x480.webp 720w, https:\/\/www.newsendip.com\/wp-content\/uploads\/2022\/03\/sunflower-300x200.webp 300w, https:\/\/www.newsendip.com\/wp-content\/uploads\/2022\/03\/sunflower-768x512.webp 768w, https:\/\/www.newsendip.com\/wp-content\/uploads\/2022\/03\/sunflower-1536x1024.webp 1536w, https:\/\/www.newsendip.com\/wp-content\/uploads\/2022\/03\/sunflower.webp 1920w\" sizes=\"(max-width: 1024px) 100vw, 1024px\"><figcaption id=\"caption-attachment-13204\" class=\"wp-caption-text\">\u00a9 Jordan Cormack<\/figcaption><\/figure>\n<p>Au moins deux chaines de supermarch\u00e9s portugais ont \u00e9mis des consignes pour rationner la vente d\u2019huile de cuisine, selon le <a href=\"https:\/\/www.jn.pt\/nacional\/grandes-superficies-ja-racionam-venda-de-oleo-de-girassol-14669448.html\"> Jornal de Not\u00edcias<\/a>.<\/p>\n<p>L\u2019achat d\u2019huile est limit\u00e9 \u00e0 3 bouteilles par client <a href=\"https:\/\/observador.pt\/2022\/03\/11\/supermercados-ja-estao-a-limitar-venda-de-oleo-de-girassol-produto-importado-da-ucrania\/\">comme vu dans l\u2019un des 328 supermarch\u00e9s Continente<\/a> install\u00e9s \u00e0 travers le Portugal.\u00ab\u202f<em>Du fait de la forte augmentation de la demande pour l\u2019huile de cuisine, nous vous informons que la vente de ce produit est limit\u00e9e \u00e0 trois unit\u00e9s par client. Achetez seulement ce dont vous avez besoin\u202f\u00bb,<\/em> peut-on lire sur la note aux clients.<\/p>\n<p>Sur le site de courses en ligne de Continente, acheter de l\u2019huile est actuellement limit\u00e9 \u00ab\u202f<em>du \u00e0 une forte demande\u202f\u00bb<\/em>.<\/p>\n<p>Mercadona, une chaine espagnole qui poss\u00e8de 29 magasins au Portugal, limiterait \u00e9galement les quantit\u00e9s d\u2019huile qui peuvent \u00eatre achet\u00e9es.<\/p>\n<p>Ces restrictions sont vraisemblablement dues aux cons\u00e9quences de l\u2019invasion russe en Ukraine. L\u2019Ukraine est en effet le plus grand producteur d\u2019huile de tournesol au monde. Les semences pour le tournesol se d\u00e9roulent autour de mars, et le conflit pourrait perturber la production de cette&nbsp;ann\u00e9e.<!--more--><\/p>\n<p>Cette semaine, l\u2019Ukraine a restreint l\u2019exportation d\u2019huile de tournesol avec la n\u00e9cessit\u00e9 de poss\u00e9der une license, et a banni l\u2019exportation d\u2019autres produits comme le bl\u00e9, le b\u0153uf, le sucre et le sel pour emp\u00eacher une \u00ab\u202f<em>crise humanitaire en Ukraine\u202f\u00bb<\/em> le ministre ukrainien de la politique agricole et alimentaire Roman Leshchenko \u00e9crit sur son compte Facebook.<\/p>\n<p>Ant\u00f3nio Costa, le premier ministre portugais, a pr\u00e9venu jeudi qu\u2019il y aurait une augmentation des prix sur certains biens mais a aussi assur\u00e9 \u00ab\u202f<em>qu\u2019il n\u2019y aura aucune p\u00e9nurie pour les biens essentiels\u202f\u00bb<\/em>.<\/p>\n<p>Bien que Lidl Portugal ait not\u00e9 une augmentation de la demande pour les biens non p\u00e9rissables, la direction a toutefois cr\u00e9dit\u00e9 le comportement d\u2019achats actuelle comme \u00e9tant une \u00ab\u202f<em>solidarit\u00e9 portugaise envers l\u2019Ukraine\u202f\u00bb<\/em> plut\u00f4t que des <a href=\"https:\/\/www.newsendip.com\/fr\/forte-demande-dune-marque-de-lait-nestle-pour-lutter-contre-le-covid-19-en-indonesie\/\">achats panique<\/a>. L\u2019approvisionnement des rayons n\u2019a pas \u00e9t\u00e9 affect\u00e9e dans le magasins Lidl selon la direction.<\/p>\n<p>Mais la situation ne touche pas uniquement le Portugal. ASEDAS, l\u2019Association espagnole des distributeurs et des supermarch\u00e9s, et publi\u00e9 une note d\u2019information le 4 mars au sujet de l\u2019huile de tournesol. Certaines entreprises ont limit\u00e9 la vente d\u2019huile de tournesol \u00e0 cause d\u201d\u202f<em>\u00ab\u202fun comportement inhabituel des acheteurs ces r\u00e9centes heures\u202f\u00bb<\/em>.<\/p>\n<p>Cela touchait plus particuli\u00e8rement les produits li\u00e9s \u00e0 l\u2019huile de tournesol en provenance d\u2019Ukraine. ASEDAS note pourtant que l\u2019Espagne est en fait l\u2019un des plus gros producteurs d\u2019huile de cuisine au monde pour plusieurs types d\u2019huile v\u00e9g\u00e9tale.<\/p>\n<p><a href=\"https:\/\/www.newsendip.com\/fr\/etiquette\/portugal\/\"><strong>D\u00e9couvrez des actualit\u00e9s sur le Portugal<\/strong><\/a><\/p>\n","protected":false},"excerpt":{"rendered":"<p>Certains magasins du Portugal et d\u2019Espagne limitent la vente d\u2019huile \u00e0 cause d\u2019une augmentation de la demande d\u2019huile de tournesol en provenance d\u2019Ukraine.<\/p>\n","protected":false},"author":1,"featured_media":14215,"comment_status":"closed","ping_status":"closed","sticky":false,"template":"","format":"standard","meta":{"wp_typography_post_enhancements_disabled":false,"footnotes":""},"categories":[414],"tags":[433,453,421],"class_list":["post-14653","post","type-post","status-publish","format-standard","has-post-thumbnail","hentry","category-economie","tag-espagne","tag-portugal","tag-vieux"],"yoast_head":"<!-- This site is optimized with the Yoast SEO Premium plugin v27.4 (Yoast SEO v27.4) - https:\/\/yoast.com\/product\/yoast-seo-premium-wordpress\/ -->\n<title>Certains commerces du Portugal et d&#039;Espagne limitent la vente d&#039;huile<\/title>\n<meta name=\"description\" content=\"Certains magasins du Portugal et d&#039;Espagne limitent la vente d&#039;huile \u00e0 cause d&#039;une augmentation de la demande d&#039;huile de tournesol en provenance d&#039;Ukraine.\" \/>\n<meta name=\"robots\" content=\"index, follow, max-snippet:-1, max-image-preview:large, max-video-preview:-1\" \/>\n<link rel=\"canonical\" href=\"https:\/\/www.newsendip.com\/fr\/certains-commerces-du-portugal-et-despagne-limitent-la-vente-dhuile\/\" \/>\n<meta property=\"og:locale\" content=\"fr_FR\" \/>\n<meta property=\"og:type\" content=\"article\" \/>\n<meta property=\"og:title\" content=\"Certains commerces du Portugal et d&#039;Espagne limitent la vente d&#039;huile\" \/>\n<meta property=\"og:description\" content=\"Certains magasins du Portugal et d&#039;Espagne limitent la vente d&#039;huile \u00e0 cause d&#039;une augmentation de la demande d&#039;huile de tournesol en provenance d&#039;Ukraine.\" \/>\n<meta property=\"og:url\" content=\"https:\/\/www.newsendip.com\/fr\/certains-commerces-du-portugal-et-despagne-limitent-la-vente-dhuile\/\" \/>\n<meta property=\"og:site_name\" content=\"Newsendip\" \/>\n<meta property=\"article:publisher\" content=\"https:\/\/www.facebook.com\/newsendip\" \/>\n<meta property=\"article:published_time\" content=\"2022-03-11T13:35:09+00:00\" \/>\n<meta property=\"article:modified_time\" content=\"2024-07-16T21:34:22+00:00\" \/>\n<meta property=\"og:image\" content=\"https:\/\/www.newsendip.com\/wp-content\/uploads\/2022\/03\/sunflower-small-progressive.jpeg\" \/>\n<meta name=\"author\" content=\"Cl\u00e9ment V\u00e9rit\u00e9\" \/>\n<meta name=\"twitter:card\" content=\"summary_large_image\" \/>\n<meta name=\"twitter:image\" content=\"https:\/\/www.newsendip.com\/wp-content\/uploads\/2022\/03\/sunflower-small-progressive-150x150.jpeg\" \/>\n<meta name=\"twitter:creator\" content=\"@https:\/\/twitter.com\/cverite\" \/>\n<meta name=\"twitter:site\" content=\"@newsendip\" \/>\n<meta name=\"twitter:label1\" content=\"\u00c9crit par\" \/>\n\t<meta name=\"twitter:data1\" content=\"Cl\u00e9ment V\u00e9rit\u00e9\" \/>\n\t<meta name=\"twitter:label2\" content=\"Dur\u00e9e de lecture estim\u00e9e\" \/>\n\t<meta name=\"twitter:data2\" content=\"3 minutes\" \/>\n<!-- \/ Yoast SEO Premium plugin. -->","yoast_head_json":{"title":"Certains commerces du Portugal et d'Espagne limitent la vente d'huile","description":"Certains magasins du Portugal et d'Espagne limitent la vente d'huile \u00e0 cause d'une augmentation de la demande d'huile de tournesol en provenance d'Ukraine.","robots":{"index":"index","follow":"follow","max-snippet":"max-snippet:-1","max-image-preview":"max-image-preview:large","max-video-preview":"max-video-preview:-1"},"canonical":"https:\/\/www.newsendip.com\/fr\/certains-commerces-du-portugal-et-despagne-limitent-la-vente-dhuile\/","og_locale":"fr_FR","og_type":"article","og_title":"Certains commerces du Portugal et d'Espagne limitent la vente d'huile","og_description":"Certains magasins du Portugal et d'Espagne limitent la vente d'huile \u00e0 cause d'une augmentation de la demande d'huile de tournesol en provenance d'Ukraine.","og_url":"https:\/\/www.newsendip.com\/fr\/certains-commerces-du-portugal-et-despagne-limitent-la-vente-dhuile\/","og_site_name":"Newsendip","article_publisher":"https:\/\/www.facebook.com\/newsendip","article_published_time":"2022-03-11T13:35:09+00:00","article_modified_time":"2024-07-16T21:34:22+00:00","og_image":[{"url":"https:\/\/www.newsendip.com\/wp-content\/uploads\/2022\/03\/sunflower-small-progressive.jpeg","type":"","width":"","height":""}],"author":"Cl\u00e9ment V\u00e9rit\u00e9","twitter_card":"summary_large_image","twitter_image":"https:\/\/www.newsendip.com\/wp-content\/uploads\/2022\/03\/sunflower-small-progressive-150x150.jpeg","twitter_creator":"@https:\/\/twitter.com\/cverite","twitter_site":"@newsendip","twitter_misc":{"\u00c9crit par":"Cl\u00e9ment V\u00e9rit\u00e9","Dur\u00e9e de lecture estim\u00e9e":"3 minutes"},"schema":{"@context":"https:\/\/schema.org","@graph":[{"@type":"NewsArticle","@id":"https:\/\/www.newsendip.com\/fr\/certains-commerces-du-portugal-et-despagne-limitent-la-vente-dhuile\/#article","isPartOf":{"@id":"https:\/\/www.newsendip.com\/fr\/certains-commerces-du-portugal-et-despagne-limitent-la-vente-dhuile\/"},"author":{"name":"Cl\u00e9ment V\u00e9rit\u00e9","@id":"https:\/\/www.newsendip.com\/fr\/#\/schema\/person\/ea22c01755f464a3cbc2c619584d6363"},"headline":"Certains commerces du Portugal et d\u2019Espagne limitent la vente d\u2019huile","datePublished":"2022-03-11T13:35:09+00:00","dateModified":"2024-07-16T21:34:22+00:00","mainEntityOfPage":{"@id":"https:\/\/www.newsendip.com\/fr\/certains-commerces-du-portugal-et-despagne-limitent-la-vente-dhuile\/"},"wordCount":507,"publisher":{"@id":"https:\/\/www.newsendip.com\/fr\/#organization"},"image":{"@id":"https:\/\/www.newsendip.com\/fr\/certains-commerces-du-portugal-et-despagne-limitent-la-vente-dhuile\/#primaryimage"},"thumbnailUrl":"https:\/\/www.newsendip.com\/wp-content\/uploads\/2022\/03\/sunflower.webp","keywords":["Espagne","Portugal","Vieux"],"articleSection":["\u00c9conomie"],"inLanguage":"fr-FR","copyrightYear":"2022","copyrightHolder":{"@id":"https:\/\/www.newsendip.com\/#organization"}},{"@type":"WebPage","@id":"https:\/\/www.newsendip.com\/fr\/certains-commerces-du-portugal-et-despagne-limitent-la-vente-dhuile\/","url":"https:\/\/www.newsendip.com\/fr\/certains-commerces-du-portugal-et-despagne-limitent-la-vente-dhuile\/","name":"Certains commerces du Portugal et d'Espagne limitent la vente d'huile","isPartOf":{"@id":"https:\/\/www.newsendip.com\/fr\/#website"},"primaryImageOfPage":{"@id":"https:\/\/www.newsendip.com\/fr\/certains-commerces-du-portugal-et-despagne-limitent-la-vente-dhuile\/#primaryimage"},"image":{"@id":"https:\/\/www.newsendip.com\/fr\/certains-commerces-du-portugal-et-despagne-limitent-la-vente-dhuile\/#primaryimage"},"thumbnailUrl":"https:\/\/www.newsendip.com\/wp-content\/uploads\/2022\/03\/sunflower.webp","datePublished":"2022-03-11T13:35:09+00:00","dateModified":"2024-07-16T21:34:22+00:00","description":"Certains magasins du Portugal et d'Espagne limitent la vente d'huile \u00e0 cause d'une augmentation de la demande d'huile de tournesol en provenance d'Ukraine.","breadcrumb":{"@id":"https:\/\/www.newsendip.com\/fr\/certains-commerces-du-portugal-et-despagne-limitent-la-vente-dhuile\/#breadcrumb"},"inLanguage":"fr-FR","potentialAction":[{"@type":"ReadAction","target":["https:\/\/www.newsendip.com\/fr\/certains-commerces-du-portugal-et-despagne-limitent-la-vente-dhuile\/"]}]},{"@type":"ImageObject","inLanguage":"fr-FR","@id":"https:\/\/www.newsendip.com\/fr\/certains-commerces-du-portugal-et-despagne-limitent-la-vente-dhuile\/#primaryimage","url":"https:\/\/www.newsendip.com\/wp-content\/uploads\/2022\/03\/sunflower.webp","contentUrl":"https:\/\/www.newsendip.com\/wp-content\/uploads\/2022\/03\/sunflower.webp","width":1920,"height":1280,"caption":"\u00a9 Jordan Cormack"},{"@type":"BreadcrumbList","@id":"https:\/\/www.newsendip.com\/fr\/certains-commerces-du-portugal-et-despagne-limitent-la-vente-dhuile\/#breadcrumb","itemListElement":[{"@type":"ListItem","position":1,"name":"Accueil","item":"https:\/\/www.newsendip.com\/fr\/"},{"@type":"ListItem","position":2,"name":"Certains commerces du Portugal et d&#8217;Espagne limitent la vente d&#8217;huile"}]},{"@type":"WebSite","@id":"https:\/\/www.newsendip.com\/fr\/#website","url":"https:\/\/www.newsendip.com\/fr\/","name":"Newsendip","description":"Red\u00e9couvrez l&#039;actualit\u00e9 internationale","publisher":{"@id":"https:\/\/www.newsendip.com\/fr\/#organization"},"potentialAction":[{"@type":"SearchAction","target":{"@type":"EntryPoint","urlTemplate":"https:\/\/www.newsendip.com\/fr\/?s={search_term_string}"},"query-input":{"@type":"PropertyValueSpecification","valueRequired":true,"valueName":"search_term_string"}}],"inLanguage":"fr-FR"},{"@type":"Organization","@id":"https:\/\/www.newsendip.com\/fr\/#organization","name":"Newsendip","url":"https:\/\/www.newsendip.com\/fr\/","logo":{"@type":"ImageObject","inLanguage":"fr-FR","@id":"https:\/\/www.newsendip.com\/fr\/#\/schema\/logo\/image\/","url":"https:\/\/www.newsendip.com\/wp-content\/uploads\/2023\/12\/512x512.svg","contentUrl":"https:\/\/www.newsendip.com\/wp-content\/uploads\/2023\/12\/512x512.svg","width":1,"height":1,"caption":"Newsendip"},"image":{"@id":"https:\/\/www.newsendip.com\/fr\/#\/schema\/logo\/image\/"},"sameAs":["https:\/\/www.facebook.com\/newsendip","https:\/\/x.com\/newsendip","https:\/\/mastodon.social\/@newsendip","https:\/\/www.linkedin.com\/company\/newsendip"],"description":"Newsendip est un site qui a pour mission de rendre l'actualit\u00e9 internationale accessible et diversifi\u00e9e","email":"contact@newsendip.com","legalName":"Newsendip SAS","foundingDate":"2022-11-04","vatID":"FR60921124723","numberOfEmployees":{"@type":"QuantitativeValue","minValue":"1","maxValue":"10"},"publishingPrinciples":"https:\/\/www.newsendip.com\/about-us\/","ownershipFundingInfo":"https:\/\/www.newsendip.com\/legal-notice\/","actionableFeedbackPolicy":"https:\/\/www.newsendip.com\/about-us\/","correctionsPolicy":"https:\/\/www.newsendip.com\/about-us\/","ethicsPolicy":"https:\/\/www.newsendip.com\/about-us\/","diversityPolicy":"https:\/\/www.newsendip.com\/about-us\/"},{"@type":"Person","@id":"https:\/\/www.newsendip.com\/fr\/#\/schema\/person\/ea22c01755f464a3cbc2c619584d6363","name":"Cl\u00e9ment V\u00e9rit\u00e9","description":"Cl\u00e9ment is the executive editor and founder of Newsendip. He started in the media industry as a freelance reporter at 16 for a local French newspaper after school and has never left it. He later worked for seven years at The New York Times, notably as a data analyst. He holds a Master of Management in France and a Master of Arts in the United Kingdom in International Marketing &amp; Communications Strategy. He has lived in France, the United Kingdom, and Italy.","sameAs":["https:\/\/www.newsendip.com\/","https:\/\/www.linkedin.com\/in\/clementverite\/","https:\/\/x.com\/https:\/\/twitter.com\/cverite"],"knowsAbout":["News","International","Business","Media monitoring"],"knowsLanguage":["English","French","Italian","Spanish"],"url":"https:\/\/www.newsendip.com\/fr\/author\/clement-verite\/"}]}},"_links":{"self":[{"href":"https:\/\/www.newsendip.com\/fr\/wp-json\/wp\/v2\/posts\/14653","targetHints":{"allow":["GET"]}}],"collection":[{"href":"https:\/\/www.newsendip.com\/fr\/wp-json\/wp\/v2\/posts"}],"about":[{"href":"https:\/\/www.newsendip.com\/fr\/wp-json\/wp\/v2\/types\/post"}],"author":[{"embeddable":true,"href":"https:\/\/www.newsendip.com\/fr\/wp-json\/wp\/v2\/users\/1"}],"replies":[{"embeddable":true,"href":"https:\/\/www.newsendip.com\/fr\/wp-json\/wp\/v2\/comments?post=14653"}],"version-history":[{"count":0,"href":"https:\/\/www.newsendip.com\/fr\/wp-json\/wp\/v2\/posts\/14653\/revisions"}],"wp:featuredmedia":[{"embeddable":true,"href":"https:\/\/www.newsendip.com\/fr\/wp-json\/wp\/v2\/media\/14215"}],"wp:attachment":[{"href":"https:\/\/www.newsendip.com\/fr\/wp-json\/wp\/v2\/media?parent=14653"}],"wp:term":[{"taxonomy":"category","embeddable":true,"href":"https:\/\/www.newsendip.com\/fr\/wp-json\/wp\/v2\/categories?post=14653"},{"taxonomy":"post_tag","embeddable":true,"href":"https:\/\/www.newsendip.com\/fr\/wp-json\/wp\/v2\/tags?post=14653"}],"curies":[{"name":"wp","href":"https:\/\/api.w.org\/{rel}","templated":true}]}}