{"id":14654,"date":"2022-03-10T18:34:31","date_gmt":"2022-03-10T17:34:31","guid":{"rendered":"https:\/\/www.newsendip.com\/lafrique-du-sud-le-pays-le-plus-inegalitaire-au-monde-selon-la-banque-mondiale\/"},"modified":"2024-07-18T16:02:16","modified_gmt":"2024-07-18T14:02:16","slug":"lafrique-du-sud-le-pays-le-plus-inegalitaire-au-monde-selon-la-banque-mondiale","status":"publish","type":"post","link":"https:\/\/www.newsendip.com\/fr\/lafrique-du-sud-le-pays-le-plus-inegalitaire-au-monde-selon-la-banque-mondiale\/","title":{"rendered":"L\u2019Afrique du Sud, le pays le plus in\u00e9galitaire au monde selon la Banque Mondiale"},"content":{"rendered":"<p><strong>L\u2019Afrique du Sud est le pays le plus in\u00e9galitaire au monde selon la Banque Mondiale. L\u2019une des sources principales de cette in\u00e9galit\u00e9 r\u00e9side dans l\u2019h\u00e9ritage de l\u2019apartheid, tandis que les in\u00e9galit\u00e9s ont m\u00eame augment\u00e9 depuis 1994.<\/strong><\/p>\n<figure id=\"attachment_14213\" aria-describedby=\"caption-attachment-14213\" style=\"width: 1024px\" class=\"wp-caption aligncenter\"><img decoding=\"async\" class=\"wp-image-14213 size-large\" src=\"https:\/\/www.newsendip.com\/wp-content\/uploads\/2022\/03\/south-africa-inequality-2-1024x768.webp\" alt=\"Bidonville en Afrique du Sud, le pays le plus in\u00e9galitaire du monde\" width=\"1024\" height=\"768\" srcset=\"https:\/\/www.newsendip.com\/wp-content\/uploads\/2022\/03\/south-africa-inequality-2-1024x768.webp 1024w, https:\/\/www.newsendip.com\/wp-content\/uploads\/2022\/03\/south-africa-inequality-2-60x45.webp 60w, https:\/\/www.newsendip.com\/wp-content\/uploads\/2022\/03\/south-africa-inequality-2-300x225.webp 300w, https:\/\/www.newsendip.com\/wp-content\/uploads\/2022\/03\/south-africa-inequality-2-768x576.webp 768w, https:\/\/www.newsendip.com\/wp-content\/uploads\/2022\/03\/south-africa-inequality-2-1536x1152.webp 1536w, https:\/\/www.newsendip.com\/wp-content\/uploads\/2022\/03\/south-africa-inequality-2.webp 1920w\" sizes=\"(max-width: 1024px) 100vw, 1024px\"><figcaption id=\"caption-attachment-14213\" class=\"wp-caption-text\">Bidonville en Afrique du Sud, le pays le plus in\u00e9galitaire du monde en 2018 selon la Banque Mondiale | \u00a9 vleyva<\/figcaption><\/figure>\n<p>L\u2019Afrique du Sud est le pays le plus in\u00e9galitaire au monde selon la Banque Mondiale.<\/p>\n<p>La Banque Mondiale a publi\u00e9 le rapport \u00ab\u202f<a href=\"https:\/\/documents.worldbank.org\/en\/publication\/documents-reports\/documentdetail\/099125303072236903\/p1649270c02a1f06b0a3ae02e57eadd7a82\">In\u00e9galit\u00e9s en Afrique australe\u202f\u00bb<\/a> le 7 mars apr\u00e8s avoir analys\u00e9 les sources d\u2019in\u00e9galit\u00e9 au sein de l\u2019Union douani\u00e8re d\u2019Afrique australe qui comprend le Botswana, l\u2019<a href=\"https:\/\/www.newsendip.com\/fr\/le-soulevement-pro-democratie-en-eswatini-devient-un-sujet-regional\/\">Eswatini<\/a>, le Lesotho, la Namibie et l\u2019Afrique du&nbsp;Sud.<\/p>\n<p>La SACU est la r\u00e9gion la plus in\u00e9galitaire au monde. L\u2019Afrique du Sud, le plus grand pays de la SACU, est \u00e9galement le plus in\u00e9galitaire des 164 pays de la base de donn\u00e9es de la Banque Mondiale. L\u2019\u00e9tude fut men\u00e9e avant que la <a href=\"https:\/\/www.newsendip.com\/fr\/taux-de-chomage-record-en-afrique-du-sud\/\">pand\u00e9mie de Covid-19<\/a> a probablement empir\u00e9 la situation.<\/p>\n<p>En 2018, le coefficient de Gini de consommation (ou revenu) par habitant en Afrique du Sud \u00e9tait de 67, soit le taux le plus \u00e9lev\u00e9 au monde. Tous les pays membres de la SACU font partie 20% des pays les plus in\u00e9galitaires au&nbsp;monde.<!--more--><\/p>\n<p>Malgr\u00e9 quelques progr\u00e8s observ\u00e9s ces derni\u00e8res ann\u00e9es, les in\u00e9galit\u00e9s ont principalement stagn\u00e9 dans la r\u00e9gion selon la Banque Mondiale. Entre 2008 et 2018, le coefficient de Gini de l\u2019Afrique de Sud, un indice permettant de mesurer les in\u00e9galit\u00e9s, n\u2019a seulement r\u00e9duit de 68 \u00e0&nbsp;67.<\/p>\n<p>L\u2019Afrique du Sud a pourtant l\u2019une <a href=\"https:\/\/www.newsendip.com\/fr\/economie\/\">des \u00e9conomies<\/a> les plus dynamiques de la r\u00e9gion, m\u00eame si le <a href=\"https:\/\/www.newsendip.com\/fr\/le-gouvernement-afrique-du-sud-souhaite-imposer-des-quotas-limitant-les-travailleurs-etrangers-immigres\/\">pays doit faire face \u00e0 une taux de ch\u00f4mage extr\u00eamement \u00e9lev\u00e9 <\/a>derni\u00e8rement.<\/p>\n<p><a href=\"https:\/\/www.newsendip.com\/fr\/un-million-de-personnes-pauvres-en-plus-en-italie-en-2020\/\">Un million de personnes pauvres en plus en Italie en 2020\u202f?<\/a>Mais le taux de pauvret\u00e9 en Afrique du Sud est deux fois plus \u00e9lev\u00e9 compar\u00e9 aux pays avec des revenus similaires. Bas\u00e9 sur le seuil de pauvret\u00e9 international de 1,90 dollar par personne par jour, le taux de pauvret\u00e9 en Afrique du Sud approche les 20% en parit\u00e9 de pouvoir d\u2019achat de&nbsp;2011.<\/p>\n<h2><em>\u201cL\u2019h\u00e9ritage du colonialisme et de l\u2019apartheid continue de renforcer les in\u00e9galit\u00e9s\u201d<\/em><\/h2>\n<p>L\u2019un des facteurs d\u2019in\u00e9galit\u00e9 en Afrique du Sud est le manque de revenus moyens. Les salaires sont soient \u00e9lev\u00e9s soit bas.\u00ab\u202f<em>Il est extr\u00eamement difficile d\u2019acc\u00e9der \u00e0 des emplois tr\u00e8s bien r\u00e9mun\u00e9r\u00e9s, et une fois que les personnes atteignent de tels postes, il tr\u00e8s peu probable qu\u2019elles les abandonnent<\/em>\u202f\u00bb.<\/p>\n<p>Par ailleurs, les in\u00e9galit\u00e9s de richesse sont aussi plus \u00e9lev\u00e9es que les <a href=\"https:\/\/www.newsendip.com\/fr\/le-revenu-des-menages-sud-americains-ont-le-plus-souffert-de-la-pandemie-de-covid-19\/\">in\u00e9galit\u00e9s de salaires<\/a>, laissant penser que le probl\u00e8me est profond\u00e9ment ancr\u00e9 dans le pays. Il a \u00e9t\u00e9 r\u00e9cemment estim\u00e9 que 10% de la population d\u00e9tenait 81% des richesses, tandis que 60% n\u2019en poss\u00e9dait que 7%. Par comparaison, les chiffres des pays membres de l\u2019OCDE, dont l\u2019Afrique du Sud aspirerait \u00e0 une adh\u00e9sion, sont respectivement de 50% et 13%. Et 10% de la population sud-africaine d\u00e9tient 81% des actifs financiers.<\/p>\n<p>Les in\u00e9galit\u00e9s peuvent survenir \u00e0 diff\u00e9rentes \u00e9tapes. Avant la r\u00e9partition des revenus, la source initiale d\u2019in\u00e9galit\u00e9 est l\u2019in\u00e9galit\u00e9 d\u2019opportunit\u00e9s, qui r\u00e9sulte de ses conditions \u00e0 la naissance ou du contexte familial.<\/p>\n<p>Et pour l\u2019Afrique du Sud, le facteur d\u2019in\u00e9galit\u00e9s pr\u00e9alable \u00e0 la r\u00e9partition des revenus et l\u2019h\u00e9ritage laiss\u00e9 par l\u2019apartheid pourtant aboli il y a 30 ans de cela. \u00ab\u202f<em>L\u2019h\u00e9ritage du colonialisme et de l\u2019apartheid, ancr\u00e9 dans une s\u00e9gr\u00e9gation raciale et spatiale, continue de renforcer les in\u00e9galit\u00e9s finales\u202f\u00bb<\/em>, la Banque Mondiale signale.<\/p>\n<p>Les in\u00e9galit\u00e9s se sont en fait accrues depuis le fin de l\u2019apartheid en&nbsp;1994.<\/p>\n<p>Le fait que des circonstances h\u00e9rit\u00e9es par un individu, et sur lequel il n\u2019a que peu ou pas de contr\u00f4le, puissent nourrir un syst\u00e8me g\u00e9n\u00e9ral in\u00e9galitaire est la principale source de pr\u00e9occupation selon la Banque Mondiale.<\/p>\n<p>Avec la Namibie, l\u2019Afrique du Sud a de fortes in\u00e9galit\u00e9s au niveau des propri\u00e9taires terriens. En Namibie par exemple, 70% des terres agricoles commerciales appartiennent toujours \u00e0 des <em>\u00ab\u202fNamibiens descendants d\u2019Europ\u00e9ens\u202f\u00bb<\/em>, le rapport note.<\/p>\n<p>L\u2019\u00e9galit\u00e9 de genre est \u00e9galement \u00e9lev\u00e9 en Afrique du Sud. <a href=\"https:\/\/www.newsendip.com\/fr\/les-neerlandaises-perdent-46-de-leur-revenu-potentiel-7-ans-apres-la-naissance-dun-enfant\/\">La diff\u00e9rence de salaire<\/a> est de 38%, ce qui est plus qu\u2019au Botswana, en Namibie ou au Lesotho.<\/p>\n<p><a href=\"https:\/\/www.newsendip.com\/fr\/etiquette\/afrique-sud\/\"><strong>D\u00e9couvrez des actualit\u00e9s sur l\u2019Afrique du&nbsp;Sud<\/strong><\/a><\/p>\n","protected":false},"excerpt":{"rendered":"<p>L\u2019Afrique du Sud est le pays le plus in\u00e9galitaire du monde selon la Banque Mondiale. Les in\u00e9galit\u00e9s d\u2019opportunit\u00e9s h\u00e9rit\u00e9es de l\u2019apartheid en sont l\u2019une des raisons principales. Les in\u00e9galit\u00e9s ont m\u00eame augment\u00e9 depuis 1994<\/p>\n","protected":false},"author":1,"featured_media":14213,"comment_status":"closed","ping_status":"closed","sticky":false,"template":"","format":"standard","meta":{"wp_typography_post_enhancements_disabled":false,"footnotes":""},"categories":[409],"tags":[420,421],"class_list":["post-14654","post","type-post","status-publish","format-standard","has-post-thumbnail","hentry","category-societe","tag-afrique-sud","tag-vieux"],"yoast_head":"<!-- This site is optimized with the Yoast SEO Premium plugin v27.4 (Yoast SEO v27.4) - https:\/\/yoast.com\/product\/yoast-seo-premium-wordpress\/ -->\n<title>L&#039;Afrique du Sud, le pays le plus in\u00e9galitaire au monde selon la Banque Mondiale<\/title>\n<meta name=\"description\" content=\"L&#039;Afrique du Sud est le pays le plus in\u00e9galitaire du monde selon la Banque Mondiale. Les in\u00e9galit\u00e9s d&#039;opportunit\u00e9s h\u00e9rit\u00e9es de l&#039;apartheid en sont l&#039;une des raisons principales. Les in\u00e9galit\u00e9s ont m\u00eame augment\u00e9 depuis 1994\" \/>\n<meta name=\"robots\" content=\"index, follow, max-snippet:-1, max-image-preview:large, max-video-preview:-1\" \/>\n<link rel=\"canonical\" href=\"https:\/\/www.newsendip.com\/fr\/lafrique-du-sud-le-pays-le-plus-inegalitaire-au-monde-selon-la-banque-mondiale\/\" \/>\n<meta property=\"og:locale\" content=\"fr_FR\" \/>\n<meta property=\"og:type\" content=\"article\" \/>\n<meta property=\"og:title\" content=\"L&#039;Afrique du Sud, le pays le plus in\u00e9galitaire au monde selon la Banque Mondiale\" \/>\n<meta property=\"og:description\" content=\"L&#039;Afrique du Sud est le pays le plus in\u00e9galitaire du monde selon la Banque Mondiale. Les in\u00e9galit\u00e9s d&#039;opportunit\u00e9s h\u00e9rit\u00e9es de l&#039;apartheid en sont l&#039;une des raisons principales. Les in\u00e9galit\u00e9s ont m\u00eame augment\u00e9 depuis 1994\" \/>\n<meta property=\"og:url\" content=\"https:\/\/www.newsendip.com\/fr\/lafrique-du-sud-le-pays-le-plus-inegalitaire-au-monde-selon-la-banque-mondiale\/\" \/>\n<meta property=\"og:site_name\" content=\"Newsendip\" \/>\n<meta property=\"article:publisher\" content=\"https:\/\/www.facebook.com\/newsendip\" \/>\n<meta property=\"article:published_time\" content=\"2022-03-10T17:34:31+00:00\" \/>\n<meta property=\"article:modified_time\" content=\"2024-07-18T14:02:16+00:00\" \/>\n<meta property=\"og:image\" content=\"https:\/\/www.newsendip.com\/wp-content\/uploads\/2022\/03\/south-africa-inequality-small-2-progressive.jpeg\" \/>\n<meta name=\"author\" content=\"Cl\u00e9ment V\u00e9rit\u00e9\" \/>\n<meta name=\"twitter:card\" content=\"summary_large_image\" \/>\n<meta name=\"twitter:image\" content=\"https:\/\/www.newsendip.com\/wp-content\/uploads\/2022\/03\/south-africa-inequality-small-2-progressive-150x150.jpeg\" \/>\n<meta name=\"twitter:creator\" content=\"@https:\/\/twitter.com\/cverite\" \/>\n<meta name=\"twitter:site\" content=\"@newsendip\" \/>\n<meta name=\"twitter:label1\" content=\"\u00c9crit par\" \/>\n\t<meta name=\"twitter:data1\" content=\"Cl\u00e9ment V\u00e9rit\u00e9\" \/>\n\t<meta name=\"twitter:label2\" content=\"Dur\u00e9e de lecture estim\u00e9e\" \/>\n\t<meta name=\"twitter:data2\" content=\"4 minutes\" \/>\n<!-- \/ Yoast SEO Premium plugin. -->","yoast_head_json":{"title":"L'Afrique du Sud, le pays le plus in\u00e9galitaire au monde selon la Banque Mondiale","description":"L'Afrique du Sud est le pays le plus in\u00e9galitaire du monde selon la Banque Mondiale. Les in\u00e9galit\u00e9s d'opportunit\u00e9s h\u00e9rit\u00e9es de l'apartheid en sont l'une des raisons principales. Les in\u00e9galit\u00e9s ont m\u00eame augment\u00e9 depuis 1994","robots":{"index":"index","follow":"follow","max-snippet":"max-snippet:-1","max-image-preview":"max-image-preview:large","max-video-preview":"max-video-preview:-1"},"canonical":"https:\/\/www.newsendip.com\/fr\/lafrique-du-sud-le-pays-le-plus-inegalitaire-au-monde-selon-la-banque-mondiale\/","og_locale":"fr_FR","og_type":"article","og_title":"L'Afrique du Sud, le pays le plus in\u00e9galitaire au monde selon la Banque Mondiale","og_description":"L'Afrique du Sud est le pays le plus in\u00e9galitaire du monde selon la Banque Mondiale. Les in\u00e9galit\u00e9s d'opportunit\u00e9s h\u00e9rit\u00e9es de l'apartheid en sont l'une des raisons principales. Les in\u00e9galit\u00e9s ont m\u00eame augment\u00e9 depuis 1994","og_url":"https:\/\/www.newsendip.com\/fr\/lafrique-du-sud-le-pays-le-plus-inegalitaire-au-monde-selon-la-banque-mondiale\/","og_site_name":"Newsendip","article_publisher":"https:\/\/www.facebook.com\/newsendip","article_published_time":"2022-03-10T17:34:31+00:00","article_modified_time":"2024-07-18T14:02:16+00:00","og_image":[{"url":"https:\/\/www.newsendip.com\/wp-content\/uploads\/2022\/03\/south-africa-inequality-small-2-progressive.jpeg","type":"","width":"","height":""}],"author":"Cl\u00e9ment V\u00e9rit\u00e9","twitter_card":"summary_large_image","twitter_image":"https:\/\/www.newsendip.com\/wp-content\/uploads\/2022\/03\/south-africa-inequality-small-2-progressive-150x150.jpeg","twitter_creator":"@https:\/\/twitter.com\/cverite","twitter_site":"@newsendip","twitter_misc":{"\u00c9crit par":"Cl\u00e9ment V\u00e9rit\u00e9","Dur\u00e9e de lecture estim\u00e9e":"4 minutes"},"schema":{"@context":"https:\/\/schema.org","@graph":[{"@type":"NewsArticle","@id":"https:\/\/www.newsendip.com\/fr\/lafrique-du-sud-le-pays-le-plus-inegalitaire-au-monde-selon-la-banque-mondiale\/#article","isPartOf":{"@id":"https:\/\/www.newsendip.com\/fr\/lafrique-du-sud-le-pays-le-plus-inegalitaire-au-monde-selon-la-banque-mondiale\/"},"author":{"name":"Cl\u00e9ment V\u00e9rit\u00e9","@id":"https:\/\/www.newsendip.com\/fr\/#\/schema\/person\/ea22c01755f464a3cbc2c619584d6363"},"headline":"L\u2019Afrique du Sud, le pays le plus in\u00e9galitaire au monde selon la Banque Mondiale","datePublished":"2022-03-10T17:34:31+00:00","dateModified":"2024-07-18T14:02:16+00:00","mainEntityOfPage":{"@id":"https:\/\/www.newsendip.com\/fr\/lafrique-du-sud-le-pays-le-plus-inegalitaire-au-monde-selon-la-banque-mondiale\/"},"wordCount":810,"publisher":{"@id":"https:\/\/www.newsendip.com\/fr\/#organization"},"image":{"@id":"https:\/\/www.newsendip.com\/fr\/lafrique-du-sud-le-pays-le-plus-inegalitaire-au-monde-selon-la-banque-mondiale\/#primaryimage"},"thumbnailUrl":"https:\/\/www.newsendip.com\/wp-content\/uploads\/2022\/03\/south-africa-inequality-2.webp","keywords":["Afrique du Sud","Vieux"],"articleSection":["Soci\u00e9t\u00e9"],"inLanguage":"fr-FR","copyrightYear":"2022","copyrightHolder":{"@id":"https:\/\/www.newsendip.com\/#organization"}},{"@type":"WebPage","@id":"https:\/\/www.newsendip.com\/fr\/lafrique-du-sud-le-pays-le-plus-inegalitaire-au-monde-selon-la-banque-mondiale\/","url":"https:\/\/www.newsendip.com\/fr\/lafrique-du-sud-le-pays-le-plus-inegalitaire-au-monde-selon-la-banque-mondiale\/","name":"L'Afrique du Sud, le pays le plus in\u00e9galitaire au monde selon la Banque Mondiale","isPartOf":{"@id":"https:\/\/www.newsendip.com\/fr\/#website"},"primaryImageOfPage":{"@id":"https:\/\/www.newsendip.com\/fr\/lafrique-du-sud-le-pays-le-plus-inegalitaire-au-monde-selon-la-banque-mondiale\/#primaryimage"},"image":{"@id":"https:\/\/www.newsendip.com\/fr\/lafrique-du-sud-le-pays-le-plus-inegalitaire-au-monde-selon-la-banque-mondiale\/#primaryimage"},"thumbnailUrl":"https:\/\/www.newsendip.com\/wp-content\/uploads\/2022\/03\/south-africa-inequality-2.webp","datePublished":"2022-03-10T17:34:31+00:00","dateModified":"2024-07-18T14:02:16+00:00","description":"L'Afrique du Sud est le pays le plus in\u00e9galitaire du monde selon la Banque Mondiale. Les in\u00e9galit\u00e9s d'opportunit\u00e9s h\u00e9rit\u00e9es de l'apartheid en sont l'une des raisons principales. Les in\u00e9galit\u00e9s ont m\u00eame augment\u00e9 depuis 1994","breadcrumb":{"@id":"https:\/\/www.newsendip.com\/fr\/lafrique-du-sud-le-pays-le-plus-inegalitaire-au-monde-selon-la-banque-mondiale\/#breadcrumb"},"inLanguage":"fr-FR","potentialAction":[{"@type":"ReadAction","target":["https:\/\/www.newsendip.com\/fr\/lafrique-du-sud-le-pays-le-plus-inegalitaire-au-monde-selon-la-banque-mondiale\/"]}]},{"@type":"ImageObject","inLanguage":"fr-FR","@id":"https:\/\/www.newsendip.com\/fr\/lafrique-du-sud-le-pays-le-plus-inegalitaire-au-monde-selon-la-banque-mondiale\/#primaryimage","url":"https:\/\/www.newsendip.com\/wp-content\/uploads\/2022\/03\/south-africa-inequality-2.webp","contentUrl":"https:\/\/www.newsendip.com\/wp-content\/uploads\/2022\/03\/south-africa-inequality-2.webp","width":1920,"height":1440,"caption":"Township in South Africa, the world's most unequal country in 2018 according to the World Bank | \u00a9 vleyva"},{"@type":"BreadcrumbList","@id":"https:\/\/www.newsendip.com\/fr\/lafrique-du-sud-le-pays-le-plus-inegalitaire-au-monde-selon-la-banque-mondiale\/#breadcrumb","itemListElement":[{"@type":"ListItem","position":1,"name":"Accueil","item":"https:\/\/www.newsendip.com\/fr\/"},{"@type":"ListItem","position":2,"name":"L&#8217;Afrique du Sud, le pays le plus in\u00e9galitaire au monde selon la Banque Mondiale"}]},{"@type":"WebSite","@id":"https:\/\/www.newsendip.com\/fr\/#website","url":"https:\/\/www.newsendip.com\/fr\/","name":"Newsendip","description":"Red\u00e9couvrez l&#039;actualit\u00e9 internationale","publisher":{"@id":"https:\/\/www.newsendip.com\/fr\/#organization"},"potentialAction":[{"@type":"SearchAction","target":{"@type":"EntryPoint","urlTemplate":"https:\/\/www.newsendip.com\/fr\/?s={search_term_string}"},"query-input":{"@type":"PropertyValueSpecification","valueRequired":true,"valueName":"search_term_string"}}],"inLanguage":"fr-FR"},{"@type":"Organization","@id":"https:\/\/www.newsendip.com\/fr\/#organization","name":"Newsendip","url":"https:\/\/www.newsendip.com\/fr\/","logo":{"@type":"ImageObject","inLanguage":"fr-FR","@id":"https:\/\/www.newsendip.com\/fr\/#\/schema\/logo\/image\/","url":"https:\/\/www.newsendip.com\/wp-content\/uploads\/2023\/12\/512x512.svg","contentUrl":"https:\/\/www.newsendip.com\/wp-content\/uploads\/2023\/12\/512x512.svg","width":1,"height":1,"caption":"Newsendip"},"image":{"@id":"https:\/\/www.newsendip.com\/fr\/#\/schema\/logo\/image\/"},"sameAs":["https:\/\/www.facebook.com\/newsendip","https:\/\/x.com\/newsendip","https:\/\/mastodon.social\/@newsendip","https:\/\/www.linkedin.com\/company\/newsendip"],"description":"Newsendip est un site qui a pour mission de rendre l'actualit\u00e9 internationale accessible et diversifi\u00e9e","email":"contact@newsendip.com","legalName":"Newsendip SAS","foundingDate":"2022-11-04","vatID":"FR60921124723","numberOfEmployees":{"@type":"QuantitativeValue","minValue":"1","maxValue":"10"},"publishingPrinciples":"https:\/\/www.newsendip.com\/about-us\/","ownershipFundingInfo":"https:\/\/www.newsendip.com\/legal-notice\/","actionableFeedbackPolicy":"https:\/\/www.newsendip.com\/about-us\/","correctionsPolicy":"https:\/\/www.newsendip.com\/about-us\/","ethicsPolicy":"https:\/\/www.newsendip.com\/about-us\/","diversityPolicy":"https:\/\/www.newsendip.com\/about-us\/"},{"@type":"Person","@id":"https:\/\/www.newsendip.com\/fr\/#\/schema\/person\/ea22c01755f464a3cbc2c619584d6363","name":"Cl\u00e9ment V\u00e9rit\u00e9","description":"Cl\u00e9ment is the executive editor and founder of Newsendip. He started in the media industry as a freelance reporter at 16 for a local French newspaper after school and has never left it. He later worked for seven years at The New York Times, notably as a data analyst. He holds a Master of Management in France and a Master of Arts in the United Kingdom in International Marketing &amp; Communications Strategy. He has lived in France, the United Kingdom, and Italy.","sameAs":["https:\/\/www.newsendip.com\/","https:\/\/www.linkedin.com\/in\/clementverite\/","https:\/\/x.com\/https:\/\/twitter.com\/cverite"],"knowsAbout":["News","International","Business","Media monitoring"],"knowsLanguage":["English","French","Italian","Spanish"],"url":"https:\/\/www.newsendip.com\/fr\/author\/clement-verite\/"}]}},"_links":{"self":[{"href":"https:\/\/www.newsendip.com\/fr\/wp-json\/wp\/v2\/posts\/14654","targetHints":{"allow":["GET"]}}],"collection":[{"href":"https:\/\/www.newsendip.com\/fr\/wp-json\/wp\/v2\/posts"}],"about":[{"href":"https:\/\/www.newsendip.com\/fr\/wp-json\/wp\/v2\/types\/post"}],"author":[{"embeddable":true,"href":"https:\/\/www.newsendip.com\/fr\/wp-json\/wp\/v2\/users\/1"}],"replies":[{"embeddable":true,"href":"https:\/\/www.newsendip.com\/fr\/wp-json\/wp\/v2\/comments?post=14654"}],"version-history":[{"count":0,"href":"https:\/\/www.newsendip.com\/fr\/wp-json\/wp\/v2\/posts\/14654\/revisions"}],"wp:featuredmedia":[{"embeddable":true,"href":"https:\/\/www.newsendip.com\/fr\/wp-json\/wp\/v2\/media\/14213"}],"wp:attachment":[{"href":"https:\/\/www.newsendip.com\/fr\/wp-json\/wp\/v2\/media?parent=14654"}],"wp:term":[{"taxonomy":"category","embeddable":true,"href":"https:\/\/www.newsendip.com\/fr\/wp-json\/wp\/v2\/categories?post=14654"},{"taxonomy":"post_tag","embeddable":true,"href":"https:\/\/www.newsendip.com\/fr\/wp-json\/wp\/v2\/tags?post=14654"}],"curies":[{"name":"wp","href":"https:\/\/api.w.org\/{rel}","templated":true}]}}