{"id":14656,"date":"2022-03-10T12:32:05","date_gmt":"2022-03-10T11:32:05","guid":{"rendered":"https:\/\/www.newsendip.com\/la-suede-prevoit-aussi-une-augmentation-de-son-budget-defense\/"},"modified":"2024-07-16T23:34:33","modified_gmt":"2024-07-16T21:34:33","slug":"la-suede-prevoit-aussi-une-augmentation-de-son-budget-defense","status":"publish","type":"post","link":"https:\/\/www.newsendip.com\/fr\/la-suede-prevoit-aussi-une-augmentation-de-son-budget-defense\/","title":{"rendered":"La Su\u00e8de pr\u00e9voit aussi une augmentation de son budget d\u00e9fense"},"content":{"rendered":"<p><strong>La Su\u00e8de veut augmenter son budget d\u00e9fense jusqu\u2019\u00e0 2% de son PIB, ce qui repr\u00e9senterait une hausse de 64% par rapport \u00e0&nbsp;2021.<\/strong><\/p>\n<figure id=\"attachment_13150\" aria-describedby=\"caption-attachment-13150\" style=\"width: 1024px\" class=\"wp-caption aligncenter\"><img decoding=\"async\" class=\"wp-image-13150 size-large\" src=\"https:\/\/www.newsendip.com\/wp-content\/uploads\/2022\/03\/sweden-prime-minister-magdalena-andersson-defense-minister-peter-hultqvist-1024x576.webp\" alt=\"La premi\u00e8re ministre su\u00e9doise Magdalena Andersson et le ministre de la D\u00e9fense Peter Hultqvist\" width=\"1024\" height=\"576\" srcset=\"https:\/\/www.newsendip.com\/wp-content\/uploads\/2022\/03\/sweden-prime-minister-magdalena-andersson-defense-minister-peter-hultqvist-1024x576.webp 1024w, https:\/\/www.newsendip.com\/wp-content\/uploads\/2022\/03\/sweden-prime-minister-magdalena-andersson-defense-minister-peter-hultqvist-300x169.webp 300w, https:\/\/www.newsendip.com\/wp-content\/uploads\/2022\/03\/sweden-prime-minister-magdalena-andersson-defense-minister-peter-hultqvist-768x432.webp 768w, https:\/\/www.newsendip.com\/wp-content\/uploads\/2022\/03\/sweden-prime-minister-magdalena-andersson-defense-minister-peter-hultqvist-60x34.webp 60w, https:\/\/www.newsendip.com\/wp-content\/uploads\/2022\/03\/sweden-prime-minister-magdalena-andersson-defense-minister-peter-hultqvist.webp 1280w\" sizes=\"(max-width: 1024px) 100vw, 1024px\"><figcaption id=\"caption-attachment-13150\" class=\"wp-caption-text\">Magdalena Andersson, premi\u00e8re ministre de la Su\u00e8de, et Peter Hultqvist, ministre de la D\u00e9fense<\/figcaption><\/figure>\n<p>La Su\u00e8de veut augmenter la part de de son budget allou\u00e9 \u00e0 la d\u00e9fense jusqu\u2019\u00e0 2% de son produit int\u00e9rieur brut.<\/p>\n<p>La premi\u00e8re ministre Magdalena Andersson a d\u00e9clar\u00e9 le 10 mars lors d\u2019une conf\u00e9rence de presse au sujet de la situation en Ukraine que l\u2019augmentation du budget pour les d\u00e9penses militaires devrait \u00eatre mis en place \u00ab\u202f<em>d\u00e8s que possible\u202f\u00bb<\/em>, bien qu\u2019aucune date pr\u00e9cise n\u2019ait \u00e9t\u00e9 donn\u00e9e.<\/p>\n<p>Le budget de la d\u00e9fense s\u2019\u00e9levait en 2021 \u00e0 66 milliards SEK (6,8 milliards de dollars) et pourrait bient\u00f4t atteindre 108 milliards SEK (11 Mds $). Cela correspondrait \u00e0 une augmentation de 64%. Mais le gouvernement n\u2019a pas d\u00e9taill\u00e9 comment les 42 milliards de couronnes seraient financ\u00e9s.<\/p>\n<p>Construire sa d\u00e9fense prend du temps, a insist\u00e9 Peter Hultqvist, le ministre de la D\u00e9fense.<!--more--><\/p>\n<p>La Su\u00e8de n\u2019a pas allou\u00e9 2% de son PIB \u00e0 la d\u00e9fense ces 20 derni\u00e8res ann\u00e9es et Hultqvist consid\u00e8re m\u00eame que l\u2019investissement devrait \u00eatre compar\u00e9 \u00e0 ceux effectu\u00e9 \u00e0 la fin des ann\u00e9es 50.<\/p>\n<p>L\u2019Allemagne a \u00e9galement annonc\u00e9 un <a href=\"https:\/\/www.newsendip.com\/fr\/lallemagne-augmente-ses-depenses-militaires-au-dela-des-2-du-pib\/\">investissement majeur dans ses d\u00e9penses militaires<\/a> il y a deux semaines \u00e0 la lumi\u00e8re de la situation en Ukraine.<\/p>\n<p>Avant l\u2019annonce du gouvernement su\u00e9dois, une augmentation des d\u00e9penses militaires \u00e9tait d\u00e9j\u00e0 planifi\u00e9e avec pour objectif d\u2019atteindre 91 milliards SEK (9,4 Mds $) d\u2019ici&nbsp;2025.<\/p>\n<p>En plus d\u2019augmenter son budget d\u00e9fense, la premi\u00e8re ministre a aussi avanc\u00e9 que de nouvelles places seront ouvertes pour le service militaire. Le service militaire en Su\u00e8de est sur la base du volontariat depuis 2010 et l\u2019arr\u00eat du service obligatoire.<\/p>\n<p>Avec l\u2019invasion de l\u2019Ukraine par la Russie, les pays scandinaves ont revu leurs positions sur les coop\u00e9rations militaires et ont ajust\u00e9 leurs positions mod\u00e9r\u00e9es vis-\u00e0-vis des forces arm\u00e9es.<\/p>\n<p><a href=\"https:\/\/www.newsendip.com\/fr\/les-exigences-russes-envers-otan-concernent-aussi-la-suede-et-la-finlande\/\">La Su\u00e8de et la Finlande d\u00e9batent depuis des ann\u00e9es de leur adh\u00e9sion \u00e0 l\u2019OTAN<\/a>, un sujet raviv\u00e9 ces derni\u00e8res semaines. Mais mardi, la premi\u00e8re ministre Magdalena Andersson mardi a exclu l\u2019adh\u00e9sion de la Su\u00e8de \u00e0 l\u2019<a href=\"https:\/\/www.newsendip.com\/fr\/la-perception-des-roumains-sur-leur-pays-sest-amelioree-avec-linvasion-de-lukraine\/\">OTAN<\/a> pour le moment.<\/p>\n<p><a href=\"https:\/\/www.newsendip.com\/fr\/etiquette\/suede\/\"><strong>D\u00e9couvrez des actualit\u00e9s sur la&nbsp;Su\u00e8de<\/strong><\/a><\/p>\n","protected":false},"excerpt":{"rendered":"<p>La Su\u00e8de veut augmenter son budget d\u00e9fense jusqu\u2019\u00e0 2% de son PIB, ce qui repr\u00e9senterait une hause de 64% par rapport \u00e0&nbsp;2021.<\/p>\n","protected":false},"author":1,"featured_media":14207,"comment_status":"closed","ping_status":"closed","sticky":false,"template":"","format":"standard","meta":{"wp_typography_post_enhancements_disabled":false,"footnotes":""},"categories":[416],"tags":[513,421],"class_list":["post-14656","post","type-post","status-publish","format-standard","has-post-thumbnail","hentry","category-politique","tag-suede","tag-vieux"],"yoast_head":"<!-- This site is optimized with the Yoast SEO Premium plugin v27.4 (Yoast SEO v27.4) - https:\/\/yoast.com\/product\/yoast-seo-premium-wordpress\/ -->\n<title>La Su\u00e8de pr\u00e9voit aussi une augmentation de son budget d\u00e9fense<\/title>\n<meta name=\"description\" content=\"La Su\u00e8de veut augmenter son budget d\u00e9fense jusqu&#039;\u00e0 2% de son PIB, ce qui repr\u00e9senterait une hause de 64% par rapport \u00e0 2021.\" \/>\n<meta name=\"robots\" content=\"index, follow, max-snippet:-1, max-image-preview:large, max-video-preview:-1\" \/>\n<link rel=\"canonical\" href=\"https:\/\/www.newsendip.com\/fr\/la-suede-prevoit-aussi-une-augmentation-de-son-budget-defense\/\" \/>\n<meta property=\"og:locale\" content=\"fr_FR\" \/>\n<meta property=\"og:type\" content=\"article\" \/>\n<meta property=\"og:title\" content=\"La Su\u00e8de pr\u00e9voit aussi une augmentation de son budget d\u00e9fense\" \/>\n<meta property=\"og:description\" content=\"La Su\u00e8de veut augmenter son budget d\u00e9fense jusqu&#039;\u00e0 2% de son PIB, ce qui repr\u00e9senterait une hause de 64% par rapport \u00e0 2021.\" \/>\n<meta property=\"og:url\" content=\"https:\/\/www.newsendip.com\/fr\/la-suede-prevoit-aussi-une-augmentation-de-son-budget-defense\/\" \/>\n<meta property=\"og:site_name\" content=\"Newsendip\" \/>\n<meta property=\"article:publisher\" content=\"https:\/\/www.facebook.com\/newsendip\" \/>\n<meta property=\"article:published_time\" content=\"2022-03-10T11:32:05+00:00\" \/>\n<meta property=\"article:modified_time\" content=\"2024-07-16T21:34:33+00:00\" \/>\n<meta property=\"og:image\" content=\"https:\/\/www.newsendip.com\/wp-content\/uploads\/2022\/03\/sweden-prime-minister-magdalena-andersson-defense-minister-peter-hultqvist-progressive-1024x576.jpeg\" \/>\n<meta name=\"author\" content=\"Cl\u00e9ment V\u00e9rit\u00e9\" \/>\n<meta name=\"twitter:card\" content=\"summary_large_image\" \/>\n<meta name=\"twitter:image\" content=\"https:\/\/www.newsendip.com\/wp-content\/uploads\/2022\/03\/sweden-prime-minister-magdalena-andersson-defense-minister-peter-hultqvist-progressive-150x150.jpeg\" \/>\n<meta name=\"twitter:creator\" content=\"@https:\/\/twitter.com\/cverite\" \/>\n<meta name=\"twitter:site\" content=\"@newsendip\" \/>\n<meta name=\"twitter:label1\" content=\"\u00c9crit par\" \/>\n\t<meta name=\"twitter:data1\" content=\"Cl\u00e9ment V\u00e9rit\u00e9\" \/>\n\t<meta name=\"twitter:label2\" content=\"Dur\u00e9e de lecture estim\u00e9e\" \/>\n\t<meta name=\"twitter:data2\" content=\"2 minutes\" \/>\n<!-- \/ Yoast SEO Premium plugin. -->","yoast_head_json":{"title":"La Su\u00e8de pr\u00e9voit aussi une augmentation de son budget d\u00e9fense","description":"La Su\u00e8de veut augmenter son budget d\u00e9fense jusqu'\u00e0 2% de son PIB, ce qui repr\u00e9senterait une hause de 64% par rapport \u00e0 2021.","robots":{"index":"index","follow":"follow","max-snippet":"max-snippet:-1","max-image-preview":"max-image-preview:large","max-video-preview":"max-video-preview:-1"},"canonical":"https:\/\/www.newsendip.com\/fr\/la-suede-prevoit-aussi-une-augmentation-de-son-budget-defense\/","og_locale":"fr_FR","og_type":"article","og_title":"La Su\u00e8de pr\u00e9voit aussi une augmentation de son budget d\u00e9fense","og_description":"La Su\u00e8de veut augmenter son budget d\u00e9fense jusqu'\u00e0 2% de son PIB, ce qui repr\u00e9senterait une hause de 64% par rapport \u00e0 2021.","og_url":"https:\/\/www.newsendip.com\/fr\/la-suede-prevoit-aussi-une-augmentation-de-son-budget-defense\/","og_site_name":"Newsendip","article_publisher":"https:\/\/www.facebook.com\/newsendip","article_published_time":"2022-03-10T11:32:05+00:00","article_modified_time":"2024-07-16T21:34:33+00:00","og_image":[{"url":"https:\/\/www.newsendip.com\/wp-content\/uploads\/2022\/03\/sweden-prime-minister-magdalena-andersson-defense-minister-peter-hultqvist-progressive-1024x576.jpeg","type":"","width":"","height":""}],"author":"Cl\u00e9ment V\u00e9rit\u00e9","twitter_card":"summary_large_image","twitter_image":"https:\/\/www.newsendip.com\/wp-content\/uploads\/2022\/03\/sweden-prime-minister-magdalena-andersson-defense-minister-peter-hultqvist-progressive-150x150.jpeg","twitter_creator":"@https:\/\/twitter.com\/cverite","twitter_site":"@newsendip","twitter_misc":{"\u00c9crit par":"Cl\u00e9ment V\u00e9rit\u00e9","Dur\u00e9e de lecture estim\u00e9e":"2 minutes"},"schema":{"@context":"https:\/\/schema.org","@graph":[{"@type":"NewsArticle","@id":"https:\/\/www.newsendip.com\/fr\/la-suede-prevoit-aussi-une-augmentation-de-son-budget-defense\/#article","isPartOf":{"@id":"https:\/\/www.newsendip.com\/fr\/la-suede-prevoit-aussi-une-augmentation-de-son-budget-defense\/"},"author":{"name":"Cl\u00e9ment V\u00e9rit\u00e9","@id":"https:\/\/www.newsendip.com\/fr\/#\/schema\/person\/ea22c01755f464a3cbc2c619584d6363"},"headline":"La Su\u00e8de pr\u00e9voit aussi une augmentation de son budget d\u00e9fense","datePublished":"2022-03-10T11:32:05+00:00","dateModified":"2024-07-16T21:34:33+00:00","mainEntityOfPage":{"@id":"https:\/\/www.newsendip.com\/fr\/la-suede-prevoit-aussi-une-augmentation-de-son-budget-defense\/"},"wordCount":424,"publisher":{"@id":"https:\/\/www.newsendip.com\/fr\/#organization"},"image":{"@id":"https:\/\/www.newsendip.com\/fr\/la-suede-prevoit-aussi-une-augmentation-de-son-budget-defense\/#primaryimage"},"thumbnailUrl":"https:\/\/www.newsendip.com\/wp-content\/uploads\/2022\/03\/sweden-prime-minister-magdalena-andersson-defense-minister-peter-hultqvist.webp","keywords":["Su\u00e8de","Vieux"],"articleSection":["Politique"],"inLanguage":"fr-FR","copyrightYear":"2022","copyrightHolder":{"@id":"https:\/\/www.newsendip.com\/#organization"}},{"@type":"WebPage","@id":"https:\/\/www.newsendip.com\/fr\/la-suede-prevoit-aussi-une-augmentation-de-son-budget-defense\/","url":"https:\/\/www.newsendip.com\/fr\/la-suede-prevoit-aussi-une-augmentation-de-son-budget-defense\/","name":"La Su\u00e8de pr\u00e9voit aussi une augmentation de son budget d\u00e9fense","isPartOf":{"@id":"https:\/\/www.newsendip.com\/fr\/#website"},"primaryImageOfPage":{"@id":"https:\/\/www.newsendip.com\/fr\/la-suede-prevoit-aussi-une-augmentation-de-son-budget-defense\/#primaryimage"},"image":{"@id":"https:\/\/www.newsendip.com\/fr\/la-suede-prevoit-aussi-une-augmentation-de-son-budget-defense\/#primaryimage"},"thumbnailUrl":"https:\/\/www.newsendip.com\/wp-content\/uploads\/2022\/03\/sweden-prime-minister-magdalena-andersson-defense-minister-peter-hultqvist.webp","datePublished":"2022-03-10T11:32:05+00:00","dateModified":"2024-07-16T21:34:33+00:00","description":"La Su\u00e8de veut augmenter son budget d\u00e9fense jusqu'\u00e0 2% de son PIB, ce qui repr\u00e9senterait une hause de 64% par rapport \u00e0 2021.","breadcrumb":{"@id":"https:\/\/www.newsendip.com\/fr\/la-suede-prevoit-aussi-une-augmentation-de-son-budget-defense\/#breadcrumb"},"inLanguage":"fr-FR","potentialAction":[{"@type":"ReadAction","target":["https:\/\/www.newsendip.com\/fr\/la-suede-prevoit-aussi-une-augmentation-de-son-budget-defense\/"]}]},{"@type":"ImageObject","inLanguage":"fr-FR","@id":"https:\/\/www.newsendip.com\/fr\/la-suede-prevoit-aussi-une-augmentation-de-son-budget-defense\/#primaryimage","url":"https:\/\/www.newsendip.com\/wp-content\/uploads\/2022\/03\/sweden-prime-minister-magdalena-andersson-defense-minister-peter-hultqvist.webp","contentUrl":"https:\/\/www.newsendip.com\/wp-content\/uploads\/2022\/03\/sweden-prime-minister-magdalena-andersson-defense-minister-peter-hultqvist.webp","width":1280,"height":720,"caption":"Sweden Prime Minister Magdalena Andersson and Defense Minister Peter Hultqvist"},{"@type":"BreadcrumbList","@id":"https:\/\/www.newsendip.com\/fr\/la-suede-prevoit-aussi-une-augmentation-de-son-budget-defense\/#breadcrumb","itemListElement":[{"@type":"ListItem","position":1,"name":"Accueil","item":"https:\/\/www.newsendip.com\/fr\/"},{"@type":"ListItem","position":2,"name":"La Su\u00e8de pr\u00e9voit aussi une augmentation de son budget d\u00e9fense"}]},{"@type":"WebSite","@id":"https:\/\/www.newsendip.com\/fr\/#website","url":"https:\/\/www.newsendip.com\/fr\/","name":"Newsendip","description":"Red\u00e9couvrez l&#039;actualit\u00e9 internationale","publisher":{"@id":"https:\/\/www.newsendip.com\/fr\/#organization"},"potentialAction":[{"@type":"SearchAction","target":{"@type":"EntryPoint","urlTemplate":"https:\/\/www.newsendip.com\/fr\/?s={search_term_string}"},"query-input":{"@type":"PropertyValueSpecification","valueRequired":true,"valueName":"search_term_string"}}],"inLanguage":"fr-FR"},{"@type":"Organization","@id":"https:\/\/www.newsendip.com\/fr\/#organization","name":"Newsendip","url":"https:\/\/www.newsendip.com\/fr\/","logo":{"@type":"ImageObject","inLanguage":"fr-FR","@id":"https:\/\/www.newsendip.com\/fr\/#\/schema\/logo\/image\/","url":"https:\/\/www.newsendip.com\/wp-content\/uploads\/2023\/12\/512x512.svg","contentUrl":"https:\/\/www.newsendip.com\/wp-content\/uploads\/2023\/12\/512x512.svg","width":1,"height":1,"caption":"Newsendip"},"image":{"@id":"https:\/\/www.newsendip.com\/fr\/#\/schema\/logo\/image\/"},"sameAs":["https:\/\/www.facebook.com\/newsendip","https:\/\/x.com\/newsendip","https:\/\/mastodon.social\/@newsendip","https:\/\/www.linkedin.com\/company\/newsendip"],"description":"Newsendip est un site qui a pour mission de rendre l'actualit\u00e9 internationale accessible et diversifi\u00e9e","email":"contact@newsendip.com","legalName":"Newsendip SAS","foundingDate":"2022-11-04","vatID":"FR60921124723","numberOfEmployees":{"@type":"QuantitativeValue","minValue":"1","maxValue":"10"},"publishingPrinciples":"https:\/\/www.newsendip.com\/about-us\/","ownershipFundingInfo":"https:\/\/www.newsendip.com\/legal-notice\/","actionableFeedbackPolicy":"https:\/\/www.newsendip.com\/about-us\/","correctionsPolicy":"https:\/\/www.newsendip.com\/about-us\/","ethicsPolicy":"https:\/\/www.newsendip.com\/about-us\/","diversityPolicy":"https:\/\/www.newsendip.com\/about-us\/"},{"@type":"Person","@id":"https:\/\/www.newsendip.com\/fr\/#\/schema\/person\/ea22c01755f464a3cbc2c619584d6363","name":"Cl\u00e9ment V\u00e9rit\u00e9","description":"Cl\u00e9ment is the executive editor and founder of Newsendip. He started in the media industry as a freelance reporter at 16 for a local French newspaper after school and has never left it. He later worked for seven years at The New York Times, notably as a data analyst. He holds a Master of Management in France and a Master of Arts in the United Kingdom in International Marketing &amp; Communications Strategy. He has lived in France, the United Kingdom, and Italy.","sameAs":["https:\/\/www.newsendip.com\/","https:\/\/www.linkedin.com\/in\/clementverite\/","https:\/\/x.com\/https:\/\/twitter.com\/cverite"],"knowsAbout":["News","International","Business","Media monitoring"],"knowsLanguage":["English","French","Italian","Spanish"],"url":"https:\/\/www.newsendip.com\/fr\/author\/clement-verite\/"}]}},"_links":{"self":[{"href":"https:\/\/www.newsendip.com\/fr\/wp-json\/wp\/v2\/posts\/14656","targetHints":{"allow":["GET"]}}],"collection":[{"href":"https:\/\/www.newsendip.com\/fr\/wp-json\/wp\/v2\/posts"}],"about":[{"href":"https:\/\/www.newsendip.com\/fr\/wp-json\/wp\/v2\/types\/post"}],"author":[{"embeddable":true,"href":"https:\/\/www.newsendip.com\/fr\/wp-json\/wp\/v2\/users\/1"}],"replies":[{"embeddable":true,"href":"https:\/\/www.newsendip.com\/fr\/wp-json\/wp\/v2\/comments?post=14656"}],"version-history":[{"count":0,"href":"https:\/\/www.newsendip.com\/fr\/wp-json\/wp\/v2\/posts\/14656\/revisions"}],"wp:featuredmedia":[{"embeddable":true,"href":"https:\/\/www.newsendip.com\/fr\/wp-json\/wp\/v2\/media\/14207"}],"wp:attachment":[{"href":"https:\/\/www.newsendip.com\/fr\/wp-json\/wp\/v2\/media?parent=14656"}],"wp:term":[{"taxonomy":"category","embeddable":true,"href":"https:\/\/www.newsendip.com\/fr\/wp-json\/wp\/v2\/categories?post=14656"},{"taxonomy":"post_tag","embeddable":true,"href":"https:\/\/www.newsendip.com\/fr\/wp-json\/wp\/v2\/tags?post=14656"}],"curies":[{"name":"wp","href":"https:\/\/api.w.org\/{rel}","templated":true}]}}