{"id":14662,"date":"2022-03-09T15:51:40","date_gmt":"2022-03-09T14:51:40","guid":{"rendered":"https:\/\/www.newsendip.com\/lancien-roi-despagne-reste-vivre-a-abu-dhabi-mais-peut-revoir-son-pays\/"},"modified":"2024-07-18T16:02:52","modified_gmt":"2024-07-18T14:02:52","slug":"lancien-roi-despagne-reste-vivre-a-abu-dhabi-mais-peut-revoir-son-pays","status":"publish","type":"post","link":"https:\/\/www.newsendip.com\/fr\/lancien-roi-despagne-reste-vivre-a-abu-dhabi-mais-peut-revoir-son-pays\/","title":{"rendered":"L\u2019ancien roi d\u2019Espagne reste vivre \u00e0 Abu Dhabi mais peut revoir son&nbsp;pays"},"content":{"rendered":"<p><strong>Maintenant que les proc\u00e9dures judiciaires \u00e0 l\u2019encontre du roi \u00e9merite Juan Carlos I ont pris fin, le roi Felipe VI a accept\u00e9 la demande de son p\u00e8re de retourner p\u00e9riodiquement en Espagne.<\/strong><\/p>\n<figure id=\"attachment_13096\" aria-describedby=\"caption-attachment-13096\" style=\"width: 1024px\" class=\"wp-caption aligncenter\"><img decoding=\"async\" class=\"wp-image-13096 size-large\" src=\"https:\/\/www.newsendip.com\/wp-content\/uploads\/2022\/03\/palacio-real-spain-king-residence-1024x683.webp\" alt=\"Palacio Real, la r\u00e9sidence de la famille royale d'Espagne\" width=\"1024\" height=\"683\" srcset=\"https:\/\/www.newsendip.com\/wp-content\/uploads\/2022\/03\/palacio-real-spain-king-residence-1024x683.webp 1024w, https:\/\/www.newsendip.com\/wp-content\/uploads\/2022\/03\/palacio-real-spain-king-residence-300x200.webp 300w, https:\/\/www.newsendip.com\/wp-content\/uploads\/2022\/03\/palacio-real-spain-king-residence-768x512.webp 768w, https:\/\/www.newsendip.com\/wp-content\/uploads\/2022\/03\/palacio-real-spain-king-residence-1536x1024.webp 1536w, https:\/\/www.newsendip.com\/wp-content\/uploads\/2022\/03\/palacio-real-spain-king-residence-60x40.webp 60w, https:\/\/www.newsendip.com\/wp-content\/uploads\/2022\/03\/palacio-real-spain-king-residence-720x480.webp 720w, https:\/\/www.newsendip.com\/wp-content\/uploads\/2022\/03\/palacio-real-spain-king-residence.webp 1920w\" sizes=\"(max-width: 1024px) 100vw, 1024px\"><figcaption id=\"caption-attachment-13096\" class=\"wp-caption-text\">Palacio Real, la r\u00e9sidence de la famille royale d\u2019Espagne | \u00a9 Hernan Gonzalez<\/figcaption><\/figure>\n<p>Juan Carlos I restera vivre dans les \u00c9mirates arabes unisu mais le roi Felipe VI a acc\u00e9d\u00e9 aux souhaits de son p\u00e8re de pouvoir voyager en Espagne, les autorit\u00e9s royales ont ainsi d\u00e9clar\u00e9 le 7&nbsp;mars.<\/p>\n<p>Juan Carlos vit dans les \u00e9mirats depuis 2020 suite aux enqu\u00eates financi\u00e8res qui le visaient. Bien qu\u2019il garde le titre de <em>roi \u00e9m\u00e9rite<\/em>, Juan Carlos a abdiqu\u00e9 en faveur de son fils Felipe VI en 2014 suite \u00e0 une s\u00e9rie de scandales impliquant la famille royale.<\/p>\n<p>L\u2019ancien roi d\u2019Espagne a \u00e9crit une lettre, dat\u00e9e du 5 mars et publi\u00e9e sur le site du royaume, faisant la demande de \u00ab\u202f<em>rendre visite \u00e0 de la famille et des amis\u202f\u00bb<\/em>.<!--more--><\/p>\n<p>Les procureurs de la Cour Sup\u00eame ont d\u00e9sormais cl\u00f4s les enqu\u00eates qui ont amen\u00e9 l\u2019ancien <a href=\"https:\/\/www.newsendip.com\/fr\/tribunal-afrique-du-sud-designe-heritier-legitime-roi-zoulou-misuzulu-kazwelithini\/\">monarque<\/a>devant la justice du fait qu\u2019il n\u2019y avait pas assez de preuves d\u2019\u00e9vasion fiscale impliquant des millions d\u2019euros sur des comptes non d\u00e9clar\u00e9s. Tout s\u2019est d\u00e9roul\u00e9 alors qu\u2019il \u00e9tait prot\u00e9g\u00e9 par son immunit\u00e9 en tant que roi. D\u2019autres suspicions de malversations ont \u00e9galement \u00e9t\u00e9 abandonn\u00e9es car prescrites.<\/p>\n<p>Les enqu\u00eates ont permis de retrouve 5,1 millions d\u2019euros en amendes et imp\u00f4ts sur le revenu que Juan Carloes n\u2019avait pas d\u00e9clar\u00e9 aux autorit\u00e9s financi\u00e8res, selon les conclusions des procureurs.<\/p>\n<p>Juan Carlos, 84 ans, a \u00e9crit qu\u2019il continuerait de vivre \u00e0 <a href=\"https:\/\/www.newsendip.com\/fr\/les-emirates-arabes-unis-sur-une-liste-grise-blanchiment-dargent\/\">Abu Dhabi<\/a> o\u00f9 il a trouv\u00e9 \u00ab\u202f<em>une tranquilit\u00e9 d\u2019esprit\u202f\u00bb<\/em>. Lors de ses visites dans le pays, il logerait dans les lieux priv\u00e9s en esp\u00e9rant \u00ab\u202f<em>profiter de la plus grande confidentialit\u00e9 possible\u202f\u00bb<\/em>.<\/p>\n<p>Depuis qu\u2019il \u00e9tait devenu <a href=\"https:\/\/www.newsendip.com\/fr\/de-la-prison-pour-lese-majeste-avec-un-autocollant-sur-le-portrait-du-roi-de-thailande\/\">roi<\/a>, Felipe avait pris ses distances avec son&nbsp;p\u00e8re.<\/p>\n<p><strong><a href=\"https:\/\/www.newsendip.com\/fr\/etiquette\/espagne\/\">D\u00e9couvrez des actualit\u00e9s sur l\u2019Espagne<\/a><\/strong><\/p>\n","protected":false},"excerpt":{"rendered":"<p>Maintenant que les proc\u00e9dures judiciaires \u00e0 l\u2019encontre du roi \u00e9merite Juan Carlos I ont pris fin, le roi Felipe VI a accept\u00e9 la demande de son p\u00e8re de retourner p\u00e9riodiquement en Espagne.<\/p>\n","protected":false},"author":4,"featured_media":14199,"comment_status":"closed","ping_status":"closed","sticky":false,"template":"","format":"standard","meta":{"wp_typography_post_enhancements_disabled":false,"footnotes":""},"categories":[409],"tags":[433,421],"class_list":["post-14662","post","type-post","status-publish","format-standard","has-post-thumbnail","hentry","category-societe","tag-espagne","tag-vieux"],"yoast_head":"<!-- This site is optimized with the Yoast SEO Premium plugin v27.4 (Yoast SEO v27.4) - https:\/\/yoast.com\/product\/yoast-seo-premium-wordpress\/ -->\n<title>L&#039;ancien roi d&#039;Espagne reste vivre \u00e0 Abu Dhabi mais peut revoir son pays<\/title>\n<meta name=\"description\" content=\"Maintenant que les proc\u00e9dures judiciaires \u00e0 l&#039;encontre du roi \u00e9merite Juan Carlos I ont pris fin, le roi Felipe VI a accept\u00e9 la demande de son p\u00e8re de retourner p\u00e9riodiquement en Espagne.\" \/>\n<meta name=\"robots\" content=\"index, follow, max-snippet:-1, max-image-preview:large, max-video-preview:-1\" \/>\n<link rel=\"canonical\" href=\"https:\/\/www.newsendip.com\/fr\/lancien-roi-despagne-reste-vivre-a-abu-dhabi-mais-peut-revoir-son-pays\/\" \/>\n<meta property=\"og:locale\" content=\"fr_FR\" \/>\n<meta property=\"og:type\" content=\"article\" \/>\n<meta property=\"og:title\" content=\"L&#039;ancien roi d&#039;Espagne reste vivre \u00e0 Abu Dhabi mais peut revoir son pays\" \/>\n<meta property=\"og:description\" content=\"Maintenant que les proc\u00e9dures judiciaires \u00e0 l&#039;encontre du roi \u00e9merite Juan Carlos I ont pris fin, le roi Felipe VI a accept\u00e9 la demande de son p\u00e8re de retourner p\u00e9riodiquement en Espagne.\" \/>\n<meta property=\"og:url\" content=\"https:\/\/www.newsendip.com\/fr\/lancien-roi-despagne-reste-vivre-a-abu-dhabi-mais-peut-revoir-son-pays\/\" \/>\n<meta property=\"og:site_name\" content=\"Newsendip\" \/>\n<meta property=\"article:publisher\" content=\"https:\/\/www.facebook.com\/newsendip\" \/>\n<meta property=\"article:published_time\" content=\"2022-03-09T14:51:40+00:00\" \/>\n<meta property=\"article:modified_time\" content=\"2024-07-18T14:02:52+00:00\" \/>\n<meta property=\"og:image\" content=\"https:\/\/www.newsendip.com\/wp-content\/uploads\/2022\/03\/palacio-real-spain-king-residence-small-progressive.jpeg\" \/>\n<meta name=\"author\" content=\"Newsendip with AP\" \/>\n<meta name=\"twitter:card\" content=\"summary_large_image\" \/>\n<meta name=\"twitter:image\" content=\"https:\/\/www.newsendip.com\/wp-content\/uploads\/2022\/03\/palacio-real-spain-king-residence-small-progressive-150x150.jpeg\" \/>\n<meta name=\"twitter:creator\" content=\"@newsendip\" \/>\n<meta name=\"twitter:site\" content=\"@newsendip\" \/>\n<meta name=\"twitter:label1\" content=\"\u00c9crit par\" \/>\n\t<meta name=\"twitter:data1\" content=\"Newsendip avec AP\" \/>\n\t<meta name=\"twitter:label2\" content=\"Dur\u00e9e de lecture estim\u00e9e\" \/>\n\t<meta name=\"twitter:data2\" content=\"2 minutes\" \/>\n<!-- \/ Yoast SEO Premium plugin. -->","yoast_head_json":{"title":"L'ancien roi d'Espagne reste vivre \u00e0 Abu Dhabi mais peut revoir son pays","description":"Maintenant que les proc\u00e9dures judiciaires \u00e0 l'encontre du roi \u00e9merite Juan Carlos I ont pris fin, le roi Felipe VI a accept\u00e9 la demande de son p\u00e8re de retourner p\u00e9riodiquement en Espagne.","robots":{"index":"index","follow":"follow","max-snippet":"max-snippet:-1","max-image-preview":"max-image-preview:large","max-video-preview":"max-video-preview:-1"},"canonical":"https:\/\/www.newsendip.com\/fr\/lancien-roi-despagne-reste-vivre-a-abu-dhabi-mais-peut-revoir-son-pays\/","og_locale":"fr_FR","og_type":"article","og_title":"L'ancien roi d'Espagne reste vivre \u00e0 Abu Dhabi mais peut revoir son pays","og_description":"Maintenant que les proc\u00e9dures judiciaires \u00e0 l'encontre du roi \u00e9merite Juan Carlos I ont pris fin, le roi Felipe VI a accept\u00e9 la demande de son p\u00e8re de retourner p\u00e9riodiquement en Espagne.","og_url":"https:\/\/www.newsendip.com\/fr\/lancien-roi-despagne-reste-vivre-a-abu-dhabi-mais-peut-revoir-son-pays\/","og_site_name":"Newsendip","article_publisher":"https:\/\/www.facebook.com\/newsendip","article_published_time":"2022-03-09T14:51:40+00:00","article_modified_time":"2024-07-18T14:02:52+00:00","og_image":[{"url":"https:\/\/www.newsendip.com\/wp-content\/uploads\/2022\/03\/palacio-real-spain-king-residence-small-progressive.jpeg","type":"","width":"","height":""}],"author":"Newsendip with AP","twitter_card":"summary_large_image","twitter_image":"https:\/\/www.newsendip.com\/wp-content\/uploads\/2022\/03\/palacio-real-spain-king-residence-small-progressive-150x150.jpeg","twitter_creator":"@newsendip","twitter_site":"@newsendip","twitter_misc":{"\u00c9crit par":"Newsendip avec AP","Dur\u00e9e de lecture estim\u00e9e":"2 minutes"},"schema":{"@context":"https:\/\/schema.org","@graph":[{"@type":"NewsArticle","@id":"https:\/\/www.newsendip.com\/fr\/lancien-roi-despagne-reste-vivre-a-abu-dhabi-mais-peut-revoir-son-pays\/#article","isPartOf":{"@id":"https:\/\/www.newsendip.com\/fr\/lancien-roi-despagne-reste-vivre-a-abu-dhabi-mais-peut-revoir-son-pays\/"},"author":{"name":"Newsendip with AP","@id":"https:\/\/www.newsendip.com\/fr\/#\/schema\/person\/b39c439f25219d252080349ee96644f3"},"headline":"L\u2019ancien roi d\u2019Espagne reste vivre \u00e0 Abu Dhabi mais peut revoir son&nbsp;pays","datePublished":"2022-03-09T14:51:40+00:00","dateModified":"2024-07-18T14:02:52+00:00","mainEntityOfPage":{"@id":"https:\/\/www.newsendip.com\/fr\/lancien-roi-despagne-reste-vivre-a-abu-dhabi-mais-peut-revoir-son-pays\/"},"wordCount":371,"publisher":{"@id":"https:\/\/www.newsendip.com\/fr\/#organization"},"image":{"@id":"https:\/\/www.newsendip.com\/fr\/lancien-roi-despagne-reste-vivre-a-abu-dhabi-mais-peut-revoir-son-pays\/#primaryimage"},"thumbnailUrl":"https:\/\/www.newsendip.com\/wp-content\/uploads\/2022\/03\/palacio-real-spain-king-residence.webp","keywords":["Espagne","Vieux"],"articleSection":["Soci\u00e9t\u00e9"],"inLanguage":"fr-FR","copyrightYear":"2022","copyrightHolder":{"@id":"https:\/\/www.newsendip.com\/#organization"}},{"@type":"WebPage","@id":"https:\/\/www.newsendip.com\/fr\/lancien-roi-despagne-reste-vivre-a-abu-dhabi-mais-peut-revoir-son-pays\/","url":"https:\/\/www.newsendip.com\/fr\/lancien-roi-despagne-reste-vivre-a-abu-dhabi-mais-peut-revoir-son-pays\/","name":"L'ancien roi d'Espagne reste vivre \u00e0 Abu Dhabi mais peut revoir son pays","isPartOf":{"@id":"https:\/\/www.newsendip.com\/fr\/#website"},"primaryImageOfPage":{"@id":"https:\/\/www.newsendip.com\/fr\/lancien-roi-despagne-reste-vivre-a-abu-dhabi-mais-peut-revoir-son-pays\/#primaryimage"},"image":{"@id":"https:\/\/www.newsendip.com\/fr\/lancien-roi-despagne-reste-vivre-a-abu-dhabi-mais-peut-revoir-son-pays\/#primaryimage"},"thumbnailUrl":"https:\/\/www.newsendip.com\/wp-content\/uploads\/2022\/03\/palacio-real-spain-king-residence.webp","datePublished":"2022-03-09T14:51:40+00:00","dateModified":"2024-07-18T14:02:52+00:00","description":"Maintenant que les proc\u00e9dures judiciaires \u00e0 l'encontre du roi \u00e9merite Juan Carlos I ont pris fin, le roi Felipe VI a accept\u00e9 la demande de son p\u00e8re de retourner p\u00e9riodiquement en Espagne.","breadcrumb":{"@id":"https:\/\/www.newsendip.com\/fr\/lancien-roi-despagne-reste-vivre-a-abu-dhabi-mais-peut-revoir-son-pays\/#breadcrumb"},"inLanguage":"fr-FR","potentialAction":[{"@type":"ReadAction","target":["https:\/\/www.newsendip.com\/fr\/lancien-roi-despagne-reste-vivre-a-abu-dhabi-mais-peut-revoir-son-pays\/"]}]},{"@type":"ImageObject","inLanguage":"fr-FR","@id":"https:\/\/www.newsendip.com\/fr\/lancien-roi-despagne-reste-vivre-a-abu-dhabi-mais-peut-revoir-son-pays\/#primaryimage","url":"https:\/\/www.newsendip.com\/wp-content\/uploads\/2022\/03\/palacio-real-spain-king-residence.webp","contentUrl":"https:\/\/www.newsendip.com\/wp-content\/uploads\/2022\/03\/palacio-real-spain-king-residence.webp","width":1920,"height":1280,"caption":"Palacio Real, Spain's royal family residence | \u00a9 Hernan Gonzalez"},{"@type":"BreadcrumbList","@id":"https:\/\/www.newsendip.com\/fr\/lancien-roi-despagne-reste-vivre-a-abu-dhabi-mais-peut-revoir-son-pays\/#breadcrumb","itemListElement":[{"@type":"ListItem","position":1,"name":"Accueil","item":"https:\/\/www.newsendip.com\/fr\/"},{"@type":"ListItem","position":2,"name":"L&#8217;ancien roi d&#8217;Espagne reste vivre \u00e0 Abu Dhabi mais peut revoir son pays"}]},{"@type":"WebSite","@id":"https:\/\/www.newsendip.com\/fr\/#website","url":"https:\/\/www.newsendip.com\/fr\/","name":"Newsendip","description":"Red\u00e9couvrez l&#039;actualit\u00e9 internationale","publisher":{"@id":"https:\/\/www.newsendip.com\/fr\/#organization"},"potentialAction":[{"@type":"SearchAction","target":{"@type":"EntryPoint","urlTemplate":"https:\/\/www.newsendip.com\/fr\/?s={search_term_string}"},"query-input":{"@type":"PropertyValueSpecification","valueRequired":true,"valueName":"search_term_string"}}],"inLanguage":"fr-FR"},{"@type":"Organization","@id":"https:\/\/www.newsendip.com\/fr\/#organization","name":"Newsendip","url":"https:\/\/www.newsendip.com\/fr\/","logo":{"@type":"ImageObject","inLanguage":"fr-FR","@id":"https:\/\/www.newsendip.com\/fr\/#\/schema\/logo\/image\/","url":"https:\/\/www.newsendip.com\/wp-content\/uploads\/2023\/12\/512x512.svg","contentUrl":"https:\/\/www.newsendip.com\/wp-content\/uploads\/2023\/12\/512x512.svg","width":1,"height":1,"caption":"Newsendip"},"image":{"@id":"https:\/\/www.newsendip.com\/fr\/#\/schema\/logo\/image\/"},"sameAs":["https:\/\/www.facebook.com\/newsendip","https:\/\/x.com\/newsendip","https:\/\/mastodon.social\/@newsendip","https:\/\/www.linkedin.com\/company\/newsendip"],"description":"Newsendip est un site qui a pour mission de rendre l'actualit\u00e9 internationale accessible et diversifi\u00e9e","email":"contact@newsendip.com","legalName":"Newsendip SAS","foundingDate":"2022-11-04","vatID":"FR60921124723","numberOfEmployees":{"@type":"QuantitativeValue","minValue":"1","maxValue":"10"},"publishingPrinciples":"https:\/\/www.newsendip.com\/about-us\/","ownershipFundingInfo":"https:\/\/www.newsendip.com\/legal-notice\/","actionableFeedbackPolicy":"https:\/\/www.newsendip.com\/about-us\/","correctionsPolicy":"https:\/\/www.newsendip.com\/about-us\/","ethicsPolicy":"https:\/\/www.newsendip.com\/about-us\/","diversityPolicy":"https:\/\/www.newsendip.com\/about-us\/"},{"@type":"Person","@id":"https:\/\/www.newsendip.com\/fr\/#\/schema\/person\/b39c439f25219d252080349ee96644f3","name":"Newsendip with AP","description":"Newsendip newsroom articles with the support of Associated Press newswire","knowsAbout":["News"],"url":"https:\/\/www.newsendip.com\/fr\/author\/newsendip-associated-press\/"}]}},"_links":{"self":[{"href":"https:\/\/www.newsendip.com\/fr\/wp-json\/wp\/v2\/posts\/14662","targetHints":{"allow":["GET"]}}],"collection":[{"href":"https:\/\/www.newsendip.com\/fr\/wp-json\/wp\/v2\/posts"}],"about":[{"href":"https:\/\/www.newsendip.com\/fr\/wp-json\/wp\/v2\/types\/post"}],"author":[{"embeddable":true,"href":"https:\/\/www.newsendip.com\/fr\/wp-json\/wp\/v2\/users\/4"}],"replies":[{"embeddable":true,"href":"https:\/\/www.newsendip.com\/fr\/wp-json\/wp\/v2\/comments?post=14662"}],"version-history":[{"count":0,"href":"https:\/\/www.newsendip.com\/fr\/wp-json\/wp\/v2\/posts\/14662\/revisions"}],"wp:featuredmedia":[{"embeddable":true,"href":"https:\/\/www.newsendip.com\/fr\/wp-json\/wp\/v2\/media\/14199"}],"wp:attachment":[{"href":"https:\/\/www.newsendip.com\/fr\/wp-json\/wp\/v2\/media?parent=14662"}],"wp:term":[{"taxonomy":"category","embeddable":true,"href":"https:\/\/www.newsendip.com\/fr\/wp-json\/wp\/v2\/categories?post=14662"},{"taxonomy":"post_tag","embeddable":true,"href":"https:\/\/www.newsendip.com\/fr\/wp-json\/wp\/v2\/tags?post=14662"}],"curies":[{"name":"wp","href":"https:\/\/api.w.org\/{rel}","templated":true}]}}