{"id":14663,"date":"2022-03-09T14:02:23","date_gmt":"2022-03-09T13:02:23","guid":{"rendered":"https:\/\/www.newsendip.com\/la-perception-des-roumains-sur-leur-pays-sest-amelioree-avec-linvasion-de-lukraine\/"},"modified":"2024-07-18T16:02:58","modified_gmt":"2024-07-18T14:02:58","slug":"la-perception-des-roumains-sur-leur-pays-sest-amelioree-avec-linvasion-de-lukraine","status":"publish","type":"post","link":"https:\/\/www.newsendip.com\/fr\/la-perception-des-roumains-sur-leur-pays-sest-amelioree-avec-linvasion-de-lukraine\/","title":{"rendered":"La perception des Roumains sur leur pays s\u2019est am\u00e9lior\u00e9e avec l\u2019invasion de l\u2019Ukraine"},"content":{"rendered":"<p><strong>Dans un sondage d\u2019opinion effectu\u00e9 pendant l\u2019invasion de l\u2019Ukraine par la Russie, les Roumains qui estiment que leur pays est sur la bonne voie a presque doubl\u00e9 en un mois Le contexte actuel semble rappeler \u00e0 la Roumanie la protection qu\u2019offrent l\u2019Union Europ\u00e9enne et l\u2019OTAN.<\/strong><\/p>\n<figure id=\"attachment_13082\" aria-describedby=\"caption-attachment-13082\" style=\"width: 774px\" class=\"wp-caption aligncenter\"><img decoding=\"async\" class=\"wp-image-13082 size-full\" src=\"https:\/\/www.newsendip.com\/wp-content\/uploads\/2022\/03\/nato-troops-romania.webp\" alt=\"Forces fran\u00e7aises de l'OTAN d\u00e9ploy\u00e9es en Roumanie\" width=\"774\" height=\"440\" srcset=\"https:\/\/www.newsendip.com\/wp-content\/uploads\/2022\/03\/nato-troops-romania.webp 774w, https:\/\/www.newsendip.com\/wp-content\/uploads\/2022\/03\/nato-troops-romania-300x171.webp 300w, https:\/\/www.newsendip.com\/wp-content\/uploads\/2022\/03\/nato-troops-romania-768x437.webp 768w, https:\/\/www.newsendip.com\/wp-content\/uploads\/2022\/03\/nato-troops-romania-60x34.webp 60w\" sizes=\"(max-width: 774px) 100vw, 774px\"><figcaption id=\"caption-attachment-13082\" class=\"wp-caption-text\">Des forces arm\u00e9es fran\u00e7aises de l\u2019OTAN sont arriv\u00e9s en Roumanie le 28 f\u00e9vrier et le 1er mars suite \u00e0 l\u2019invasion de l\u2019Ukraine par l\u2019arm\u00e9e russe |&nbsp;OTAN<\/figcaption><\/figure>\n<p>Le premier sondage d\u2019opinion d\u2019ampleur en Roumanie depuis le d\u00e9but d\u2019invasion de l\u2019Ukraine par l\u2019arm\u00e9e russe montre que la perception des Roumains sur leur pays s\u2019est am\u00e9lior\u00e9e.<\/p>\n<p>D\u00e9but janvier et f\u00e9vrier, 18\u201320% des Roumains consid\u00e9raient que le pays allait dans la bonne direction tandis que 74\u201377% pensait que la Roumanie se dirigeait dans la mauvaise direction.<\/p>\n<p>Mais le dernier sondage r\u00e9alis\u00e9 par la soci\u00e9t\u00e9 d\u2019\u00e9tudes <a href=\"https:\/\/www.inscop.ro\/en\/\">INSCOP<\/a> montre que presque 36% des Roumains ont le sentiment que le pays avait pris le bon chemin, bien plus que les 20% de f\u00e9vrier. Dans le m\u00eame temps, les plus pessimistes ont diminu\u00e9 de 22 points, de 77% \u00e0 55% en seulement un&nbsp;mois.<\/p>\n<p>L\u2019am\u00e9lioration de la perception des perspectives de la Roumanie est \u00ab\u202f<em>la plus grosse surprise\u202f\u00bb<\/em> du sondage le responsable d\u2019INSCOP Remus Stefureac explique sur son compte Facebook.<!--more--><\/p>\n<p>Stefureac estime que \u00ab\u202f<em>la situation d\u00e9sesp\u00e9r\u00e9e en Ukraine\u202f\u00bb<\/em> a montr\u00e9 les avantages de la position actuelle de la Roumanie.\u00ab\u202f<em>L\u2019agression de la Russie a rappel\u00e9 a nombre d\u2019entre nous \u00e0 quel point notre adh\u00e9sion \u00e0 l\u2019OTAN et l\u2019UE permet de prot\u00e9ger notre paix, tranquilit\u00e9, vie et ce que cette couverture de s\u00e9curit\u00e9 et de d\u00e9veloppement signifie pour la bonne marche de notre&nbsp;pays.\u202f\u00bb<\/em><\/p>\n<p>L\u2019OTAN a engag\u00e9 pour la premi\u00e8re fois sa r\u00e9ponse de d\u00e9fense avec 500 militaires fran\u00e7ais d\u00e9ploy\u00e9s en Roumanie, qui partage environ 614\u202fkm de fronti\u00e8res avec l\u2019Ukraine.<\/p>\n<p>Alors que la p\u00e9riode est charg\u00e9e \u00e9motionnellement, on ne sait pas encore si la perception sur le pays sera br\u00e8ve ou durera sur le long&nbsp;terme.<\/p>\n<p>Le sondage r\u00e9alis\u00e9 fut r\u00e9alis\u00e9 par t\u00e9l\u00e9phone \u00e0 l\u2019\u00e9chelle nationale aupr\u00e8s de 1 077 personnes repr\u00e9sentatives de la population pendant la premi\u00e8re semaine de mars. L\u2019intervalle de confiance est de&nbsp;3%.<\/p>\n<p>La grande majorit\u00e9 des Roumains (75%) pensent que la Russie est coupable de l\u2019invasion pendant que 5% estiment que l\u2019Ukraine est fautive de la situation actuelle. De plus, 79% des Roumains sont en accord avec les sanctions impos\u00e9es par l\u2019UE et les \u00c9tats-Unis \u00e0 la Russie.<\/p>\n<p>Pour ce qui est des intentions de vote, le plus grand changement touche le parti AUR. Ce <a href=\"https:\/\/www.newsendip.com\/fr\/une-senatrice-roumaine-pense-que-son-sac-a-ete-vole-au-parlement-par-les-services-secrets-diana-sosoaca\/\">parti politique populiste conservateur<\/a> a perdu 3,5 points d\u2019opinion favorables, de 22.4% \u00e0 18.9%, et est ainsi descendu de la 2\u00e8me \u00e0 la 3\u00e8me place des partis politiques en termes de popularit\u00e9 aupr\u00e8s de la population.<\/p>\n<p>La parti nationaliste Alliance pour l\u2019Union des Roumains fut cr\u00e9\u00e9 en september 2019 et est vite devenu populaire avec sa critique des contraintes sanitaires li\u00e9es au Covid-19 impos\u00e9es par le gouvernement. <a href=\"https:\/\/vaccinetracker.ecdc.europa.eu\">La Roumanie a le deuxi\u00e8me taux de vaccination le plus bas d\u2019Europe<\/a> avec 42% de la population \u00e9ligible qui a re\u00e7u au moins une&nbsp;dose.<\/p>\n<p>Mais la guerre en Ukraine a pris toute l\u2019attention derni\u00e8rement, rel\u00e9guant les inqui\u00e9tudes de la pand\u00e9mie au second plan. Stefureac consid\u00e8re que \u00ab\u202f<em>la l\u00e9g\u00e8re baisse de AUR peut \u00eatre expliqu\u00e9e par la disparition du parti de la lumi\u00e8re des projecteurs, ajout\u00e9 aux accusations des m\u00e9dias et d\u2019opposants politiques d\u2019une attitude pro-russe pour certains membres ou proches du parti<\/em>\u202f\u00bb.<\/p>\n<p>Dans le m\u00eame temps, les intentions de vote pour le Parti National Lib\u00e9ral, le parti au pouvoir du gouvernement de coalition, ont augment\u00e9 de 16.6% \u00e0 19.9%.<\/p>\n<p><strong><a href=\"https:\/\/www.newsendip.com\/fr\/etiquette\/roumanie\/\">D\u00e9couvrez des actualit\u00e9s sur la Roumanie<\/a><\/strong><\/p>\n","protected":false},"excerpt":{"rendered":"<p>Les Roumains qui estiment que leur pays est sur la bonne voir a presque doubl\u00e9 en un mois. Le contexte semble rappeler \u00e0 la Roumanie la protection qu\u2019offrent l\u2019UE et l\u2019OTAN.<\/p>\n","protected":false},"author":1,"featured_media":14197,"comment_status":"closed","ping_status":"closed","sticky":false,"template":"","format":"standard","meta":{"wp_typography_post_enhancements_disabled":false,"footnotes":""},"categories":[409],"tags":[505,519,421],"class_list":["post-14663","post","type-post","status-publish","format-standard","has-post-thumbnail","hentry","category-societe","tag-roumanie","tag-ukraine-fr","tag-vieux"],"yoast_head":"<!-- This site is optimized with the Yoast SEO Premium plugin v27.4 (Yoast SEO v27.4) - https:\/\/yoast.com\/product\/yoast-seo-premium-wordpress\/ -->\n<title>La perception des Roumains sur leur pays s&#039;est am\u00e9lior\u00e9e avec l&#039;invasion de l&#039;Ukraine<\/title>\n<meta name=\"description\" content=\"Les Roumains qui estiment que leur pays est sur la bonne voir a presque doubl\u00e9 en un mois. Le contexte semble rappeler \u00e0 la Roumanie la protection qu&#039;offrent l&#039;UE et l&#039;OTAN.\" \/>\n<meta name=\"robots\" content=\"index, follow, max-snippet:-1, max-image-preview:large, max-video-preview:-1\" \/>\n<link rel=\"canonical\" href=\"https:\/\/www.newsendip.com\/fr\/la-perception-des-roumains-sur-leur-pays-sest-amelioree-avec-linvasion-de-lukraine\/\" \/>\n<meta property=\"og:locale\" content=\"fr_FR\" \/>\n<meta property=\"og:type\" content=\"article\" \/>\n<meta property=\"og:title\" content=\"La perception des Roumains sur leur pays s&#039;est am\u00e9lior\u00e9e avec l&#039;invasion de l&#039;Ukraine\" \/>\n<meta property=\"og:description\" content=\"Les Roumains qui estiment que leur pays est sur la bonne voir a presque doubl\u00e9 en un mois. Le contexte semble rappeler \u00e0 la Roumanie la protection qu&#039;offrent l&#039;UE et l&#039;OTAN.\" \/>\n<meta property=\"og:url\" content=\"https:\/\/www.newsendip.com\/fr\/la-perception-des-roumains-sur-leur-pays-sest-amelioree-avec-linvasion-de-lukraine\/\" \/>\n<meta property=\"og:site_name\" content=\"Newsendip\" \/>\n<meta property=\"article:publisher\" content=\"https:\/\/www.facebook.com\/newsendip\" \/>\n<meta property=\"article:published_time\" content=\"2022-03-09T13:02:23+00:00\" \/>\n<meta property=\"article:modified_time\" content=\"2024-07-18T14:02:58+00:00\" \/>\n<meta property=\"og:image\" content=\"https:\/\/www.newsendip.com\/wp-content\/uploads\/2022\/03\/nato-troops-romania-progressive.jpeg\" \/>\n<meta name=\"author\" content=\"Cl\u00e9ment V\u00e9rit\u00e9\" \/>\n<meta name=\"twitter:card\" content=\"summary_large_image\" \/>\n<meta name=\"twitter:image\" content=\"https:\/\/www.newsendip.com\/wp-content\/uploads\/2022\/03\/nato-troops-romania-progressive-150x150.jpeg\" \/>\n<meta name=\"twitter:creator\" content=\"@https:\/\/twitter.com\/cverite\" \/>\n<meta name=\"twitter:site\" content=\"@newsendip\" \/>\n<meta name=\"twitter:label1\" content=\"\u00c9crit par\" \/>\n\t<meta name=\"twitter:data1\" content=\"Cl\u00e9ment V\u00e9rit\u00e9\" \/>\n\t<meta name=\"twitter:label2\" content=\"Dur\u00e9e de lecture estim\u00e9e\" \/>\n\t<meta name=\"twitter:data2\" content=\"3 minutes\" \/>\n<!-- \/ Yoast SEO Premium plugin. -->","yoast_head_json":{"title":"La perception des Roumains sur leur pays s'est am\u00e9lior\u00e9e avec l'invasion de l'Ukraine","description":"Les Roumains qui estiment que leur pays est sur la bonne voir a presque doubl\u00e9 en un mois. Le contexte semble rappeler \u00e0 la Roumanie la protection qu'offrent l'UE et l'OTAN.","robots":{"index":"index","follow":"follow","max-snippet":"max-snippet:-1","max-image-preview":"max-image-preview:large","max-video-preview":"max-video-preview:-1"},"canonical":"https:\/\/www.newsendip.com\/fr\/la-perception-des-roumains-sur-leur-pays-sest-amelioree-avec-linvasion-de-lukraine\/","og_locale":"fr_FR","og_type":"article","og_title":"La perception des Roumains sur leur pays s'est am\u00e9lior\u00e9e avec l'invasion de l'Ukraine","og_description":"Les Roumains qui estiment que leur pays est sur la bonne voir a presque doubl\u00e9 en un mois. Le contexte semble rappeler \u00e0 la Roumanie la protection qu'offrent l'UE et l'OTAN.","og_url":"https:\/\/www.newsendip.com\/fr\/la-perception-des-roumains-sur-leur-pays-sest-amelioree-avec-linvasion-de-lukraine\/","og_site_name":"Newsendip","article_publisher":"https:\/\/www.facebook.com\/newsendip","article_published_time":"2022-03-09T13:02:23+00:00","article_modified_time":"2024-07-18T14:02:58+00:00","og_image":[{"url":"https:\/\/www.newsendip.com\/wp-content\/uploads\/2022\/03\/nato-troops-romania-progressive.jpeg","type":"","width":"","height":""}],"author":"Cl\u00e9ment V\u00e9rit\u00e9","twitter_card":"summary_large_image","twitter_image":"https:\/\/www.newsendip.com\/wp-content\/uploads\/2022\/03\/nato-troops-romania-progressive-150x150.jpeg","twitter_creator":"@https:\/\/twitter.com\/cverite","twitter_site":"@newsendip","twitter_misc":{"\u00c9crit par":"Cl\u00e9ment V\u00e9rit\u00e9","Dur\u00e9e de lecture estim\u00e9e":"3 minutes"},"schema":{"@context":"https:\/\/schema.org","@graph":[{"@type":"NewsArticle","@id":"https:\/\/www.newsendip.com\/fr\/la-perception-des-roumains-sur-leur-pays-sest-amelioree-avec-linvasion-de-lukraine\/#article","isPartOf":{"@id":"https:\/\/www.newsendip.com\/fr\/la-perception-des-roumains-sur-leur-pays-sest-amelioree-avec-linvasion-de-lukraine\/"},"author":{"name":"Cl\u00e9ment V\u00e9rit\u00e9","@id":"https:\/\/www.newsendip.com\/fr\/#\/schema\/person\/ea22c01755f464a3cbc2c619584d6363"},"headline":"La perception des Roumains sur leur pays s\u2019est am\u00e9lior\u00e9e avec l\u2019invasion de l\u2019Ukraine","datePublished":"2022-03-09T13:02:23+00:00","dateModified":"2024-07-18T14:02:58+00:00","mainEntityOfPage":{"@id":"https:\/\/www.newsendip.com\/fr\/la-perception-des-roumains-sur-leur-pays-sest-amelioree-avec-linvasion-de-lukraine\/"},"wordCount":692,"publisher":{"@id":"https:\/\/www.newsendip.com\/fr\/#organization"},"image":{"@id":"https:\/\/www.newsendip.com\/fr\/la-perception-des-roumains-sur-leur-pays-sest-amelioree-avec-linvasion-de-lukraine\/#primaryimage"},"thumbnailUrl":"https:\/\/www.newsendip.com\/wp-content\/uploads\/2022\/03\/nato-troops-romania.webp","keywords":["Roumanie","Ukraine","Vieux"],"articleSection":["Soci\u00e9t\u00e9"],"inLanguage":"fr-FR","copyrightYear":"2022","copyrightHolder":{"@id":"https:\/\/www.newsendip.com\/#organization"}},{"@type":"WebPage","@id":"https:\/\/www.newsendip.com\/fr\/la-perception-des-roumains-sur-leur-pays-sest-amelioree-avec-linvasion-de-lukraine\/","url":"https:\/\/www.newsendip.com\/fr\/la-perception-des-roumains-sur-leur-pays-sest-amelioree-avec-linvasion-de-lukraine\/","name":"La perception des Roumains sur leur pays s'est am\u00e9lior\u00e9e avec l'invasion de l'Ukraine","isPartOf":{"@id":"https:\/\/www.newsendip.com\/fr\/#website"},"primaryImageOfPage":{"@id":"https:\/\/www.newsendip.com\/fr\/la-perception-des-roumains-sur-leur-pays-sest-amelioree-avec-linvasion-de-lukraine\/#primaryimage"},"image":{"@id":"https:\/\/www.newsendip.com\/fr\/la-perception-des-roumains-sur-leur-pays-sest-amelioree-avec-linvasion-de-lukraine\/#primaryimage"},"thumbnailUrl":"https:\/\/www.newsendip.com\/wp-content\/uploads\/2022\/03\/nato-troops-romania.webp","datePublished":"2022-03-09T13:02:23+00:00","dateModified":"2024-07-18T14:02:58+00:00","description":"Les Roumains qui estiment que leur pays est sur la bonne voir a presque doubl\u00e9 en un mois. Le contexte semble rappeler \u00e0 la Roumanie la protection qu'offrent l'UE et l'OTAN.","breadcrumb":{"@id":"https:\/\/www.newsendip.com\/fr\/la-perception-des-roumains-sur-leur-pays-sest-amelioree-avec-linvasion-de-lukraine\/#breadcrumb"},"inLanguage":"fr-FR","potentialAction":[{"@type":"ReadAction","target":["https:\/\/www.newsendip.com\/fr\/la-perception-des-roumains-sur-leur-pays-sest-amelioree-avec-linvasion-de-lukraine\/"]}]},{"@type":"ImageObject","inLanguage":"fr-FR","@id":"https:\/\/www.newsendip.com\/fr\/la-perception-des-roumains-sur-leur-pays-sest-amelioree-avec-linvasion-de-lukraine\/#primaryimage","url":"https:\/\/www.newsendip.com\/wp-content\/uploads\/2022\/03\/nato-troops-romania.webp","contentUrl":"https:\/\/www.newsendip.com\/wp-content\/uploads\/2022\/03\/nato-troops-romania.webp","width":774,"height":440,"caption":"NATO French troops arrived in Romania on February 28 and March 1 following Russia's invasion of Ukraine | NATO"},{"@type":"BreadcrumbList","@id":"https:\/\/www.newsendip.com\/fr\/la-perception-des-roumains-sur-leur-pays-sest-amelioree-avec-linvasion-de-lukraine\/#breadcrumb","itemListElement":[{"@type":"ListItem","position":1,"name":"Accueil","item":"https:\/\/www.newsendip.com\/fr\/"},{"@type":"ListItem","position":2,"name":"La perception des Roumains sur leur pays s&#8217;est am\u00e9lior\u00e9e avec l&#8217;invasion de l&#8217;Ukraine"}]},{"@type":"WebSite","@id":"https:\/\/www.newsendip.com\/fr\/#website","url":"https:\/\/www.newsendip.com\/fr\/","name":"Newsendip","description":"Red\u00e9couvrez l&#039;actualit\u00e9 internationale","publisher":{"@id":"https:\/\/www.newsendip.com\/fr\/#organization"},"potentialAction":[{"@type":"SearchAction","target":{"@type":"EntryPoint","urlTemplate":"https:\/\/www.newsendip.com\/fr\/?s={search_term_string}"},"query-input":{"@type":"PropertyValueSpecification","valueRequired":true,"valueName":"search_term_string"}}],"inLanguage":"fr-FR"},{"@type":"Organization","@id":"https:\/\/www.newsendip.com\/fr\/#organization","name":"Newsendip","url":"https:\/\/www.newsendip.com\/fr\/","logo":{"@type":"ImageObject","inLanguage":"fr-FR","@id":"https:\/\/www.newsendip.com\/fr\/#\/schema\/logo\/image\/","url":"https:\/\/www.newsendip.com\/wp-content\/uploads\/2023\/12\/512x512.svg","contentUrl":"https:\/\/www.newsendip.com\/wp-content\/uploads\/2023\/12\/512x512.svg","width":1,"height":1,"caption":"Newsendip"},"image":{"@id":"https:\/\/www.newsendip.com\/fr\/#\/schema\/logo\/image\/"},"sameAs":["https:\/\/www.facebook.com\/newsendip","https:\/\/x.com\/newsendip","https:\/\/mastodon.social\/@newsendip","https:\/\/www.linkedin.com\/company\/newsendip"],"description":"Newsendip est un site qui a pour mission de rendre l'actualit\u00e9 internationale accessible et diversifi\u00e9e","email":"contact@newsendip.com","legalName":"Newsendip SAS","foundingDate":"2022-11-04","vatID":"FR60921124723","numberOfEmployees":{"@type":"QuantitativeValue","minValue":"1","maxValue":"10"},"publishingPrinciples":"https:\/\/www.newsendip.com\/about-us\/","ownershipFundingInfo":"https:\/\/www.newsendip.com\/legal-notice\/","actionableFeedbackPolicy":"https:\/\/www.newsendip.com\/about-us\/","correctionsPolicy":"https:\/\/www.newsendip.com\/about-us\/","ethicsPolicy":"https:\/\/www.newsendip.com\/about-us\/","diversityPolicy":"https:\/\/www.newsendip.com\/about-us\/"},{"@type":"Person","@id":"https:\/\/www.newsendip.com\/fr\/#\/schema\/person\/ea22c01755f464a3cbc2c619584d6363","name":"Cl\u00e9ment V\u00e9rit\u00e9","description":"Cl\u00e9ment is the executive editor and founder of Newsendip. He started in the media industry as a freelance reporter at 16 for a local French newspaper after school and has never left it. He later worked for seven years at The New York Times, notably as a data analyst. He holds a Master of Management in France and a Master of Arts in the United Kingdom in International Marketing &amp; Communications Strategy. He has lived in France, the United Kingdom, and Italy.","sameAs":["https:\/\/www.newsendip.com\/","https:\/\/www.linkedin.com\/in\/clementverite\/","https:\/\/x.com\/https:\/\/twitter.com\/cverite"],"knowsAbout":["News","International","Business","Media monitoring"],"knowsLanguage":["English","French","Italian","Spanish"],"url":"https:\/\/www.newsendip.com\/fr\/author\/clement-verite\/"}]}},"_links":{"self":[{"href":"https:\/\/www.newsendip.com\/fr\/wp-json\/wp\/v2\/posts\/14663","targetHints":{"allow":["GET"]}}],"collection":[{"href":"https:\/\/www.newsendip.com\/fr\/wp-json\/wp\/v2\/posts"}],"about":[{"href":"https:\/\/www.newsendip.com\/fr\/wp-json\/wp\/v2\/types\/post"}],"author":[{"embeddable":true,"href":"https:\/\/www.newsendip.com\/fr\/wp-json\/wp\/v2\/users\/1"}],"replies":[{"embeddable":true,"href":"https:\/\/www.newsendip.com\/fr\/wp-json\/wp\/v2\/comments?post=14663"}],"version-history":[{"count":0,"href":"https:\/\/www.newsendip.com\/fr\/wp-json\/wp\/v2\/posts\/14663\/revisions"}],"wp:featuredmedia":[{"embeddable":true,"href":"https:\/\/www.newsendip.com\/fr\/wp-json\/wp\/v2\/media\/14197"}],"wp:attachment":[{"href":"https:\/\/www.newsendip.com\/fr\/wp-json\/wp\/v2\/media?parent=14663"}],"wp:term":[{"taxonomy":"category","embeddable":true,"href":"https:\/\/www.newsendip.com\/fr\/wp-json\/wp\/v2\/categories?post=14663"},{"taxonomy":"post_tag","embeddable":true,"href":"https:\/\/www.newsendip.com\/fr\/wp-json\/wp\/v2\/tags?post=14663"}],"curies":[{"name":"wp","href":"https:\/\/api.w.org\/{rel}","templated":true}]}}