{"id":14734,"date":"2022-03-08T11:53:00","date_gmt":"2022-03-08T10:53:00","guid":{"rendered":"https:\/\/www.newsendip.com\/?p=14734"},"modified":"2024-07-18T16:03:24","modified_gmt":"2024-07-18T14:03:24","slug":"irlande-indemnisation-les-familles-des-soignants-decedes-du-covid-19","status":"publish","type":"post","link":"https:\/\/www.newsendip.com\/fr\/irlande-indemnisation-les-familles-des-soignants-decedes-du-covid-19\/","title":{"rendered":"L\u2019Irlande pr\u00e9voit d\u2019indemniser les familles des soignants d\u00e9c\u00e9d\u00e9s du COVID-19"},"content":{"rendered":"<p>Le minist\u00e8re irlandais de la Sant\u00e9 pr\u00e9voit d\u2019indemniser les familles du personnel de sant\u00e9 d\u00e9c\u00e9d\u00e9 du COVID-19, ont rapport\u00e9 l\u2019<a href=\"https:\/\/www.irishtimes.com\/news\/ireland\/irish-news\/state-will-pay-100-000-to-families-of-healthcare-workers-who-died-of-covid-1.4820882\">Irish Times<\/a> et l\u2019<a href=\"https:\/\/www.independent.ie\/irish-news\/families-of-healthcare-workers-who-died-from-covid-to-get-100000-41421307.html\">Independent<\/a> le 8&nbsp;mars.<\/p>\n<p>Le ministre de la sant\u00e9, Stephen Donnelly, devrait pr\u00e9senter mardi aux membres du cabinet un m\u00e9mo visant \u00e0 indemniser plus de 20 familles de professionnels travaillant dans le secteur de la sant\u00e9 et d\u00e9c\u00e9d\u00e9s du COVID-19 apr\u00e8s avoir \u00e9t\u00e9 infect\u00e9s sur leur lieu de travail pendant la pand\u00e9mie.<\/p>\n<p>L\u2019indemnisation s\u2019\u00e9l\u00e8verait \u00e0 100 000 euros vers\u00e9e une seule fois, ind\u00e9pendamment du salaire ou du poste occup\u00e9 par la personne.<!--more--><\/p>\n<p>La plupart des d\u00e9c\u00e8s sont survenus durant la premi\u00e8re vague de la pand\u00e9mie, lorsque les travailleurs jug\u00e9s essentiels \u00e9taient en premi\u00e8re ligne dans la lutte contre le COVID-19 alors que l\u2019on connaissait encore peu de choses sur l\u2019infection et que les vaccins n\u2019\u00e9taient pas encore disponibles.<\/p>\n<p>Plus de 40 000 professionnels de sant\u00e9 ont \u00e9t\u00e9 infect\u00e9s par le COVID-19\u202fen Irlande \u00e0 ce&nbsp;jour.<\/p>\n<p>Un programme similaire a \u00e9t\u00e9 mis en place en Grande-Bretagne. Les familles britanniques re\u00e7oivent 60 000 livres (79 000 dollars).<\/p>\n<p>Au d\u00e9but de l\u2019ann\u00e9e, l\u2019Irlande a annonc\u00e9 le versement d<a href=\"https:\/\/www.newsendip.com\/fr\/lirlande-declare-un-jour-ferie-unique-pour-la-pandemie-de-covid-19-avant-quelle-ne-soit-terminee\/\">\u2019une prime nette d\u2019imp\u00f4ts de 1 000 euros<\/a> \u00e0 l\u2019ensemble des 100 000 employ\u00e9s de sant\u00e9 publique, en \u00ab\u202f<em>reconnaissance de leur travail dans des conditions dangereuses et difficiles pendant la pand\u00e9mie, et pour les milliers de vies sauv\u00e9es gr\u00e2ce \u00e0 leurs efforts\u202f\u00bb<\/em>.<\/p>\n<p><a href=\"https:\/\/www.newsendip.com\/fr\/la-saint-brigids-day-nouveau-jour-ferie-en-irlande-le-premier-du-pays-associe-au-nom-dune-femme\/\">L\u2019Irlande a \u00e9galement fix\u00e9 un nouveau jour f\u00e9ri\u00e9<\/a> pour comm\u00e9morer la pand\u00e9mie de COVID-19 et reconna\u00eetre le travail des soignants.<\/p>\n<p><a href=\"https:\/\/www.newsendip.com\/fr\/etiquette\/irlande\/\"><strong>D\u00e9couvrez des actualit\u00e9s sur l\u2019Irlande<\/strong><\/a><\/p>\n","protected":false},"excerpt":{"rendered":"<p>L\u2019Irlande cherche \u00e0 indemniser les familles des travailleurs des soignants d\u00e9c\u00e9d\u00e9s du COVID-19 \u00e0 hauteur de 100 000&nbsp;euros.<\/p>\n","protected":false},"author":1,"featured_media":13947,"comment_status":"closed","ping_status":"closed","sticky":false,"template":"","format":"standard","meta":{"wp_typography_post_enhancements_disabled":false,"footnotes":""},"categories":[412],"tags":[430,421],"class_list":["post-14734","post","type-post","status-publish","format-standard","has-post-thumbnail","hentry","category-sciences-et-sante","tag-irlande","tag-vieux"],"yoast_head":"<!-- This site is optimized with the Yoast SEO Premium plugin v27.4 (Yoast SEO v27.4) - https:\/\/yoast.com\/product\/yoast-seo-premium-wordpress\/ -->\n<title>L&#039;Irlande pr\u00e9voit d&#039;indemniser les familles des soignants d\u00e9c\u00e9d\u00e9s du COVID-19<\/title>\n<meta name=\"description\" content=\"L&#039;Irlande cherche \u00e0 indemniser les familles des travailleurs des soignants d\u00e9c\u00e9d\u00e9s du COVID-19 \u00e0 hauteur de 100 000 euros.\" \/>\n<meta name=\"robots\" content=\"index, follow, max-snippet:-1, max-image-preview:large, max-video-preview:-1\" \/>\n<link rel=\"canonical\" href=\"https:\/\/www.newsendip.com\/fr\/irlande-indemnisation-les-familles-des-soignants-decedes-du-covid-19\/\" \/>\n<meta property=\"og:locale\" content=\"fr_FR\" \/>\n<meta property=\"og:type\" content=\"article\" \/>\n<meta property=\"og:title\" content=\"L&#039;Irlande pr\u00e9voit d&#039;indemniser les familles des soignants d\u00e9c\u00e9d\u00e9s du COVID-19\" \/>\n<meta property=\"og:description\" content=\"L&#039;Irlande cherche \u00e0 indemniser les familles des travailleurs des soignants d\u00e9c\u00e9d\u00e9s du COVID-19 \u00e0 hauteur de 100 000 euros.\" \/>\n<meta property=\"og:url\" content=\"https:\/\/www.newsendip.com\/fr\/irlande-indemnisation-les-familles-des-soignants-decedes-du-covid-19\/\" \/>\n<meta property=\"og:site_name\" content=\"Newsendip\" \/>\n<meta property=\"article:publisher\" content=\"https:\/\/www.facebook.com\/newsendip\" \/>\n<meta property=\"article:published_time\" content=\"2022-03-08T10:53:00+00:00\" \/>\n<meta property=\"article:modified_time\" content=\"2024-07-18T14:03:24+00:00\" \/>\n<meta property=\"og:image\" content=\"https:\/\/www.newsendip.com\/wp-content\/uploads\/2022\/01\/ireland-public-holiday-covid-19-pandemic-progressive-1024x683.jpeg\" \/>\n<meta name=\"author\" content=\"Cl\u00e9ment V\u00e9rit\u00e9\" \/>\n<meta name=\"twitter:card\" content=\"summary_large_image\" \/>\n<meta name=\"twitter:image\" content=\"https:\/\/www.newsendip.com\/wp-content\/uploads\/2022\/01\/ireland-public-holiday-covid-19-pandemic-progressive-150x150.jpeg\" \/>\n<meta name=\"twitter:creator\" content=\"@https:\/\/twitter.com\/cverite\" \/>\n<meta name=\"twitter:site\" content=\"@newsendip\" \/>\n<meta name=\"twitter:label1\" content=\"\u00c9crit par\" \/>\n\t<meta name=\"twitter:data1\" content=\"Cl\u00e9ment V\u00e9rit\u00e9\" \/>\n\t<meta name=\"twitter:label2\" content=\"Dur\u00e9e de lecture estim\u00e9e\" \/>\n\t<meta name=\"twitter:data2\" content=\"2 minutes\" \/>\n<!-- \/ Yoast SEO Premium plugin. -->","yoast_head_json":{"title":"L'Irlande pr\u00e9voit d'indemniser les familles des soignants d\u00e9c\u00e9d\u00e9s du COVID-19","description":"L'Irlande cherche \u00e0 indemniser les familles des travailleurs des soignants d\u00e9c\u00e9d\u00e9s du COVID-19 \u00e0 hauteur de 100 000 euros.","robots":{"index":"index","follow":"follow","max-snippet":"max-snippet:-1","max-image-preview":"max-image-preview:large","max-video-preview":"max-video-preview:-1"},"canonical":"https:\/\/www.newsendip.com\/fr\/irlande-indemnisation-les-familles-des-soignants-decedes-du-covid-19\/","og_locale":"fr_FR","og_type":"article","og_title":"L'Irlande pr\u00e9voit d'indemniser les familles des soignants d\u00e9c\u00e9d\u00e9s du COVID-19","og_description":"L'Irlande cherche \u00e0 indemniser les familles des travailleurs des soignants d\u00e9c\u00e9d\u00e9s du COVID-19 \u00e0 hauteur de 100 000 euros.","og_url":"https:\/\/www.newsendip.com\/fr\/irlande-indemnisation-les-familles-des-soignants-decedes-du-covid-19\/","og_site_name":"Newsendip","article_publisher":"https:\/\/www.facebook.com\/newsendip","article_published_time":"2022-03-08T10:53:00+00:00","article_modified_time":"2024-07-18T14:03:24+00:00","og_image":[{"url":"https:\/\/www.newsendip.com\/wp-content\/uploads\/2022\/01\/ireland-public-holiday-covid-19-pandemic-progressive-1024x683.jpeg","type":"","width":"","height":""}],"author":"Cl\u00e9ment V\u00e9rit\u00e9","twitter_card":"summary_large_image","twitter_image":"https:\/\/www.newsendip.com\/wp-content\/uploads\/2022\/01\/ireland-public-holiday-covid-19-pandemic-progressive-150x150.jpeg","twitter_creator":"@https:\/\/twitter.com\/cverite","twitter_site":"@newsendip","twitter_misc":{"\u00c9crit par":"Cl\u00e9ment V\u00e9rit\u00e9","Dur\u00e9e de lecture estim\u00e9e":"2 minutes"},"schema":{"@context":"https:\/\/schema.org","@graph":[{"@type":"NewsArticle","@id":"https:\/\/www.newsendip.com\/fr\/irlande-indemnisation-les-familles-des-soignants-decedes-du-covid-19\/#article","isPartOf":{"@id":"https:\/\/www.newsendip.com\/fr\/irlande-indemnisation-les-familles-des-soignants-decedes-du-covid-19\/"},"author":{"name":"Cl\u00e9ment V\u00e9rit\u00e9","@id":"https:\/\/www.newsendip.com\/fr\/#\/schema\/person\/ea22c01755f464a3cbc2c619584d6363"},"headline":"L\u2019Irlande pr\u00e9voit d\u2019indemniser les familles des soignants d\u00e9c\u00e9d\u00e9s du COVID-19","datePublished":"2022-03-08T10:53:00+00:00","dateModified":"2024-07-18T14:03:24+00:00","mainEntityOfPage":{"@id":"https:\/\/www.newsendip.com\/fr\/irlande-indemnisation-les-familles-des-soignants-decedes-du-covid-19\/"},"wordCount":302,"publisher":{"@id":"https:\/\/www.newsendip.com\/fr\/#organization"},"image":{"@id":"https:\/\/www.newsendip.com\/fr\/irlande-indemnisation-les-familles-des-soignants-decedes-du-covid-19\/#primaryimage"},"thumbnailUrl":"https:\/\/www.newsendip.com\/wp-content\/uploads\/2022\/01\/ireland-public-holiday-covid-19-pandemic.webp","keywords":["Irlande","Vieux"],"articleSection":["Sciences et sant\u00e9"],"inLanguage":"fr-FR","copyrightYear":"2022","copyrightHolder":{"@id":"https:\/\/www.newsendip.com\/#organization"}},{"@type":"WebPage","@id":"https:\/\/www.newsendip.com\/fr\/irlande-indemnisation-les-familles-des-soignants-decedes-du-covid-19\/","url":"https:\/\/www.newsendip.com\/fr\/irlande-indemnisation-les-familles-des-soignants-decedes-du-covid-19\/","name":"L'Irlande pr\u00e9voit d'indemniser les familles des soignants d\u00e9c\u00e9d\u00e9s du COVID-19","isPartOf":{"@id":"https:\/\/www.newsendip.com\/fr\/#website"},"primaryImageOfPage":{"@id":"https:\/\/www.newsendip.com\/fr\/irlande-indemnisation-les-familles-des-soignants-decedes-du-covid-19\/#primaryimage"},"image":{"@id":"https:\/\/www.newsendip.com\/fr\/irlande-indemnisation-les-familles-des-soignants-decedes-du-covid-19\/#primaryimage"},"thumbnailUrl":"https:\/\/www.newsendip.com\/wp-content\/uploads\/2022\/01\/ireland-public-holiday-covid-19-pandemic.webp","datePublished":"2022-03-08T10:53:00+00:00","dateModified":"2024-07-18T14:03:24+00:00","description":"L'Irlande cherche \u00e0 indemniser les familles des travailleurs des soignants d\u00e9c\u00e9d\u00e9s du COVID-19 \u00e0 hauteur de 100 000 euros.","breadcrumb":{"@id":"https:\/\/www.newsendip.com\/fr\/irlande-indemnisation-les-familles-des-soignants-decedes-du-covid-19\/#breadcrumb"},"inLanguage":"fr-FR","potentialAction":[{"@type":"ReadAction","target":["https:\/\/www.newsendip.com\/fr\/irlande-indemnisation-les-familles-des-soignants-decedes-du-covid-19\/"]}]},{"@type":"ImageObject","inLanguage":"fr-FR","@id":"https:\/\/www.newsendip.com\/fr\/irlande-indemnisation-les-familles-des-soignants-decedes-du-covid-19\/#primaryimage","url":"https:\/\/www.newsendip.com\/wp-content\/uploads\/2022\/01\/ireland-public-holiday-covid-19-pandemic.webp","contentUrl":"https:\/\/www.newsendip.com\/wp-content\/uploads\/2022\/01\/ireland-public-holiday-covid-19-pandemic.webp","width":1920,"height":1280,"caption":"\u00a9 Mufid Majnun"},{"@type":"BreadcrumbList","@id":"https:\/\/www.newsendip.com\/fr\/irlande-indemnisation-les-familles-des-soignants-decedes-du-covid-19\/#breadcrumb","itemListElement":[{"@type":"ListItem","position":1,"name":"Accueil","item":"https:\/\/www.newsendip.com\/fr\/"},{"@type":"ListItem","position":2,"name":"L&#8217;Irlande pr\u00e9voit d&#8217;indemniser les familles des soignants d\u00e9c\u00e9d\u00e9s du COVID-19"}]},{"@type":"WebSite","@id":"https:\/\/www.newsendip.com\/fr\/#website","url":"https:\/\/www.newsendip.com\/fr\/","name":"Newsendip","description":"Red\u00e9couvrez l&#039;actualit\u00e9 internationale","publisher":{"@id":"https:\/\/www.newsendip.com\/fr\/#organization"},"potentialAction":[{"@type":"SearchAction","target":{"@type":"EntryPoint","urlTemplate":"https:\/\/www.newsendip.com\/fr\/?s={search_term_string}"},"query-input":{"@type":"PropertyValueSpecification","valueRequired":true,"valueName":"search_term_string"}}],"inLanguage":"fr-FR"},{"@type":"Organization","@id":"https:\/\/www.newsendip.com\/fr\/#organization","name":"Newsendip","url":"https:\/\/www.newsendip.com\/fr\/","logo":{"@type":"ImageObject","inLanguage":"fr-FR","@id":"https:\/\/www.newsendip.com\/fr\/#\/schema\/logo\/image\/","url":"https:\/\/www.newsendip.com\/wp-content\/uploads\/2023\/12\/512x512.svg","contentUrl":"https:\/\/www.newsendip.com\/wp-content\/uploads\/2023\/12\/512x512.svg","width":1,"height":1,"caption":"Newsendip"},"image":{"@id":"https:\/\/www.newsendip.com\/fr\/#\/schema\/logo\/image\/"},"sameAs":["https:\/\/www.facebook.com\/newsendip","https:\/\/x.com\/newsendip","https:\/\/mastodon.social\/@newsendip","https:\/\/www.linkedin.com\/company\/newsendip"],"description":"Newsendip est un site qui a pour mission de rendre l'actualit\u00e9 internationale accessible et diversifi\u00e9e","email":"contact@newsendip.com","legalName":"Newsendip SAS","foundingDate":"2022-11-04","vatID":"FR60921124723","numberOfEmployees":{"@type":"QuantitativeValue","minValue":"1","maxValue":"10"},"publishingPrinciples":"https:\/\/www.newsendip.com\/about-us\/","ownershipFundingInfo":"https:\/\/www.newsendip.com\/legal-notice\/","actionableFeedbackPolicy":"https:\/\/www.newsendip.com\/about-us\/","correctionsPolicy":"https:\/\/www.newsendip.com\/about-us\/","ethicsPolicy":"https:\/\/www.newsendip.com\/about-us\/","diversityPolicy":"https:\/\/www.newsendip.com\/about-us\/"},{"@type":"Person","@id":"https:\/\/www.newsendip.com\/fr\/#\/schema\/person\/ea22c01755f464a3cbc2c619584d6363","name":"Cl\u00e9ment V\u00e9rit\u00e9","description":"Cl\u00e9ment is the executive editor and founder of Newsendip. He started in the media industry as a freelance reporter at 16 for a local French newspaper after school and has never left it. He later worked for seven years at The New York Times, notably as a data analyst. He holds a Master of Management in France and a Master of Arts in the United Kingdom in International Marketing &amp; Communications Strategy. He has lived in France, the United Kingdom, and Italy.","sameAs":["https:\/\/www.newsendip.com\/","https:\/\/www.linkedin.com\/in\/clementverite\/","https:\/\/x.com\/https:\/\/twitter.com\/cverite"],"knowsAbout":["News","International","Business","Media monitoring"],"knowsLanguage":["English","French","Italian","Spanish"],"url":"https:\/\/www.newsendip.com\/fr\/author\/clement-verite\/"}]}},"_links":{"self":[{"href":"https:\/\/www.newsendip.com\/fr\/wp-json\/wp\/v2\/posts\/14734","targetHints":{"allow":["GET"]}}],"collection":[{"href":"https:\/\/www.newsendip.com\/fr\/wp-json\/wp\/v2\/posts"}],"about":[{"href":"https:\/\/www.newsendip.com\/fr\/wp-json\/wp\/v2\/types\/post"}],"author":[{"embeddable":true,"href":"https:\/\/www.newsendip.com\/fr\/wp-json\/wp\/v2\/users\/1"}],"replies":[{"embeddable":true,"href":"https:\/\/www.newsendip.com\/fr\/wp-json\/wp\/v2\/comments?post=14734"}],"version-history":[{"count":0,"href":"https:\/\/www.newsendip.com\/fr\/wp-json\/wp\/v2\/posts\/14734\/revisions"}],"wp:featuredmedia":[{"embeddable":true,"href":"https:\/\/www.newsendip.com\/fr\/wp-json\/wp\/v2\/media\/13947"}],"wp:attachment":[{"href":"https:\/\/www.newsendip.com\/fr\/wp-json\/wp\/v2\/media?parent=14734"}],"wp:term":[{"taxonomy":"category","embeddable":true,"href":"https:\/\/www.newsendip.com\/fr\/wp-json\/wp\/v2\/categories?post=14734"},{"taxonomy":"post_tag","embeddable":true,"href":"https:\/\/www.newsendip.com\/fr\/wp-json\/wp\/v2\/tags?post=14734"}],"curies":[{"name":"wp","href":"https:\/\/api.w.org\/{rel}","templated":true}]}}