{"id":14736,"date":"2022-03-07T19:56:02","date_gmt":"2022-03-07T18:56:02","guid":{"rendered":"https:\/\/www.newsendip.com\/?p=14736"},"modified":"2024-07-18T16:03:33","modified_gmt":"2024-07-18T14:03:33","slug":"ivan-kuliak-gymnaste-russe-z-symbole-pro-invasion-ukraine-avant-interdiction-competition","status":"publish","type":"post","link":"https:\/\/www.newsendip.com\/fr\/ivan-kuliak-gymnaste-russe-z-symbole-pro-invasion-ukraine-avant-interdiction-competition\/","title":{"rendered":"Un gymnaste russe affiche un symbole en faveur de l\u2019invasion en Ukraine avant l\u2019interdiction de comp\u00e9titions"},"content":{"rendered":"<p><strong>Le gymnaste russe Ivan Kuliak a affich\u00e9 un symbole soutenant l\u2019invasion de l\u2019Ukraine avant que l\u2019exclusion des Russes des comp\u00e9titions internationales ne soit effective.<\/strong><\/p>\n<p><img decoding=\"async\" class=\"aligncenter wp-image-14189 size-full\" src=\"https:\/\/www.newsendip.com\/wp-content\/uploads\/2022\/03\/international-gymnastics-federation.webp\" alt=\"Logo de la F\u00e9d\u00e9ration internationale de gymnastique\" width=\"1000\" height=\"563\" srcset=\"https:\/\/www.newsendip.com\/wp-content\/uploads\/2022\/03\/international-gymnastics-federation.webp 1000w, https:\/\/www.newsendip.com\/wp-content\/uploads\/2022\/03\/international-gymnastics-federation-60x34.webp 60w, https:\/\/www.newsendip.com\/wp-content\/uploads\/2022\/03\/international-gymnastics-federation-300x169.webp 300w, https:\/\/www.newsendip.com\/wp-content\/uploads\/2022\/03\/international-gymnastics-federation-768x432.webp 768w\" sizes=\"(max-width: 1000px) 100vw, 1000px\"><\/p>\n<p>Un gymnaste russe a affich\u00e9 un symbole sugg\u00e9rant le soutien \u00e0 l\u2019invasion de la Russie en Ukraine pendant une c\u00e9r\u00e9monie de remise des m\u00e9dailles. L\u2019interdiction des Russes de participer \u00e0 des comp\u00e9titions internationales de gymnastique n\u2019\u00e9tait pas encore entr\u00e9e en vigueur.<\/p>\n<p>Ivan Kuliak, 20 ans, a affich\u00e9 sur son surv\u00eatement un symbole soutenant l\u2019invasion de l\u2019Ukraine lors d\u2019une c\u00e9r\u00e9monie de remise des m\u00e9dailles le 5&nbsp;mars.<\/p>\n<p>Kuliak a coll\u00e9 le symbole \u00ab\u202fZ\u202f\u00bb sur sa veste lors d\u2019un \u00e9v\u00e9nement de la Coupe du monde \u00e0 Doha, au Qatar. Le <em>Z<\/em>figure sur les v\u00e9hicules militaires russes et est adopt\u00e9 par les partisans de la guerre.<\/p>\n<p>La gymnaste a termin\u00e9 troisi\u00e8me des barres parall\u00e8les et a remport\u00e9 la m\u00e9daille de bronze. Le m\u00e9daill\u00e9 d\u2019or Illia Kovtun, qui a \u00e9galement remport\u00e9 l\u2019argent au sol et le bronze \u00e0 la barre fixe, est ukrainien.<!--more--><\/p>\n<p>En raison de \u00ab\u202f<em>son comportement choquant\u202f\u00bb<\/em>, la F\u00e9d\u00e9ration internationale de gymnastique a demand\u00e9 \u00e0 l\u2019organe pour l\u2019\u00e9thique de la gymnastique d\u2019ouvrir une proc\u00e9dure disciplinaire contre le gymnaste. &nbsp;Ce groupe ind\u00e9pendant a \u00e9t\u00e9 cr\u00e9\u00e9 en 2018 \u00e0 la suite du scandale des abus sexuels impliquant l\u2019ancien m\u00e9decin de la f\u00e9d\u00e9ration am\u00e9ricaine de gymnastique Larry Nassar.<\/p>\n<p>De nombreuses f\u00e9d\u00e9rations sportives ont exclu les athl\u00e8tes russes et bi\u00e9lorusses des comp\u00e9titions internationales. La FIFA a exclu les \u00e9quipes russes et l\u2019\u00e9quipe nationale de football de toutes comp\u00e9titions, y compris de la Coupe du monde 2022. Le <a href=\"https:\/\/www.newsendip.com\/fr\/la-pollution-de-lair-en-forte-baisse-a-pekin-avant-les-jeux-olympiques\/\">Comit\u00e9 international olympique<\/a> a interdit aux d\u00e9l\u00e9gations de participer aux Jeux paralympiques d\u2019hiver, tandis que la F\u00e9d\u00e9ration internationale de judo a retir\u00e9 la ceinture noire de Poutine et son poste de pr\u00e9sident honoraire.<\/p>\n<p>Mais Ivan Kuliak a pu concourir samedi car l\u2019interdiction pour les gymnastes, officiels et juges de la F\u00e9d\u00e9ration internationale de gymnastique, la FIG, n\u2019a pris effet que le 7&nbsp;mars.<\/p>\n<p>La f\u00e9d\u00e9ration a d\u2019abord adopt\u00e9 des mesures le 26 f\u00e9vrier, notamment l\u2019annulation d\u2019\u00e9v\u00e9nements en Russie, l\u2019interdiction d\u2019afficher le drapeau national sur les tenues ou de jouer l\u2019hymne national. Mais apr\u00e8s l\u2019<a href=\"https:\/\/www.newsendip.com\/fr\/nombre-record-de-demandes-de-refugies-au-costa-rica-en-provenance-du-nicaragua\/\">escalade des \u00e9v\u00e9nements<\/a> et suite aux recommandations du CIO, la FIG a d\u00e9cid\u00e9 d\u2019adopter de nouvelles mesures d\u2019urgence vendredi, un jour avant l\u2019incident.<\/p>\n<p>Kuliak, ancien champion de Russie junior du concours g\u00e9n\u00e9ral, n\u2019a pas particip\u00e9 aux Jeux olympiques de Tokyo. Il risque maintenant une interdiction en vertu du code disciplinaire de la FIG. Ce code permet de sanctionner les gymnastes pour des actes qui \u00ab\u202f<em>se comportent de mani\u00e8re offensante\u202f\u00bb<\/em>, \u00ab\u202f<em>portent atteinte \u00e0 l\u2019image de la gymnastique\u202f\u00bb<\/em> ou \u00ab\u202f<em>d\u00e9montrent un comportement anti-sportif\u202f\u00bb<\/em>.<\/p>\n<p>Les Russes et les Bi\u00e9lorusses ne participeront pas aux Championnats du monde de gymnastique acrobatique qui auront lieu \u00e0 Bakou, en Azerba\u00efdjan, du 10 au 13 mars&nbsp;2022.<\/p>\n<p><a href=\"https:\/\/www.newsendip.com\/fr\/etiquette\/russie\/\"><strong>D\u00e9couvrez des actualit\u00e9s sur la Russie<\/strong><\/a><\/p>\n","protected":false},"excerpt":{"rendered":"<p>Le gymnaste russe Ivan Kuliak a affich\u00e9 un symbole soutenant l\u2019invasion de l\u2019Ukraine avant que l\u2019exclusion des Russes des comp\u00e9titions internationales ne devienne effective.<\/p>\n","protected":false},"author":4,"featured_media":14189,"comment_status":"closed","ping_status":"closed","sticky":false,"template":"","format":"standard","meta":{"wp_typography_post_enhancements_disabled":false,"footnotes":""},"categories":[431],"tags":[451,519,421],"class_list":["post-14736","post","type-post","status-publish","format-standard","has-post-thumbnail","hentry","category-culture-et-sport","tag-russie","tag-ukraine-fr","tag-vieux"],"yoast_head":"<!-- This site is optimized with the Yoast SEO Premium plugin v27.4 (Yoast SEO v27.4) - https:\/\/yoast.com\/product\/yoast-seo-premium-wordpress\/ -->\n<title>Un gymnaste russe affiche un symbole en faveur de l&#039;invasion en Ukraine avant l&#039;interdiction de comp\u00e9titions<\/title>\n<meta name=\"description\" content=\"Le gymnaste russe Ivan Kuliak a affich\u00e9 un symbole soutenant l&#039;invasion de l&#039;Ukraine avant que l&#039;exclusion des Russes des comp\u00e9titions internationales ne devienne effective.\" \/>\n<meta name=\"robots\" content=\"index, follow, max-snippet:-1, max-image-preview:large, max-video-preview:-1\" \/>\n<link rel=\"canonical\" href=\"https:\/\/www.newsendip.com\/fr\/ivan-kuliak-gymnaste-russe-z-symbole-pro-invasion-ukraine-avant-interdiction-competition\/\" \/>\n<meta property=\"og:locale\" content=\"fr_FR\" \/>\n<meta property=\"og:type\" content=\"article\" \/>\n<meta property=\"og:title\" content=\"Un gymnaste russe affiche un symbole en faveur de l&#039;invasion en Ukraine avant l&#039;interdiction de comp\u00e9titions\" \/>\n<meta property=\"og:description\" content=\"Le gymnaste russe Ivan Kuliak a affich\u00e9 un symbole soutenant l&#039;invasion de l&#039;Ukraine avant que l&#039;exclusion des Russes des comp\u00e9titions internationales ne devienne effective.\" \/>\n<meta property=\"og:url\" content=\"https:\/\/www.newsendip.com\/fr\/ivan-kuliak-gymnaste-russe-z-symbole-pro-invasion-ukraine-avant-interdiction-competition\/\" \/>\n<meta property=\"og:site_name\" content=\"Newsendip\" \/>\n<meta property=\"article:publisher\" content=\"https:\/\/www.facebook.com\/newsendip\" \/>\n<meta property=\"article:published_time\" content=\"2022-03-07T18:56:02+00:00\" \/>\n<meta property=\"article:modified_time\" content=\"2024-07-18T14:03:33+00:00\" \/>\n<meta property=\"og:image\" content=\"https:\/\/www.newsendip.com\/wp-content\/uploads\/2022\/03\/international-gymnastics-federation-progressive.jpeg\" \/>\n<meta name=\"author\" content=\"Newsendip with AP\" \/>\n<meta name=\"twitter:card\" content=\"summary_large_image\" \/>\n<meta name=\"twitter:image\" content=\"https:\/\/www.newsendip.com\/wp-content\/uploads\/2022\/03\/international-gymnastics-federation-progressive-150x150.jpeg\" \/>\n<meta name=\"twitter:creator\" content=\"@newsendip\" \/>\n<meta name=\"twitter:site\" content=\"@newsendip\" \/>\n<meta name=\"twitter:label1\" content=\"\u00c9crit par\" \/>\n\t<meta name=\"twitter:data1\" content=\"Newsendip avec AP\" \/>\n\t<meta name=\"twitter:label2\" content=\"Dur\u00e9e de lecture estim\u00e9e\" \/>\n\t<meta name=\"twitter:data2\" content=\"3 minutes\" \/>\n<!-- \/ Yoast SEO Premium plugin. -->","yoast_head_json":{"title":"Un gymnaste russe affiche un symbole en faveur de l'invasion en Ukraine avant l'interdiction de comp\u00e9titions","description":"Le gymnaste russe Ivan Kuliak a affich\u00e9 un symbole soutenant l'invasion de l'Ukraine avant que l'exclusion des Russes des comp\u00e9titions internationales ne devienne effective.","robots":{"index":"index","follow":"follow","max-snippet":"max-snippet:-1","max-image-preview":"max-image-preview:large","max-video-preview":"max-video-preview:-1"},"canonical":"https:\/\/www.newsendip.com\/fr\/ivan-kuliak-gymnaste-russe-z-symbole-pro-invasion-ukraine-avant-interdiction-competition\/","og_locale":"fr_FR","og_type":"article","og_title":"Un gymnaste russe affiche un symbole en faveur de l'invasion en Ukraine avant l'interdiction de comp\u00e9titions","og_description":"Le gymnaste russe Ivan Kuliak a affich\u00e9 un symbole soutenant l'invasion de l'Ukraine avant que l'exclusion des Russes des comp\u00e9titions internationales ne devienne effective.","og_url":"https:\/\/www.newsendip.com\/fr\/ivan-kuliak-gymnaste-russe-z-symbole-pro-invasion-ukraine-avant-interdiction-competition\/","og_site_name":"Newsendip","article_publisher":"https:\/\/www.facebook.com\/newsendip","article_published_time":"2022-03-07T18:56:02+00:00","article_modified_time":"2024-07-18T14:03:33+00:00","og_image":[{"url":"https:\/\/www.newsendip.com\/wp-content\/uploads\/2022\/03\/international-gymnastics-federation-progressive.jpeg","type":"","width":"","height":""}],"author":"Newsendip with AP","twitter_card":"summary_large_image","twitter_image":"https:\/\/www.newsendip.com\/wp-content\/uploads\/2022\/03\/international-gymnastics-federation-progressive-150x150.jpeg","twitter_creator":"@newsendip","twitter_site":"@newsendip","twitter_misc":{"\u00c9crit par":"Newsendip avec AP","Dur\u00e9e de lecture estim\u00e9e":"3 minutes"},"schema":{"@context":"https:\/\/schema.org","@graph":[{"@type":"NewsArticle","@id":"https:\/\/www.newsendip.com\/fr\/ivan-kuliak-gymnaste-russe-z-symbole-pro-invasion-ukraine-avant-interdiction-competition\/#article","isPartOf":{"@id":"https:\/\/www.newsendip.com\/fr\/ivan-kuliak-gymnaste-russe-z-symbole-pro-invasion-ukraine-avant-interdiction-competition\/"},"author":{"name":"Newsendip with AP","@id":"https:\/\/www.newsendip.com\/fr\/#\/schema\/person\/b39c439f25219d252080349ee96644f3"},"headline":"Un gymnaste russe affiche un symbole en faveur de l\u2019invasion en Ukraine avant l\u2019interdiction de comp\u00e9titions","datePublished":"2022-03-07T18:56:02+00:00","dateModified":"2024-07-18T14:03:33+00:00","mainEntityOfPage":{"@id":"https:\/\/www.newsendip.com\/fr\/ivan-kuliak-gymnaste-russe-z-symbole-pro-invasion-ukraine-avant-interdiction-competition\/"},"wordCount":550,"publisher":{"@id":"https:\/\/www.newsendip.com\/fr\/#organization"},"image":{"@id":"https:\/\/www.newsendip.com\/fr\/ivan-kuliak-gymnaste-russe-z-symbole-pro-invasion-ukraine-avant-interdiction-competition\/#primaryimage"},"thumbnailUrl":"https:\/\/www.newsendip.com\/wp-content\/uploads\/2022\/03\/international-gymnastics-federation.webp","keywords":["Russie","Ukraine","Vieux"],"articleSection":["Culture et sport"],"inLanguage":"fr-FR","copyrightYear":"2022","copyrightHolder":{"@id":"https:\/\/www.newsendip.com\/#organization"}},{"@type":"WebPage","@id":"https:\/\/www.newsendip.com\/fr\/ivan-kuliak-gymnaste-russe-z-symbole-pro-invasion-ukraine-avant-interdiction-competition\/","url":"https:\/\/www.newsendip.com\/fr\/ivan-kuliak-gymnaste-russe-z-symbole-pro-invasion-ukraine-avant-interdiction-competition\/","name":"Un gymnaste russe affiche un symbole en faveur de l'invasion en Ukraine avant l'interdiction de comp\u00e9titions","isPartOf":{"@id":"https:\/\/www.newsendip.com\/fr\/#website"},"primaryImageOfPage":{"@id":"https:\/\/www.newsendip.com\/fr\/ivan-kuliak-gymnaste-russe-z-symbole-pro-invasion-ukraine-avant-interdiction-competition\/#primaryimage"},"image":{"@id":"https:\/\/www.newsendip.com\/fr\/ivan-kuliak-gymnaste-russe-z-symbole-pro-invasion-ukraine-avant-interdiction-competition\/#primaryimage"},"thumbnailUrl":"https:\/\/www.newsendip.com\/wp-content\/uploads\/2022\/03\/international-gymnastics-federation.webp","datePublished":"2022-03-07T18:56:02+00:00","dateModified":"2024-07-18T14:03:33+00:00","description":"Le gymnaste russe Ivan Kuliak a affich\u00e9 un symbole soutenant l'invasion de l'Ukraine avant que l'exclusion des Russes des comp\u00e9titions internationales ne devienne effective.","breadcrumb":{"@id":"https:\/\/www.newsendip.com\/fr\/ivan-kuliak-gymnaste-russe-z-symbole-pro-invasion-ukraine-avant-interdiction-competition\/#breadcrumb"},"inLanguage":"fr-FR","potentialAction":[{"@type":"ReadAction","target":["https:\/\/www.newsendip.com\/fr\/ivan-kuliak-gymnaste-russe-z-symbole-pro-invasion-ukraine-avant-interdiction-competition\/"]}]},{"@type":"ImageObject","inLanguage":"fr-FR","@id":"https:\/\/www.newsendip.com\/fr\/ivan-kuliak-gymnaste-russe-z-symbole-pro-invasion-ukraine-avant-interdiction-competition\/#primaryimage","url":"https:\/\/www.newsendip.com\/wp-content\/uploads\/2022\/03\/international-gymnastics-federation.webp","contentUrl":"https:\/\/www.newsendip.com\/wp-content\/uploads\/2022\/03\/international-gymnastics-federation.webp","width":1000,"height":563,"caption":"Logo de la F\u00e9d\u00e9ration internationale de gymnastique"},{"@type":"BreadcrumbList","@id":"https:\/\/www.newsendip.com\/fr\/ivan-kuliak-gymnaste-russe-z-symbole-pro-invasion-ukraine-avant-interdiction-competition\/#breadcrumb","itemListElement":[{"@type":"ListItem","position":1,"name":"Accueil","item":"https:\/\/www.newsendip.com\/fr\/"},{"@type":"ListItem","position":2,"name":"Un gymnaste russe affiche un symbole en faveur de l&#8217;invasion en Ukraine avant l&#8217;interdiction de comp\u00e9titions"}]},{"@type":"WebSite","@id":"https:\/\/www.newsendip.com\/fr\/#website","url":"https:\/\/www.newsendip.com\/fr\/","name":"Newsendip","description":"Red\u00e9couvrez l&#039;actualit\u00e9 internationale","publisher":{"@id":"https:\/\/www.newsendip.com\/fr\/#organization"},"potentialAction":[{"@type":"SearchAction","target":{"@type":"EntryPoint","urlTemplate":"https:\/\/www.newsendip.com\/fr\/?s={search_term_string}"},"query-input":{"@type":"PropertyValueSpecification","valueRequired":true,"valueName":"search_term_string"}}],"inLanguage":"fr-FR"},{"@type":"Organization","@id":"https:\/\/www.newsendip.com\/fr\/#organization","name":"Newsendip","url":"https:\/\/www.newsendip.com\/fr\/","logo":{"@type":"ImageObject","inLanguage":"fr-FR","@id":"https:\/\/www.newsendip.com\/fr\/#\/schema\/logo\/image\/","url":"https:\/\/www.newsendip.com\/wp-content\/uploads\/2023\/12\/512x512.svg","contentUrl":"https:\/\/www.newsendip.com\/wp-content\/uploads\/2023\/12\/512x512.svg","width":1,"height":1,"caption":"Newsendip"},"image":{"@id":"https:\/\/www.newsendip.com\/fr\/#\/schema\/logo\/image\/"},"sameAs":["https:\/\/www.facebook.com\/newsendip","https:\/\/x.com\/newsendip","https:\/\/mastodon.social\/@newsendip","https:\/\/www.linkedin.com\/company\/newsendip"],"description":"Newsendip est un site qui a pour mission de rendre l'actualit\u00e9 internationale accessible et diversifi\u00e9e","email":"contact@newsendip.com","legalName":"Newsendip SAS","foundingDate":"2022-11-04","vatID":"FR60921124723","numberOfEmployees":{"@type":"QuantitativeValue","minValue":"1","maxValue":"10"},"publishingPrinciples":"https:\/\/www.newsendip.com\/about-us\/","ownershipFundingInfo":"https:\/\/www.newsendip.com\/legal-notice\/","actionableFeedbackPolicy":"https:\/\/www.newsendip.com\/about-us\/","correctionsPolicy":"https:\/\/www.newsendip.com\/about-us\/","ethicsPolicy":"https:\/\/www.newsendip.com\/about-us\/","diversityPolicy":"https:\/\/www.newsendip.com\/about-us\/"},{"@type":"Person","@id":"https:\/\/www.newsendip.com\/fr\/#\/schema\/person\/b39c439f25219d252080349ee96644f3","name":"Newsendip with AP","description":"Newsendip newsroom articles with the support of Associated Press newswire","knowsAbout":["News"],"url":"https:\/\/www.newsendip.com\/fr\/author\/newsendip-associated-press\/"}]}},"_links":{"self":[{"href":"https:\/\/www.newsendip.com\/fr\/wp-json\/wp\/v2\/posts\/14736","targetHints":{"allow":["GET"]}}],"collection":[{"href":"https:\/\/www.newsendip.com\/fr\/wp-json\/wp\/v2\/posts"}],"about":[{"href":"https:\/\/www.newsendip.com\/fr\/wp-json\/wp\/v2\/types\/post"}],"author":[{"embeddable":true,"href":"https:\/\/www.newsendip.com\/fr\/wp-json\/wp\/v2\/users\/4"}],"replies":[{"embeddable":true,"href":"https:\/\/www.newsendip.com\/fr\/wp-json\/wp\/v2\/comments?post=14736"}],"version-history":[{"count":0,"href":"https:\/\/www.newsendip.com\/fr\/wp-json\/wp\/v2\/posts\/14736\/revisions"}],"wp:featuredmedia":[{"embeddable":true,"href":"https:\/\/www.newsendip.com\/fr\/wp-json\/wp\/v2\/media\/14189"}],"wp:attachment":[{"href":"https:\/\/www.newsendip.com\/fr\/wp-json\/wp\/v2\/media?parent=14736"}],"wp:term":[{"taxonomy":"category","embeddable":true,"href":"https:\/\/www.newsendip.com\/fr\/wp-json\/wp\/v2\/categories?post=14736"},{"taxonomy":"post_tag","embeddable":true,"href":"https:\/\/www.newsendip.com\/fr\/wp-json\/wp\/v2\/tags?post=14736"}],"curies":[{"name":"wp","href":"https:\/\/api.w.org\/{rel}","templated":true}]}}