{"id":14745,"date":"2022-03-04T17:38:34","date_gmt":"2022-03-04T16:38:34","guid":{"rendered":"https:\/\/www.newsendip.com\/?p=14745"},"modified":"2024-07-18T16:04:42","modified_gmt":"2024-07-18T14:04:42","slug":"de-la-prison-pour-lese-majeste-avec-un-autocollant-sur-le-portrait-du-roi-de-thailande","status":"publish","type":"post","link":"https:\/\/www.newsendip.com\/fr\/de-la-prison-pour-lese-majeste-avec-un-autocollant-sur-le-portrait-du-roi-de-thailande\/","title":{"rendered":"De la prison pour l\u00e8se-majest\u00e9 avec un autocollant sur le portrait du roi de Tha\u00eflande"},"content":{"rendered":"<p><strong>Un tribunal tha\u00eflandais a condamn\u00e9 un militant politique \u00e0 deux ans de prison pour l\u00e8se-majest\u00e9. De nombreuses autres personnes ont \u00e9t\u00e9 accus\u00e9es de diffamer la monarchie lors des r\u00e9centes manifestations appelant \u00e0 un changement politique.<\/strong><\/p>\n<figure id=\"attachment_14177\" aria-describedby=\"caption-attachment-14177\" style=\"width: 1024px\" class=\"wp-caption aligncenter\"><img decoding=\"async\" class=\"wp-image-14177 size-large\" src=\"https:\/\/www.newsendip.com\/wp-content\/uploads\/2022\/03\/Thailand-king-queen-1024x683.webp\" alt=\"Le roi de Tha\u00eflande Maha Vajiralongkorn et son \u00e9pouse\" width=\"1024\" height=\"683\" srcset=\"https:\/\/www.newsendip.com\/wp-content\/uploads\/2022\/03\/Thailand-king-queen-1024x683.webp 1024w, https:\/\/www.newsendip.com\/wp-content\/uploads\/2022\/03\/Thailand-king-queen-60x40.webp 60w, https:\/\/www.newsendip.com\/wp-content\/uploads\/2022\/03\/Thailand-king-queen-720x480.webp 720w, https:\/\/www.newsendip.com\/wp-content\/uploads\/2022\/03\/Thailand-king-queen-300x200.webp 300w, https:\/\/www.newsendip.com\/wp-content\/uploads\/2022\/03\/Thailand-king-queen-768x512.webp 768w, https:\/\/www.newsendip.com\/wp-content\/uploads\/2022\/03\/Thailand-king-queen.webp 1152w\" sizes=\"(max-width: 1024px) 100vw, 1024px\"><figcaption id=\"caption-attachment-14177\" class=\"wp-caption-text\">Le roi de Tha\u00eflande Maha Vajiralongkorn et son \u00e9pouse lors d\u2019une c\u00e9r\u00e9monie bouddhiste le jour de Makha Bucha en f\u00e9vrier 2022.<\/figcaption><\/figure>\n<p>Un militant politique tha\u00eflandais a \u00e9t\u00e9 reconnu coupable de l\u00e8se-majest\u00e9 et condamn\u00e9 \u00e0 deux ans de prison.<\/p>\n<p>Un tribunal tha\u00eflandais a jug\u00e9 le 4 mars que Narin Kulpongsathron avait diffam\u00e9 la monarchie.<\/p>\n<p>Il \u00e9tait accus\u00e9 d\u2019avoir pos\u00e9 un autocollant sur un portrait du roi Maha Vajiralongkorn, \u00e9galement connu sous le nom de Rama X, devant la Cour supr\u00eame le 19 septembre 2020. Le jour marque l\u2019anniversaire du coup d\u2019\u00c9tat militaire qui a \u00e9vinc\u00e9 le gouvernement \u00e9lu du Premier ministre Thaksin Shinawatra.<\/p>\n<p>L\u2019autocollant en lui-m\u00eame n\u2019avait pas de signification politique particuli\u00e8re, il parodiait le logo de Yakult, une marque de <a href=\"https:\/\/www.newsendip.com\/fr\/forte-demande-dune-marque-de-lait-nestle-pour-lutter-contre-le-covid-19-en-indonesie\/\">yaourt \u00e0 boire<\/a>. Il a \u00e9galement \u00e9t\u00e9 accus\u00e9 d\u2019animer une page <a href=\"https:\/\/www.newsendip.com\/fr\/facebook-a-supprime-un-reseau-antivax-de-france-et-ditalie-et-des-comptes-lies-au-kgb-bielorusse\/\">Facebook<\/a> avec du contenu politique.<\/p>\n<p>Il s\u2019agit de l\u2019une des nombreuses inculpations pour l\u00e8se-majest\u00e9 d\u00e9pos\u00e9es contre des manifestants depuis que le gouvernement a relanc\u00e9 les poursuites de ce genre en novembre 2020. Selon Krisadang Nutcharas, du groupe de soutien juridique Thai Lawyers for Human Rights, au moins 173 personnes ont \u00e9t\u00e9 inculp\u00e9s pour un manque de respect envers <a href=\"https:\/\/www.newsendip.com\/fr\/tribunal-afrique-du-sud-designe-heritier-legitime-roi-zoulou-misuzulu-kazwelithini\/\">le roi<\/a>.<!--more--><\/p>\n<p>De nombreux Tha\u00eflandais v\u00e9n\u00e8rent la monarchie. Les <a href=\"https:\/\/www.newsendip.com\/fr\/la-thailande-prevoit-de-percevoir-une-nouvelle-taxe-pour-les-touristes-etrangers-a-partir-davril\/\">touristes \u00e9trangers<\/a> peuvent \u00eatre mis en garde contre le fait de d\u00e9grader ou de marcher sur des billets de banque portant des images du roi. L\u2019arm\u00e9e consid\u00e8re sa d\u00e9fense de son image comme une priorit\u00e9, et ce d\u2019autant plus depuis son coup d\u2019\u00c9tat qui a renvers\u00e9 un r\u00e9gime d\u00e9mocratique en 2014. La Tha\u00eflande a l\u2019une des lois de l\u00e8se-majest\u00e9 les plus strictes au monde. M\u00eame la critique de la loi sur la l\u00e8se-majest\u00e9 est potentiellement ill\u00e9gale.<\/p>\n<p>En Tha\u00eflande, toute personne qui insulte ou diffame des membres cl\u00e9s de la famille royale peut \u00eatre punie jusqu\u2019\u00e0 15 ans de prison pour chaque chef d\u2019accusation.<\/p>\n<div class=\"ssrcss-uf6wea-RichTextComponentWrapper e1xue1i86\" data-component=\"text-block\">\n<div class=\"ssrcss-17j9f6r-RichTextContainer e5tfeyi1\">\n<p class=\"ssrcss-1q0x1qg-Paragraph eq5iqo00\">En 2015, un tribunal de Bangkok a condamn\u00e9 un guide touristique de 48 ans, Pongsak Sriboonpheng, \u00e0 60 ans de prison, soit 10 ans pour chacun des messages Facebook critiques \u00e0 l\u2019\u00e9gard de la monarchie qu\u2019il \u00e9tait accus\u00e9 d\u2019avoir r\u00e9dig\u00e9s. Comme il a plaid\u00e9 coupable, la peine a \u00e9t\u00e9 r\u00e9duite de moiti\u00e9, \u00e0 30&nbsp;ans.<\/p>\n<\/div>\n<\/div>\n<div id=\"piano-inline1\">En 2017, un homme a \u00e9t\u00e9 condamn\u00e9 \u00e0 35 ans de prison pour des publications sur Facebook consid\u00e9r\u00e9es comme diffamatoires. En 2015, une m\u00e8re c\u00e9libataire de 29 ans \u00e0 \u00e9t\u00e9 condamn\u00e9e \u00e0 28 ans de prison.<\/div>\n<p>Les Nations unies ont demand\u00e9 \u00e0 la Tha\u00eflande de modifier sa loi sur la l\u00e8se-majest\u00e9 en&nbsp;2017.<\/p>\n<p>La r\u00e9pression contre la l\u00e8se-majest\u00e9 s\u2019est encore accrue pour freiner le mouvement de protestation de 2020 qui r\u00e9clamait plus de d\u00e9mocratie, la d\u00e9mission du Premier ministre Prayuth Chan-ocha qui a pris le pouvoir en 2014\u202fen organisant un coup d\u2019\u00c9tat en tant que commandant de l\u2019arm\u00e9e, et une r\u00e9forme de la monarchie pour qu\u2019elle puisse rendre des comptes.<\/p>\n<p>Les autorit\u00e9s ont multipli\u00e9 les arrestations de dirigeants du mouvement. Plusieurs d\u2019entre eux font face \u00e0 de multiples chefs d\u2019accusation de l\u00e8se-majest\u00e9.<\/p>\n<p>Le tribunal a accord\u00e9 la lib\u00e9ration de Narin Kulpongsathron moyennant une caution de 100 000 bahts (3 055 dollars) pour lui permettre de faire appel, selon l\u2019association Thai Lawyers for Human Rights.<\/p>\n<p><a href=\"https:\/\/www.newsendip.com\/fr\/etiquette\/thailande\/\"><strong>D\u00e9couvrez des actualit\u00e9s sur la Tha\u00eflande<\/strong><\/a><\/p>\n<figure id=\"attachment_14176\" aria-describedby=\"caption-attachment-14176\" style=\"width: 732px\" class=\"wp-caption aligncenter\"><img decoding=\"async\" class=\"wp-image-14176 size-large\" src=\"https:\/\/www.newsendip.com\/wp-content\/uploads\/2022\/03\/Thailand-king-portrait-signing-732x1024.webp\" alt=\"Le roi de Tha\u00eflande signant un portrait de lui-m\u00eame et de la reine.\" width=\"732\" height=\"1024\" srcset=\"https:\/\/www.newsendip.com\/wp-content\/uploads\/2022\/03\/Thailand-king-portrait-signing-732x1024.webp 732w, https:\/\/www.newsendip.com\/wp-content\/uploads\/2022\/03\/Thailand-king-portrait-signing-214x300.webp 214w, https:\/\/www.newsendip.com\/wp-content\/uploads\/2022\/03\/Thailand-king-portrait-signing-768x1074.webp 768w, https:\/\/www.newsendip.com\/wp-content\/uploads\/2022\/03\/Thailand-king-portrait-signing.webp 1080w\" sizes=\"(max-width: 732px) 100vw, 732px\"><figcaption id=\"caption-attachment-14176\" class=\"wp-caption-text\">Le roi de Tha\u00eflande dans la foule signant un portrait de lui-m\u00eame et de la reine Suthida en novembre 2020.<\/figcaption><\/figure>\n","protected":false},"excerpt":{"rendered":"<p>Un activiste politique a \u00e9t\u00e9 condamn\u00e9 \u00e0 deux ans de prison pour l\u00e8se-majest\u00e9. De nombreuses autres personnes ont \u00e9t\u00e9 accus\u00e9es de diffamer la monarchie lors des r\u00e9centes manifestations appelant \u00e0 un changement politique.<\/p>\n","protected":false},"author":4,"featured_media":14177,"comment_status":"closed","ping_status":"closed","sticky":false,"template":"","format":"standard","meta":{"wp_typography_post_enhancements_disabled":false,"footnotes":""},"categories":[409],"tags":[538,421],"class_list":["post-14745","post","type-post","status-publish","format-standard","has-post-thumbnail","hentry","category-societe","tag-thailande","tag-vieux"],"yoast_head":"<!-- This site is optimized with the Yoast SEO Premium plugin v27.4 (Yoast SEO v27.4) - https:\/\/yoast.com\/product\/yoast-seo-premium-wordpress\/ -->\n<title>De la prison pour l\u00e8se-majest\u00e9 avec un autocollant sur le portrait du roi de Tha\u00eflande<\/title>\n<meta name=\"description\" content=\"Un activiste politique a \u00e9t\u00e9 condamn\u00e9 \u00e0 deux ans de prison pour l\u00e8se-majest\u00e9. De nombreuses autres personnes ont \u00e9t\u00e9 accus\u00e9es de diffamer la monarchie lors des r\u00e9centes manifestations appelant \u00e0 un changement politique.\" \/>\n<meta name=\"robots\" content=\"index, follow, max-snippet:-1, max-image-preview:large, max-video-preview:-1\" \/>\n<link rel=\"canonical\" href=\"https:\/\/www.newsendip.com\/fr\/de-la-prison-pour-lese-majeste-avec-un-autocollant-sur-le-portrait-du-roi-de-thailande\/\" \/>\n<meta property=\"og:locale\" content=\"fr_FR\" \/>\n<meta property=\"og:type\" content=\"article\" \/>\n<meta property=\"og:title\" content=\"De la prison pour l\u00e8se-majest\u00e9 avec un autocollant sur le portrait du roi de Tha\u00eflande\" \/>\n<meta property=\"og:description\" content=\"Un activiste politique a \u00e9t\u00e9 condamn\u00e9 \u00e0 deux ans de prison pour l\u00e8se-majest\u00e9. De nombreuses autres personnes ont \u00e9t\u00e9 accus\u00e9es de diffamer la monarchie lors des r\u00e9centes manifestations appelant \u00e0 un changement politique.\" \/>\n<meta property=\"og:url\" content=\"https:\/\/www.newsendip.com\/fr\/de-la-prison-pour-lese-majeste-avec-un-autocollant-sur-le-portrait-du-roi-de-thailande\/\" \/>\n<meta property=\"og:site_name\" content=\"Newsendip\" \/>\n<meta property=\"article:publisher\" content=\"https:\/\/www.facebook.com\/newsendip\" \/>\n<meta property=\"article:published_time\" content=\"2022-03-04T16:38:34+00:00\" \/>\n<meta property=\"article:modified_time\" content=\"2024-07-18T14:04:42+00:00\" \/>\n<meta property=\"og:image\" content=\"https:\/\/www.newsendip.com\/wp-content\/uploads\/2022\/03\/Thailand-king-queen-progressive-1024x683.jpeg\" \/>\n<meta name=\"author\" content=\"Newsendip with AP\" \/>\n<meta name=\"twitter:card\" content=\"summary_large_image\" \/>\n<meta name=\"twitter:image\" content=\"https:\/\/www.newsendip.com\/wp-content\/uploads\/2022\/03\/Thailand-king-queen-progressive-150x150.jpeg\" \/>\n<meta name=\"twitter:creator\" content=\"@newsendip\" \/>\n<meta name=\"twitter:site\" content=\"@newsendip\" \/>\n<meta name=\"twitter:label1\" content=\"\u00c9crit par\" \/>\n\t<meta name=\"twitter:data1\" content=\"Newsendip avec AP\" \/>\n\t<meta name=\"twitter:label2\" content=\"Dur\u00e9e de lecture estim\u00e9e\" \/>\n\t<meta name=\"twitter:data2\" content=\"3 minutes\" \/>\n<!-- \/ Yoast SEO Premium plugin. -->","yoast_head_json":{"title":"De la prison pour l\u00e8se-majest\u00e9 avec un autocollant sur le portrait du roi de Tha\u00eflande","description":"Un activiste politique a \u00e9t\u00e9 condamn\u00e9 \u00e0 deux ans de prison pour l\u00e8se-majest\u00e9. De nombreuses autres personnes ont \u00e9t\u00e9 accus\u00e9es de diffamer la monarchie lors des r\u00e9centes manifestations appelant \u00e0 un changement politique.","robots":{"index":"index","follow":"follow","max-snippet":"max-snippet:-1","max-image-preview":"max-image-preview:large","max-video-preview":"max-video-preview:-1"},"canonical":"https:\/\/www.newsendip.com\/fr\/de-la-prison-pour-lese-majeste-avec-un-autocollant-sur-le-portrait-du-roi-de-thailande\/","og_locale":"fr_FR","og_type":"article","og_title":"De la prison pour l\u00e8se-majest\u00e9 avec un autocollant sur le portrait du roi de Tha\u00eflande","og_description":"Un activiste politique a \u00e9t\u00e9 condamn\u00e9 \u00e0 deux ans de prison pour l\u00e8se-majest\u00e9. De nombreuses autres personnes ont \u00e9t\u00e9 accus\u00e9es de diffamer la monarchie lors des r\u00e9centes manifestations appelant \u00e0 un changement politique.","og_url":"https:\/\/www.newsendip.com\/fr\/de-la-prison-pour-lese-majeste-avec-un-autocollant-sur-le-portrait-du-roi-de-thailande\/","og_site_name":"Newsendip","article_publisher":"https:\/\/www.facebook.com\/newsendip","article_published_time":"2022-03-04T16:38:34+00:00","article_modified_time":"2024-07-18T14:04:42+00:00","og_image":[{"url":"https:\/\/www.newsendip.com\/wp-content\/uploads\/2022\/03\/Thailand-king-queen-progressive-1024x683.jpeg","type":"","width":"","height":""}],"author":"Newsendip with AP","twitter_card":"summary_large_image","twitter_image":"https:\/\/www.newsendip.com\/wp-content\/uploads\/2022\/03\/Thailand-king-queen-progressive-150x150.jpeg","twitter_creator":"@newsendip","twitter_site":"@newsendip","twitter_misc":{"\u00c9crit par":"Newsendip avec AP","Dur\u00e9e de lecture estim\u00e9e":"3 minutes"},"schema":{"@context":"https:\/\/schema.org","@graph":[{"@type":"NewsArticle","@id":"https:\/\/www.newsendip.com\/fr\/de-la-prison-pour-lese-majeste-avec-un-autocollant-sur-le-portrait-du-roi-de-thailande\/#article","isPartOf":{"@id":"https:\/\/www.newsendip.com\/fr\/de-la-prison-pour-lese-majeste-avec-un-autocollant-sur-le-portrait-du-roi-de-thailande\/"},"author":{"name":"Newsendip with AP","@id":"https:\/\/www.newsendip.com\/fr\/#\/schema\/person\/b39c439f25219d252080349ee96644f3"},"headline":"De la prison pour l\u00e8se-majest\u00e9 avec un autocollant sur le portrait du roi de Tha\u00eflande","datePublished":"2022-03-04T16:38:34+00:00","dateModified":"2024-07-18T14:04:42+00:00","mainEntityOfPage":{"@id":"https:\/\/www.newsendip.com\/fr\/de-la-prison-pour-lese-majeste-avec-un-autocollant-sur-le-portrait-du-roi-de-thailande\/"},"wordCount":658,"publisher":{"@id":"https:\/\/www.newsendip.com\/fr\/#organization"},"image":{"@id":"https:\/\/www.newsendip.com\/fr\/de-la-prison-pour-lese-majeste-avec-un-autocollant-sur-le-portrait-du-roi-de-thailande\/#primaryimage"},"thumbnailUrl":"https:\/\/www.newsendip.com\/wp-content\/uploads\/2022\/03\/Thailand-king-queen.webp","keywords":["Tha\u00eflande","Vieux"],"articleSection":["Soci\u00e9t\u00e9"],"inLanguage":"fr-FR","copyrightYear":"2022","copyrightHolder":{"@id":"https:\/\/www.newsendip.com\/#organization"}},{"@type":"WebPage","@id":"https:\/\/www.newsendip.com\/fr\/de-la-prison-pour-lese-majeste-avec-un-autocollant-sur-le-portrait-du-roi-de-thailande\/","url":"https:\/\/www.newsendip.com\/fr\/de-la-prison-pour-lese-majeste-avec-un-autocollant-sur-le-portrait-du-roi-de-thailande\/","name":"De la prison pour l\u00e8se-majest\u00e9 avec un autocollant sur le portrait du roi de Tha\u00eflande","isPartOf":{"@id":"https:\/\/www.newsendip.com\/fr\/#website"},"primaryImageOfPage":{"@id":"https:\/\/www.newsendip.com\/fr\/de-la-prison-pour-lese-majeste-avec-un-autocollant-sur-le-portrait-du-roi-de-thailande\/#primaryimage"},"image":{"@id":"https:\/\/www.newsendip.com\/fr\/de-la-prison-pour-lese-majeste-avec-un-autocollant-sur-le-portrait-du-roi-de-thailande\/#primaryimage"},"thumbnailUrl":"https:\/\/www.newsendip.com\/wp-content\/uploads\/2022\/03\/Thailand-king-queen.webp","datePublished":"2022-03-04T16:38:34+00:00","dateModified":"2024-07-18T14:04:42+00:00","description":"Un activiste politique a \u00e9t\u00e9 condamn\u00e9 \u00e0 deux ans de prison pour l\u00e8se-majest\u00e9. De nombreuses autres personnes ont \u00e9t\u00e9 accus\u00e9es de diffamer la monarchie lors des r\u00e9centes manifestations appelant \u00e0 un changement politique.","breadcrumb":{"@id":"https:\/\/www.newsendip.com\/fr\/de-la-prison-pour-lese-majeste-avec-un-autocollant-sur-le-portrait-du-roi-de-thailande\/#breadcrumb"},"inLanguage":"fr-FR","potentialAction":[{"@type":"ReadAction","target":["https:\/\/www.newsendip.com\/fr\/de-la-prison-pour-lese-majeste-avec-un-autocollant-sur-le-portrait-du-roi-de-thailande\/"]}]},{"@type":"ImageObject","inLanguage":"fr-FR","@id":"https:\/\/www.newsendip.com\/fr\/de-la-prison-pour-lese-majeste-avec-un-autocollant-sur-le-portrait-du-roi-de-thailande\/#primaryimage","url":"https:\/\/www.newsendip.com\/wp-content\/uploads\/2022\/03\/Thailand-king-queen.webp","contentUrl":"https:\/\/www.newsendip.com\/wp-content\/uploads\/2022\/03\/Thailand-king-queen.webp","width":1152,"height":768,"caption":"Thailand King Maha Vajiralongkorn and his wife during a Buddhist ceremony on Makha Bucha Day in February 2022"},{"@type":"BreadcrumbList","@id":"https:\/\/www.newsendip.com\/fr\/de-la-prison-pour-lese-majeste-avec-un-autocollant-sur-le-portrait-du-roi-de-thailande\/#breadcrumb","itemListElement":[{"@type":"ListItem","position":1,"name":"Accueil","item":"https:\/\/www.newsendip.com\/fr\/"},{"@type":"ListItem","position":2,"name":"De la prison pour l\u00e8se-majest\u00e9 avec un autocollant sur le portrait du roi de Tha\u00eflande"}]},{"@type":"WebSite","@id":"https:\/\/www.newsendip.com\/fr\/#website","url":"https:\/\/www.newsendip.com\/fr\/","name":"Newsendip","description":"Red\u00e9couvrez l&#039;actualit\u00e9 internationale","publisher":{"@id":"https:\/\/www.newsendip.com\/fr\/#organization"},"potentialAction":[{"@type":"SearchAction","target":{"@type":"EntryPoint","urlTemplate":"https:\/\/www.newsendip.com\/fr\/?s={search_term_string}"},"query-input":{"@type":"PropertyValueSpecification","valueRequired":true,"valueName":"search_term_string"}}],"inLanguage":"fr-FR"},{"@type":"Organization","@id":"https:\/\/www.newsendip.com\/fr\/#organization","name":"Newsendip","url":"https:\/\/www.newsendip.com\/fr\/","logo":{"@type":"ImageObject","inLanguage":"fr-FR","@id":"https:\/\/www.newsendip.com\/fr\/#\/schema\/logo\/image\/","url":"https:\/\/www.newsendip.com\/wp-content\/uploads\/2023\/12\/512x512.svg","contentUrl":"https:\/\/www.newsendip.com\/wp-content\/uploads\/2023\/12\/512x512.svg","width":1,"height":1,"caption":"Newsendip"},"image":{"@id":"https:\/\/www.newsendip.com\/fr\/#\/schema\/logo\/image\/"},"sameAs":["https:\/\/www.facebook.com\/newsendip","https:\/\/x.com\/newsendip","https:\/\/mastodon.social\/@newsendip","https:\/\/www.linkedin.com\/company\/newsendip"],"description":"Newsendip est un site qui a pour mission de rendre l'actualit\u00e9 internationale accessible et diversifi\u00e9e","email":"contact@newsendip.com","legalName":"Newsendip SAS","foundingDate":"2022-11-04","vatID":"FR60921124723","numberOfEmployees":{"@type":"QuantitativeValue","minValue":"1","maxValue":"10"},"publishingPrinciples":"https:\/\/www.newsendip.com\/about-us\/","ownershipFundingInfo":"https:\/\/www.newsendip.com\/legal-notice\/","actionableFeedbackPolicy":"https:\/\/www.newsendip.com\/about-us\/","correctionsPolicy":"https:\/\/www.newsendip.com\/about-us\/","ethicsPolicy":"https:\/\/www.newsendip.com\/about-us\/","diversityPolicy":"https:\/\/www.newsendip.com\/about-us\/"},{"@type":"Person","@id":"https:\/\/www.newsendip.com\/fr\/#\/schema\/person\/b39c439f25219d252080349ee96644f3","name":"Newsendip with AP","description":"Newsendip newsroom articles with the support of Associated Press newswire","knowsAbout":["News"],"url":"https:\/\/www.newsendip.com\/fr\/author\/newsendip-associated-press\/"}]}},"_links":{"self":[{"href":"https:\/\/www.newsendip.com\/fr\/wp-json\/wp\/v2\/posts\/14745","targetHints":{"allow":["GET"]}}],"collection":[{"href":"https:\/\/www.newsendip.com\/fr\/wp-json\/wp\/v2\/posts"}],"about":[{"href":"https:\/\/www.newsendip.com\/fr\/wp-json\/wp\/v2\/types\/post"}],"author":[{"embeddable":true,"href":"https:\/\/www.newsendip.com\/fr\/wp-json\/wp\/v2\/users\/4"}],"replies":[{"embeddable":true,"href":"https:\/\/www.newsendip.com\/fr\/wp-json\/wp\/v2\/comments?post=14745"}],"version-history":[{"count":0,"href":"https:\/\/www.newsendip.com\/fr\/wp-json\/wp\/v2\/posts\/14745\/revisions"}],"wp:featuredmedia":[{"embeddable":true,"href":"https:\/\/www.newsendip.com\/fr\/wp-json\/wp\/v2\/media\/14177"}],"wp:attachment":[{"href":"https:\/\/www.newsendip.com\/fr\/wp-json\/wp\/v2\/media?parent=14745"}],"wp:term":[{"taxonomy":"category","embeddable":true,"href":"https:\/\/www.newsendip.com\/fr\/wp-json\/wp\/v2\/categories?post=14745"},{"taxonomy":"post_tag","embeddable":true,"href":"https:\/\/www.newsendip.com\/fr\/wp-json\/wp\/v2\/tags?post=14745"}],"curies":[{"name":"wp","href":"https:\/\/api.w.org\/{rel}","templated":true}]}}