{"id":14746,"date":"2022-03-04T16:07:50","date_gmt":"2022-03-04T15:07:50","guid":{"rendered":"https:\/\/www.newsendip.com\/?p=14746"},"modified":"2024-07-18T16:04:48","modified_gmt":"2024-07-18T14:04:48","slug":"sony-aidera-honda-a-produire-des-voitures-electriques-dans-une-initiative-au-japon","status":"publish","type":"post","link":"https:\/\/www.newsendip.com\/fr\/sony-aidera-honda-a-produire-des-voitures-electriques-dans-une-initiative-au-japon\/","title":{"rendered":"Sony aidera Honda \u00e0 produire des voitures \u00e9lectriques, une initiative peu commune au&nbsp;Japon"},"content":{"rendered":"<p><strong>Sony et Honda vont unir leurs forces pour produire des v\u00e9hicules \u00e9lectriques innovants. Une initiative peu commune pour des entreprises japonaises.<\/strong><\/p>\n<figure id=\"attachment_14174\" aria-describedby=\"caption-attachment-14174\" style=\"width: 1024px\" class=\"wp-caption aligncenter\"><img decoding=\"async\" class=\"wp-image-14174 size-large\" src=\"https:\/\/www.newsendip.com\/wp-content\/uploads\/2022\/03\/honda-electric-car-crv-1024x683.webp\" alt=\"La voiture \u00e9lectrique Honda CR-V\" width=\"1024\" height=\"683\" srcset=\"https:\/\/www.newsendip.com\/wp-content\/uploads\/2022\/03\/honda-electric-car-crv-1024x683.webp 1024w, https:\/\/www.newsendip.com\/wp-content\/uploads\/2022\/03\/honda-electric-car-crv-60x40.webp 60w, https:\/\/www.newsendip.com\/wp-content\/uploads\/2022\/03\/honda-electric-car-crv-720x480.webp 720w, https:\/\/www.newsendip.com\/wp-content\/uploads\/2022\/03\/honda-electric-car-crv-300x200.webp 300w, https:\/\/www.newsendip.com\/wp-content\/uploads\/2022\/03\/honda-electric-car-crv-768x512.webp 768w, https:\/\/www.newsendip.com\/wp-content\/uploads\/2022\/03\/honda-electric-car-crv-1536x1024.webp 1536w, https:\/\/www.newsendip.com\/wp-content\/uploads\/2022\/03\/honda-electric-car-crv-2048x1366.webp 2048w\" sizes=\"(max-width: 1024px) 100vw, 1024px\"><figcaption id=\"caption-attachment-14174\" class=\"wp-caption-text\">La voiture \u00e9lectrique Honda CR\u2011V au salon de l\u2019auto de Paris | \u00a9 Thesupermat, 2012<\/figcaption><\/figure>\n<p>Sony Group Corp. et Honda Motor Co. ont convenu de cr\u00e9er une joint venture pour vendre un v\u00e9hicule \u00e9lectrique d\u2019ici 2025, ont annonc\u00e9 les deux entreprises le 4&nbsp;mars.<\/p>\n<p>D\u2019un c\u00f4t\u00e9, Honda apporterait son expertise en mati\u00e8re de mobilit\u00e9, de technologie et commerciale. De l\u2019autre, Sony poss\u00e8de une expertise dans l\u2019imagerie, les t\u00e9l\u00e9communications et le divertissement. L\u2019objectif est de cr\u00e9er \u00ab\u202f<em>une r\u00e9action chimique\u202f\u00bb<\/em> pour cr\u00e9er de la valeur de <a href=\"https:\/\/www.newsendip.com\/fr\/serendipite\/\">mani\u00e8re inattendue<\/a> et hors du commun, a d\u00e9clar\u00e9 Toshihiro Mibe, directeur g\u00e9n\u00e9ral de Honda, aux journalistes lors de la conf\u00e9rence de presse.<\/p>\n<p>La collaboration d\u2019entreprises op\u00e9rant dans des industries diff\u00e9rentes n\u2019est pas courante au&nbsp;Japon.<\/p>\n<p>Tous les constructeurs automobiles d\u00e9veloppent des <a href=\"https:\/\/www.newsendip.com\/fr\/le-canada-defend-son-industrie-automobile-contre-les-credits-dimpot-americains-pour-les-vehicules-electriques\/\">v\u00e9hicules \u00e9lectriques \u00e0 faible \u00e9mission<\/a>. Mais ces v\u00e9hicules d\u00e9pendent toujours plus d\u2019une <a href=\"https:\/\/www.newsendip.com\/fr\/un-effet-secondaire-de-la-pandemie-de-covid-19-les-constructeurs-automobiles-derniers-servis-en-semi-conducteurs\/\">\u00e9lectronique complexe<\/a> que ce qui est contenu dans les voitures \u00e0 moteur thermique que Honda produit traditionnellement.<!--more--><\/p>\n<p>Honda utilisera son usine pour la production, mais la joint venture se chargera du d\u00e9veloppement et de la conception du produit. Sony d\u00e9veloppera la plateforme des services de mobilit\u00e9.<\/p>\n<p>Pourtant, Honda dispose d\u00e9j\u00e0 de son propre programme de v\u00e9hicules \u00e9lectriques, qui produit le CR\u2011V et le Clarity hybride rechargeable. Honda poursuivra son propre programme de v\u00e9hicules \u00e9lectriques en parall\u00e8le.<\/p>\n<p>Le directeur g\u00e9n\u00e9ral du groupe Sony, Kenichiro Yoshida, a d\u00e9clar\u00e9 qu\u2019ils \u00e9taient impatient de trouver un partenaire automobile. La soci\u00e9t\u00e9 a pr\u00e9sent\u00e9 un concept de voiture \u00e9lectrique lors du salon CES de Las Vegas il y a deux&nbsp;ans.<\/p>\n<p>\u00ab\u202f<em>Nous sommes tellement habitu\u00e9s \u00e0 se confiner \u00e0 notre industrie automobile, qu\u2019il est difficile de penser en dehors des cases\u202f\u00bb<\/em>, a d\u00e9clar\u00e9 le PDG de Honda.<em>Bien que Sony et Honda soient des entreprises qui partagent de nombreuses similitudes historiques et culturelles, nos domaines d\u2019expertise technologique sont tr\u00e8s diff\u00e9rents. [\u2026] Cette alliance, qui r\u00e9unit les forces de nos deux entreprises, offre de grandes possibilit\u00e9s pour l\u2019avenir de la mobilit\u00e9.\u202f\u00bb<\/em><\/p>\n<p>Honda fut fond\u00e9e par un ing\u00e9nieur peu conventionnel et Sony a connu le succ\u00e8s gr\u00e2ce \u00e0 des innovations r\u00e9volutionnaires comme le lecteur audio portable Walkman dans les ann\u00e9es 1970.<\/p>\n<p>Les march\u00e9s financiers n\u2019ont toutefois pas \u00e9t\u00e9 aussi enthousiastes que les deux dirigeants d\u2019entreprise. Vendredi, les actions de Honda \u00e9taient en baisse de 4,5\u202f% et celles de Sony ont perdu 3,2\u202f%.<\/p>\n<p><a href=\"https:\/\/www.newsendip.com\/fr\/etiquette\/japon\/\"><strong>D\u00e9couvrez des informations sur le&nbsp;Japon<\/strong><\/a><\/p>\n","protected":false},"excerpt":{"rendered":"<p>Sony et Honda vont s\u2019associer pour produire un v\u00e9hicule \u00e9lectrique innovant. Une initiative rare pour des entreprises japonaises.<\/p>\n","protected":false},"author":4,"featured_media":14174,"comment_status":"closed","ping_status":"closed","sticky":false,"template":"","format":"standard","meta":{"wp_typography_post_enhancements_disabled":false,"footnotes":""},"categories":[414],"tags":[486,421],"class_list":["post-14746","post","type-post","status-publish","format-standard","has-post-thumbnail","hentry","category-economie","tag-japon","tag-vieux"],"yoast_head":"<!-- This site is optimized with the Yoast SEO Premium plugin v27.4 (Yoast SEO v27.4) - https:\/\/yoast.com\/product\/yoast-seo-premium-wordpress\/ -->\n<title>Sony aidera Honda \u00e0 produire des voitures \u00e9lectriques, une initiative peu commune au Japon<\/title>\n<meta name=\"description\" content=\"Sony et Honda vont s&#039;associer pour produire un v\u00e9hicule \u00e9lectrique innovant. Une initiative rare pour des entreprises japonaises.\" \/>\n<meta name=\"robots\" content=\"index, follow, max-snippet:-1, max-image-preview:large, max-video-preview:-1\" \/>\n<link rel=\"canonical\" href=\"https:\/\/www.newsendip.com\/fr\/sony-aidera-honda-a-produire-des-voitures-electriques-dans-une-initiative-au-japon\/\" \/>\n<meta property=\"og:locale\" content=\"fr_FR\" \/>\n<meta property=\"og:type\" content=\"article\" \/>\n<meta property=\"og:title\" content=\"Sony aidera Honda \u00e0 produire des voitures \u00e9lectriques, une initiative peu commune au Japon\" \/>\n<meta property=\"og:description\" content=\"Sony et Honda vont s&#039;associer pour produire un v\u00e9hicule \u00e9lectrique innovant. Une initiative rare pour des entreprises japonaises.\" \/>\n<meta property=\"og:url\" content=\"https:\/\/www.newsendip.com\/fr\/sony-aidera-honda-a-produire-des-voitures-electriques-dans-une-initiative-au-japon\/\" \/>\n<meta property=\"og:site_name\" content=\"Newsendip\" \/>\n<meta property=\"article:publisher\" content=\"https:\/\/www.facebook.com\/newsendip\" \/>\n<meta property=\"article:published_time\" content=\"2022-03-04T15:07:50+00:00\" \/>\n<meta property=\"article:modified_time\" content=\"2024-07-18T14:04:48+00:00\" \/>\n<meta property=\"og:image\" content=\"https:\/\/www.newsendip.com\/wp-content\/uploads\/2022\/03\/honda-electric-car-crv-small-progressive.jpeg\" \/>\n<meta name=\"author\" content=\"Newsendip with AP\" \/>\n<meta name=\"twitter:card\" content=\"summary_large_image\" \/>\n<meta name=\"twitter:image\" content=\"https:\/\/www.newsendip.com\/wp-content\/uploads\/2022\/03\/honda-electric-car-crv-small-progressive-150x150.jpeg\" \/>\n<meta name=\"twitter:creator\" content=\"@newsendip\" \/>\n<meta name=\"twitter:site\" content=\"@newsendip\" \/>\n<meta name=\"twitter:label1\" content=\"\u00c9crit par\" \/>\n\t<meta name=\"twitter:data1\" content=\"Newsendip avec AP\" \/>\n\t<meta name=\"twitter:label2\" content=\"Dur\u00e9e de lecture estim\u00e9e\" \/>\n\t<meta name=\"twitter:data2\" content=\"3 minutes\" \/>\n<!-- \/ Yoast SEO Premium plugin. -->","yoast_head_json":{"title":"Sony aidera Honda \u00e0 produire des voitures \u00e9lectriques, une initiative peu commune au Japon","description":"Sony et Honda vont s'associer pour produire un v\u00e9hicule \u00e9lectrique innovant. Une initiative rare pour des entreprises japonaises.","robots":{"index":"index","follow":"follow","max-snippet":"max-snippet:-1","max-image-preview":"max-image-preview:large","max-video-preview":"max-video-preview:-1"},"canonical":"https:\/\/www.newsendip.com\/fr\/sony-aidera-honda-a-produire-des-voitures-electriques-dans-une-initiative-au-japon\/","og_locale":"fr_FR","og_type":"article","og_title":"Sony aidera Honda \u00e0 produire des voitures \u00e9lectriques, une initiative peu commune au Japon","og_description":"Sony et Honda vont s'associer pour produire un v\u00e9hicule \u00e9lectrique innovant. Une initiative rare pour des entreprises japonaises.","og_url":"https:\/\/www.newsendip.com\/fr\/sony-aidera-honda-a-produire-des-voitures-electriques-dans-une-initiative-au-japon\/","og_site_name":"Newsendip","article_publisher":"https:\/\/www.facebook.com\/newsendip","article_published_time":"2022-03-04T15:07:50+00:00","article_modified_time":"2024-07-18T14:04:48+00:00","og_image":[{"url":"https:\/\/www.newsendip.com\/wp-content\/uploads\/2022\/03\/honda-electric-car-crv-small-progressive.jpeg","type":"","width":"","height":""}],"author":"Newsendip with AP","twitter_card":"summary_large_image","twitter_image":"https:\/\/www.newsendip.com\/wp-content\/uploads\/2022\/03\/honda-electric-car-crv-small-progressive-150x150.jpeg","twitter_creator":"@newsendip","twitter_site":"@newsendip","twitter_misc":{"\u00c9crit par":"Newsendip avec AP","Dur\u00e9e de lecture estim\u00e9e":"3 minutes"},"schema":{"@context":"https:\/\/schema.org","@graph":[{"@type":"NewsArticle","@id":"https:\/\/www.newsendip.com\/fr\/sony-aidera-honda-a-produire-des-voitures-electriques-dans-une-initiative-au-japon\/#article","isPartOf":{"@id":"https:\/\/www.newsendip.com\/fr\/sony-aidera-honda-a-produire-des-voitures-electriques-dans-une-initiative-au-japon\/"},"author":{"name":"Newsendip with AP","@id":"https:\/\/www.newsendip.com\/fr\/#\/schema\/person\/b39c439f25219d252080349ee96644f3"},"headline":"Sony aidera Honda \u00e0 produire des voitures \u00e9lectriques, une initiative peu commune au&nbsp;Japon","datePublished":"2022-03-04T15:07:50+00:00","dateModified":"2024-07-18T14:04:48+00:00","mainEntityOfPage":{"@id":"https:\/\/www.newsendip.com\/fr\/sony-aidera-honda-a-produire-des-voitures-electriques-dans-une-initiative-au-japon\/"},"wordCount":476,"publisher":{"@id":"https:\/\/www.newsendip.com\/fr\/#organization"},"image":{"@id":"https:\/\/www.newsendip.com\/fr\/sony-aidera-honda-a-produire-des-voitures-electriques-dans-une-initiative-au-japon\/#primaryimage"},"thumbnailUrl":"https:\/\/www.newsendip.com\/wp-content\/uploads\/2022\/03\/honda-electric-car-crv.webp","keywords":["Japon","Vieux"],"articleSection":["\u00c9conomie"],"inLanguage":"fr-FR","copyrightYear":"2022","copyrightHolder":{"@id":"https:\/\/www.newsendip.com\/#organization"}},{"@type":"WebPage","@id":"https:\/\/www.newsendip.com\/fr\/sony-aidera-honda-a-produire-des-voitures-electriques-dans-une-initiative-au-japon\/","url":"https:\/\/www.newsendip.com\/fr\/sony-aidera-honda-a-produire-des-voitures-electriques-dans-une-initiative-au-japon\/","name":"Sony aidera Honda \u00e0 produire des voitures \u00e9lectriques, une initiative peu commune au Japon","isPartOf":{"@id":"https:\/\/www.newsendip.com\/fr\/#website"},"primaryImageOfPage":{"@id":"https:\/\/www.newsendip.com\/fr\/sony-aidera-honda-a-produire-des-voitures-electriques-dans-une-initiative-au-japon\/#primaryimage"},"image":{"@id":"https:\/\/www.newsendip.com\/fr\/sony-aidera-honda-a-produire-des-voitures-electriques-dans-une-initiative-au-japon\/#primaryimage"},"thumbnailUrl":"https:\/\/www.newsendip.com\/wp-content\/uploads\/2022\/03\/honda-electric-car-crv.webp","datePublished":"2022-03-04T15:07:50+00:00","dateModified":"2024-07-18T14:04:48+00:00","description":"Sony et Honda vont s'associer pour produire un v\u00e9hicule \u00e9lectrique innovant. Une initiative rare pour des entreprises japonaises.","breadcrumb":{"@id":"https:\/\/www.newsendip.com\/fr\/sony-aidera-honda-a-produire-des-voitures-electriques-dans-une-initiative-au-japon\/#breadcrumb"},"inLanguage":"fr-FR","potentialAction":[{"@type":"ReadAction","target":["https:\/\/www.newsendip.com\/fr\/sony-aidera-honda-a-produire-des-voitures-electriques-dans-une-initiative-au-japon\/"]}]},{"@type":"ImageObject","inLanguage":"fr-FR","@id":"https:\/\/www.newsendip.com\/fr\/sony-aidera-honda-a-produire-des-voitures-electriques-dans-une-initiative-au-japon\/#primaryimage","url":"https:\/\/www.newsendip.com\/wp-content\/uploads\/2022\/03\/honda-electric-car-crv.webp","contentUrl":"https:\/\/www.newsendip.com\/wp-content\/uploads\/2022\/03\/honda-electric-car-crv.webp","width":2560,"height":1707,"caption":"Honda CR-V electric car at the Paris autoshow | \u00a9 Thesupermat, 2012"},{"@type":"BreadcrumbList","@id":"https:\/\/www.newsendip.com\/fr\/sony-aidera-honda-a-produire-des-voitures-electriques-dans-une-initiative-au-japon\/#breadcrumb","itemListElement":[{"@type":"ListItem","position":1,"name":"Accueil","item":"https:\/\/www.newsendip.com\/fr\/"},{"@type":"ListItem","position":2,"name":"Sony aidera Honda \u00e0 produire des voitures \u00e9lectriques, une initiative peu commune au Japon"}]},{"@type":"WebSite","@id":"https:\/\/www.newsendip.com\/fr\/#website","url":"https:\/\/www.newsendip.com\/fr\/","name":"Newsendip","description":"Red\u00e9couvrez l&#039;actualit\u00e9 internationale","publisher":{"@id":"https:\/\/www.newsendip.com\/fr\/#organization"},"potentialAction":[{"@type":"SearchAction","target":{"@type":"EntryPoint","urlTemplate":"https:\/\/www.newsendip.com\/fr\/?s={search_term_string}"},"query-input":{"@type":"PropertyValueSpecification","valueRequired":true,"valueName":"search_term_string"}}],"inLanguage":"fr-FR"},{"@type":"Organization","@id":"https:\/\/www.newsendip.com\/fr\/#organization","name":"Newsendip","url":"https:\/\/www.newsendip.com\/fr\/","logo":{"@type":"ImageObject","inLanguage":"fr-FR","@id":"https:\/\/www.newsendip.com\/fr\/#\/schema\/logo\/image\/","url":"https:\/\/www.newsendip.com\/wp-content\/uploads\/2023\/12\/512x512.svg","contentUrl":"https:\/\/www.newsendip.com\/wp-content\/uploads\/2023\/12\/512x512.svg","width":1,"height":1,"caption":"Newsendip"},"image":{"@id":"https:\/\/www.newsendip.com\/fr\/#\/schema\/logo\/image\/"},"sameAs":["https:\/\/www.facebook.com\/newsendip","https:\/\/x.com\/newsendip","https:\/\/mastodon.social\/@newsendip","https:\/\/www.linkedin.com\/company\/newsendip"],"description":"Newsendip est un site qui a pour mission de rendre l'actualit\u00e9 internationale accessible et diversifi\u00e9e","email":"contact@newsendip.com","legalName":"Newsendip SAS","foundingDate":"2022-11-04","vatID":"FR60921124723","numberOfEmployees":{"@type":"QuantitativeValue","minValue":"1","maxValue":"10"},"publishingPrinciples":"https:\/\/www.newsendip.com\/about-us\/","ownershipFundingInfo":"https:\/\/www.newsendip.com\/legal-notice\/","actionableFeedbackPolicy":"https:\/\/www.newsendip.com\/about-us\/","correctionsPolicy":"https:\/\/www.newsendip.com\/about-us\/","ethicsPolicy":"https:\/\/www.newsendip.com\/about-us\/","diversityPolicy":"https:\/\/www.newsendip.com\/about-us\/"},{"@type":"Person","@id":"https:\/\/www.newsendip.com\/fr\/#\/schema\/person\/b39c439f25219d252080349ee96644f3","name":"Newsendip with AP","description":"Newsendip newsroom articles with the support of Associated Press newswire","knowsAbout":["News"],"url":"https:\/\/www.newsendip.com\/fr\/author\/newsendip-associated-press\/"}]}},"_links":{"self":[{"href":"https:\/\/www.newsendip.com\/fr\/wp-json\/wp\/v2\/posts\/14746","targetHints":{"allow":["GET"]}}],"collection":[{"href":"https:\/\/www.newsendip.com\/fr\/wp-json\/wp\/v2\/posts"}],"about":[{"href":"https:\/\/www.newsendip.com\/fr\/wp-json\/wp\/v2\/types\/post"}],"author":[{"embeddable":true,"href":"https:\/\/www.newsendip.com\/fr\/wp-json\/wp\/v2\/users\/4"}],"replies":[{"embeddable":true,"href":"https:\/\/www.newsendip.com\/fr\/wp-json\/wp\/v2\/comments?post=14746"}],"version-history":[{"count":0,"href":"https:\/\/www.newsendip.com\/fr\/wp-json\/wp\/v2\/posts\/14746\/revisions"}],"wp:featuredmedia":[{"embeddable":true,"href":"https:\/\/www.newsendip.com\/fr\/wp-json\/wp\/v2\/media\/14174"}],"wp:attachment":[{"href":"https:\/\/www.newsendip.com\/fr\/wp-json\/wp\/v2\/media?parent=14746"}],"wp:term":[{"taxonomy":"category","embeddable":true,"href":"https:\/\/www.newsendip.com\/fr\/wp-json\/wp\/v2\/categories?post=14746"},{"taxonomy":"post_tag","embeddable":true,"href":"https:\/\/www.newsendip.com\/fr\/wp-json\/wp\/v2\/tags?post=14746"}],"curies":[{"name":"wp","href":"https:\/\/api.w.org\/{rel}","templated":true}]}}