{"id":14747,"date":"2022-03-04T15:05:16","date_gmt":"2022-03-04T14:05:16","guid":{"rendered":"https:\/\/www.newsendip.com\/?p=14747"},"modified":"2024-07-18T16:06:06","modified_gmt":"2024-07-18T14:06:06","slug":"nouvelles-mesures-contre-les-violences-envers-les-femmes-en-turquie-mais-selon-ses-propres-valeurs","status":"publish","type":"post","link":"https:\/\/www.newsendip.com\/fr\/nouvelles-mesures-contre-les-violences-envers-les-femmes-en-turquie-mais-selon-ses-propres-valeurs\/","title":{"rendered":"Nouvelles mesures contre les violences envers les femmes en Turquie, mais selon ses propres valeurs"},"content":{"rendered":"<p><strong>La Turquie a publi\u00e9 un plan contre les violences faites aux femmes apr\u00e8s s\u2019\u00eatre retir\u00e9e de la Convention d\u2019Istanbul, consid\u00e9r\u00e9e comme allant \u00e0 l\u2019encontre des valeurs familiales traditionnelles du&nbsp;pays.<\/strong><\/p>\n<p><img decoding=\"async\" class=\"aligncenter wp-image-14172 size-large\" src=\"https:\/\/www.newsendip.com\/wp-content\/uploads\/2022\/03\/violence-1024x683.webp\" alt=\"violence\" width=\"1024\" height=\"683\" srcset=\"https:\/\/www.newsendip.com\/wp-content\/uploads\/2022\/03\/violence-1024x683.webp 1024w, https:\/\/www.newsendip.com\/wp-content\/uploads\/2022\/03\/violence-60x40.webp 60w, https:\/\/www.newsendip.com\/wp-content\/uploads\/2022\/03\/violence-720x480.webp 720w, https:\/\/www.newsendip.com\/wp-content\/uploads\/2022\/03\/violence-300x200.webp 300w, https:\/\/www.newsendip.com\/wp-content\/uploads\/2022\/03\/violence-768x512.webp 768w, https:\/\/www.newsendip.com\/wp-content\/uploads\/2022\/03\/violence-1536x1024.webp 1536w, https:\/\/www.newsendip.com\/wp-content\/uploads\/2022\/03\/violence.webp 1920w\" sizes=\"(max-width: 1024px) 100vw, 1024px\"><\/p>\n<p>Le pr\u00e9sident turc, Recep Tayyip Erdogan, a annonc\u00e9 le 4 mars une s\u00e9rie de mesures visant \u00e0 r\u00e9duire les actes de violence envers les femmes.<\/p>\n<p>En juillet dernier, la Turquie a \u00e9t\u00e9 le <a href=\"https:\/\/www.newsendip.com\/fr\/la-turquie-se-retire-de-la-convention-distanbul\/\">premier pays \u00e0 se retirer de la Convention d\u2019Istanbul<\/a>, un trait\u00e9 europ\u00e9en historique contre les violences faites aux femmes qu\u2019elle avait pourtant \u00e9t\u00e9 la premi\u00e8re \u00e0 signer il y a dix&nbsp;ans.<\/p>\n<p>Selon les dirigeants turcs, la convention qui porte le nom de la plus grande ville du pays ne respecte pas les valeurs familiales traditionnelles et tente de l\u00e9gitimer l\u2019homosexualit\u00e9. La convention d\u2019Istanbul interdit toute discrimination en fonction de l\u2019orientation sexuelle.<\/p>\n<p>Apr\u00e8s s\u2019\u00eatre retir\u00e9 du trait\u00e9, Ergodan a lanc\u00e9 un plan de protection des femmes, mais il ne rejette plus la violence fond\u00e9e sur l\u2019orientation sexuelle.<\/p>\n<p>Les <a href=\"https:\/\/www.newsendip.com\/fr\/des-transferts-de-prison-pour-les-detenus-transgenres-en-californie-mais-les-evolutions-restent-disparates-dans-le-monde\/\">femmes lesbiennes, bisexuelles et transgenres<\/a> sont confront\u00e9es \u00e0 des niveaux \u00e9lev\u00e9s de discrimination en Turquie et sont vuln\u00e9rables au mariage forc\u00e9 ou m\u00eame \u00e0 du \u00ab\u202f<em>viol correctif<\/em>\u202f\u00bb, selon un <a href=\"#post-bottom-source\">rapport du Conseil de l\u2019Europe en 2018<\/a>.<!--more--><\/p>\n<p>Vendredi, Erdogan a d\u00e9clar\u00e9 que les r\u00e9formes judiciaires augmenteraient les peines de prison lorsque des actes \u00ab\u202f<em>d\u2019homicide volontaire, de blessures d\u00e9lib\u00e9r\u00e9es, de torture et de mauvais traitements\u202f\u00bb<\/em> sont perp\u00e9tr\u00e9s contre des femmes. Elles augmenteraient \u00e9galement la peine de prison minimale pour les crimes ou les menaces \u00e0 l\u2019encontre d\u2019anciens ou d\u2019actuels conjoints.<\/p>\n<p>Le harc\u00e8lement serait passible de prison et les femmes victimes de violences se verraient attribuer gratuitement un avocat, a d\u00e9clar\u00e9 Erdogan.<\/p>\n<p>Au total, 72 femmes ont \u00e9t\u00e9 tu\u00e9es en Turquie depuis le d\u00e9but de l\u2019ann\u00e9e, selon la plateforme We Will Stop Femicide. Au moins 416 femmes ont \u00e9t\u00e9 tu\u00e9es en 2021, et des dizaines d\u2019autres ont \u00e9t\u00e9 retrouv\u00e9es mortes dans des circonstances suspectes, selon le groupe.<\/p>\n<p>Le dirigeant turc a d\u00e9clar\u00e9 que les r\u00e9formes seraient bient\u00f4t soumises au vote du parlement.<\/p>\n<p><a href=\"https:\/\/www.newsendip.com\/fr\/etiquette\/turquie\/\"><strong>D\u00e9couvrez des actualit\u00e9s sur la Turquie<\/strong><\/a><\/p>\n","protected":false},"excerpt":{"rendered":"<p>La Turquie a publi\u00e9 un plan contre les violences faites aux femmes apr\u00e8s s\u2019\u00eatre retir\u00e9e de la Convention d\u2019Istanbul, consid\u00e9r\u00e9e comme allant \u00e0 l\u2019encontre des valeurs familiales traditionnelles du&nbsp;pays.<\/p>\n","protected":false},"author":4,"featured_media":14172,"comment_status":"closed","ping_status":"closed","sticky":false,"template":"","format":"standard","meta":{"wp_typography_post_enhancements_disabled":false,"footnotes":""},"categories":[409],"tags":[517,421],"class_list":["post-14747","post","type-post","status-publish","format-standard","has-post-thumbnail","hentry","category-societe","tag-turquie","tag-vieux"],"yoast_head":"<!-- This site is optimized with the Yoast SEO Premium plugin v27.4 (Yoast SEO v27.4) - https:\/\/yoast.com\/product\/yoast-seo-premium-wordpress\/ -->\n<title>Nouvelles mesures contre les violences envers les femmes en Turquie, mais selon ses propres valeurs<\/title>\n<meta name=\"description\" content=\"La Turquie a publi\u00e9 un plan contre les violences faites aux femmes apr\u00e8s s&#039;\u00eatre retir\u00e9e de la Convention d&#039;Istanbul, consid\u00e9r\u00e9e comme allant \u00e0 l&#039;encontre des valeurs familiales traditionnelles du pays.\" \/>\n<meta name=\"robots\" content=\"index, follow, max-snippet:-1, max-image-preview:large, max-video-preview:-1\" \/>\n<link rel=\"canonical\" href=\"https:\/\/www.newsendip.com\/fr\/nouvelles-mesures-contre-les-violences-envers-les-femmes-en-turquie-mais-selon-ses-propres-valeurs\/\" \/>\n<meta property=\"og:locale\" content=\"fr_FR\" \/>\n<meta property=\"og:type\" content=\"article\" \/>\n<meta property=\"og:title\" content=\"Nouvelles mesures contre les violences envers les femmes en Turquie, mais selon ses propres valeurs\" \/>\n<meta property=\"og:description\" content=\"La Turquie a publi\u00e9 un plan contre les violences faites aux femmes apr\u00e8s s&#039;\u00eatre retir\u00e9e de la Convention d&#039;Istanbul, consid\u00e9r\u00e9e comme allant \u00e0 l&#039;encontre des valeurs familiales traditionnelles du pays.\" \/>\n<meta property=\"og:url\" content=\"https:\/\/www.newsendip.com\/fr\/nouvelles-mesures-contre-les-violences-envers-les-femmes-en-turquie-mais-selon-ses-propres-valeurs\/\" \/>\n<meta property=\"og:site_name\" content=\"Newsendip\" \/>\n<meta property=\"article:publisher\" content=\"https:\/\/www.facebook.com\/newsendip\" \/>\n<meta property=\"article:published_time\" content=\"2022-03-04T14:05:16+00:00\" \/>\n<meta property=\"article:modified_time\" content=\"2024-07-18T14:06:06+00:00\" \/>\n<meta property=\"og:image\" content=\"https:\/\/www.newsendip.com\/wp-content\/uploads\/2022\/03\/violence-small.jpg\" \/>\n<meta name=\"author\" content=\"Newsendip with AP\" \/>\n<meta name=\"twitter:card\" content=\"summary_large_image\" \/>\n<meta name=\"twitter:image\" content=\"https:\/\/www.newsendip.com\/wp-content\/uploads\/2022\/03\/violence-small-150x150.jpg\" \/>\n<meta name=\"twitter:creator\" content=\"@newsendip\" \/>\n<meta name=\"twitter:site\" content=\"@newsendip\" \/>\n<meta name=\"twitter:label1\" content=\"\u00c9crit par\" \/>\n\t<meta name=\"twitter:data1\" content=\"Newsendip avec AP\" \/>\n\t<meta name=\"twitter:label2\" content=\"Dur\u00e9e de lecture estim\u00e9e\" \/>\n\t<meta name=\"twitter:data2\" content=\"2 minutes\" \/>\n<!-- \/ Yoast SEO Premium plugin. -->","yoast_head_json":{"title":"Nouvelles mesures contre les violences envers les femmes en Turquie, mais selon ses propres valeurs","description":"La Turquie a publi\u00e9 un plan contre les violences faites aux femmes apr\u00e8s s'\u00eatre retir\u00e9e de la Convention d'Istanbul, consid\u00e9r\u00e9e comme allant \u00e0 l'encontre des valeurs familiales traditionnelles du pays.","robots":{"index":"index","follow":"follow","max-snippet":"max-snippet:-1","max-image-preview":"max-image-preview:large","max-video-preview":"max-video-preview:-1"},"canonical":"https:\/\/www.newsendip.com\/fr\/nouvelles-mesures-contre-les-violences-envers-les-femmes-en-turquie-mais-selon-ses-propres-valeurs\/","og_locale":"fr_FR","og_type":"article","og_title":"Nouvelles mesures contre les violences envers les femmes en Turquie, mais selon ses propres valeurs","og_description":"La Turquie a publi\u00e9 un plan contre les violences faites aux femmes apr\u00e8s s'\u00eatre retir\u00e9e de la Convention d'Istanbul, consid\u00e9r\u00e9e comme allant \u00e0 l'encontre des valeurs familiales traditionnelles du pays.","og_url":"https:\/\/www.newsendip.com\/fr\/nouvelles-mesures-contre-les-violences-envers-les-femmes-en-turquie-mais-selon-ses-propres-valeurs\/","og_site_name":"Newsendip","article_publisher":"https:\/\/www.facebook.com\/newsendip","article_published_time":"2022-03-04T14:05:16+00:00","article_modified_time":"2024-07-18T14:06:06+00:00","og_image":[{"url":"https:\/\/www.newsendip.com\/wp-content\/uploads\/2022\/03\/violence-small.jpg","type":"","width":"","height":""}],"author":"Newsendip with AP","twitter_card":"summary_large_image","twitter_image":"https:\/\/www.newsendip.com\/wp-content\/uploads\/2022\/03\/violence-small-150x150.jpg","twitter_creator":"@newsendip","twitter_site":"@newsendip","twitter_misc":{"\u00c9crit par":"Newsendip avec AP","Dur\u00e9e de lecture estim\u00e9e":"2 minutes"},"schema":{"@context":"https:\/\/schema.org","@graph":[{"@type":"NewsArticle","@id":"https:\/\/www.newsendip.com\/fr\/nouvelles-mesures-contre-les-violences-envers-les-femmes-en-turquie-mais-selon-ses-propres-valeurs\/#article","isPartOf":{"@id":"https:\/\/www.newsendip.com\/fr\/nouvelles-mesures-contre-les-violences-envers-les-femmes-en-turquie-mais-selon-ses-propres-valeurs\/"},"author":{"name":"Newsendip with AP","@id":"https:\/\/www.newsendip.com\/fr\/#\/schema\/person\/b39c439f25219d252080349ee96644f3"},"headline":"Nouvelles mesures contre les violences envers les femmes en Turquie, mais selon ses propres valeurs","datePublished":"2022-03-04T14:05:16+00:00","dateModified":"2024-07-18T14:06:06+00:00","mainEntityOfPage":{"@id":"https:\/\/www.newsendip.com\/fr\/nouvelles-mesures-contre-les-violences-envers-les-femmes-en-turquie-mais-selon-ses-propres-valeurs\/"},"wordCount":391,"publisher":{"@id":"https:\/\/www.newsendip.com\/fr\/#organization"},"image":{"@id":"https:\/\/www.newsendip.com\/fr\/nouvelles-mesures-contre-les-violences-envers-les-femmes-en-turquie-mais-selon-ses-propres-valeurs\/#primaryimage"},"thumbnailUrl":"https:\/\/www.newsendip.com\/wp-content\/uploads\/2022\/03\/violence.webp","keywords":["Turquie","Vieux"],"articleSection":["Soci\u00e9t\u00e9"],"inLanguage":"fr-FR","copyrightYear":"2022","copyrightHolder":{"@id":"https:\/\/www.newsendip.com\/#organization"}},{"@type":"WebPage","@id":"https:\/\/www.newsendip.com\/fr\/nouvelles-mesures-contre-les-violences-envers-les-femmes-en-turquie-mais-selon-ses-propres-valeurs\/","url":"https:\/\/www.newsendip.com\/fr\/nouvelles-mesures-contre-les-violences-envers-les-femmes-en-turquie-mais-selon-ses-propres-valeurs\/","name":"Nouvelles mesures contre les violences envers les femmes en Turquie, mais selon ses propres valeurs","isPartOf":{"@id":"https:\/\/www.newsendip.com\/fr\/#website"},"primaryImageOfPage":{"@id":"https:\/\/www.newsendip.com\/fr\/nouvelles-mesures-contre-les-violences-envers-les-femmes-en-turquie-mais-selon-ses-propres-valeurs\/#primaryimage"},"image":{"@id":"https:\/\/www.newsendip.com\/fr\/nouvelles-mesures-contre-les-violences-envers-les-femmes-en-turquie-mais-selon-ses-propres-valeurs\/#primaryimage"},"thumbnailUrl":"https:\/\/www.newsendip.com\/wp-content\/uploads\/2022\/03\/violence.webp","datePublished":"2022-03-04T14:05:16+00:00","dateModified":"2024-07-18T14:06:06+00:00","description":"La Turquie a publi\u00e9 un plan contre les violences faites aux femmes apr\u00e8s s'\u00eatre retir\u00e9e de la Convention d'Istanbul, consid\u00e9r\u00e9e comme allant \u00e0 l'encontre des valeurs familiales traditionnelles du pays.","breadcrumb":{"@id":"https:\/\/www.newsendip.com\/fr\/nouvelles-mesures-contre-les-violences-envers-les-femmes-en-turquie-mais-selon-ses-propres-valeurs\/#breadcrumb"},"inLanguage":"fr-FR","potentialAction":[{"@type":"ReadAction","target":["https:\/\/www.newsendip.com\/fr\/nouvelles-mesures-contre-les-violences-envers-les-femmes-en-turquie-mais-selon-ses-propres-valeurs\/"]}]},{"@type":"ImageObject","inLanguage":"fr-FR","@id":"https:\/\/www.newsendip.com\/fr\/nouvelles-mesures-contre-les-violences-envers-les-femmes-en-turquie-mais-selon-ses-propres-valeurs\/#primaryimage","url":"https:\/\/www.newsendip.com\/wp-content\/uploads\/2022\/03\/violence.webp","contentUrl":"https:\/\/www.newsendip.com\/wp-content\/uploads\/2022\/03\/violence.webp","width":1920,"height":1280},{"@type":"BreadcrumbList","@id":"https:\/\/www.newsendip.com\/fr\/nouvelles-mesures-contre-les-violences-envers-les-femmes-en-turquie-mais-selon-ses-propres-valeurs\/#breadcrumb","itemListElement":[{"@type":"ListItem","position":1,"name":"Accueil","item":"https:\/\/www.newsendip.com\/fr\/"},{"@type":"ListItem","position":2,"name":"Nouvelles mesures contre les violences envers les femmes en Turquie, mais selon ses propres valeurs"}]},{"@type":"WebSite","@id":"https:\/\/www.newsendip.com\/fr\/#website","url":"https:\/\/www.newsendip.com\/fr\/","name":"Newsendip","description":"Red\u00e9couvrez l&#039;actualit\u00e9 internationale","publisher":{"@id":"https:\/\/www.newsendip.com\/fr\/#organization"},"potentialAction":[{"@type":"SearchAction","target":{"@type":"EntryPoint","urlTemplate":"https:\/\/www.newsendip.com\/fr\/?s={search_term_string}"},"query-input":{"@type":"PropertyValueSpecification","valueRequired":true,"valueName":"search_term_string"}}],"inLanguage":"fr-FR"},{"@type":"Organization","@id":"https:\/\/www.newsendip.com\/fr\/#organization","name":"Newsendip","url":"https:\/\/www.newsendip.com\/fr\/","logo":{"@type":"ImageObject","inLanguage":"fr-FR","@id":"https:\/\/www.newsendip.com\/fr\/#\/schema\/logo\/image\/","url":"https:\/\/www.newsendip.com\/wp-content\/uploads\/2023\/12\/512x512.svg","contentUrl":"https:\/\/www.newsendip.com\/wp-content\/uploads\/2023\/12\/512x512.svg","width":1,"height":1,"caption":"Newsendip"},"image":{"@id":"https:\/\/www.newsendip.com\/fr\/#\/schema\/logo\/image\/"},"sameAs":["https:\/\/www.facebook.com\/newsendip","https:\/\/x.com\/newsendip","https:\/\/mastodon.social\/@newsendip","https:\/\/www.linkedin.com\/company\/newsendip"],"description":"Newsendip est un site qui a pour mission de rendre l'actualit\u00e9 internationale accessible et diversifi\u00e9e","email":"contact@newsendip.com","legalName":"Newsendip SAS","foundingDate":"2022-11-04","vatID":"FR60921124723","numberOfEmployees":{"@type":"QuantitativeValue","minValue":"1","maxValue":"10"},"publishingPrinciples":"https:\/\/www.newsendip.com\/about-us\/","ownershipFundingInfo":"https:\/\/www.newsendip.com\/legal-notice\/","actionableFeedbackPolicy":"https:\/\/www.newsendip.com\/about-us\/","correctionsPolicy":"https:\/\/www.newsendip.com\/about-us\/","ethicsPolicy":"https:\/\/www.newsendip.com\/about-us\/","diversityPolicy":"https:\/\/www.newsendip.com\/about-us\/"},{"@type":"Person","@id":"https:\/\/www.newsendip.com\/fr\/#\/schema\/person\/b39c439f25219d252080349ee96644f3","name":"Newsendip with AP","description":"Newsendip newsroom articles with the support of Associated Press newswire","knowsAbout":["News"],"url":"https:\/\/www.newsendip.com\/fr\/author\/newsendip-associated-press\/"}]}},"_links":{"self":[{"href":"https:\/\/www.newsendip.com\/fr\/wp-json\/wp\/v2\/posts\/14747","targetHints":{"allow":["GET"]}}],"collection":[{"href":"https:\/\/www.newsendip.com\/fr\/wp-json\/wp\/v2\/posts"}],"about":[{"href":"https:\/\/www.newsendip.com\/fr\/wp-json\/wp\/v2\/types\/post"}],"author":[{"embeddable":true,"href":"https:\/\/www.newsendip.com\/fr\/wp-json\/wp\/v2\/users\/4"}],"replies":[{"embeddable":true,"href":"https:\/\/www.newsendip.com\/fr\/wp-json\/wp\/v2\/comments?post=14747"}],"version-history":[{"count":0,"href":"https:\/\/www.newsendip.com\/fr\/wp-json\/wp\/v2\/posts\/14747\/revisions"}],"wp:featuredmedia":[{"embeddable":true,"href":"https:\/\/www.newsendip.com\/fr\/wp-json\/wp\/v2\/media\/14172"}],"wp:attachment":[{"href":"https:\/\/www.newsendip.com\/fr\/wp-json\/wp\/v2\/media?parent=14747"}],"wp:term":[{"taxonomy":"category","embeddable":true,"href":"https:\/\/www.newsendip.com\/fr\/wp-json\/wp\/v2\/categories?post=14747"},{"taxonomy":"post_tag","embeddable":true,"href":"https:\/\/www.newsendip.com\/fr\/wp-json\/wp\/v2\/tags?post=14747"}],"curies":[{"name":"wp","href":"https:\/\/api.w.org\/{rel}","templated":true}]}}