{"id":14749,"date":"2022-03-04T00:05:49","date_gmt":"2022-03-03T23:05:49","guid":{"rendered":"https:\/\/www.newsendip.com\/?p=14749"},"modified":"2025-02-04T15:06:06","modified_gmt":"2025-02-04T14:06:06","slug":"reunion-secretes-le-president-du-perou-accuse-detre-a-la-tete-dune-organisation-criminelle","status":"publish","type":"post","link":"https:\/\/www.newsendip.com\/fr\/reunion-secretes-le-president-du-perou-accuse-detre-a-la-tete-dune-organisation-criminelle\/","title":{"rendered":"R\u00e9unions secr\u00e8tes&nbsp;: le pr\u00e9sident du P\u00e9rou accus\u00e9 d\u2019\u00eatre \u00ab\u202f\u00e0 la t\u00eate d\u2019une organisation criminelle\u202f\u00bb"},"content":{"rendered":"<p><strong>Une lobbyiste accuse le pr\u00e9sident du P\u00e9rou Pedro Castillo d\u2019\u00eatre \u00e0 la t\u00eate d\u2019une organisation criminelle manipulant les appels d\u2019offres lors de r\u00e9unions clandestines.<\/strong><\/p>\n<figure id=\"attachment_14168\" aria-describedby=\"caption-attachment-14168\" style=\"width: 1024px\" class=\"wp-caption aligncenter\"><img decoding=\"async\" class=\"wp-image-14168 size-large\" src=\"https:\/\/www.newsendip.com\/wp-content\/uploads\/2022\/03\/president-peru-pedro-castillo-1024x683.webp\" alt=\"Pedro Castillo, Pr\u00e9sident du P\u00e9rou\" width=\"1024\" height=\"683\" srcset=\"https:\/\/www.newsendip.com\/wp-content\/uploads\/2022\/03\/president-peru-pedro-castillo-1024x683.webp 1024w, https:\/\/www.newsendip.com\/wp-content\/uploads\/2022\/03\/president-peru-pedro-castillo-60x40.webp 60w, https:\/\/www.newsendip.com\/wp-content\/uploads\/2022\/03\/president-peru-pedro-castillo-720x480.webp 720w, https:\/\/www.newsendip.com\/wp-content\/uploads\/2022\/03\/president-peru-pedro-castillo-300x200.webp 300w, https:\/\/www.newsendip.com\/wp-content\/uploads\/2022\/03\/president-peru-pedro-castillo-768x512.webp 768w, https:\/\/www.newsendip.com\/wp-content\/uploads\/2022\/03\/president-peru-pedro-castillo-1536x1024.webp 1536w, https:\/\/www.newsendip.com\/wp-content\/uploads\/2022\/03\/president-peru-pedro-castillo.webp 2048w\" sizes=\"(max-width: 1024px) 100vw, 1024px\"><figcaption id=\"caption-attachment-14168\" class=\"wp-caption-text\">Pedro Castillo, Pr\u00e9sident du P\u00e9rou | F\u00e9vrier 2022, Presidencia Per\u00fa<\/figcaption><\/figure>\n<p>Le 17 d\u00e9cembre, <a href=\"https:\/\/www.gob.pe\/institucion\/mpfn\/noticias\/570932-ministerio-publico-allana-viviendas-de-investigados-karelim-lopez-y-bruno-pacheco-por-investigacion-de-trafico-de-influencias\">le minist\u00e8re public<\/a>a inspect\u00e9 les propri\u00e9t\u00e9s de Karelim L\u00f3pez et Bruno Pacheco dans le cadre d\u2019une enqu\u00eate sur le trafic d\u2019influence.<\/p>\n<p>La perquisition \u00e9tait li\u00e9e \u00e0 des soup\u00e7ons de corruption concernant un appel d\u2019offres du minist\u00e8re des Transports pour la construction d\u2019un pont, le Puente Tarata III, \u00e0 San Martin, une r\u00e9gion isol\u00e9e dans la for\u00eat amazonienne au nord du P\u00e9rou. Le minist\u00e8re des Transports et des Communications a finalement annul\u00e9 le contrat apr\u00e8s des irr\u00e9gularit\u00e9s dans la conclusion du contrat en janvier.<\/p>\n<p><a href=\"https:\/\/larepublica.pe\/politica\/2022\/02\/26\/quien-es-karelim-lopez-conoce-la-vida-de-lujos-de-la-empresaria-y-los-vinculos-con-el-gobierno-de-pedro-castillo-atmp\/\">Karelim L\u00f3pez<\/a>, 41 ans, est une lobbyiste qui gravite autour des politiques du pays pour repr\u00e9senter ses entreprises clientes depuis de nombreuses ann\u00e9es.<\/p>\n<p>Face \u00e0 une potentielle condamnation et \u00e0 de la prison, Karelim L\u00f3pez a d\u00e9cid\u00e9 mi-f\u00e9vrier de coop\u00e9rer avec les autorit\u00e9s, en reconnaissant au procureur contre le blanchiment d\u2019argent sa participation \u00e0 des tentatives de corruption. Dans des documents qui ne sont pas publics mais dont <a href=\"https:\/\/larepublica.pe\/politica\/2022\/02\/26\/karelim-lopez-reconocio-su-participacion-junto-a-pedro-castillo-en-presuntos-delitos-brena-palacio-de-gobierno\/\">les m\u00e9dias font abondamment \u00e9tat<\/a>, elle aurait accus\u00e9 le pr\u00e9sident du P\u00e9rou Pedro Castillo d\u2019\u00eatre \u00e0 la t\u00eate d\u2019une organisation criminelle Ce \u00ab\u202f<em>groupe mafieux<\/em>\u202f\u00bb manipulerait les appels d\u2019offres publiques et arrangerait le gain des march\u00e9s.<\/p>\n<p>\u00ab\u202f<em>J\u2019ai besoin de payer les personnes qui ont financ\u00e9 ma campagne\u202f\u00bb<\/em>, aurait dit le pr\u00e9sident \u00e0&nbsp;L\u00f3pez.<\/p>\n<p><a href=\"https:\/\/www.newsendip.com\/fr\/debut-du-proces-dun-ancien-president-du-perou-dans-laffaire-de-corruption-dodebrecht\/\">Les pr\u00e9sidents du P\u00e9rou sont r\u00e9guli\u00e8rement impliqu\u00e9s dans des soup\u00e7ons de corruption<\/a>.<\/p>\n<h2>Des politiques et l\u2019ancien secr\u00e9taire g\u00e9n\u00e9ral seraient impliqu\u00e9s dans ce r\u00e9seau de corruption.<\/h2>\n<p>Les all\u00e9gations faites au bureau du procureur contre le blanchiment d\u2019argent doivent encore faire l\u2019objet d\u2019une enqu\u00eate et \u00eatre prouv\u00e9es par les autorit\u00e9s. Mais elles ont fait l\u2019effet d\u2019une petite bombe pour une administration qui a d\u00e9j\u00e0 vu plusieurs ministres d\u00e9missionner en seulement 8&nbsp;mois.<\/p>\n<p>L\u2019\u00e9quipe rapproch\u00e9e du pr\u00e9sident serait compos\u00e9e de membres de sa famille facilitant les op\u00e9rations, de l\u2019ancien secr\u00e9taire g\u00e9n\u00e9ral Bruno Pacheco, du ministre des Transports et de la Communication Juan Silva, et de cinq membres du Congr\u00e8s du parti de droite Action populaire appel\u00e9 <em>Los Ni\u00f1os<\/em>.<\/p>\n<p>Selon Karelim L\u00f3pez, <em>Los Ni\u00f1os<\/em> ob\u00e9iraient \u00e0 faire politiquement tout ce que le pr\u00e9sident leur dit de faire en \u00e9change de contrats publics. Ils rejettent ces affirmations.<\/p>\n<p>Le r\u00e9seau incluerait beaucoup plus de personnes et d\u2019entreprises, dont plusieurs soci\u00e9t\u00e9s de construction chinoises ainsi que des procureurs anti-corruption qui auraient prot\u00e9g\u00e9 les man\u0153uvres du pr\u00e9sident.<\/p>\n<p>Bruno Pacheco, l\u2019ancien secr\u00e9taire g\u00e9n\u00e9ral du pr\u00e9sident, mis en examen avec Karelim L\u00f3pez pour le contrat concernant le pont Puente Tarata III \u00e0 San Martin, est \u00e9troitement surveill\u00e9 par les autorit\u00e9s. En d\u00e9cembre, la justice p\u00e9ruvienne lui a interdit de quitter le pays pendant 8 mois car il fait l\u2019objet d\u2019une enqu\u00eate pour trafic d\u2019influence aggrav\u00e9 contre le&nbsp;pays.<\/p>\n<p>En novembre, les autorit\u00e9s ont trouv\u00e9 20 000 dollars en esp\u00e8ces cach\u00e9s dans les toilettes de son bureau au palais du gouvernement, qui est le si\u00e8ge du gouvernement et \u00e9galement la r\u00e9sidence officielle du pr\u00e9sident.<\/p>\n<p>Bruno Pacheco est \u00e9galement soup\u00e7onn\u00e9 d\u2019avoir interf\u00e9r\u00e9 dans la nomination de militaires haut grad\u00e9s, ainsi que d\u2019avoir fait pression sur diverses agences pour influencer les nominations de personnes.<\/p>\n<p>L\u2019ancien ministre de l\u2019\u00c9nergie et des Mines, Iv\u00e1n Merino, a d\u00e9clar\u00e9 que Bruno Pacheco <a href=\"https:\/\/rpp.pe\/politica\/gobierno\/exministro-de-energia-y-minas-revela-presiones-de-bruno-pacheco-para-nombrar-a-gerente-de-petroperu-noticia-1390354?ref=rpp\">avait fait pression sur lui pour qu\u2019il nomme Hugo Ch\u00e1vez Ar\u00e9valo au poste de directeur g\u00e9n\u00e9ral de PetroPer\u00fa<\/a>, la compagnie p\u00e9troli\u00e8re d\u2019\u00c9tat, ce qu\u2019il a cat\u00e9goriquement refus\u00e9 de faire. Hugo \u00c1ngel Ch\u00e1vez fut nomm\u00e9 directeur g\u00e9n\u00e9ral un jour apr\u00e8s qu\u2019Iv\u00e1n Merino eut d\u00e9missionn\u00e9 de son poste en octobre.<\/p>\n<p>En novembre, Pacheco a d\u00e9missionn\u00e9 de son poste, qu\u2019il n\u2019a occup\u00e9 que pendant quatre mois.<\/p>\n<p>En janvier, une autre perquisition a \u00e9t\u00e9 effectu\u00e9e dans le cadre d\u2019une enqu\u00eate sur Bruno Pacheco pour \u00ab\u202f<em>enrichissement illicite\u202f\u00bb<\/em>. Ses comptes bancaires ont re\u00e7u de mani\u00e8re suspecte beaucoup d\u2019argent alors qu\u2019il n\u2019a <a href=\"https:\/\/www.infobae.com\/america\/peru\/2022\/01\/08\/bruno-pacheco-fiscalia-allana-propiedades-del-ex-secretario-de-pedro-castillo\/\">d\u00e9pens\u00e9 que 3 600 soles (950 dollars) en quatre mois<\/a>. Il a re\u00e7u 95 000 soles (25 000\u202f$) de revenu pendant son mandat de quatre mois comme secr\u00e9taire g\u00e9n\u00e9ral alors que son salaire public total n\u2019\u00e9tait que de 75 000 soles. De plus, le bureau du procureur national a remarqu\u00e9 un d\u00e9p\u00f4t en esp\u00e8ces de 20 000 soles en ao\u00fbt de la part d\u2019un assistant chauffeur engag\u00e9 une semaine plus&nbsp;t\u00f4t.<\/p>\n<p>L\u00f3pez aurait \u00e9galement vol\u00e9 \u00e0 Pacheco une cl\u00e9 USB contenant des informations sur les politiciens et les entreprises corrompus.<\/p>\n<h2>Des contrats publics du minist\u00e8re des Transports truqu\u00e9s\u202f?<\/h2>\n<p><!--more--><\/p>\n<p>Le syst\u00e8me de corruption consisterait principalement \u00e0 accorder des contrats publics \u00e9mis par le minist\u00e8re des Transports.<\/p>\n<p>Rudbel et Fany Oblitas Paredes, fils et fille de la belle-s\u0153ur du pr\u00e9sident auraient multipli\u00e9 les visites au Palais du gouvernement et au minist\u00e8re des Transports et de la Communication sans avoir de mandats publics. Karelim L\u00f3pez les accuse de coordonner l\u2019attribution des contrats du fonds des Projets sp\u00e9ciaux d\u2019infrastructures nationales de transport.<\/p>\n<p>Entre ao\u00fbt et d\u00e9cembre, <a href=\"https:\/\/larepublica.pe\/politica\/2022\/03\/02\/pedro-castillo-sobrinos-del-presidente-visitaban-el-mtc-y-luego-iban-a-palacio-de-gobierno-zamir-villaverde\/\">sept contrats d\u2019une valeur de 800 millions de soles<\/a> (215 millions de dollars) auraient \u00e9t\u00e9 accord\u00e9s \u00e0 des entreprises comme China Civil Engineering Construction Corporation et China Railway Tunnel Group, qui sont des partenaires de Ingenier\u00eda Integraci\u00f3n de Proyectos (INIP), une entreprise li\u00e9e \u00e0 certains de <em>Los Ni\u00f1os<\/em>.<\/p>\n<p>Depuis le d\u00e9but de l\u2019administration de Castillo, <a href=\"https:\/\/larepublica.pe\/politica\/2022\/03\/03\/karelim-lopez-empresas-chinas-ganaron-contratos-por-s-1812-millones-pedro-castillo\/\">6 entreprises chinoises ont remport\u00e9 des contrats publics<\/a> pour une valeur totale de 1,8 milliard de soles (483 millions de dollars).<\/p>\n<p>De son c\u00f4t\u00e9, Karelim L\u00f3pez chercherait en fait \u00e0 nuire aux entreprises et \u00e0 prot\u00e9ger ses clients. Elle travaillerait pour le groupe Gezhouba, une autre entreprise de construction chinoise participant et remportant des appels d\u2019offres publics, qui a une concurrence conflictuelle avec les entreprises mentionn\u00e9es par&nbsp;L\u00f3pez.<\/p>\n<p>Le 2 mars, le ministre des Transports et des Communications, Juan Silva, a d\u00e9missionn\u00e9 de son poste tout en rejetant tout acte r\u00e9pr\u00e9hensible. Tr\u00e8s critiqu\u00e9 depuis sa nomination, la d\u00e9mission de Silva est intervenue alors que le Congr\u00e8s pr\u00e9parait une motion de censure \u00e0 son encontre.<\/p>\n<p>\u00ab\u202f\u00ab\u202f<em>Un nombre de sp\u00e9culations circulent dans la presse monopolistique avec l\u2019objectif d\u2019attaquer la d\u00e9mocratie\u202f\u00bb<\/em>, a d\u00e9clar\u00e9 le pr\u00e9sident sur son compte Twitter le 26 f\u00e9vrier. \u00ab\u202f<em>Mme Karelim L\u00f3pez a fourni au procureur g\u00e9n\u00e9ral des d\u00e9clarations sans fondement juridique ni coh\u00e9rence avec la v\u00e9rit\u00e9, mena\u00e7ant l\u2019\u00e9thique et la transparence de toutes les proc\u00e9dures d\u2019enqu\u00eate\u202f\u00bb, a poursuivi M. Castillo. \u00ab\u202fJ\u2019appelle la communaut\u00e9 internationale et le peuple p\u00e9ruvien \u00e0 rester vigilant face \u00e0 toute tentative de d\u00e9stabilisation et de coup d\u2019\u00c9tat dans le pays, perp\u00e9tr\u00e9es par ceux qui n\u2019acceptent toujours pas leur d\u00e9faite.\u202f\u00bb<\/em><\/p>\n<p><a href=\"https:\/\/www.newsendip.com\/fr\/le-perou-a-enfin-compte-tous-les-votes-de-lelection-presidentielle\/\">Les \u00e9lections de Pedro Castillo en juin dernier<\/a> ont \u00e9t\u00e9 remport\u00e9es de justesse et contest\u00e9es par les opposants.<\/p>\n<h2>Rencontres clandestines avec Pedro Castillo hors de son bureau<\/h2>\n<p>La Commission d\u2019audit et de contr\u00f4le du Congr\u00e8s, dirig\u00e9e par un opposant politique de Castillo, lui a demand\u00e9 de venir le 7 mars pour r\u00e9pondre \u00e0 plusieurs dizaines de questions, de ses relations avec Karelim L\u00f3pez aux r\u00e9unions clandestinesen dehors de son bureau.<\/p>\n<p>Son neveu et sa ni\u00e8ce auraient organis\u00e9 le planning des r\u00e9unions secr\u00e8tes dans une maison de Pasaje Sarratea, une petite rue de Bre\u00f1a, un quartier dans la <a href=\"https:\/\/www.newsendip.com\/fr\/le-perou-prevoit-dinstaurer-un-etat-durgence-a-lima\/\">zone urbaine de Lima<\/a>.<\/p>\n<p>Le pr\u00e9sident y aurait rencontr\u00e9 Karelim L\u00f3pez, Bruno Pacheco et Fray V\u00e1squez, le neveu de Castillo, ainsi que de nombreuses autres personnes. C\u2019est \u00e0 cet endroit que les accords se conclueraient. Des enqu\u00eates sont men\u00e9es \u00e0 l\u2019encontre de L\u00f3pez, Pacheco et V\u00e1squez concernant ces r\u00e9unions secr\u00e8tes.<\/p>\n<p>Le pr\u00e9sident n\u2019est pas oblig\u00e9 d\u2019acc\u00e9der \u00e0 la demande de la commission.<\/p>\n<p>Les membres de l\u2019opposition au Congr\u00e8s tentent de mettre en place une motion de vacance contre le pr\u00e9sident Castillo afin de le d\u00e9mettre de ses fonctions pour \u00ab\u202f<em>incapacit\u00e9 morale permanente\u202f\u00bb<\/em>. En d\u00e9cembre, une motion similaire avait \u00e9t\u00e9 rejet\u00e9e par le Congr\u00e8s. Il s\u2019agissait de la quatri\u00e8me motion de vacance initi\u00e9e au cours des cinq derni\u00e8res ann\u00e9es.<\/p>\n<p><a href=\"https:\/\/www.newsendip.com\/fr\/etiquette\/perou\/\"><strong>D\u00e9couvrez des actualit\u00e9s sur le&nbsp;P\u00e9rou<\/strong><\/a><\/p>\n","protected":false},"excerpt":{"rendered":"<p>Une lobbyiste accuse le pr\u00e9sident du P\u00e9rou Pedro Castillo d\u2019\u00eatre \u00e0 la t\u00eate d\u2019une organisation criminelle manipulant les appels d\u2019offres lors de r\u00e9unions clandestines.<\/p>\n","protected":false},"author":1,"featured_media":14168,"comment_status":"closed","ping_status":"closed","sticky":false,"template":"","format":"standard","meta":{"wp_typography_post_enhancements_disabled":false,"footnotes":""},"categories":[416],"tags":[503,421],"class_list":["post-14749","post","type-post","status-publish","format-standard","has-post-thumbnail","hentry","category-politique","tag-perou","tag-vieux"],"yoast_head":"<!-- This site is optimized with the Yoast SEO Premium plugin v27.4 (Yoast SEO v27.4) - https:\/\/yoast.com\/product\/yoast-seo-premium-wordpress\/ -->\n<title>R\u00e9unions secr\u00e8tes: le pr\u00e9sident du P\u00e9rou accus\u00e9 d&#039;\u00eatre &quot;\u00e0 la t\u00eate d&#039;une organisation criminelle&quot;<\/title>\n<meta name=\"description\" content=\"Une lobbyiste accuse le pr\u00e9sident du P\u00e9rou Pedro Castillo d&#039;\u00eatre \u00e0 la t\u00eate d&#039;une organisation criminelle manipulant les appels d&#039;offres lors de r\u00e9unions clandestines.\" \/>\n<meta name=\"robots\" content=\"index, follow, max-snippet:-1, max-image-preview:large, max-video-preview:-1\" \/>\n<link rel=\"canonical\" href=\"https:\/\/www.newsendip.com\/fr\/reunion-secretes-le-president-du-perou-accuse-detre-a-la-tete-dune-organisation-criminelle\/\" \/>\n<meta property=\"og:locale\" content=\"fr_FR\" \/>\n<meta property=\"og:type\" content=\"article\" \/>\n<meta property=\"og:title\" content=\"R\u00e9unions secr\u00e8tes: le pr\u00e9sident du P\u00e9rou accus\u00e9 d&#039;\u00eatre &quot;\u00e0 la t\u00eate d&#039;une organisation criminelle&quot;\" \/>\n<meta property=\"og:description\" content=\"Une lobbyiste accuse le pr\u00e9sident du P\u00e9rou Pedro Castillo d&#039;\u00eatre \u00e0 la t\u00eate d&#039;une organisation criminelle manipulant les appels d&#039;offres lors de r\u00e9unions clandestines.\" \/>\n<meta property=\"og:url\" content=\"https:\/\/www.newsendip.com\/fr\/reunion-secretes-le-president-du-perou-accuse-detre-a-la-tete-dune-organisation-criminelle\/\" \/>\n<meta property=\"og:site_name\" content=\"Newsendip\" \/>\n<meta property=\"article:publisher\" content=\"https:\/\/www.facebook.com\/newsendip\" \/>\n<meta property=\"article:published_time\" content=\"2022-03-03T23:05:49+00:00\" \/>\n<meta property=\"article:modified_time\" content=\"2025-02-04T14:06:06+00:00\" \/>\n<meta property=\"og:image\" content=\"https:\/\/www.newsendip.com\/wp-content\/uploads\/2022\/03\/president-peru-pedro-castillo-small-progressive.jpeg\" \/>\n<meta name=\"author\" content=\"Cl\u00e9ment V\u00e9rit\u00e9\" \/>\n<meta name=\"twitter:card\" content=\"summary_large_image\" \/>\n<meta name=\"twitter:image\" content=\"https:\/\/www.newsendip.com\/wp-content\/uploads\/2022\/03\/president-peru-pedro-castillo-small-progressive-150x150.jpeg\" \/>\n<meta name=\"twitter:creator\" content=\"@https:\/\/twitter.com\/cverite\" \/>\n<meta name=\"twitter:site\" content=\"@newsendip\" \/>\n<meta name=\"twitter:label1\" content=\"\u00c9crit par\" \/>\n\t<meta name=\"twitter:data1\" content=\"Cl\u00e9ment V\u00e9rit\u00e9\" \/>\n\t<meta name=\"twitter:label2\" content=\"Dur\u00e9e de lecture estim\u00e9e\" \/>\n\t<meta name=\"twitter:data2\" content=\"7 minutes\" \/>\n<!-- \/ Yoast SEO Premium plugin. -->","yoast_head_json":{"title":"R\u00e9unions secr\u00e8tes: le pr\u00e9sident du P\u00e9rou accus\u00e9 d'\u00eatre \"\u00e0 la t\u00eate d'une organisation criminelle\"","description":"Une lobbyiste accuse le pr\u00e9sident du P\u00e9rou Pedro Castillo d'\u00eatre \u00e0 la t\u00eate d'une organisation criminelle manipulant les appels d'offres lors de r\u00e9unions clandestines.","robots":{"index":"index","follow":"follow","max-snippet":"max-snippet:-1","max-image-preview":"max-image-preview:large","max-video-preview":"max-video-preview:-1"},"canonical":"https:\/\/www.newsendip.com\/fr\/reunion-secretes-le-president-du-perou-accuse-detre-a-la-tete-dune-organisation-criminelle\/","og_locale":"fr_FR","og_type":"article","og_title":"R\u00e9unions secr\u00e8tes: le pr\u00e9sident du P\u00e9rou accus\u00e9 d'\u00eatre \"\u00e0 la t\u00eate d'une organisation criminelle\"","og_description":"Une lobbyiste accuse le pr\u00e9sident du P\u00e9rou Pedro Castillo d'\u00eatre \u00e0 la t\u00eate d'une organisation criminelle manipulant les appels d'offres lors de r\u00e9unions clandestines.","og_url":"https:\/\/www.newsendip.com\/fr\/reunion-secretes-le-president-du-perou-accuse-detre-a-la-tete-dune-organisation-criminelle\/","og_site_name":"Newsendip","article_publisher":"https:\/\/www.facebook.com\/newsendip","article_published_time":"2022-03-03T23:05:49+00:00","article_modified_time":"2025-02-04T14:06:06+00:00","og_image":[{"url":"https:\/\/www.newsendip.com\/wp-content\/uploads\/2022\/03\/president-peru-pedro-castillo-small-progressive.jpeg","type":"","width":"","height":""}],"author":"Cl\u00e9ment V\u00e9rit\u00e9","twitter_card":"summary_large_image","twitter_image":"https:\/\/www.newsendip.com\/wp-content\/uploads\/2022\/03\/president-peru-pedro-castillo-small-progressive-150x150.jpeg","twitter_creator":"@https:\/\/twitter.com\/cverite","twitter_site":"@newsendip","twitter_misc":{"\u00c9crit par":"Cl\u00e9ment V\u00e9rit\u00e9","Dur\u00e9e de lecture estim\u00e9e":"7 minutes"},"schema":{"@context":"https:\/\/schema.org","@graph":[{"@type":"NewsArticle","@id":"https:\/\/www.newsendip.com\/fr\/reunion-secretes-le-president-du-perou-accuse-detre-a-la-tete-dune-organisation-criminelle\/#article","isPartOf":{"@id":"https:\/\/www.newsendip.com\/fr\/reunion-secretes-le-president-du-perou-accuse-detre-a-la-tete-dune-organisation-criminelle\/"},"author":{"name":"Cl\u00e9ment V\u00e9rit\u00e9","@id":"https:\/\/www.newsendip.com\/fr\/#\/schema\/person\/ea22c01755f464a3cbc2c619584d6363"},"headline":"R\u00e9unions secr\u00e8tes&nbsp;: le pr\u00e9sident du P\u00e9rou accus\u00e9 d\u2019\u00eatre \u00ab\u202f\u00e0 la t\u00eate d\u2019une organisation criminelle\u202f\u00bb","datePublished":"2022-03-03T23:05:49+00:00","dateModified":"2025-02-04T14:06:06+00:00","mainEntityOfPage":{"@id":"https:\/\/www.newsendip.com\/fr\/reunion-secretes-le-president-du-perou-accuse-detre-a-la-tete-dune-organisation-criminelle\/"},"wordCount":1537,"publisher":{"@id":"https:\/\/www.newsendip.com\/fr\/#organization"},"image":{"@id":"https:\/\/www.newsendip.com\/fr\/reunion-secretes-le-president-du-perou-accuse-detre-a-la-tete-dune-organisation-criminelle\/#primaryimage"},"thumbnailUrl":"https:\/\/www.newsendip.com\/wp-content\/uploads\/2022\/03\/president-peru-pedro-castillo.webp","keywords":["P\u00e9rou","Vieux"],"articleSection":["Politique"],"inLanguage":"fr-FR","copyrightYear":"2022","copyrightHolder":{"@id":"https:\/\/www.newsendip.com\/#organization"}},{"@type":"WebPage","@id":"https:\/\/www.newsendip.com\/fr\/reunion-secretes-le-president-du-perou-accuse-detre-a-la-tete-dune-organisation-criminelle\/","url":"https:\/\/www.newsendip.com\/fr\/reunion-secretes-le-president-du-perou-accuse-detre-a-la-tete-dune-organisation-criminelle\/","name":"R\u00e9unions secr\u00e8tes: le pr\u00e9sident du P\u00e9rou accus\u00e9 d'\u00eatre \"\u00e0 la t\u00eate d'une organisation criminelle\"","isPartOf":{"@id":"https:\/\/www.newsendip.com\/fr\/#website"},"primaryImageOfPage":{"@id":"https:\/\/www.newsendip.com\/fr\/reunion-secretes-le-president-du-perou-accuse-detre-a-la-tete-dune-organisation-criminelle\/#primaryimage"},"image":{"@id":"https:\/\/www.newsendip.com\/fr\/reunion-secretes-le-president-du-perou-accuse-detre-a-la-tete-dune-organisation-criminelle\/#primaryimage"},"thumbnailUrl":"https:\/\/www.newsendip.com\/wp-content\/uploads\/2022\/03\/president-peru-pedro-castillo.webp","datePublished":"2022-03-03T23:05:49+00:00","dateModified":"2025-02-04T14:06:06+00:00","description":"Une lobbyiste accuse le pr\u00e9sident du P\u00e9rou Pedro Castillo d'\u00eatre \u00e0 la t\u00eate d'une organisation criminelle manipulant les appels d'offres lors de r\u00e9unions clandestines.","breadcrumb":{"@id":"https:\/\/www.newsendip.com\/fr\/reunion-secretes-le-president-du-perou-accuse-detre-a-la-tete-dune-organisation-criminelle\/#breadcrumb"},"inLanguage":"fr-FR","potentialAction":[{"@type":"ReadAction","target":["https:\/\/www.newsendip.com\/fr\/reunion-secretes-le-president-du-perou-accuse-detre-a-la-tete-dune-organisation-criminelle\/"]}]},{"@type":"ImageObject","inLanguage":"fr-FR","@id":"https:\/\/www.newsendip.com\/fr\/reunion-secretes-le-president-du-perou-accuse-detre-a-la-tete-dune-organisation-criminelle\/#primaryimage","url":"https:\/\/www.newsendip.com\/wp-content\/uploads\/2022\/03\/president-peru-pedro-castillo.webp","contentUrl":"https:\/\/www.newsendip.com\/wp-content\/uploads\/2022\/03\/president-peru-pedro-castillo.webp","width":2048,"height":1365,"caption":"Pedro Castillo, pr\u00e9sident du P\u00e9rou | F\u00e9vrier 2022, Presidencia Per\u00fa"},{"@type":"BreadcrumbList","@id":"https:\/\/www.newsendip.com\/fr\/reunion-secretes-le-president-du-perou-accuse-detre-a-la-tete-dune-organisation-criminelle\/#breadcrumb","itemListElement":[{"@type":"ListItem","position":1,"name":"Accueil","item":"https:\/\/www.newsendip.com\/fr\/"},{"@type":"ListItem","position":2,"name":"R\u00e9unions secr\u00e8tes: le pr\u00e9sident du P\u00e9rou accus\u00e9 d&#8217;\u00eatre &#8220;\u00e0 la t\u00eate d&#8217;une organisation criminelle&#8221;"}]},{"@type":"WebSite","@id":"https:\/\/www.newsendip.com\/fr\/#website","url":"https:\/\/www.newsendip.com\/fr\/","name":"Newsendip","description":"Red\u00e9couvrez l&#039;actualit\u00e9 internationale","publisher":{"@id":"https:\/\/www.newsendip.com\/fr\/#organization"},"potentialAction":[{"@type":"SearchAction","target":{"@type":"EntryPoint","urlTemplate":"https:\/\/www.newsendip.com\/fr\/?s={search_term_string}"},"query-input":{"@type":"PropertyValueSpecification","valueRequired":true,"valueName":"search_term_string"}}],"inLanguage":"fr-FR"},{"@type":"Organization","@id":"https:\/\/www.newsendip.com\/fr\/#organization","name":"Newsendip","url":"https:\/\/www.newsendip.com\/fr\/","logo":{"@type":"ImageObject","inLanguage":"fr-FR","@id":"https:\/\/www.newsendip.com\/fr\/#\/schema\/logo\/image\/","url":"https:\/\/www.newsendip.com\/wp-content\/uploads\/2023\/12\/512x512.svg","contentUrl":"https:\/\/www.newsendip.com\/wp-content\/uploads\/2023\/12\/512x512.svg","width":1,"height":1,"caption":"Newsendip"},"image":{"@id":"https:\/\/www.newsendip.com\/fr\/#\/schema\/logo\/image\/"},"sameAs":["https:\/\/www.facebook.com\/newsendip","https:\/\/x.com\/newsendip","https:\/\/mastodon.social\/@newsendip","https:\/\/www.linkedin.com\/company\/newsendip"],"description":"Newsendip est un site qui a pour mission de rendre l'actualit\u00e9 internationale accessible et diversifi\u00e9e","email":"contact@newsendip.com","legalName":"Newsendip SAS","foundingDate":"2022-11-04","vatID":"FR60921124723","numberOfEmployees":{"@type":"QuantitativeValue","minValue":"1","maxValue":"10"},"publishingPrinciples":"https:\/\/www.newsendip.com\/about-us\/","ownershipFundingInfo":"https:\/\/www.newsendip.com\/legal-notice\/","actionableFeedbackPolicy":"https:\/\/www.newsendip.com\/about-us\/","correctionsPolicy":"https:\/\/www.newsendip.com\/about-us\/","ethicsPolicy":"https:\/\/www.newsendip.com\/about-us\/","diversityPolicy":"https:\/\/www.newsendip.com\/about-us\/"},{"@type":"Person","@id":"https:\/\/www.newsendip.com\/fr\/#\/schema\/person\/ea22c01755f464a3cbc2c619584d6363","name":"Cl\u00e9ment V\u00e9rit\u00e9","description":"Cl\u00e9ment is the executive editor and founder of Newsendip. He started in the media industry as a freelance reporter at 16 for a local French newspaper after school and has never left it. He later worked for seven years at The New York Times, notably as a data analyst. He holds a Master of Management in France and a Master of Arts in the United Kingdom in International Marketing &amp; Communications Strategy. He has lived in France, the United Kingdom, and Italy.","sameAs":["https:\/\/www.newsendip.com\/","https:\/\/www.linkedin.com\/in\/clementverite\/","https:\/\/x.com\/https:\/\/twitter.com\/cverite"],"knowsAbout":["News","International","Business","Media monitoring"],"knowsLanguage":["English","French","Italian","Spanish"],"url":"https:\/\/www.newsendip.com\/fr\/author\/clement-verite\/"}]}},"_links":{"self":[{"href":"https:\/\/www.newsendip.com\/fr\/wp-json\/wp\/v2\/posts\/14749","targetHints":{"allow":["GET"]}}],"collection":[{"href":"https:\/\/www.newsendip.com\/fr\/wp-json\/wp\/v2\/posts"}],"about":[{"href":"https:\/\/www.newsendip.com\/fr\/wp-json\/wp\/v2\/types\/post"}],"author":[{"embeddable":true,"href":"https:\/\/www.newsendip.com\/fr\/wp-json\/wp\/v2\/users\/1"}],"replies":[{"embeddable":true,"href":"https:\/\/www.newsendip.com\/fr\/wp-json\/wp\/v2\/comments?post=14749"}],"version-history":[{"count":0,"href":"https:\/\/www.newsendip.com\/fr\/wp-json\/wp\/v2\/posts\/14749\/revisions"}],"wp:featuredmedia":[{"embeddable":true,"href":"https:\/\/www.newsendip.com\/fr\/wp-json\/wp\/v2\/media\/14168"}],"wp:attachment":[{"href":"https:\/\/www.newsendip.com\/fr\/wp-json\/wp\/v2\/media?parent=14749"}],"wp:term":[{"taxonomy":"category","embeddable":true,"href":"https:\/\/www.newsendip.com\/fr\/wp-json\/wp\/v2\/categories?post=14749"},{"taxonomy":"post_tag","embeddable":true,"href":"https:\/\/www.newsendip.com\/fr\/wp-json\/wp\/v2\/tags?post=14749"}],"curies":[{"name":"wp","href":"https:\/\/api.w.org\/{rel}","templated":true}]}}