{"id":14871,"date":"2022-03-28T20:09:30","date_gmt":"2022-03-28T18:09:30","guid":{"rendered":"https:\/\/www.newsendip.com\/?p=14871"},"modified":"2024-07-16T23:32:29","modified_gmt":"2024-07-16T21:32:29","slug":"des-centaines-de-mendiants-nigeriens-rapatries-des-rues-du-senegal","status":"publish","type":"post","link":"https:\/\/www.newsendip.com\/fr\/des-centaines-de-mendiants-nigeriens-rapatries-des-rues-du-senegal\/","title":{"rendered":"Des centaines de mendiants Nig\u00e9riens rapatri\u00e9s des rues du S\u00e9n\u00e9gal"},"content":{"rendered":"<p><strong>Le Niger a rapatri\u00e9 plusieurs centaines de ressortissants nig\u00e9riens qui mendiaient et vivaient dans des conditions pr\u00e9caires au S\u00e9n\u00e9gal.<\/strong><\/p>\n<figure id=\"attachment_14878\" aria-describedby=\"caption-attachment-14878\" style=\"width: 1024px\" class=\"wp-caption aligncenter\"><img decoding=\"async\" class=\"wp-image-14878 size-large\" src=\"https:\/\/www.newsendip.com\/wp-content\/uploads\/2022\/03\/niger-repatriated-senegal-1024x576.webp\" alt=\"Ressortissants nig\u00e9riens rapatri\u00e9s de Dakar mangeant sur le tarmac de l'a\u00e9roport de Niamey\" width=\"1024\" height=\"576\" srcset=\"https:\/\/www.newsendip.com\/wp-content\/uploads\/2022\/03\/niger-repatriated-senegal-1024x576.webp 1024w, https:\/\/www.newsendip.com\/wp-content\/uploads\/2022\/03\/niger-repatriated-senegal-60x34.webp 60w, https:\/\/www.newsendip.com\/wp-content\/uploads\/2022\/03\/niger-repatriated-senegal-300x169.webp 300w, https:\/\/www.newsendip.com\/wp-content\/uploads\/2022\/03\/niger-repatriated-senegal-768x432.webp 768w, https:\/\/www.newsendip.com\/wp-content\/uploads\/2022\/03\/niger-repatriated-senegal-1536x864.webp 1536w, https:\/\/www.newsendip.com\/wp-content\/uploads\/2022\/03\/niger-repatriated-senegal.webp 1920w\" sizes=\"(max-width: 1024px) 100vw, 1024px\"><figcaption id=\"caption-attachment-14878\" class=\"wp-caption-text\">Ressortissants nig\u00e9riens rapatri\u00e9s de Dakar mangeant sur le tarmac de l\u2019a\u00e9roport de Niamey avant d\u2019\u00eatre emmen\u00e9s dans leurs villages respectifs<\/figcaption><\/figure>\n<p>Pr\u00e8s de 1 000 ressortissants nig\u00e9riens qui vivaient dans la rue au S\u00e9n\u00e9gal ont \u00e9t\u00e9 rapatri\u00e9s dans leur pays. Un premier avion avec \u00e0 bord 530 personnes, pour la plupart des femmes et des enfants, a atterri \u00e0 Niamey, la capitale du Niger, en provenance du S\u00e9n\u00e9gal vers 2 heures du matin le 26 mars. Les autorit\u00e9s ont d\u00e9clar\u00e9 qu\u2019un autre avion transportant pr\u00e8s de 400 Nig\u00e9riens \u00e9tait attendu plus tard dans la journ\u00e9e.<\/p>\n<p>La d\u00e9cision de les rapatrier a \u00e9t\u00e9 prise mardi dernier par le pr\u00e9sident du Niger Mohamed Bazoum lors d\u2019une r\u00e9union en urgence apr\u00e8s qu\u2019un documentaire diffus\u00e9 \u00e0 la t\u00e9l\u00e9vision s\u00e9n\u00e9galaise a montr\u00e9 les conditions de migrants mendiant dans les rues de Dakar, la capitale du S\u00e9n\u00e9gal, \u00e0 pr\u00e8s de 2 000\u202fkm des fronti\u00e8res occidentales du&nbsp;Niger.<!--more--><\/p>\n<p>L\u2019ouest du Niger souffre d\u2019une crise alimentaire en raison de la s\u00e9cheresse et des <a href=\"https:\/\/www.newsendip.com\/fr\/aux-pays-bas-la-moitie-des-victimes-de-traite-detre-humains-sont-a-nouveau-victimes-de-crimes\/\">violences djihadistes<\/a> qui emp\u00eachent les agriculteurs de cultiver la terre, selon les Nations unies.<\/p>\n<p>Selon le gouvernement, le sort de ces Nig\u00e9riens vivant \u00e0 l\u2019\u00e9tranger n\u2019a \u00ab\u202f<em>aucun rapport.avec la situation d\u2019ins\u00e9curit\u00e9 li\u00e9e au terrorisme ou au d\u00e9ficit alimentaire<\/em>\u202f\u00bb. Elles seraient plut\u00f4t victimes du <a href=\"https:\/\/www.newsendip.com\/fr\/aux-pays-bas-la-moitie-des-victimes-de-traite-detre-humains-sont-a-nouveau-victimes-de-crimes\/\">trafic d\u2019\u00eatres humains<\/a>. Cette situation est \u00ab\u202f<em>jure avec nos valeurs sociales, religieuses et interdite par les lois et r\u00e9glementations de la R\u00e9publique du Niger<\/em>\u202f\u00bb, a d\u00e9clar\u00e9 le gouvernement.<\/p>\n<p>Le ministre de l\u2019Int\u00e9rieur Adamou Souley a d\u00e9clar\u00e9 samedi \u00e0 l\u2019a\u00e9roport qu\u201d\u202f<em>\u00ab\u202f\u00e0 travers ce ph\u00e9nom\u00e8ne, l\u2019image de notre pays est train\u00e9e dans la boue. Nous savons que ce n\u2019est pas la mis\u00e8re qui est \u00e0 la base de ce ph\u00e9nom\u00e8ne mais plut\u00f4t des r\u00e9seaux mafieux organis\u00e9s qui proc\u00e8dent au trafic de ces \u00eatres humains.\u202f\u00bb<\/em> Il a ajout\u00e9 que \u00ab\u202f<em>leur dignit\u00e9, ce n\u2019est pas d\u2019aller mendier<\/em>\u202f\u00bb.<\/p>\n<p>Apr\u00e8s avoir fourni de la nourriture aux ressortissants, des bus ont \u00e9t\u00e9 affr\u00e9t\u00e9s pour les ramener dans leurs villages respectifs.<\/p>\n<p><a href=\"https:\/\/www.newsendip.com\/fr\/etiquette\/niger-fr\/\"><strong>D\u00e9couvrez des informations sur le&nbsp;Niger<\/strong><\/a><\/p>\n","protected":false},"excerpt":{"rendered":"<p>Le Niger a rapatri\u00e9 plusieurs centaines de ressortissants nig\u00e9riens qui mendiaient et vivaient dans des conditions pr\u00e9caires au S\u00e9n\u00e9gal.<\/p>\n","protected":false},"author":1,"featured_media":14878,"comment_status":"closed","ping_status":"closed","sticky":false,"template":"","format":"standard","meta":{"wp_typography_post_enhancements_disabled":false,"footnotes":""},"categories":[409],"tags":[500,530,421],"class_list":["post-14871","post","type-post","status-publish","format-standard","has-post-thumbnail","hentry","category-societe","tag-niger-fr","tag-senegal","tag-vieux"],"yoast_head":"<!-- This site is optimized with the Yoast SEO Premium plugin v27.4 (Yoast SEO v27.4) - https:\/\/yoast.com\/product\/yoast-seo-premium-wordpress\/ -->\n<title>Des centaines de mendiants Nig\u00e9riens rapatri\u00e9s des rues du S\u00e9n\u00e9gal<\/title>\n<meta name=\"description\" content=\"Le Niger a rapatri\u00e9 plusieurs centaines de ressortissants nig\u00e9riens qui mendiaient et vivaient dans des conditions pr\u00e9caires au S\u00e9n\u00e9gal.\" \/>\n<meta name=\"robots\" content=\"index, follow, max-snippet:-1, max-image-preview:large, max-video-preview:-1\" \/>\n<link rel=\"canonical\" href=\"https:\/\/www.newsendip.com\/fr\/des-centaines-de-mendiants-nigeriens-rapatries-des-rues-du-senegal\/\" \/>\n<meta property=\"og:locale\" content=\"fr_FR\" \/>\n<meta property=\"og:type\" content=\"article\" \/>\n<meta property=\"og:title\" content=\"Des centaines de mendiants Nig\u00e9riens rapatri\u00e9s des rues du S\u00e9n\u00e9gal\" \/>\n<meta property=\"og:description\" content=\"Le Niger a rapatri\u00e9 plusieurs centaines de ressortissants nig\u00e9riens qui mendiaient et vivaient dans des conditions pr\u00e9caires au S\u00e9n\u00e9gal.\" \/>\n<meta property=\"og:url\" content=\"https:\/\/www.newsendip.com\/fr\/des-centaines-de-mendiants-nigeriens-rapatries-des-rues-du-senegal\/\" \/>\n<meta property=\"og:site_name\" content=\"Newsendip\" \/>\n<meta property=\"article:publisher\" content=\"https:\/\/www.facebook.com\/newsendip\" \/>\n<meta property=\"article:published_time\" content=\"2022-03-28T18:09:30+00:00\" \/>\n<meta property=\"article:modified_time\" content=\"2024-07-16T21:32:29+00:00\" \/>\n<meta property=\"og:image\" content=\"https:\/\/www.newsendip.com\/wp-content\/uploads\/2022\/03\/niger-repatriated-senegal-progressive.jpeg\" \/>\n\t<meta property=\"og:image:width\" content=\"1920\" \/>\n\t<meta property=\"og:image:height\" content=\"1080\" \/>\n\t<meta property=\"og:image:type\" content=\"image\/jpeg\" \/>\n<meta name=\"author\" content=\"Cl\u00e9ment V\u00e9rit\u00e9\" \/>\n<meta name=\"twitter:card\" content=\"summary_large_image\" \/>\n<meta name=\"twitter:image\" content=\"https:\/\/www.newsendip.com\/wp-content\/uploads\/2022\/03\/niger-repatriated-senegal-progressive.jpeg\" \/>\n<meta name=\"twitter:creator\" content=\"@https:\/\/twitter.com\/cverite\" \/>\n<meta name=\"twitter:site\" content=\"@newsendip\" \/>\n<meta name=\"twitter:label1\" content=\"\u00c9crit par\" \/>\n\t<meta name=\"twitter:data1\" content=\"Cl\u00e9ment V\u00e9rit\u00e9\" \/>\n\t<meta name=\"twitter:label2\" content=\"Dur\u00e9e de lecture estim\u00e9e\" \/>\n\t<meta name=\"twitter:data2\" content=\"2 minutes\" \/>\n<!-- \/ Yoast SEO Premium plugin. -->","yoast_head_json":{"title":"Des centaines de mendiants Nig\u00e9riens rapatri\u00e9s des rues du S\u00e9n\u00e9gal","description":"Le Niger a rapatri\u00e9 plusieurs centaines de ressortissants nig\u00e9riens qui mendiaient et vivaient dans des conditions pr\u00e9caires au S\u00e9n\u00e9gal.","robots":{"index":"index","follow":"follow","max-snippet":"max-snippet:-1","max-image-preview":"max-image-preview:large","max-video-preview":"max-video-preview:-1"},"canonical":"https:\/\/www.newsendip.com\/fr\/des-centaines-de-mendiants-nigeriens-rapatries-des-rues-du-senegal\/","og_locale":"fr_FR","og_type":"article","og_title":"Des centaines de mendiants Nig\u00e9riens rapatri\u00e9s des rues du S\u00e9n\u00e9gal","og_description":"Le Niger a rapatri\u00e9 plusieurs centaines de ressortissants nig\u00e9riens qui mendiaient et vivaient dans des conditions pr\u00e9caires au S\u00e9n\u00e9gal.","og_url":"https:\/\/www.newsendip.com\/fr\/des-centaines-de-mendiants-nigeriens-rapatries-des-rues-du-senegal\/","og_site_name":"Newsendip","article_publisher":"https:\/\/www.facebook.com\/newsendip","article_published_time":"2022-03-28T18:09:30+00:00","article_modified_time":"2024-07-16T21:32:29+00:00","og_image":[{"width":1920,"height":1080,"url":"https:\/\/www.newsendip.com\/wp-content\/uploads\/2022\/03\/niger-repatriated-senegal-progressive.jpeg","type":"image\/jpeg"}],"author":"Cl\u00e9ment V\u00e9rit\u00e9","twitter_card":"summary_large_image","twitter_image":"https:\/\/www.newsendip.com\/wp-content\/uploads\/2022\/03\/niger-repatriated-senegal-progressive.jpeg","twitter_creator":"@https:\/\/twitter.com\/cverite","twitter_site":"@newsendip","twitter_misc":{"\u00c9crit par":"Cl\u00e9ment V\u00e9rit\u00e9","Dur\u00e9e de lecture estim\u00e9e":"2 minutes"},"schema":{"@context":"https:\/\/schema.org","@graph":[{"@type":"NewsArticle","@id":"https:\/\/www.newsendip.com\/fr\/des-centaines-de-mendiants-nigeriens-rapatries-des-rues-du-senegal\/#article","isPartOf":{"@id":"https:\/\/www.newsendip.com\/fr\/des-centaines-de-mendiants-nigeriens-rapatries-des-rues-du-senegal\/"},"author":{"name":"Cl\u00e9ment V\u00e9rit\u00e9","@id":"https:\/\/www.newsendip.com\/fr\/#\/schema\/person\/ea22c01755f464a3cbc2c619584d6363"},"headline":"Des centaines de mendiants Nig\u00e9riens rapatri\u00e9s des rues du S\u00e9n\u00e9gal","datePublished":"2022-03-28T18:09:30+00:00","dateModified":"2024-07-16T21:32:29+00:00","mainEntityOfPage":{"@id":"https:\/\/www.newsendip.com\/fr\/des-centaines-de-mendiants-nigeriens-rapatries-des-rues-du-senegal\/"},"wordCount":429,"publisher":{"@id":"https:\/\/www.newsendip.com\/fr\/#organization"},"image":{"@id":"https:\/\/www.newsendip.com\/fr\/des-centaines-de-mendiants-nigeriens-rapatries-des-rues-du-senegal\/#primaryimage"},"thumbnailUrl":"https:\/\/www.newsendip.com\/wp-content\/uploads\/2022\/03\/niger-repatriated-senegal.webp","keywords":["Niger","S\u00e9n\u00e9gal","Vieux"],"articleSection":["Soci\u00e9t\u00e9"],"inLanguage":"fr-FR","copyrightYear":"2022","copyrightHolder":{"@id":"https:\/\/www.newsendip.com\/#organization"}},{"@type":"WebPage","@id":"https:\/\/www.newsendip.com\/fr\/des-centaines-de-mendiants-nigeriens-rapatries-des-rues-du-senegal\/","url":"https:\/\/www.newsendip.com\/fr\/des-centaines-de-mendiants-nigeriens-rapatries-des-rues-du-senegal\/","name":"Des centaines de mendiants Nig\u00e9riens rapatri\u00e9s des rues du S\u00e9n\u00e9gal","isPartOf":{"@id":"https:\/\/www.newsendip.com\/fr\/#website"},"primaryImageOfPage":{"@id":"https:\/\/www.newsendip.com\/fr\/des-centaines-de-mendiants-nigeriens-rapatries-des-rues-du-senegal\/#primaryimage"},"image":{"@id":"https:\/\/www.newsendip.com\/fr\/des-centaines-de-mendiants-nigeriens-rapatries-des-rues-du-senegal\/#primaryimage"},"thumbnailUrl":"https:\/\/www.newsendip.com\/wp-content\/uploads\/2022\/03\/niger-repatriated-senegal.webp","datePublished":"2022-03-28T18:09:30+00:00","dateModified":"2024-07-16T21:32:29+00:00","description":"Le Niger a rapatri\u00e9 plusieurs centaines de ressortissants nig\u00e9riens qui mendiaient et vivaient dans des conditions pr\u00e9caires au S\u00e9n\u00e9gal.","breadcrumb":{"@id":"https:\/\/www.newsendip.com\/fr\/des-centaines-de-mendiants-nigeriens-rapatries-des-rues-du-senegal\/#breadcrumb"},"inLanguage":"fr-FR","potentialAction":[{"@type":"ReadAction","target":["https:\/\/www.newsendip.com\/fr\/des-centaines-de-mendiants-nigeriens-rapatries-des-rues-du-senegal\/"]}]},{"@type":"ImageObject","inLanguage":"fr-FR","@id":"https:\/\/www.newsendip.com\/fr\/des-centaines-de-mendiants-nigeriens-rapatries-des-rues-du-senegal\/#primaryimage","url":"https:\/\/www.newsendip.com\/wp-content\/uploads\/2022\/03\/niger-repatriated-senegal.webp","contentUrl":"https:\/\/www.newsendip.com\/wp-content\/uploads\/2022\/03\/niger-repatriated-senegal.webp","width":1920,"height":1080,"caption":"Ressortissants nig\u00e9riens rapatri\u00e9s de Dakar mangeant sur le tarmac de l'a\u00e9roport de Niamey avant d'\u00eatre emmen\u00e9s dans leurs villages respectifs"},{"@type":"BreadcrumbList","@id":"https:\/\/www.newsendip.com\/fr\/des-centaines-de-mendiants-nigeriens-rapatries-des-rues-du-senegal\/#breadcrumb","itemListElement":[{"@type":"ListItem","position":1,"name":"Accueil","item":"https:\/\/www.newsendip.com\/fr\/"},{"@type":"ListItem","position":2,"name":"Des centaines de mendiants Nig\u00e9riens rapatri\u00e9s des rues du S\u00e9n\u00e9gal"}]},{"@type":"WebSite","@id":"https:\/\/www.newsendip.com\/fr\/#website","url":"https:\/\/www.newsendip.com\/fr\/","name":"Newsendip","description":"Red\u00e9couvrez l&#039;actualit\u00e9 internationale","publisher":{"@id":"https:\/\/www.newsendip.com\/fr\/#organization"},"potentialAction":[{"@type":"SearchAction","target":{"@type":"EntryPoint","urlTemplate":"https:\/\/www.newsendip.com\/fr\/?s={search_term_string}"},"query-input":{"@type":"PropertyValueSpecification","valueRequired":true,"valueName":"search_term_string"}}],"inLanguage":"fr-FR"},{"@type":"Organization","@id":"https:\/\/www.newsendip.com\/fr\/#organization","name":"Newsendip","url":"https:\/\/www.newsendip.com\/fr\/","logo":{"@type":"ImageObject","inLanguage":"fr-FR","@id":"https:\/\/www.newsendip.com\/fr\/#\/schema\/logo\/image\/","url":"https:\/\/www.newsendip.com\/wp-content\/uploads\/2023\/12\/512x512.svg","contentUrl":"https:\/\/www.newsendip.com\/wp-content\/uploads\/2023\/12\/512x512.svg","width":1,"height":1,"caption":"Newsendip"},"image":{"@id":"https:\/\/www.newsendip.com\/fr\/#\/schema\/logo\/image\/"},"sameAs":["https:\/\/www.facebook.com\/newsendip","https:\/\/x.com\/newsendip","https:\/\/mastodon.social\/@newsendip","https:\/\/www.linkedin.com\/company\/newsendip"],"description":"Newsendip est un site qui a pour mission de rendre l'actualit\u00e9 internationale accessible et diversifi\u00e9e","email":"contact@newsendip.com","legalName":"Newsendip SAS","foundingDate":"2022-11-04","vatID":"FR60921124723","numberOfEmployees":{"@type":"QuantitativeValue","minValue":"1","maxValue":"10"},"publishingPrinciples":"https:\/\/www.newsendip.com\/about-us\/","ownershipFundingInfo":"https:\/\/www.newsendip.com\/legal-notice\/","actionableFeedbackPolicy":"https:\/\/www.newsendip.com\/about-us\/","correctionsPolicy":"https:\/\/www.newsendip.com\/about-us\/","ethicsPolicy":"https:\/\/www.newsendip.com\/about-us\/","diversityPolicy":"https:\/\/www.newsendip.com\/about-us\/"},{"@type":"Person","@id":"https:\/\/www.newsendip.com\/fr\/#\/schema\/person\/ea22c01755f464a3cbc2c619584d6363","name":"Cl\u00e9ment V\u00e9rit\u00e9","description":"Cl\u00e9ment is the executive editor and founder of Newsendip. He started in the media industry as a freelance reporter at 16 for a local French newspaper after school and has never left it. He later worked for seven years at The New York Times, notably as a data analyst. He holds a Master of Management in France and a Master of Arts in the United Kingdom in International Marketing &amp; Communications Strategy. He has lived in France, the United Kingdom, and Italy.","sameAs":["https:\/\/www.newsendip.com\/","https:\/\/www.linkedin.com\/in\/clementverite\/","https:\/\/x.com\/https:\/\/twitter.com\/cverite"],"knowsAbout":["News","International","Business","Media monitoring"],"knowsLanguage":["English","French","Italian","Spanish"],"url":"https:\/\/www.newsendip.com\/fr\/author\/clement-verite\/"}]}},"_links":{"self":[{"href":"https:\/\/www.newsendip.com\/fr\/wp-json\/wp\/v2\/posts\/14871","targetHints":{"allow":["GET"]}}],"collection":[{"href":"https:\/\/www.newsendip.com\/fr\/wp-json\/wp\/v2\/posts"}],"about":[{"href":"https:\/\/www.newsendip.com\/fr\/wp-json\/wp\/v2\/types\/post"}],"author":[{"embeddable":true,"href":"https:\/\/www.newsendip.com\/fr\/wp-json\/wp\/v2\/users\/1"}],"replies":[{"embeddable":true,"href":"https:\/\/www.newsendip.com\/fr\/wp-json\/wp\/v2\/comments?post=14871"}],"version-history":[{"count":0,"href":"https:\/\/www.newsendip.com\/fr\/wp-json\/wp\/v2\/posts\/14871\/revisions"}],"wp:featuredmedia":[{"embeddable":true,"href":"https:\/\/www.newsendip.com\/fr\/wp-json\/wp\/v2\/media\/14878"}],"wp:attachment":[{"href":"https:\/\/www.newsendip.com\/fr\/wp-json\/wp\/v2\/media?parent=14871"}],"wp:term":[{"taxonomy":"category","embeddable":true,"href":"https:\/\/www.newsendip.com\/fr\/wp-json\/wp\/v2\/categories?post=14871"},{"taxonomy":"post_tag","embeddable":true,"href":"https:\/\/www.newsendip.com\/fr\/wp-json\/wp\/v2\/tags?post=14871"}],"curies":[{"name":"wp","href":"https:\/\/api.w.org\/{rel}","templated":true}]}}