{"id":14894,"date":"2022-03-01T17:57:50","date_gmt":"2022-03-01T16:57:50","guid":{"rendered":"https:\/\/www.newsendip.com\/?p=14894"},"modified":"2024-07-16T22:00:25","modified_gmt":"2024-07-16T20:00:25","slug":"le-gouvernement-afrique-du-sud-souhaite-imposer-des-quotas-limitant-les-travailleurs-etrangers-immigres","status":"publish","type":"post","link":"https:\/\/www.newsendip.com\/fr\/le-gouvernement-afrique-du-sud-souhaite-imposer-des-quotas-limitant-les-travailleurs-etrangers-immigres\/","title":{"rendered":"Le gouvernement d\u2019Afrique du Sud souhaite imposer des quotas limitant les travailleurs \u00e9trangers"},"content":{"rendered":"<p><strong>L\u2019Afrique du Sud a publi\u00e9 un projet qui fixerait des quotas sur le nombre de travailleurs \u00e9trangers. Le pays fait face \u00e0 un taux de ch\u00f4mage extr\u00eamement \u00e9lev\u00e9 et \u00e0 une mont\u00e9e de la x\u00e9nophobie.<\/strong><\/p>\n<figure id=\"attachment_12545\" aria-describedby=\"caption-attachment-12545\" style=\"width: 1024px\" class=\"wp-caption aligncenter\"><img decoding=\"async\" class=\"wp-image-14150 size-large\" src=\"https:\/\/www.newsendip.com\/wp-content\/uploads\/2022\/03\/south-africa-minister-thulas-nxesi-draft-national-labour-migration-policy-1024x682.webp\" alt=\"Le ministre du Travail d'Afrique du Sud Thulas Nxesi d\u00e9roulant aux m\u00e9dias le projet de politique nationale sur la main-d\u2019\u0153uvre immigr\u00e9e\" width=\"1024\" height=\"682\" srcset=\"https:\/\/www.newsendip.com\/wp-content\/uploads\/2022\/03\/south-africa-minister-thulas-nxesi-draft-national-labour-migration-policy-1024x682.webp 1024w, https:\/\/www.newsendip.com\/wp-content\/uploads\/2022\/03\/south-africa-minister-thulas-nxesi-draft-national-labour-migration-policy-300x200.webp 300w, https:\/\/www.newsendip.com\/wp-content\/uploads\/2022\/03\/south-africa-minister-thulas-nxesi-draft-national-labour-migration-policy-768x512.webp 768w, https:\/\/www.newsendip.com\/wp-content\/uploads\/2022\/03\/south-africa-minister-thulas-nxesi-draft-national-labour-migration-policy.webp 1181w\" sizes=\"(max-width: 1024px) 100vw, 1024px\"><figcaption id=\"caption-attachment-12545\" class=\"wp-caption-text\">Le ministre du Travail d\u2019Afrique du Sud Thulas Nxesi d\u00e9roulant aux m\u00e9dias le projet de politique nationale sur la main\u2011d\u2019\u0153uvre immigr\u00e9e | \u00a9 Government ZA<\/figcaption><\/figure>\n<p>Le ministre de l\u2019Emploi et du Travail d\u2019Afrique du Sud, Thulas Nxesi, a publi\u00e9 le 28 f\u00e9vrier un projet qui fixerait des limites \u00e0 l\u2019emploi des travailleurs \u00e9trangers.<\/p>\n<p>Des quotas seraient appliqu\u00e9s dans des industries telles que l\u2019agriculture, le tourisme ou la construction et seraient fix\u00e9s par profession, secteur d\u2019activit\u00e9s ou r\u00e9gion. <a href=\"https:\/\/www.newsendip.com\/fr\/economie\/\">Les entreprises<\/a> ne respectant pas les quotas pourraient se voir infliger une amende de 100 000 rand (6 500 dollars).<\/p>\n<p>Les employeurs devront \u00e9galement justifier qu\u2019ils ne peuvent pas trouver les comp\u00e9tences recherch\u00e9es parmi les Sud-Africains avant d\u2019embaucher un travailleur \u00e9tranger. Les travailleurs \u00e9trangers sont tous ceux qui n\u2019ont pas la nationalit\u00e9 sud-africaine, qui ne sont pas r\u00e9sidents permanents ou qui ne sont pas r\u00e9fugi\u00e9s.<\/p>\n<p>En outre, le gouvernement pr\u00e9voit \u00e9galement d\u2019<a href=\"https:\/\/www.newsendip.com\/fr\/la-thailande-rappelle-que-les-coiffeurs-etrangers-sont-interdits-de-travailler-dans-le-pays\/\">interdire aux travailleurs \u00e9trangers de cr\u00e9er une entreprise<\/a> dans certains secteurs. En fait, de nombreux immigr\u00e9s cr\u00e9ent leur propre activit\u00e9 sans la d\u00e9clarer, en tant que chauffeur Uber par exemple.<\/p>\n<p>Le ministre Nxesi a justifi\u00e9 que la nouvelle politique sur la migration de main-d\u2019\u0153uvre cherche \u00e0 \u00ab\u202f<em>trouver un \u00e9quilibre entre des int\u00e9r\u00eats qui s\u2019opposent<\/em>\u202f\u00bb.<\/p>\n<h2>Le taux de ch\u00f4mage en Afrique du Sud \u00e0 son plus&nbsp;haut<\/h2>\n<p>L\u2019Afrique du Sud est confront\u00e9e \u00e0 un taux de ch\u00f4mage \u00e9lev\u00e9 et le gouvernement estime qu\u2019il existe une perception dans le pays selon laquelle \u00ab\u202f<em>les ressortissants \u00e9trangers faussent l\u2019acc\u00e8s au march\u00e9 du travail<\/em>\u202f\u00bb. Selon le ministre, cette distorsion provient d\u2019immigr\u00e9s d\u00e9sesp\u00e9r\u00e9s pr\u00eats \u00e0 \u00eatre pay\u00e9s une mis\u00e8re pour du travail non d\u00e9clar\u00e9.<\/p>\n<p>\u00ab\u202f<em>Il est devenu de plus en plus \u00e9vident, avec l\u2019expansion rapide des flux migratoires internationaux, que l\u2019Afrique du Sud doit \u00e9laborer une politique appropri\u00e9e pour g\u00e9rer efficacement cette situation. L\u2019Afrique du Sud n\u2019est pas \u00e0 l\u2019abri des tendances migratoires internationales ni des tentatives de r\u00e9cup\u00e9rations politiques<\/em>\u202f\u00bb, a d\u00e9clar\u00e9 le ministre Nxesi dans un communiqu\u00e9.<\/p>\n<p>La l\u00e9gislation est pour l\u2019instant au stade de projet et est soumise \u00e0 l\u2019examen et aux commentaires des citoyens. Le processus de consultation durera 90 jours avant d\u2019\u00eatre modifi\u00e9 par le cabinet puis soumis au Parlement.<\/p>\n<p>Cette annonce intervient alors que l\u2019Afrique du Sud est aux prises avec <a href=\"https:\/\/www.newsendip.com\/fr\/taux-de-chomage-record-en-afrique-du-sud\/\">un taux de ch\u00f4mage extr\u00eamement \u00e9lev\u00e9<\/a>.<!--more--><\/p>\n<p>Le taux de ch\u00f4mage pour le troisi\u00e8me trimestre de 2021 a atteint 34,9\u202f%. Il s\u2019agit d\u2019un niveau jamais enregistr\u00e9 par <a href=\"#post-bottom-source\">le d\u00e9partement des statistiques d\u2019Afrique du Sud<\/a> depuis 2018, date \u00e0 laquelle il a commenc\u00e9 \u00e0 publier son enqu\u00eate trimestrielle sur le march\u00e9 de l\u2019emploi.<\/p>\n<p>Le pays compte 660 000 travailleurs de moins en seulement trois mois, avec toujours plus de demandeurs d\u2019emploi d\u00e9courag\u00e9s qui cessent d\u2019en chercher un.<\/p>\n<p>Le ministre Nxesi a d\u00e9clar\u00e9 que les autorit\u00e9s ont men\u00e9 une vaste \u00e9tude comparative internationale pour examiner les politiques de main-d\u2019\u0153uvre dans d\u2019autres pays.<\/p>\n<p>Quatre millions d\u2019\u00e9trangers vivent actuellement en Afrique du Sud, soit 4\u202f% de la population et 7\u202f% de la main-d\u2019\u0153uvre selon les donn\u00e9es officielles du&nbsp;pays.<\/p>\n<p>La proportion d\u2019immigr\u00e9s dans le pays est sup\u00e9rieure \u00e0 la moyenne mondiale mais reste relativement faible par rapport \u00e0 d\u2019autres r\u00e9gions. Dans le monde, une personne sur 30 (3,3\u202f%) vit dans un pays \u00e9tranger, mais les chiffres peuvent varier consid\u00e9rablement d\u2019un pays \u00e0 l\u2019autre, avec par exemple 21\u202f% de migrants internationaux dans la population du Canada et 79\u202f% au&nbsp;Qatar.<\/p>\n<h2>Une immigration qui a doubl\u00e9 en 10 ans, des acc\u00e8s de violence x\u00e9nophobes<\/h2>\n<p>L\u2019Afrique du Sud est le premier lieu d\u2019immigration d\u2019Afrique et le 15e au monde en 2019 selon l\u2019ONU. L\u2019ONU a \u00e9galement not\u00e9 une augmentation significative des migrations r\u00e9gionales entre pays africains.<\/p>\n<p>En 2005, les \u00e9trangers repr\u00e9sentaient 2,8% de la population vivant en Afrique du Sud. Entre 2010 et 2019, ce nombre a doubl\u00e9, passant de 2 millions \u00e0 4 millions de personnes. L\u2019ONU explique que le pays a une \u00ab\u202f<em>\u00e9conomie avanc\u00e9e et une relative stabilit\u00e9 politique<\/em>\u202f\u00bb, ce qui attire \u00ab\u202f<em>les migrants, les demandeurs d\u2019asile et les r\u00e9fugi\u00e9s d\u2019Afrique australe et d\u2019ailleurs<\/em>\u202f\u00bb.<\/p>\n<p>Les attaques x\u00e9nophobes contre les immigr\u00e9s ont augment\u00e9 au cours de ces 15 derni\u00e8res ann\u00e9es en Afrique du Sud. En mai 2008, 41 \u00e9trangers sont morts \u00e0 travers le territoire suite \u00e0 un \u00e9pisode de violences \u00e0 leur encontre. Attaques physiques, pillages et destructions de biens d\u00e9tenus par des \u00e9trangers ont \u00e9galement \u00e9clat\u00e9 en 2018 et 2019, engendrant encore plus de victimes.<\/p>\n<p>\u00ab\u202f<em>Les flamb\u00e9es de violence x\u00e9nophobe sont plus fr\u00e9quentes dans les townships d\u2019Afrique du Sud et dans d\u2019autres quartiers \u00e9conomiquement pauvres, o\u00f9 les r\u00e9sidents accusent souvent les \u00e9trangers d\u2019\u00eatre responsables des taux \u00e9lev\u00e9s de criminalit\u00e9 et des pertes d\u2019emploi<\/em>\u202f\u00bb, souligne le <a href=\"#post-bottom-source\">rapport des Nations Unies sur la migration dans le monde en 2020<\/a>.<\/p>\n<p>Afin de s\u2019accorder avec la politique du minist\u00e8re du Travail, le minist\u00e8re de l\u2019Int\u00e9rieur pr\u00e9voit \u00e9galement d\u2019intensifier ses contr\u00f4les aux fronti\u00e8res du&nbsp;pays.<\/p>\n<p><a href=\"https:\/\/www.newsendip.com\/fr\/etiquette\/afrique-sud\/\"><strong>D\u00e9couvrez des actualit\u00e9s d\u2019Afrique du&nbsp;Sud<\/strong><\/a><\/p>\n","protected":false},"excerpt":{"rendered":"<p>L\u2019Afrique du Sud a publi\u00e9 un projet qui fixerait des quotas sur le nombre de travailleurs \u00e9trangers. Le pays fait face \u00e0 un taux de ch\u00f4mage extr\u00eamement \u00e9lev\u00e9 et \u00e0 une mont\u00e9e de la x\u00e9nophobie.<\/p>\n","protected":false},"author":1,"featured_media":12545,"comment_status":"closed","ping_status":"closed","sticky":false,"template":"","format":"standard","meta":{"wp_typography_post_enhancements_disabled":false,"footnotes":""},"categories":[414],"tags":[420,421],"class_list":["post-14894","post","type-post","status-publish","format-standard","has-post-thumbnail","hentry","category-economie","tag-afrique-sud","tag-vieux"],"yoast_head":"<!-- This site is optimized with the Yoast SEO Premium plugin v27.4 (Yoast SEO v27.4) - https:\/\/yoast.com\/product\/yoast-seo-premium-wordpress\/ -->\n<title>Le gouvernement d&#039;Afrique du Sud souhaite imposer des quotas limitant les travailleurs \u00e9trangers<\/title>\n<meta name=\"description\" content=\"L&#039;Afrique du Sud a publi\u00e9 un projet qui fixerait des quotas sur le nombre de travailleurs \u00e9trangers. Le pays fait face \u00e0 un taux de ch\u00f4mage extr\u00eamement \u00e9lev\u00e9 et \u00e0 une mont\u00e9e de la x\u00e9nophobie.\" \/>\n<meta name=\"robots\" content=\"index, follow, max-snippet:-1, max-image-preview:large, max-video-preview:-1\" \/>\n<link rel=\"canonical\" href=\"https:\/\/www.newsendip.com\/fr\/le-gouvernement-afrique-du-sud-souhaite-imposer-des-quotas-limitant-les-travailleurs-etrangers-immigres\/\" \/>\n<meta property=\"og:locale\" content=\"fr_FR\" \/>\n<meta property=\"og:type\" content=\"article\" \/>\n<meta property=\"og:title\" content=\"Le gouvernement d&#039;Afrique du Sud souhaite imposer des quotas limitant les travailleurs \u00e9trangers\" \/>\n<meta property=\"og:description\" content=\"L&#039;Afrique du Sud a publi\u00e9 un projet qui fixerait des quotas sur le nombre de travailleurs \u00e9trangers. Le pays fait face \u00e0 un taux de ch\u00f4mage extr\u00eamement \u00e9lev\u00e9 et \u00e0 une mont\u00e9e de la x\u00e9nophobie.\" \/>\n<meta property=\"og:url\" content=\"https:\/\/www.newsendip.com\/fr\/le-gouvernement-afrique-du-sud-souhaite-imposer-des-quotas-limitant-les-travailleurs-etrangers-immigres\/\" \/>\n<meta property=\"og:site_name\" content=\"Newsendip\" \/>\n<meta property=\"article:publisher\" content=\"https:\/\/www.facebook.com\/newsendip\" \/>\n<meta property=\"article:published_time\" content=\"2022-03-01T16:57:50+00:00\" \/>\n<meta property=\"article:modified_time\" content=\"2024-07-16T20:00:25+00:00\" \/>\n<meta property=\"og:image\" content=\"https:\/\/www.newsendip.com\/wp-content\/uploads\/2022\/03\/south-africa-minister-thulas-nxesi-draft-national-labour-migration-policy.webp\" \/>\n\t<meta property=\"og:image:width\" content=\"1181\" \/>\n\t<meta property=\"og:image:height\" content=\"787\" \/>\n\t<meta property=\"og:image:type\" content=\"image\/webp\" \/>\n<meta name=\"author\" content=\"Cl\u00e9ment V\u00e9rit\u00e9\" \/>\n<meta name=\"twitter:card\" content=\"summary_large_image\" \/>\n<meta name=\"twitter:creator\" content=\"@https:\/\/twitter.com\/cverite\" \/>\n<meta name=\"twitter:site\" content=\"@newsendip\" \/>\n<meta name=\"twitter:label1\" content=\"\u00c9crit par\" \/>\n\t<meta name=\"twitter:data1\" content=\"Cl\u00e9ment V\u00e9rit\u00e9\" \/>\n\t<meta name=\"twitter:label2\" content=\"Dur\u00e9e de lecture estim\u00e9e\" \/>\n\t<meta name=\"twitter:data2\" content=\"5 minutes\" \/>\n<!-- \/ Yoast SEO Premium plugin. -->","yoast_head_json":{"title":"Le gouvernement d'Afrique du Sud souhaite imposer des quotas limitant les travailleurs \u00e9trangers","description":"L'Afrique du Sud a publi\u00e9 un projet qui fixerait des quotas sur le nombre de travailleurs \u00e9trangers. Le pays fait face \u00e0 un taux de ch\u00f4mage extr\u00eamement \u00e9lev\u00e9 et \u00e0 une mont\u00e9e de la x\u00e9nophobie.","robots":{"index":"index","follow":"follow","max-snippet":"max-snippet:-1","max-image-preview":"max-image-preview:large","max-video-preview":"max-video-preview:-1"},"canonical":"https:\/\/www.newsendip.com\/fr\/le-gouvernement-afrique-du-sud-souhaite-imposer-des-quotas-limitant-les-travailleurs-etrangers-immigres\/","og_locale":"fr_FR","og_type":"article","og_title":"Le gouvernement d'Afrique du Sud souhaite imposer des quotas limitant les travailleurs \u00e9trangers","og_description":"L'Afrique du Sud a publi\u00e9 un projet qui fixerait des quotas sur le nombre de travailleurs \u00e9trangers. Le pays fait face \u00e0 un taux de ch\u00f4mage extr\u00eamement \u00e9lev\u00e9 et \u00e0 une mont\u00e9e de la x\u00e9nophobie.","og_url":"https:\/\/www.newsendip.com\/fr\/le-gouvernement-afrique-du-sud-souhaite-imposer-des-quotas-limitant-les-travailleurs-etrangers-immigres\/","og_site_name":"Newsendip","article_publisher":"https:\/\/www.facebook.com\/newsendip","article_published_time":"2022-03-01T16:57:50+00:00","article_modified_time":"2024-07-16T20:00:25+00:00","og_image":[{"width":1181,"height":787,"url":"https:\/\/www.newsendip.com\/wp-content\/uploads\/2022\/03\/south-africa-minister-thulas-nxesi-draft-national-labour-migration-policy.webp","type":"image\/webp"}],"author":"Cl\u00e9ment V\u00e9rit\u00e9","twitter_card":"summary_large_image","twitter_creator":"@https:\/\/twitter.com\/cverite","twitter_site":"@newsendip","twitter_misc":{"\u00c9crit par":"Cl\u00e9ment V\u00e9rit\u00e9","Dur\u00e9e de lecture estim\u00e9e":"5 minutes"},"schema":{"@context":"https:\/\/schema.org","@graph":[{"@type":"NewsArticle","@id":"https:\/\/www.newsendip.com\/fr\/le-gouvernement-afrique-du-sud-souhaite-imposer-des-quotas-limitant-les-travailleurs-etrangers-immigres\/#article","isPartOf":{"@id":"https:\/\/www.newsendip.com\/fr\/le-gouvernement-afrique-du-sud-souhaite-imposer-des-quotas-limitant-les-travailleurs-etrangers-immigres\/"},"author":{"name":"Cl\u00e9ment V\u00e9rit\u00e9","@id":"https:\/\/www.newsendip.com\/fr\/#\/schema\/person\/ea22c01755f464a3cbc2c619584d6363"},"headline":"Le gouvernement d\u2019Afrique du Sud souhaite imposer des quotas limitant les travailleurs \u00e9trangers","datePublished":"2022-03-01T16:57:50+00:00","dateModified":"2024-07-16T20:00:25+00:00","mainEntityOfPage":{"@id":"https:\/\/www.newsendip.com\/fr\/le-gouvernement-afrique-du-sud-souhaite-imposer-des-quotas-limitant-les-travailleurs-etrangers-immigres\/"},"wordCount":944,"publisher":{"@id":"https:\/\/www.newsendip.com\/fr\/#organization"},"image":{"@id":"https:\/\/www.newsendip.com\/fr\/le-gouvernement-afrique-du-sud-souhaite-imposer-des-quotas-limitant-les-travailleurs-etrangers-immigres\/#primaryimage"},"thumbnailUrl":"https:\/\/www.newsendip.com\/wp-content\/uploads\/2022\/03\/south-africa-minister-thulas-nxesi-draft-national-labour-migration-policy.webp","keywords":["Afrique du Sud","Vieux"],"articleSection":["\u00c9conomie"],"inLanguage":"fr-FR","copyrightYear":"2022","copyrightHolder":{"@id":"https:\/\/www.newsendip.com\/#organization"}},{"@type":"WebPage","@id":"https:\/\/www.newsendip.com\/fr\/le-gouvernement-afrique-du-sud-souhaite-imposer-des-quotas-limitant-les-travailleurs-etrangers-immigres\/","url":"https:\/\/www.newsendip.com\/fr\/le-gouvernement-afrique-du-sud-souhaite-imposer-des-quotas-limitant-les-travailleurs-etrangers-immigres\/","name":"Le gouvernement d'Afrique du Sud souhaite imposer des quotas limitant les travailleurs \u00e9trangers","isPartOf":{"@id":"https:\/\/www.newsendip.com\/fr\/#website"},"primaryImageOfPage":{"@id":"https:\/\/www.newsendip.com\/fr\/le-gouvernement-afrique-du-sud-souhaite-imposer-des-quotas-limitant-les-travailleurs-etrangers-immigres\/#primaryimage"},"image":{"@id":"https:\/\/www.newsendip.com\/fr\/le-gouvernement-afrique-du-sud-souhaite-imposer-des-quotas-limitant-les-travailleurs-etrangers-immigres\/#primaryimage"},"thumbnailUrl":"https:\/\/www.newsendip.com\/wp-content\/uploads\/2022\/03\/south-africa-minister-thulas-nxesi-draft-national-labour-migration-policy.webp","datePublished":"2022-03-01T16:57:50+00:00","dateModified":"2024-07-16T20:00:25+00:00","description":"L'Afrique du Sud a publi\u00e9 un projet qui fixerait des quotas sur le nombre de travailleurs \u00e9trangers. Le pays fait face \u00e0 un taux de ch\u00f4mage extr\u00eamement \u00e9lev\u00e9 et \u00e0 une mont\u00e9e de la x\u00e9nophobie.","breadcrumb":{"@id":"https:\/\/www.newsendip.com\/fr\/le-gouvernement-afrique-du-sud-souhaite-imposer-des-quotas-limitant-les-travailleurs-etrangers-immigres\/#breadcrumb"},"inLanguage":"fr-FR","potentialAction":[{"@type":"ReadAction","target":["https:\/\/www.newsendip.com\/fr\/le-gouvernement-afrique-du-sud-souhaite-imposer-des-quotas-limitant-les-travailleurs-etrangers-immigres\/"]}]},{"@type":"ImageObject","inLanguage":"fr-FR","@id":"https:\/\/www.newsendip.com\/fr\/le-gouvernement-afrique-du-sud-souhaite-imposer-des-quotas-limitant-les-travailleurs-etrangers-immigres\/#primaryimage","url":"https:\/\/www.newsendip.com\/wp-content\/uploads\/2022\/03\/south-africa-minister-thulas-nxesi-draft-national-labour-migration-policy.webp","contentUrl":"https:\/\/www.newsendip.com\/wp-content\/uploads\/2022\/03\/south-africa-minister-thulas-nxesi-draft-national-labour-migration-policy.webp","width":1181,"height":787,"caption":"South Africa Minister Thulas Nxesi briefing media on the Draft National Labor Migration Policy | \u00a9 Government ZA"},{"@type":"BreadcrumbList","@id":"https:\/\/www.newsendip.com\/fr\/le-gouvernement-afrique-du-sud-souhaite-imposer-des-quotas-limitant-les-travailleurs-etrangers-immigres\/#breadcrumb","itemListElement":[{"@type":"ListItem","position":1,"name":"Accueil","item":"https:\/\/www.newsendip.com\/fr\/"},{"@type":"ListItem","position":2,"name":"Le gouvernement d&#8217;Afrique du Sud souhaite imposer des quotas limitant les travailleurs \u00e9trangers"}]},{"@type":"WebSite","@id":"https:\/\/www.newsendip.com\/fr\/#website","url":"https:\/\/www.newsendip.com\/fr\/","name":"Newsendip","description":"Red\u00e9couvrez l&#039;actualit\u00e9 internationale","publisher":{"@id":"https:\/\/www.newsendip.com\/fr\/#organization"},"potentialAction":[{"@type":"SearchAction","target":{"@type":"EntryPoint","urlTemplate":"https:\/\/www.newsendip.com\/fr\/?s={search_term_string}"},"query-input":{"@type":"PropertyValueSpecification","valueRequired":true,"valueName":"search_term_string"}}],"inLanguage":"fr-FR"},{"@type":"Organization","@id":"https:\/\/www.newsendip.com\/fr\/#organization","name":"Newsendip","url":"https:\/\/www.newsendip.com\/fr\/","logo":{"@type":"ImageObject","inLanguage":"fr-FR","@id":"https:\/\/www.newsendip.com\/fr\/#\/schema\/logo\/image\/","url":"https:\/\/www.newsendip.com\/wp-content\/uploads\/2023\/12\/512x512.svg","contentUrl":"https:\/\/www.newsendip.com\/wp-content\/uploads\/2023\/12\/512x512.svg","width":1,"height":1,"caption":"Newsendip"},"image":{"@id":"https:\/\/www.newsendip.com\/fr\/#\/schema\/logo\/image\/"},"sameAs":["https:\/\/www.facebook.com\/newsendip","https:\/\/x.com\/newsendip","https:\/\/mastodon.social\/@newsendip","https:\/\/www.linkedin.com\/company\/newsendip"],"description":"Newsendip est un site qui a pour mission de rendre l'actualit\u00e9 internationale accessible et diversifi\u00e9e","email":"contact@newsendip.com","legalName":"Newsendip SAS","foundingDate":"2022-11-04","vatID":"FR60921124723","numberOfEmployees":{"@type":"QuantitativeValue","minValue":"1","maxValue":"10"},"publishingPrinciples":"https:\/\/www.newsendip.com\/about-us\/","ownershipFundingInfo":"https:\/\/www.newsendip.com\/legal-notice\/","actionableFeedbackPolicy":"https:\/\/www.newsendip.com\/about-us\/","correctionsPolicy":"https:\/\/www.newsendip.com\/about-us\/","ethicsPolicy":"https:\/\/www.newsendip.com\/about-us\/","diversityPolicy":"https:\/\/www.newsendip.com\/about-us\/"},{"@type":"Person","@id":"https:\/\/www.newsendip.com\/fr\/#\/schema\/person\/ea22c01755f464a3cbc2c619584d6363","name":"Cl\u00e9ment V\u00e9rit\u00e9","description":"Cl\u00e9ment is the executive editor and founder of Newsendip. He started in the media industry as a freelance reporter at 16 for a local French newspaper after school and has never left it. He later worked for seven years at The New York Times, notably as a data analyst. He holds a Master of Management in France and a Master of Arts in the United Kingdom in International Marketing &amp; Communications Strategy. He has lived in France, the United Kingdom, and Italy.","sameAs":["https:\/\/www.newsendip.com\/","https:\/\/www.linkedin.com\/in\/clementverite\/","https:\/\/x.com\/https:\/\/twitter.com\/cverite"],"knowsAbout":["News","International","Business","Media monitoring"],"knowsLanguage":["English","French","Italian","Spanish"],"url":"https:\/\/www.newsendip.com\/fr\/author\/clement-verite\/"}]}},"_links":{"self":[{"href":"https:\/\/www.newsendip.com\/fr\/wp-json\/wp\/v2\/posts\/14894","targetHints":{"allow":["GET"]}}],"collection":[{"href":"https:\/\/www.newsendip.com\/fr\/wp-json\/wp\/v2\/posts"}],"about":[{"href":"https:\/\/www.newsendip.com\/fr\/wp-json\/wp\/v2\/types\/post"}],"author":[{"embeddable":true,"href":"https:\/\/www.newsendip.com\/fr\/wp-json\/wp\/v2\/users\/1"}],"replies":[{"embeddable":true,"href":"https:\/\/www.newsendip.com\/fr\/wp-json\/wp\/v2\/comments?post=14894"}],"version-history":[{"count":0,"href":"https:\/\/www.newsendip.com\/fr\/wp-json\/wp\/v2\/posts\/14894\/revisions"}],"wp:featuredmedia":[{"embeddable":true,"href":"https:\/\/www.newsendip.com\/fr\/wp-json\/wp\/v2\/media\/12545"}],"wp:attachment":[{"href":"https:\/\/www.newsendip.com\/fr\/wp-json\/wp\/v2\/media?parent=14894"}],"wp:term":[{"taxonomy":"category","embeddable":true,"href":"https:\/\/www.newsendip.com\/fr\/wp-json\/wp\/v2\/categories?post=14894"},{"taxonomy":"post_tag","embeddable":true,"href":"https:\/\/www.newsendip.com\/fr\/wp-json\/wp\/v2\/tags?post=14894"}],"curies":[{"name":"wp","href":"https:\/\/api.w.org\/{rel}","templated":true}]}}