{"id":14904,"date":"2022-01-06T15:59:29","date_gmt":"2022-01-06T14:59:29","guid":{"rendered":"https:\/\/www.newsendip.com\/?p=14904"},"modified":"2023-09-05T19:12:35","modified_gmt":"2023-09-05T17:12:35","slug":"un-candidat-elections-presidentielle-coree-remboursement-soins-contre-la-calvitie-alopecie-perte-de-cheveux","status":"publish","type":"post","link":"https:\/\/www.newsendip.com\/fr\/un-candidat-elections-presidentielle-coree-remboursement-soins-contre-la-calvitie-alopecie-perte-de-cheveux\/","title":{"rendered":"Un candidat cor\u00e9en propose le remboursement des soins contre la calvitie"},"content":{"rendered":"<p><strong>Le candidat aux \u00e9lections pr\u00e9sidentielles du Parti d\u00e9mocratique de Cor\u00e9e a propos\u00e9 que l\u2019assurance maladie prenne en charge les frais m\u00e9dicaux contre la perte de cheveux.<\/strong><\/p>\n<figure id=\"attachment_9908\" aria-describedby=\"caption-attachment-9908\" style=\"width: 1024px\" class=\"wp-caption aligncenter\"><img decoding=\"async\" class=\"wp-image-13872 size-large\" src=\"https:\/\/www.newsendip.com\/wp-content\/uploads\/2022\/01\/Lee-Jae-myung-hair-loss-healthcare-1024x683.webp\" alt=\"Lee Jae-myung, candidat \u00e0 la pr\u00e9sidence du Parti d\u00e9mocratique de Cor\u00e9e du Sud\" width=\"1024\" height=\"683\" srcset=\"https:\/\/www.newsendip.com\/wp-content\/uploads\/2022\/01\/Lee-Jae-myung-hair-loss-healthcare-1024x683.webp 1024w, https:\/\/www.newsendip.com\/wp-content\/uploads\/2022\/01\/Lee-Jae-myung-hair-loss-healthcare-300x200.webp 300w, https:\/\/www.newsendip.com\/wp-content\/uploads\/2022\/01\/Lee-Jae-myung-hair-loss-healthcare-768x512.webp 768w, https:\/\/www.newsendip.com\/wp-content\/uploads\/2022\/01\/Lee-Jae-myung-hair-loss-healthcare-1536x1024.webp 1536w, https:\/\/www.newsendip.com\/wp-content\/uploads\/2022\/01\/Lee-Jae-myung-hair-loss-healthcare-2048x1365.webp 2048w\" sizes=\"(max-width: 1024px) 100vw, 1024px\"><figcaption id=\"caption-attachment-9908\" class=\"wp-caption-text\">Lee Jae-myung, candidat \u00e0 la pr\u00e9sidence du Parti d\u00e9mocratique de Cor\u00e9e du Sud | \u00a9 Chung Sung-Jun\/Pool via REUTERS, janvier 2022<\/figcaption><\/figure>\n<p>Cette semaine, le candidat du parti au pouvoir aux <a href=\"https:\/\/www.newsendip.com\/fr\/en-coree-un-homme-politique-agresse-quelques-jours-avant-lelection-presidentielle\/\">\u00e9lections pr\u00e9sidentielles de Cor\u00e9e du Sud<\/a> a d\u00e9clench\u00e9 un d\u00e9bat sur les soins de sant\u00e9 concernant la calvitie.<\/p>\n<p>Le membre du Parti d\u00e9mocratique de Cor\u00e9e, Lee Jae-myung, a propos\u00e9 que l\u2019assurance maladie couvre les frais de sant\u00e9 destin\u00e9s \u00e0 lutter contre la perte de cheveux.<\/p>\n<p>Selon lui, pr\u00e8s de 10 millions de Cor\u00e9ens souffrent de calvitie, ou alop\u00e9cie pour le terme m\u00e9dical, mais beaucoup d\u2019entre eux ach\u00e8tent des m\u00e9dicaments de l\u2019\u00e9tranger ou prennent des alternatives destin\u00e9es \u00e0 soigner la prostate en raison du co\u00fbt \u00e9lev\u00e9 des traitements.<\/p>\n<p>La population de Cor\u00e9e du Sud compte environ 52 millions de personnes, ce qui signifierait qu\u2019un Cor\u00e9en ou une Cor\u00e9enne sur 5 souffre d\u2019alop\u00e9cie. L\u2019\u00e2ge m\u00e9dian dans le pays est de 44&nbsp;ans.<\/p>\n<p>Selon Reuters, il n\u2019existe pas de donn\u00e9es officielles sur le nombre de Sud-Cor\u00e9ens souffrant d\u2019alop\u00e9cie. En 2020, 230 000 personnes ont re\u00e7u un traitement hospitalier pour cette raison selon le Service national d\u2019assurance maladie.<\/p>\n<p>En 2016, un journaliste du Korea Times partageant son exp\u00e9rience sur la calvitie \u00e9crivait que 10 millions de Cor\u00e9ens en souffraient et que le march\u00e9 des m\u00e9dicaments et des compl\u00e9ments alimentaires atteignait 3 000 milliards de wons (2,5 milliards de dollars) sans citer ses sources.<\/p>\n<p><a href=\"https:\/\/pubmed.ncbi.nlm.nih.gov\/11453914\/\">Une \u00e9tude r\u00e9alis\u00e9e en 2001<\/a> a r\u00e9v\u00e9l\u00e9 que la pr\u00e9valence de l\u2019alop\u00e9cie \u00e9tait de 14\u202f% chez les hommes cor\u00e9ens et de 6\u202f% chez les femmes cor\u00e9ennes, soit un peu moins que la pr\u00e9valence chez les Europ\u00e9ens par exemple.<\/p>\n<p>La proposition du candidat a \u00e9t\u00e9 soutenue, critiqu\u00e9e et moqu\u00e9e. Les critiques estiment qu\u2019il s\u2019agit d\u2019une d\u00e9marche populiste.<\/p>\n<p>Lors d\u2019un meeting du parti le 4 janvier, une m\u00e8re de deux enfants a expliqu\u00e9 qu\u2019elle avait renonc\u00e9 \u00e0 son traitement contre l\u2019alop\u00e9cie en raison de ses co\u00fbts. Elle avait d\u00fb d\u00e9bourser 4 millions de wons (3 325 dollars) en six mois pour du shampoing et de la nourriture sp\u00e9cifique.<\/p>\n<h2>Son \u00e9quipe de campagne \u00e9value le co\u00fbt pour rembourser les traitements pour l\u2019alop\u00e9cie<\/h2>\n<p><!--more--><\/p>\n<p>Lee Jae-myung est soudainement devenu un personnage central du paysage politique cor\u00e9en en promouvant le syst\u00e8me du revenu universel et pour sa gestion stricte de la pand\u00e9mie de COVID-19\u202fen tant que gouverneur de la province de Gyeonggi, la province la plus peupl\u00e9e de Cor\u00e9e du Sud qui entoure S\u00e9oul.<\/p>\n<p>Lee Jae-myung a d\u00e9clar\u00e9 mercredi que la couverture des soins contre la perte de cheveux \u00e9tait n\u00e9cessaire du point de vue de la \u00ab\u202f<em>compl\u00e9tude du corps<\/em>\u202f\u00bb. Son \u00e9quipe de campagne \u00e9tudie l\u2019impact financier potentiel de la proposition.<\/p>\n<p>CNN a rapport\u00e9 en 2020 que les traitements pour \u00e9viter de perdre ses cheveux \u00e9taient un ph\u00e9nom\u00e8ne nouveau qui suscitait la g\u00eane chez les Asiatiques.<\/p>\n<p>Une petite recherche men\u00e9e en 2002 a r\u00e9v\u00e9l\u00e9 que les hommes chauves \u00e9taient per\u00e7us comme \u00e9tant plus \u00e2g\u00e9s et moins attrayants par plus de 90\u202f% des 250 personnes ayant r\u00e9pondu au questionnaire. Elle a en outre sugg\u00e9r\u00e9 que l\u2019alop\u00e9cie influen\u00e7ait n\u00e9gativement les interactions sociales en&nbsp;Cor\u00e9e.<\/p>\n<p>En 2017, la <a href=\"https:\/\/www.humanrights.go.kr\/site\/program\/board\/basicboard\/view?menuid=001004002001&amp;boardtypeid=24&amp;boardid=616469\">Commission nationale des droits de l\u2019homme de Cor\u00e9e<\/a> a estim\u00e9 que le fait de ne pas \u00eatre embauch\u00e9 en raison de sa calvitie \u00e9tait discriminatoire. Un homme n\u2019a pas pu travailler lors d\u2019un \u00e9v\u00e9nement h\u00f4telier car sa calvitie \u00e9tait consid\u00e9r\u00e9e comme \u00ab\u202f<em>inadapt\u00e9e \u00e0 l\u2019h\u00f4tellerie<\/em>\u202f\u00bb par les recruteurs. En 2018, l\u2019organisme de surveillance des droits de l\u2019homme a r\u00e9affirm\u00e9 que les employeurs ne devaient pas discriminer les demandeurs d\u2019emploi apr\u00e8s qu\u2019un Sud-Cor\u00e9en a soutenu qu\u2019il n\u2019avait pas r\u00e9ussi \u00e0 obtenir un emploi pour la maintenance d\u2019un b\u00e2timent parce qu\u2019il \u00e9tait chauve. On lui avait demand\u00e9 de porter une perruque lors de l\u2019entretien d\u2019embauche.<\/p>\n<p><a href=\"https:\/\/www.newsendip.com\/fr\/etiquette\/coree-sud\/\">En savoir plus sur la Cor\u00e9e du&nbsp;Sud<\/a><\/p>\n","protected":false},"excerpt":{"rendered":"<p>Le candidat aux \u00e9lections pr\u00e9sidentielles du Parti d\u00e9mocratique de Cor\u00e9e a propos\u00e9 que l\u2019assurance maladie prenne en charge les frais m\u00e9dicaux contre l\u2019alop\u00e9cie.<\/p>\n","protected":false},"author":2,"featured_media":9908,"comment_status":"closed","ping_status":"closed","sticky":false,"template":"","format":"standard","meta":{"wp_typography_post_enhancements_disabled":false,"footnotes":""},"categories":[412],"tags":[511,421],"class_list":["post-14904","post","type-post","status-publish","format-standard","has-post-thumbnail","hentry","category-sciences-et-sante","tag-coree-sud","tag-vieux"],"yoast_head":"<!-- This site is optimized with the Yoast SEO Premium plugin v27.4 (Yoast SEO v27.4) - https:\/\/yoast.com\/product\/yoast-seo-premium-wordpress\/ -->\n<title>Un candidat cor\u00e9en propose le remboursement des soins contre la calvitie<\/title>\n<meta name=\"description\" content=\"Le candidat aux \u00e9lections pr\u00e9sidentielles du Parti d\u00e9mocratique de Cor\u00e9e a propos\u00e9 que l&#039;assurance maladie prenne en charge les frais m\u00e9dicaux contre l&#039;alop\u00e9cie.\" \/>\n<meta name=\"robots\" content=\"index, follow, max-snippet:-1, max-image-preview:large, max-video-preview:-1\" \/>\n<link rel=\"canonical\" href=\"https:\/\/www.newsendip.com\/fr\/un-candidat-elections-presidentielle-coree-remboursement-soins-contre-la-calvitie-alopecie-perte-de-cheveux\/\" \/>\n<meta property=\"og:locale\" content=\"fr_FR\" \/>\n<meta property=\"og:type\" content=\"article\" \/>\n<meta property=\"og:title\" content=\"Un candidat cor\u00e9en propose le remboursement des soins contre la calvitie\" \/>\n<meta property=\"og:description\" content=\"Le candidat aux \u00e9lections pr\u00e9sidentielles du Parti d\u00e9mocratique de Cor\u00e9e a propos\u00e9 que l&#039;assurance maladie prenne en charge les frais m\u00e9dicaux contre l&#039;alop\u00e9cie.\" \/>\n<meta property=\"og:url\" content=\"https:\/\/www.newsendip.com\/fr\/un-candidat-elections-presidentielle-coree-remboursement-soins-contre-la-calvitie-alopecie-perte-de-cheveux\/\" \/>\n<meta property=\"og:site_name\" content=\"Newsendip\" \/>\n<meta property=\"article:publisher\" content=\"https:\/\/www.facebook.com\/newsendip\" \/>\n<meta property=\"article:published_time\" content=\"2022-01-06T14:59:29+00:00\" \/>\n<meta property=\"article:modified_time\" content=\"2023-09-05T17:12:35+00:00\" \/>\n<meta property=\"og:image\" content=\"https:\/\/www.newsendip.com\/wp-content\/uploads\/2022\/01\/south-korea-hair-loss-progressive.jpeg\" \/>\n\t<meta property=\"og:image:width\" content=\"550\" \/>\n\t<meta property=\"og:image:height\" content=\"288\" \/>\n\t<meta property=\"og:image:type\" content=\"image\/jpeg\" \/>\n<meta name=\"author\" content=\"Newsendip with Reuters\" \/>\n<meta name=\"twitter:card\" content=\"summary_large_image\" \/>\n<meta name=\"twitter:image\" content=\"https:\/\/www.newsendip.com\/wp-content\/uploads\/2022\/01\/south-korea-hair-loss-progressive.jpeg\" \/>\n<meta name=\"twitter:creator\" content=\"@newsendip\" \/>\n<meta name=\"twitter:site\" content=\"@newsendip\" \/>\n<meta name=\"twitter:label1\" content=\"\u00c9crit par\" \/>\n\t<meta name=\"twitter:data1\" content=\"Newsendip avec Reuters\" \/>\n\t<meta name=\"twitter:label2\" content=\"Dur\u00e9e de lecture estim\u00e9e\" \/>\n\t<meta name=\"twitter:data2\" content=\"4 minutes\" \/>\n<!-- \/ Yoast SEO Premium plugin. -->","yoast_head_json":{"title":"Un candidat cor\u00e9en propose le remboursement des soins contre la calvitie","description":"Le candidat aux \u00e9lections pr\u00e9sidentielles du Parti d\u00e9mocratique de Cor\u00e9e a propos\u00e9 que l'assurance maladie prenne en charge les frais m\u00e9dicaux contre l'alop\u00e9cie.","robots":{"index":"index","follow":"follow","max-snippet":"max-snippet:-1","max-image-preview":"max-image-preview:large","max-video-preview":"max-video-preview:-1"},"canonical":"https:\/\/www.newsendip.com\/fr\/un-candidat-elections-presidentielle-coree-remboursement-soins-contre-la-calvitie-alopecie-perte-de-cheveux\/","og_locale":"fr_FR","og_type":"article","og_title":"Un candidat cor\u00e9en propose le remboursement des soins contre la calvitie","og_description":"Le candidat aux \u00e9lections pr\u00e9sidentielles du Parti d\u00e9mocratique de Cor\u00e9e a propos\u00e9 que l'assurance maladie prenne en charge les frais m\u00e9dicaux contre l'alop\u00e9cie.","og_url":"https:\/\/www.newsendip.com\/fr\/un-candidat-elections-presidentielle-coree-remboursement-soins-contre-la-calvitie-alopecie-perte-de-cheveux\/","og_site_name":"Newsendip","article_publisher":"https:\/\/www.facebook.com\/newsendip","article_published_time":"2022-01-06T14:59:29+00:00","article_modified_time":"2023-09-05T17:12:35+00:00","og_image":[{"width":550,"height":288,"url":"https:\/\/www.newsendip.com\/wp-content\/uploads\/2022\/01\/south-korea-hair-loss-progressive.jpeg","type":"image\/jpeg"}],"author":"Newsendip with Reuters","twitter_card":"summary_large_image","twitter_image":"https:\/\/www.newsendip.com\/wp-content\/uploads\/2022\/01\/south-korea-hair-loss-progressive.jpeg","twitter_creator":"@newsendip","twitter_site":"@newsendip","twitter_misc":{"\u00c9crit par":"Newsendip avec Reuters","Dur\u00e9e de lecture estim\u00e9e":"4 minutes"},"schema":{"@context":"https:\/\/schema.org","@graph":[{"@type":"NewsArticle","@id":"https:\/\/www.newsendip.com\/fr\/un-candidat-elections-presidentielle-coree-remboursement-soins-contre-la-calvitie-alopecie-perte-de-cheveux\/#article","isPartOf":{"@id":"https:\/\/www.newsendip.com\/fr\/un-candidat-elections-presidentielle-coree-remboursement-soins-contre-la-calvitie-alopecie-perte-de-cheveux\/"},"author":{"name":"Newsendip with Reuters","@id":"https:\/\/www.newsendip.com\/fr\/#\/schema\/person\/182bec5d3cd42e6d99fd38038be46ccb"},"headline":"Un candidat cor\u00e9en propose le remboursement des soins contre la calvitie","datePublished":"2022-01-06T14:59:29+00:00","dateModified":"2023-09-05T17:12:35+00:00","mainEntityOfPage":{"@id":"https:\/\/www.newsendip.com\/fr\/un-candidat-elections-presidentielle-coree-remboursement-soins-contre-la-calvitie-alopecie-perte-de-cheveux\/"},"wordCount":756,"publisher":{"@id":"https:\/\/www.newsendip.com\/fr\/#organization"},"image":{"@id":"https:\/\/www.newsendip.com\/fr\/un-candidat-elections-presidentielle-coree-remboursement-soins-contre-la-calvitie-alopecie-perte-de-cheveux\/#primaryimage"},"thumbnailUrl":"https:\/\/www.newsendip.com\/wp-content\/uploads\/2022\/01\/Lee-Jae-myung-hair-loss-healthcare-scaled.webp","keywords":["Cor\u00e9e du sud","Vieux"],"articleSection":["Sciences et sant\u00e9"],"inLanguage":"fr-FR","copyrightYear":"2022","copyrightHolder":{"@id":"https:\/\/www.newsendip.com\/#organization"}},{"@type":"WebPage","@id":"https:\/\/www.newsendip.com\/fr\/un-candidat-elections-presidentielle-coree-remboursement-soins-contre-la-calvitie-alopecie-perte-de-cheveux\/","url":"https:\/\/www.newsendip.com\/fr\/un-candidat-elections-presidentielle-coree-remboursement-soins-contre-la-calvitie-alopecie-perte-de-cheveux\/","name":"Un candidat cor\u00e9en propose le remboursement des soins contre la calvitie","isPartOf":{"@id":"https:\/\/www.newsendip.com\/fr\/#website"},"primaryImageOfPage":{"@id":"https:\/\/www.newsendip.com\/fr\/un-candidat-elections-presidentielle-coree-remboursement-soins-contre-la-calvitie-alopecie-perte-de-cheveux\/#primaryimage"},"image":{"@id":"https:\/\/www.newsendip.com\/fr\/un-candidat-elections-presidentielle-coree-remboursement-soins-contre-la-calvitie-alopecie-perte-de-cheveux\/#primaryimage"},"thumbnailUrl":"https:\/\/www.newsendip.com\/wp-content\/uploads\/2022\/01\/Lee-Jae-myung-hair-loss-healthcare-scaled.webp","datePublished":"2022-01-06T14:59:29+00:00","dateModified":"2023-09-05T17:12:35+00:00","description":"Le candidat aux \u00e9lections pr\u00e9sidentielles du Parti d\u00e9mocratique de Cor\u00e9e a propos\u00e9 que l'assurance maladie prenne en charge les frais m\u00e9dicaux contre l'alop\u00e9cie.","breadcrumb":{"@id":"https:\/\/www.newsendip.com\/fr\/un-candidat-elections-presidentielle-coree-remboursement-soins-contre-la-calvitie-alopecie-perte-de-cheveux\/#breadcrumb"},"inLanguage":"fr-FR","potentialAction":[{"@type":"ReadAction","target":["https:\/\/www.newsendip.com\/fr\/un-candidat-elections-presidentielle-coree-remboursement-soins-contre-la-calvitie-alopecie-perte-de-cheveux\/"]}]},{"@type":"ImageObject","inLanguage":"fr-FR","@id":"https:\/\/www.newsendip.com\/fr\/un-candidat-elections-presidentielle-coree-remboursement-soins-contre-la-calvitie-alopecie-perte-de-cheveux\/#primaryimage","url":"https:\/\/www.newsendip.com\/wp-content\/uploads\/2022\/01\/Lee-Jae-myung-hair-loss-healthcare-scaled.webp","contentUrl":"https:\/\/www.newsendip.com\/wp-content\/uploads\/2022\/01\/Lee-Jae-myung-hair-loss-healthcare-scaled.webp","width":2560,"height":1707,"caption":"Lee Jae-myung, presidential candidate of the South Korea's Democratic Party | \u00a9 Chung Sung-Jun\/Pool via REUTERS, January 2022"},{"@type":"BreadcrumbList","@id":"https:\/\/www.newsendip.com\/fr\/un-candidat-elections-presidentielle-coree-remboursement-soins-contre-la-calvitie-alopecie-perte-de-cheveux\/#breadcrumb","itemListElement":[{"@type":"ListItem","position":1,"name":"Accueil","item":"https:\/\/www.newsendip.com\/fr\/"},{"@type":"ListItem","position":2,"name":"Un candidat cor\u00e9en propose le remboursement des soins contre la calvitie"}]},{"@type":"WebSite","@id":"https:\/\/www.newsendip.com\/fr\/#website","url":"https:\/\/www.newsendip.com\/fr\/","name":"Newsendip","description":"Red\u00e9couvrez l&#039;actualit\u00e9 internationale","publisher":{"@id":"https:\/\/www.newsendip.com\/fr\/#organization"},"potentialAction":[{"@type":"SearchAction","target":{"@type":"EntryPoint","urlTemplate":"https:\/\/www.newsendip.com\/fr\/?s={search_term_string}"},"query-input":{"@type":"PropertyValueSpecification","valueRequired":true,"valueName":"search_term_string"}}],"inLanguage":"fr-FR"},{"@type":"Organization","@id":"https:\/\/www.newsendip.com\/fr\/#organization","name":"Newsendip","url":"https:\/\/www.newsendip.com\/fr\/","logo":{"@type":"ImageObject","inLanguage":"fr-FR","@id":"https:\/\/www.newsendip.com\/fr\/#\/schema\/logo\/image\/","url":"https:\/\/www.newsendip.com\/wp-content\/uploads\/2023\/12\/512x512.svg","contentUrl":"https:\/\/www.newsendip.com\/wp-content\/uploads\/2023\/12\/512x512.svg","width":1,"height":1,"caption":"Newsendip"},"image":{"@id":"https:\/\/www.newsendip.com\/fr\/#\/schema\/logo\/image\/"},"sameAs":["https:\/\/www.facebook.com\/newsendip","https:\/\/x.com\/newsendip","https:\/\/mastodon.social\/@newsendip","https:\/\/www.linkedin.com\/company\/newsendip"],"description":"Newsendip est un site qui a pour mission de rendre l'actualit\u00e9 internationale accessible et diversifi\u00e9e","email":"contact@newsendip.com","legalName":"Newsendip SAS","foundingDate":"2022-11-04","vatID":"FR60921124723","numberOfEmployees":{"@type":"QuantitativeValue","minValue":"1","maxValue":"10"},"publishingPrinciples":"https:\/\/www.newsendip.com\/about-us\/","ownershipFundingInfo":"https:\/\/www.newsendip.com\/legal-notice\/","actionableFeedbackPolicy":"https:\/\/www.newsendip.com\/about-us\/","correctionsPolicy":"https:\/\/www.newsendip.com\/about-us\/","ethicsPolicy":"https:\/\/www.newsendip.com\/about-us\/","diversityPolicy":"https:\/\/www.newsendip.com\/about-us\/"},{"@type":"Person","@id":"https:\/\/www.newsendip.com\/fr\/#\/schema\/person\/182bec5d3cd42e6d99fd38038be46ccb","name":"Newsendip with Reuters","description":"Newsendip newsroom articles with the support of Reuters newswire","knowsAbout":["News"],"url":"https:\/\/www.newsendip.com\/fr\/author\/newsendip-reuters\/"}]}},"_links":{"self":[{"href":"https:\/\/www.newsendip.com\/fr\/wp-json\/wp\/v2\/posts\/14904","targetHints":{"allow":["GET"]}}],"collection":[{"href":"https:\/\/www.newsendip.com\/fr\/wp-json\/wp\/v2\/posts"}],"about":[{"href":"https:\/\/www.newsendip.com\/fr\/wp-json\/wp\/v2\/types\/post"}],"author":[{"embeddable":true,"href":"https:\/\/www.newsendip.com\/fr\/wp-json\/wp\/v2\/users\/2"}],"replies":[{"embeddable":true,"href":"https:\/\/www.newsendip.com\/fr\/wp-json\/wp\/v2\/comments?post=14904"}],"version-history":[{"count":0,"href":"https:\/\/www.newsendip.com\/fr\/wp-json\/wp\/v2\/posts\/14904\/revisions"}],"wp:featuredmedia":[{"embeddable":true,"href":"https:\/\/www.newsendip.com\/fr\/wp-json\/wp\/v2\/media\/9908"}],"wp:attachment":[{"href":"https:\/\/www.newsendip.com\/fr\/wp-json\/wp\/v2\/media?parent=14904"}],"wp:term":[{"taxonomy":"category","embeddable":true,"href":"https:\/\/www.newsendip.com\/fr\/wp-json\/wp\/v2\/categories?post=14904"},{"taxonomy":"post_tag","embeddable":true,"href":"https:\/\/www.newsendip.com\/fr\/wp-json\/wp\/v2\/tags?post=14904"}],"curies":[{"name":"wp","href":"https:\/\/api.w.org\/{rel}","templated":true}]}}