{"id":14937,"date":"2022-03-29T21:29:02","date_gmt":"2022-03-29T19:29:02","guid":{"rendered":"https:\/\/www.newsendip.com\/?p=14937"},"modified":"2024-07-18T16:01:16","modified_gmt":"2024-07-18T14:01:16","slug":"inquiets-par-son-usage-les-pays-bas-suspendent-un-outil-de-communication-emates-destine-aux-detenusridouan-taghi","status":"publish","type":"post","link":"https:\/\/www.newsendip.com\/fr\/inquiets-par-son-usage-les-pays-bas-suspendent-un-outil-de-communication-emates-destine-aux-detenusridouan-taghi\/","title":{"rendered":"Inquiets par son usage, les Pays-Bas suspendent un outil de communication destin\u00e9 aux d\u00e9tenus"},"content":{"rendered":"<p><strong>Les Pays-Bas ont suspendu un service de messagerie num\u00e9rique qui permettait aux d\u00e9tenus de rester plus facilement en contact avec le monde ext\u00e9rieur. Les autorit\u00e9s craignent que des activit\u00e9s criminelles soient organis\u00e9es par ce syst\u00e8me.<\/strong><\/p>\n<figure id=\"attachment_14960\" aria-describedby=\"caption-attachment-14960\" style=\"width: 1024px\" class=\"wp-caption aligncenter\"><img decoding=\"async\" class=\"wp-image-14961 size-large\" src=\"https:\/\/www.newsendip.com\/wp-content\/uploads\/2022\/03\/eMates-netherlands-1024x580.webp\" alt=\"eMates permet au monde ext\u00e9rieur de communiquer plus facilement avec les d\u00e9tenus\" width=\"1024\" height=\"580\" srcset=\"https:\/\/www.newsendip.com\/wp-content\/uploads\/2022\/03\/eMates-netherlands-1024x580.webp 1024w, https:\/\/www.newsendip.com\/wp-content\/uploads\/2022\/03\/eMates-netherlands-60x34.webp 60w, https:\/\/www.newsendip.com\/wp-content\/uploads\/2022\/03\/eMates-netherlands-300x170.webp 300w, https:\/\/www.newsendip.com\/wp-content\/uploads\/2022\/03\/eMates-netherlands-768x435.webp 768w, https:\/\/www.newsendip.com\/wp-content\/uploads\/2022\/03\/eMates-netherlands-1536x870.webp 1536w, https:\/\/www.newsendip.com\/wp-content\/uploads\/2022\/03\/eMates-netherlands.webp 1766w\" sizes=\"(max-width: 1024px) 100vw, 1024px\"><figcaption id=\"caption-attachment-14960\" class=\"wp-caption-text\">eMates permet au monde ext\u00e9rieur de communiquer plus facilement avec les d\u00e9tenus | \u00a9 eMates<\/figcaption><\/figure>\n<p>Aux Pays-Bas, les familles ont la possibilit\u00e9 de communiquer avec les d\u00e9tenus directement depuis leur t\u00e9l\u00e9phone via un service de messagerie num\u00e9rique appel\u00e9 eMates.<\/p>\n<p>Mais le ministre de la protection juridique Franc Weerwind a d\u00e9cid\u00e9 que le service de messagerie serait suspendu \u00e0 partir du 28 mars. La s\u00e9curit\u00e9 du processus suscite des inqui\u00e9tudes et les autorit\u00e9s craignent que des criminels poursuivent leurs op\u00e9rations ill\u00e9gales directement depuis la prison.<\/p>\n<p>Le ministre Weerwind en a inform\u00e9 la pr\u00e9sidente de la Chambre des repr\u00e9sentants dans une lettre envoy\u00e9e le 24&nbsp;mars.<\/p>\n<p>Le minist\u00e8re public (OM) a inform\u00e9 le D\u00e9partement des institutions correctionnelles (DJI) qu\u2019il \u00e9tait pr\u00e9occup\u00e9 par le service de messagerie num\u00e9rique eMates. Il s\u2019inqui\u00e8te de <a href=\"https:\/\/www.newsendip.com\/fr\/le-chili-annule-un-contrat-avec-la-societe-chinoise-aisino-a-cause-de-la-securite-des-donnees-et-laccord-sur-les-visas-avec-les-etats-unis\/\">la mani\u00e8re dont les donn\u00e9es sont trait\u00e9es<\/a>, des personnes qui ont acc\u00e8s aux donn\u00e9es et de la mani\u00e8re dont la confidentialit\u00e9 est assur\u00e9e.<\/p>\n<p>Selon l\u2019OM, la proc\u00e9dure de surveillance est \u00ab\u202f<em>sous pression<\/em>\u202f\u00bb car le <a href=\"https:\/\/www.newsendip.com\/fr\/des-centaines-de-volontaires-pour-tester-une-prison-en-suisse-zurich-avant-daccueillir-ses-premiers-detenus\/\">personnel p\u00e9nitentiaire<\/a> ne peut pas correctement filtrer et surveiller tous les messages, ce dont en profitent certains d\u00e9tenus. \u00ab\u202f<em>Si le nombre d\u2019e-mails n\u2019est pas limit\u00e9 et qu\u2019un grand nombre de messages num\u00e9riques non filtr\u00e9s peuvent \u00eatre envoy\u00e9s vers l\u2019ext\u00e9rieur, comme c\u2019est actuellement le cas via eMates, il existe un risque consid\u00e9rable de poursuite des activit\u00e9s criminelles au sein de l\u2019\u00e9tablissement p\u00e9nitentiaire<\/em>\u202f\u00bb, note&nbsp;l\u2019OM.<\/p>\n<p>eMates est un service de messagerie utilis\u00e9 aux Pays-Bas depuis 2013. C\u2019est un moyen de communication pratique par rapport aux traditionnels courriers, les appels t\u00e9l\u00e9phoniques ou les rencontres au parloir. Les familles peuvent utiliser leur t\u00e9l\u00e9phone pour envoyer des messages aux d\u00e9tenus.<!--more--><\/p>\n<p>Chaque message peut comporter jusqu\u2019\u00e0 2 500 caract\u00e8res et co\u00fbte 45 centimes (0,50 dollar). Une photo jointe au message co\u00fbte 30 centimes de plus. L\u2019e-mail est envoy\u00e9 au centre de surveillance de la prison qui l\u2019imprime, le met dans une enveloppe qui est ensuite remise au d\u00e9tenu. Comme pour le courrier, son contenu peut \u00eatre contr\u00f4l\u00e9 par souci de s\u00e9curit\u00e9, sauf pour des raisons de confidentialit\u00e9 accord\u00e9es par la loi, comme pour les messages envoy\u00e9s par les avocats.<\/p>\n<p>Le d\u00e9tenu peut r\u00e9pondre une fois \u00e0 un message par une lettre manuscrite qui est ensuite scann\u00e9e et renvoy\u00e9e \u00e0 la personne concern\u00e9e, qui devra payer 30 centimes suppl\u00e9mentaires.<\/p>\n<p>Selon l\u2019entreprise, plus de 200 000 messages sont envoy\u00e9s \u00e9lectroniquement chaque ann\u00e9e dans les centres p\u00e9nitentiaires des Pays-Bas. Compte tenu du volume \u00e9lev\u00e9 de messages \u00e9chang\u00e9s, toutes communications peuvent difficilement \u00eatre surveill\u00e9es.<\/p>\n<p>De plus, comme le service est sp\u00e9cifiquement d\u00e9di\u00e9 aux d\u00e9tenus, les donn\u00e9es de l\u2019entreprise pourraient faire l\u2019objet d\u2019utilisations malveillantes, selon le ministre.<\/p>\n<p>Le ministre justifie la d\u00e9cision de suspendre le service par le fait qu\u2019il n\u2019existe aucun accord contractuel entre les institutions correctionnelles et eMates concernant la s\u00e9curit\u00e9, la <a href=\"https:\/\/www.newsendip.com\/fr\/les-entreprises-chinoises-avec-de-la-big-data-examinees-avant-detre-cotees-en-bourse-a-letranger\/\">confidentialit\u00e9 des donn\u00e9es<\/a> ou la supervision du contenu. Les autorit\u00e9s examinent la situation et ont donc suspendu les services d\u2019eMates pendant ce&nbsp;temps.<\/p>\n<p>Selon la <a href=\"https:\/\/www.nrc.nl\/nieuws\/2022\/03\/28\/berichten-taghi-directe-aanleiding-stilleggen-berichtenservice-gedetineerden-a4105539\">NRC<\/a>, les inqui\u00e9tudes ont \u00e9merg\u00e9 lorsque les autorit\u00e9s se rendues compte que des dizaines de messages \u00e9taient \u00e9chang\u00e9s chaque jour entre Ridouan Taghi et Youssef T, son cousin et avocat. Ils sont soup\u00e7onn\u00e9s d\u2019avoir \u00e9t\u00e9 en train d\u2019\u00e9laborer un plan d\u2019\u00e9vasion.<\/p>\n<p>Ridouan Taghi \u00e9tait le criminel le plus recherch\u00e9 des Pays-Bas jusqu\u2019\u00e0 son arrestation \u00e0 <a href=\"https:\/\/www.newsendip.com\/fr\/les-emirates-arabes-unis-sur-une-liste-grise-blanchiment-dargent\/\">Duba\u00ef<\/a> en 2019. Il est accus\u00e9 de diriger l\u2019une des plus grands et des plus dangereux r\u00e9seaux de <a href=\"https:\/\/www.newsendip.com\/fr\/lutilisation-du-bitcoin-par-les-cartels-pour-blanchir-largent-augmente\/\">trafic de drogue<\/a> d\u2019Europe. Il est \u00e9galement soup\u00e7onn\u00e9 d\u2019avoir orchestr\u00e9 plusieurs meurtres, dont l\u2019assassinat du journaliste n\u00e9erlandais Peter R. de Vries en juillet 2021 alors qu\u2019il \u00e9tait en prison.<\/p>\n<p>Ridouan Taghi est incarc\u00e9r\u00e9 \u00e0 Extra Beveiligde Instelling (EBI), la <a href=\"https:\/\/www.newsendip.com\/fr\/des-transferts-de-prison-pour-les-detenus-transgenres-en-californie-mais-les-evolutions-restent-disparates-dans-le-monde\/\">prison<\/a> la plus s\u00e9curis\u00e9e du pays. La communication intense avec son cousin a \u00e9t\u00e9 d\u00e9couverte au cours d\u2019une enqu\u00eate qui a conduit \u00e0 l\u2019arrestation de Youssef T.<\/p>\n<p>Selon la lettre du ministre, les communications \u00e0 l\u2019int\u00e9rieur et \u00e0 l\u2019ext\u00e9rieur de l\u2019EBI sont toutes surveill\u00e9es.<\/p>\n<p>L\u2019entreprise a intent\u00e9 une action en justice lundi contre le D\u00e9partement des institutions correctionnelles afin d\u2019annuler la suspension, selon <a href=\"https:\/\/nos.nl\/artikel\/2422939-bedrijf-achter-berichtenservice-gevangenis-spant-kort-geding-aan-tegen-dji\">Nos<\/a>. \u00ab\u202f<em>Nous travaillons avec les derni\u00e8res exigences en mati\u00e8re de s\u00e9curit\u00e9 et le respect de la vie priv\u00e9e est de la plus haute importance<\/em>\u202f\u00bb, a d\u00e9clar\u00e9 le directeur de la soci\u00e9t\u00e9. L\u2019entreprise ne veut pas cesser ses activit\u00e9s pendant que les accords sont examin\u00e9s.<\/p>\n<p>eMates est partiellement d\u00e9tenue par Unilink, une soci\u00e9t\u00e9 tech britannique sp\u00e9cialis\u00e9e dans les services aux <a href=\"https:\/\/www.newsendip.com\/fr\/lequateur-declare-un-nouvel-etat-dexception-apres-des-emeutes-meurtrieres-dans-ses-prisons\/\">\u00e9tablissements p\u00e9nitentiaires<\/a>. Elle est aussi pr\u00e9sente au Royaume-Uni, en Australie, en Norv\u00e8ge et en Am\u00e9rique du Nord, selon son site Internet.<\/p>\n<p>Sur ses r\u00e9seaux sociaux, eMates a d\u00e9clar\u00e9 mardi que les messages seraient envoy\u00e9s par PostNL, la soci\u00e9t\u00e9 nationale des postes, afin de contourner les restrictions pour le moment.<\/p>\n<p><a href=\"https:\/\/www.newsendip.com\/fr\/etiquette\/pays-bas\/\"><strong>D\u00e9couvrez des actualit\u00e9s sur les Pays-Bas<\/strong><\/a><\/p>\n","protected":false},"excerpt":{"rendered":"<p>Les Pays-Bas ont suspendu un service de messagerie num\u00e9rique qui permettait aux d\u00e9tenus de rester plus facilement en contact avec le monde ext\u00e9rieur. Les autorit\u00e9s craignent que des activit\u00e9s criminelles soient organis\u00e9es par ce syst\u00e8me.<\/p>\n","protected":false},"author":1,"featured_media":14961,"comment_status":"closed","ping_status":"closed","sticky":false,"template":"","format":"standard","meta":{"wp_typography_post_enhancements_disabled":false,"footnotes":""},"categories":[409],"tags":[434,421],"class_list":["post-14937","post","type-post","status-publish","format-standard","has-post-thumbnail","hentry","category-societe","tag-pays-bas","tag-vieux"],"yoast_head":"<!-- This site is optimized with the Yoast SEO Premium plugin v27.4 (Yoast SEO v27.4) - https:\/\/yoast.com\/product\/yoast-seo-premium-wordpress\/ -->\n<title>Inquiets par son usage, les Pays-Bas suspendent un outil de communication destin\u00e9 aux d\u00e9tenus<\/title>\n<meta name=\"description\" content=\"Les Pays-Bas ont suspendu un service de messagerie num\u00e9rique qui permettait aux d\u00e9tenus de rester plus facilement en contact avec le monde ext\u00e9rieur. Les autorit\u00e9s craignent que des activit\u00e9s criminelles soient organis\u00e9es par ce syst\u00e8me.\" \/>\n<meta name=\"robots\" content=\"index, follow, max-snippet:-1, max-image-preview:large, max-video-preview:-1\" \/>\n<link rel=\"canonical\" href=\"https:\/\/www.newsendip.com\/fr\/inquiets-par-son-usage-les-pays-bas-suspendent-un-outil-de-communication-emates-destine-aux-detenusridouan-taghi\/\" \/>\n<meta property=\"og:locale\" content=\"fr_FR\" \/>\n<meta property=\"og:type\" content=\"article\" \/>\n<meta property=\"og:title\" content=\"Inquiets par son usage, les Pays-Bas suspendent un outil de communication destin\u00e9 aux d\u00e9tenus\" \/>\n<meta property=\"og:description\" content=\"Les Pays-Bas ont suspendu un service de messagerie num\u00e9rique qui permettait aux d\u00e9tenus de rester plus facilement en contact avec le monde ext\u00e9rieur. Les autorit\u00e9s craignent que des activit\u00e9s criminelles soient organis\u00e9es par ce syst\u00e8me.\" \/>\n<meta property=\"og:url\" content=\"https:\/\/www.newsendip.com\/fr\/inquiets-par-son-usage-les-pays-bas-suspendent-un-outil-de-communication-emates-destine-aux-detenusridouan-taghi\/\" \/>\n<meta property=\"og:site_name\" content=\"Newsendip\" \/>\n<meta property=\"article:publisher\" content=\"https:\/\/www.facebook.com\/newsendip\" \/>\n<meta property=\"article:published_time\" content=\"2022-03-29T19:29:02+00:00\" \/>\n<meta property=\"article:modified_time\" content=\"2024-07-18T14:01:16+00:00\" \/>\n<meta property=\"og:image\" content=\"https:\/\/www.newsendip.com\/wp-content\/uploads\/2022\/03\/eMates-netherlands-progressive.jpeg\" \/>\n\t<meta property=\"og:image:width\" content=\"1766\" \/>\n\t<meta property=\"og:image:height\" content=\"1000\" \/>\n\t<meta property=\"og:image:type\" content=\"image\/jpeg\" \/>\n<meta name=\"author\" content=\"Cl\u00e9ment V\u00e9rit\u00e9\" \/>\n<meta name=\"twitter:card\" content=\"summary_large_image\" \/>\n<meta name=\"twitter:image\" content=\"https:\/\/www.newsendip.com\/wp-content\/uploads\/2022\/03\/niger-repatriated-senegal-progressive.jpeg\" \/>\n<meta name=\"twitter:creator\" content=\"@https:\/\/twitter.com\/cverite\" \/>\n<meta name=\"twitter:site\" content=\"@newsendip\" \/>\n<meta name=\"twitter:label1\" content=\"\u00c9crit par\" \/>\n\t<meta name=\"twitter:data1\" content=\"Cl\u00e9ment V\u00e9rit\u00e9\" \/>\n\t<meta name=\"twitter:label2\" content=\"Dur\u00e9e de lecture estim\u00e9e\" \/>\n\t<meta name=\"twitter:data2\" content=\"4 minutes\" \/>\n<!-- \/ Yoast SEO Premium plugin. -->","yoast_head_json":{"title":"Inquiets par son usage, les Pays-Bas suspendent un outil de communication destin\u00e9 aux d\u00e9tenus","description":"Les Pays-Bas ont suspendu un service de messagerie num\u00e9rique qui permettait aux d\u00e9tenus de rester plus facilement en contact avec le monde ext\u00e9rieur. Les autorit\u00e9s craignent que des activit\u00e9s criminelles soient organis\u00e9es par ce syst\u00e8me.","robots":{"index":"index","follow":"follow","max-snippet":"max-snippet:-1","max-image-preview":"max-image-preview:large","max-video-preview":"max-video-preview:-1"},"canonical":"https:\/\/www.newsendip.com\/fr\/inquiets-par-son-usage-les-pays-bas-suspendent-un-outil-de-communication-emates-destine-aux-detenusridouan-taghi\/","og_locale":"fr_FR","og_type":"article","og_title":"Inquiets par son usage, les Pays-Bas suspendent un outil de communication destin\u00e9 aux d\u00e9tenus","og_description":"Les Pays-Bas ont suspendu un service de messagerie num\u00e9rique qui permettait aux d\u00e9tenus de rester plus facilement en contact avec le monde ext\u00e9rieur. Les autorit\u00e9s craignent que des activit\u00e9s criminelles soient organis\u00e9es par ce syst\u00e8me.","og_url":"https:\/\/www.newsendip.com\/fr\/inquiets-par-son-usage-les-pays-bas-suspendent-un-outil-de-communication-emates-destine-aux-detenusridouan-taghi\/","og_site_name":"Newsendip","article_publisher":"https:\/\/www.facebook.com\/newsendip","article_published_time":"2022-03-29T19:29:02+00:00","article_modified_time":"2024-07-18T14:01:16+00:00","og_image":[{"width":1766,"height":1000,"url":"https:\/\/www.newsendip.com\/wp-content\/uploads\/2022\/03\/eMates-netherlands-progressive.jpeg","type":"image\/jpeg"}],"author":"Cl\u00e9ment V\u00e9rit\u00e9","twitter_card":"summary_large_image","twitter_image":"https:\/\/www.newsendip.com\/wp-content\/uploads\/2022\/03\/niger-repatriated-senegal-progressive.jpeg","twitter_creator":"@https:\/\/twitter.com\/cverite","twitter_site":"@newsendip","twitter_misc":{"\u00c9crit par":"Cl\u00e9ment V\u00e9rit\u00e9","Dur\u00e9e de lecture estim\u00e9e":"4 minutes"},"schema":{"@context":"https:\/\/schema.org","@graph":[{"@type":"NewsArticle","@id":"https:\/\/www.newsendip.com\/fr\/inquiets-par-son-usage-les-pays-bas-suspendent-un-outil-de-communication-emates-destine-aux-detenusridouan-taghi\/#article","isPartOf":{"@id":"https:\/\/www.newsendip.com\/fr\/inquiets-par-son-usage-les-pays-bas-suspendent-un-outil-de-communication-emates-destine-aux-detenusridouan-taghi\/"},"author":{"name":"Cl\u00e9ment V\u00e9rit\u00e9","@id":"https:\/\/www.newsendip.com\/fr\/#\/schema\/person\/ea22c01755f464a3cbc2c619584d6363"},"headline":"Inquiets par son usage, les Pays-Bas suspendent un outil de communication destin\u00e9 aux d\u00e9tenus","datePublished":"2022-03-29T19:29:02+00:00","dateModified":"2024-07-18T14:01:16+00:00","mainEntityOfPage":{"@id":"https:\/\/www.newsendip.com\/fr\/inquiets-par-son-usage-les-pays-bas-suspendent-un-outil-de-communication-emates-destine-aux-detenusridouan-taghi\/"},"wordCount":955,"publisher":{"@id":"https:\/\/www.newsendip.com\/fr\/#organization"},"image":{"@id":"https:\/\/www.newsendip.com\/fr\/inquiets-par-son-usage-les-pays-bas-suspendent-un-outil-de-communication-emates-destine-aux-detenusridouan-taghi\/#primaryimage"},"thumbnailUrl":"https:\/\/www.newsendip.com\/wp-content\/uploads\/2022\/03\/eMates-netherlands.webp","keywords":["Pays-Bas","Vieux"],"articleSection":["Soci\u00e9t\u00e9"],"inLanguage":"fr-FR","copyrightYear":"2022","copyrightHolder":{"@id":"https:\/\/www.newsendip.com\/#organization"}},{"@type":"WebPage","@id":"https:\/\/www.newsendip.com\/fr\/inquiets-par-son-usage-les-pays-bas-suspendent-un-outil-de-communication-emates-destine-aux-detenusridouan-taghi\/","url":"https:\/\/www.newsendip.com\/fr\/inquiets-par-son-usage-les-pays-bas-suspendent-un-outil-de-communication-emates-destine-aux-detenusridouan-taghi\/","name":"Inquiets par son usage, les Pays-Bas suspendent un outil de communication destin\u00e9 aux d\u00e9tenus","isPartOf":{"@id":"https:\/\/www.newsendip.com\/fr\/#website"},"primaryImageOfPage":{"@id":"https:\/\/www.newsendip.com\/fr\/inquiets-par-son-usage-les-pays-bas-suspendent-un-outil-de-communication-emates-destine-aux-detenusridouan-taghi\/#primaryimage"},"image":{"@id":"https:\/\/www.newsendip.com\/fr\/inquiets-par-son-usage-les-pays-bas-suspendent-un-outil-de-communication-emates-destine-aux-detenusridouan-taghi\/#primaryimage"},"thumbnailUrl":"https:\/\/www.newsendip.com\/wp-content\/uploads\/2022\/03\/eMates-netherlands.webp","datePublished":"2022-03-29T19:29:02+00:00","dateModified":"2024-07-18T14:01:16+00:00","description":"Les Pays-Bas ont suspendu un service de messagerie num\u00e9rique qui permettait aux d\u00e9tenus de rester plus facilement en contact avec le monde ext\u00e9rieur. Les autorit\u00e9s craignent que des activit\u00e9s criminelles soient organis\u00e9es par ce syst\u00e8me.","breadcrumb":{"@id":"https:\/\/www.newsendip.com\/fr\/inquiets-par-son-usage-les-pays-bas-suspendent-un-outil-de-communication-emates-destine-aux-detenusridouan-taghi\/#breadcrumb"},"inLanguage":"fr-FR","potentialAction":[{"@type":"ReadAction","target":["https:\/\/www.newsendip.com\/fr\/inquiets-par-son-usage-les-pays-bas-suspendent-un-outil-de-communication-emates-destine-aux-detenusridouan-taghi\/"]}]},{"@type":"ImageObject","inLanguage":"fr-FR","@id":"https:\/\/www.newsendip.com\/fr\/inquiets-par-son-usage-les-pays-bas-suspendent-un-outil-de-communication-emates-destine-aux-detenusridouan-taghi\/#primaryimage","url":"https:\/\/www.newsendip.com\/wp-content\/uploads\/2022\/03\/eMates-netherlands.webp","contentUrl":"https:\/\/www.newsendip.com\/wp-content\/uploads\/2022\/03\/eMates-netherlands.webp","width":1766,"height":1000,"caption":"eMates permet au monde ext\u00e9rieur de communiquer plus facilement avec les d\u00e9tenus | \u00a9 eMates"},{"@type":"BreadcrumbList","@id":"https:\/\/www.newsendip.com\/fr\/inquiets-par-son-usage-les-pays-bas-suspendent-un-outil-de-communication-emates-destine-aux-detenusridouan-taghi\/#breadcrumb","itemListElement":[{"@type":"ListItem","position":1,"name":"Accueil","item":"https:\/\/www.newsendip.com\/fr\/"},{"@type":"ListItem","position":2,"name":"Inquiets par son usage, les Pays-Bas suspendent un outil de communication destin\u00e9 aux d\u00e9tenus"}]},{"@type":"WebSite","@id":"https:\/\/www.newsendip.com\/fr\/#website","url":"https:\/\/www.newsendip.com\/fr\/","name":"Newsendip","description":"Red\u00e9couvrez l&#039;actualit\u00e9 internationale","publisher":{"@id":"https:\/\/www.newsendip.com\/fr\/#organization"},"potentialAction":[{"@type":"SearchAction","target":{"@type":"EntryPoint","urlTemplate":"https:\/\/www.newsendip.com\/fr\/?s={search_term_string}"},"query-input":{"@type":"PropertyValueSpecification","valueRequired":true,"valueName":"search_term_string"}}],"inLanguage":"fr-FR"},{"@type":"Organization","@id":"https:\/\/www.newsendip.com\/fr\/#organization","name":"Newsendip","url":"https:\/\/www.newsendip.com\/fr\/","logo":{"@type":"ImageObject","inLanguage":"fr-FR","@id":"https:\/\/www.newsendip.com\/fr\/#\/schema\/logo\/image\/","url":"https:\/\/www.newsendip.com\/wp-content\/uploads\/2023\/12\/512x512.svg","contentUrl":"https:\/\/www.newsendip.com\/wp-content\/uploads\/2023\/12\/512x512.svg","width":1,"height":1,"caption":"Newsendip"},"image":{"@id":"https:\/\/www.newsendip.com\/fr\/#\/schema\/logo\/image\/"},"sameAs":["https:\/\/www.facebook.com\/newsendip","https:\/\/x.com\/newsendip","https:\/\/mastodon.social\/@newsendip","https:\/\/www.linkedin.com\/company\/newsendip"],"description":"Newsendip est un site qui a pour mission de rendre l'actualit\u00e9 internationale accessible et diversifi\u00e9e","email":"contact@newsendip.com","legalName":"Newsendip SAS","foundingDate":"2022-11-04","vatID":"FR60921124723","numberOfEmployees":{"@type":"QuantitativeValue","minValue":"1","maxValue":"10"},"publishingPrinciples":"https:\/\/www.newsendip.com\/about-us\/","ownershipFundingInfo":"https:\/\/www.newsendip.com\/legal-notice\/","actionableFeedbackPolicy":"https:\/\/www.newsendip.com\/about-us\/","correctionsPolicy":"https:\/\/www.newsendip.com\/about-us\/","ethicsPolicy":"https:\/\/www.newsendip.com\/about-us\/","diversityPolicy":"https:\/\/www.newsendip.com\/about-us\/"},{"@type":"Person","@id":"https:\/\/www.newsendip.com\/fr\/#\/schema\/person\/ea22c01755f464a3cbc2c619584d6363","name":"Cl\u00e9ment V\u00e9rit\u00e9","description":"Cl\u00e9ment is the executive editor and founder of Newsendip. He started in the media industry as a freelance reporter at 16 for a local French newspaper after school and has never left it. He later worked for seven years at The New York Times, notably as a data analyst. He holds a Master of Management in France and a Master of Arts in the United Kingdom in International Marketing &amp; Communications Strategy. He has lived in France, the United Kingdom, and Italy.","sameAs":["https:\/\/www.newsendip.com\/","https:\/\/www.linkedin.com\/in\/clementverite\/","https:\/\/x.com\/https:\/\/twitter.com\/cverite"],"knowsAbout":["News","International","Business","Media monitoring"],"knowsLanguage":["English","French","Italian","Spanish"],"url":"https:\/\/www.newsendip.com\/fr\/author\/clement-verite\/"}]}},"_links":{"self":[{"href":"https:\/\/www.newsendip.com\/fr\/wp-json\/wp\/v2\/posts\/14937","targetHints":{"allow":["GET"]}}],"collection":[{"href":"https:\/\/www.newsendip.com\/fr\/wp-json\/wp\/v2\/posts"}],"about":[{"href":"https:\/\/www.newsendip.com\/fr\/wp-json\/wp\/v2\/types\/post"}],"author":[{"embeddable":true,"href":"https:\/\/www.newsendip.com\/fr\/wp-json\/wp\/v2\/users\/1"}],"replies":[{"embeddable":true,"href":"https:\/\/www.newsendip.com\/fr\/wp-json\/wp\/v2\/comments?post=14937"}],"version-history":[{"count":0,"href":"https:\/\/www.newsendip.com\/fr\/wp-json\/wp\/v2\/posts\/14937\/revisions"}],"wp:featuredmedia":[{"embeddable":true,"href":"https:\/\/www.newsendip.com\/fr\/wp-json\/wp\/v2\/media\/14961"}],"wp:attachment":[{"href":"https:\/\/www.newsendip.com\/fr\/wp-json\/wp\/v2\/media?parent=14937"}],"wp:term":[{"taxonomy":"category","embeddable":true,"href":"https:\/\/www.newsendip.com\/fr\/wp-json\/wp\/v2\/categories?post=14937"},{"taxonomy":"post_tag","embeddable":true,"href":"https:\/\/www.newsendip.com\/fr\/wp-json\/wp\/v2\/tags?post=14937"}],"curies":[{"name":"wp","href":"https:\/\/api.w.org\/{rel}","templated":true}]}}