{"id":15552,"date":"2022-04-08T16:33:51","date_gmt":"2022-04-08T14:33:51","guid":{"rendered":"https:\/\/www.newsendip.com\/?p=15552"},"modified":"2024-07-18T16:00:28","modified_gmt":"2024-07-18T14:00:28","slug":"pourquoi-le-soutien-de-lespagne-au-plan-du-maroc-dans-le-sahara-occidental-est-important","status":"publish","type":"post","link":"https:\/\/www.newsendip.com\/fr\/pourquoi-le-soutien-de-lespagne-au-plan-du-maroc-dans-le-sahara-occidental-est-important\/","title":{"rendered":"Pourquoi le soutien de l\u2019Espagne au plan du Maroc dans le Sahara Occidental est important"},"content":{"rendered":"<p><strong>La d\u00e9cision de l\u2019Espagne de soutenir le plan du Maroc sur l\u2019autonomie du Sahara occidental, et donc sa souverainet\u00e9 sur le territoire, montre l\u2019imbrication des relations internationales entre pays. Faut-il y voir des cons\u00e9quences avec la guerre en Ukraine\u202f?<\/strong><\/p>\n<figure id=\"attachment_15544\" aria-describedby=\"caption-attachment-15544\" style=\"width: 1024px\" class=\"wp-caption aligncenter\"><img decoding=\"async\" class=\"wp-image-15544 size-large\" src=\"https:\/\/www.newsendip.com\/wp-content\/uploads\/2022\/04\/morocco-spain-visit-1024x681.webp\" alt=\"e pr\u00e9sident du gouvernement espagnol Pedro S\u00e1nchez rencontre le roi du Maroc, S.M. Mohamed VI\" width=\"1024\" height=\"681\" srcset=\"https:\/\/www.newsendip.com\/wp-content\/uploads\/2022\/04\/morocco-spain-visit-1024x681.webp 1024w, https:\/\/www.newsendip.com\/wp-content\/uploads\/2022\/04\/morocco-spain-visit-300x200.webp 300w, https:\/\/www.newsendip.com\/wp-content\/uploads\/2022\/04\/morocco-spain-visit-60x40.webp 60w, https:\/\/www.newsendip.com\/wp-content\/uploads\/2022\/04\/morocco-spain-visit-720x480.webp 720w, https:\/\/www.newsendip.com\/wp-content\/uploads\/2022\/04\/morocco-spain-visit-768x511.webp 768w, https:\/\/www.newsendip.com\/wp-content\/uploads\/2022\/04\/morocco-spain-visit-1536x1021.webp 1536w, https:\/\/www.newsendip.com\/wp-content\/uploads\/2022\/04\/morocco-spain-visit-2048x1362.webp 2048w\" sizes=\"(max-width: 1024px) 100vw, 1024px\"><figcaption id=\"caption-attachment-15544\" class=\"wp-caption-text\">e pr\u00e9sident du gouvernement espagnol Pedro S\u00e1nchez rencontre le roi du Maroc, S.M. Mohamed VI le 7&nbsp;avril<\/figcaption><\/figure>\n<p>Le pr\u00e9sident du gouvernement espagnol Pedro S\u00e1nchez a rencontr\u00e9 le roi Mohamed VI le 7 avril pour discuter des nouvelles relations entre l\u2019Espagne et le&nbsp;Maroc.<\/p>\n<p>\u00ab\u202f<em>Nous entamons un nouveau chapitre de notre longue histoire commune, qui devrait nous permettre d\u2019affronter avec confiance les d\u00e9fis mais aussi les nombreuses opportunit\u00e9s de l\u2019avenir\u202f\u00bb<\/em>, a d\u00e9clar\u00e9 Pedro S\u00e1nchez.<\/p>\n<p>Le 18 mars, l\u2019Espagne a officiellement soutenu la vision du Maroc sur le Sahara occidental apr\u00e8s des ann\u00e9es de neutralit\u00e9.<\/p>\n<p>Le Maroc revendique sa souverainet\u00e9 sur le Sahara occidental, au sous-sol riche en phosphate et les eaux en poisson, depuis que l\u2019Espagne a quitt\u00e9 sa colonie en 1976. Mais la R\u00e9publique arabe sahraouie d\u00e9mocratique a \u00e9t\u00e9 proclam\u00e9e par le Front Polisario. Consid\u00e9r\u00e9 comme un territoire non autonome par les Nations unies depuis 1963, un cessez-le-feu est en vigueur au Sahara occidental depuis 1991.<\/p>\n<h2>R\u00e9soudre une crise diplomatique avec le&nbsp;Maroc<\/h2>\n<p>Avec cette d\u00e9cision en faveur de Rabat, qui ouvre la porte \u00e0 la reconnaissance de la souverainet\u00e9 du Maroc au Sahara Occidental, Madrid esp\u00e8re mettre fin \u00e0 une crise diplomatique qui dure depuis un&nbsp;an.<\/p>\n<p>L\u2019ann\u00e9e derni\u00e8re, en avril, l\u2019Espagne avait accueilli Brahim Ghali, chef du Front Polisario, pour le soigner d\u2019une infection au COVID-19. Cela a suscit\u00e9 l\u2019ire du royaume marocain.<\/p>\n<p>Alors que l\u2019Espagne gardait une position mod\u00e9r\u00e9ment neutre \u00e0 propos du Sahara occidental, le Maroc mettait en pause ses revendications territoriales sur Ceuta et Melilla, deux enclaves espagnoles limitrophes du Maroc. Rabat r\u00e9gulait \u00e9galement l\u2019arriv\u00e9e de migrants africains tentant de venir en Europe clandestinement.<\/p>\n<p>Mais le Maroc a laiss\u00e9 passer des milliers d\u2019entre eux et sont arriv\u00e9s en nombre \u00e0 Ceuta en mai dernier, ce que Madrid a vu comme une r\u00e9ponse politique de&nbsp;Rabat.<\/p>\n<p>L\u2019ambassadrice du Maroc en Espagne a \u00e9t\u00e9 rappel\u00e9e dans son pays, et est revenue deux jours seulement apr\u00e8s que l\u2019Espagne a annonc\u00e9 soutenir le plan d\u2019autonomie du Sahara occidental propos\u00e9 par le Maroc en 2007, dans lequel la souverainet\u00e9 du Maroc dans la r\u00e9gion est reconnue.<\/p>\n<p>Dans le contexte de la pand\u00e9mie de COVID-19, le <a href=\"https:\/\/www.newsendip.com\/fr\/quand-le-roi-du-maroc-a-demande-des-billets-abordables-royal-air-maroc-sest-executee\/\">Maroc a \u00e9galement suspendu pour deux ans sa collaboration maritime avec l\u2019Espagne<\/a>. L\u2019\u00e9t\u00e9 dernier, il a contraint environ 3 millions de voyageurs, dont de nombreux Europ\u00e9ens d\u2019origine marocaine, \u00e0 prendre le ferry de France ou d\u2019Italie au lieu du sud de l\u2019Espagne, ou \u00e0 prendre l\u2019avion. Le Maroc a maintenant d\u00e9cid\u00e9 de rouvrir sa route maritime.<\/p>\n<p>Le Maroc contr\u00f4le environ 80\u202f% des territoires du Sahara occidental, mais le Polisario demande un r\u00e9f\u00e9rendum sur son autod\u00e9termination.<!--more--><\/p>\n<p>Le Polisario est \u00e9galement soutenu par l\u2019Alg\u00e9rie. Le Maroc et l\u2019Alg\u00e9rie ont cess\u00e9 leurs relations diplomatiques en raison d\u2019une querelle sur les accords d\u2019Abraham qui a accru les tensions entre les deux&nbsp;pays.<\/p>\n<h2>Risques de voir l\u2019Alg\u00e9rie augmenter les prix du&nbsp;gaz<\/h2>\n<p>Le Maroc a reconnu Isra\u00ebl dans le cadre d\u2019un accord avec les \u00c9tats-Unis, qui ont en retour reconnu la souverainet\u00e9 du Maroc sur le Sahara occidental. L\u2019administration de Donald Trump a m\u00eame annonc\u00e9 la cr\u00e9ation d\u2019un consulat \u00e0 Dakhla, qui aurait fait office de branche diplomatique officielle dans la r\u00e9gion. Bien que le pr\u00e9sident Biden ait \u00e9t\u00e9 moins enthousiaste par cette d\u00e9cision \u2013 le <a href=\"https:\/\/www.newsendip.com\/fr\/le-projet-de-budget-americain-ne-prevoit-pas-de-consulat-au-sahara-occidental\/\">consulat pourrait ne pas \u00eatre construit de sit\u00f4t<\/a> \u2013 il a d\u00e9cid\u00e9 de continuer \u00e0 soutenir le Maroc, ce qui a \u00e9t\u00e9 confirm\u00e9 lors de la visite du secr\u00e9taire d\u2019\u00c9tat am\u00e9ricain Antony Blinken fin&nbsp;mars.<\/p>\n<p>Mais les <a href=\"https:\/\/www.newsendip.com\/fr\/?p=36679\">tensions entre l\u2019Alg\u00e9rie et le Maroc<\/a> se sont accrues depuis les accords d\u2019Abraham et Alger a d\u00e9cid\u00e9 de rompre ses relations diplomatiques avec son voisin en ao\u00fbt dernier. En octobre, elle a \u00e9galement d\u00e9cid\u00e9 de ne plus livrer de gaz par le gazoduc Maghreb-Europe. Alimentant l\u2019Espagne puis le Portugal, le gazoduc traverse le Maroc. Cette d\u00e9cision emp\u00eache ainsi Rabat de prendre sa part du gaz alg\u00e9rien dans l\u2019op\u00e9ration.<\/p>\n<p>Une partie du gaz est exp\u00e9di\u00e9e en Espagne par bateau au lieu d\u2019utiliser le gazoduc.<\/p>\n<p>Dans le but d\u2019apaiser les tensions avec le Maroc, l\u2019Espagne a envisag\u00e9 d\u2019exporter du gaz alg\u00e9rien au Maroc par le gazoduc Maghreb-Europe, ce qui a \u00e9t\u00e9 cat\u00e9goriquement refus\u00e9 par l\u2019Alg\u00e9rie.<\/p>\n<p>Avec 45% des importations, l\u2019Alg\u00e9rie \u00e9tait le premier fournisseur de gaz de Madrid. Mais l\u2019Espagne a diversifi\u00e9 ses fournisseurs et les \u00c9tats-Unis sont devenus leur principal partenaire depuis 2020.<\/p>\n<p>Pendant ce temps, l\u2019Europe essaye de <a href=\"https:\/\/www.newsendip.com\/fr\/le-plan-de-aie-pour-reduire-la-dependance-de-lue-au-gaz-naturel-russe\/\">r\u00e9duire sa d\u00e9pendance au gaz russe<\/a>. L\u2019Espagne b\u00e9n\u00e9ficie d\u2019une grande capacit\u00e9 de stockage de gaz dans les ports, ce qui pourrait s\u2019av\u00e9rer utile et constituer un point d\u2019entr\u00e9e pour le commerce international du gaz. La construction d\u2019un gazoduc entre la France et l\u2019Espagne, autrefois consid\u00e9r\u00e9e comme trop co\u00fbteuse, pourrait \u00e9galement \u00eatre relanc\u00e9e.<\/p>\n<p>Et l\u2019Alg\u00e9rie pourrait \u00eatre un fournisseur potentiel pour remplacer les contrats avec la Russie qui se terminent en fin d\u2019ann\u00e9e.<\/p>\n<p>Mais la d\u00e9cision de l\u2019Espagne pourrait affecter la possibilit\u00e9 d\u2019augmenter l\u2019approvisionnement en gaz alg\u00e9rien. Bien que les contrats entre l\u2019Espagne et l\u2019Alg\u00e9rie durent jusqu\u2019en 2030, Sonatrach, la compagnie gazi\u00e8re d\u00e9tenue par l\u2019\u00c9tat alg\u00e9rien, a reconnu qu\u2019elle pourrait revoir les prix du gaz pour l\u2019Espagne.<\/p>\n<p>L\u2019\u00e9conomie de l\u2019Alg\u00e9rie d\u00e9pend en grande partie des exportations de gaz et de p\u00e9trole. Avec la chute des prix de l\u2019\u00e9nergie li\u00e9e \u00e0 la pand\u00e9mie de COVID-19 et au ralentissement de l\u2019\u00e9conomie mondiale, la situation du pays \u00e9tait difficile. Mais la r\u00e9cente flamb\u00e9e des prix pourraient revigorer la position d\u2019Alger. Sa balance du commerce ext\u00e9rieur est devenue positive en d\u00e9cembre pour la premi\u00e8re fois depuis 2014.<\/p>\n<h2>Une d\u00e9cision pour plus de stabilit\u00e9 r\u00e9gionale\u202f?<\/h2>\n<p>En plus de la col\u00e8re de l\u2019Alg\u00e9rie, la d\u00e9cision du gouvernement espagnol a \u00e9t\u00e9 critiqu\u00e9e \u00e0 la fois par les alli\u00e9s du gouvernement de gauche et l\u2019opposition de droite, arguant qu\u2019une d\u00e9cision aussi importante a \u00e9t\u00e9 prise sans consensus ni d\u00e9bat. L\u2019ind\u00e9pendance du Sahara Occidental a de forts soutiens dans la soci\u00e9t\u00e9 espagnole. De plus, l\u2019Espagne n\u2019a sign\u00e9 aucun document qui garantirait au pays certains avantages de la d\u00e9cision.<\/p>\n<p>Avec le soutien des \u00c9tats-Unis pour la souverainet\u00e9 du Maroc au Sahara Occidental, le Maroc a fait pression pour que d\u2019autres pays embo\u00eetent le&nbsp;pas.<\/p>\n<p>En mai 2021, le Maroc a rappel\u00e9 son ambassadeur \u00e0 Berlin, en partie \u00e0 cause de la position de l\u2019Allemagne sur la question. Mais les tensions se sont apais\u00e9es avec <a href=\"https:\/\/www.auswaertiges-amt.de\/de\/aussenpolitik\/laender\/marokko-node\/bilaterale-beziehungen\/224064\">le nouveau gouvernement<\/a> apr\u00e8s qu\u2019il a lou\u00e9 la \u00ab\u202f<em>contribution importante du Maroc \u00e0 un accord en 2007 avec un plan d\u2019autonomie<\/em>\u202f\u00bb pour le Sahara occidental. N\u00e9anmoins, l\u2019Allemagne d\u00e9clare \u00e9galement que sa position sur le Sahara Occidental \u00ab\u202f<em>est rest\u00e9e inchang\u00e9e depuis des d\u00e9cennies\u202f\u00bb<\/em>.<\/p>\n<p>Le ministre des affaires \u00e9trang\u00e8res Nasser Bourita a r\u00e9cemment demand\u00e9 \u00e0 d\u2019autres pays de \u00ab\u202f<em>sortir de [leur] zone de confort<\/em>\u202f\u00bb au lieu de soutenir un statu&nbsp;quo.<\/p>\n<p>\u00ab\u202f<em>Il y a une dynamique au niveau international pour soutenir le plan d\u2019autonomie marocain comme une issue s\u00e9rieuse et cr\u00e9dible pour ce diff\u00e9rend r\u00e9gional. C\u2019est la position des \u00c9tats-Unis, c\u2019est la position de l\u2019Allemagne, c\u2019est la position de la France, c\u2019est la position des pays arabes, c\u2019est la position des pays africains, et d\u2019autres encore\u202f\u00bb<\/em>, a <a href=\"https:\/\/www.state.gov\/secretary-antony-j-blinken-and-moroccan-foreign-minister-nasser-bourita-at-a-joint-press-availability\/\">d\u00e9clar\u00e9 le ministre des affaires \u00e9trang\u00e8res<\/a> lors de la visite du secr\u00e9taire d\u2019Etat am\u00e9ricain Antony Blinken.<\/p>\n<p>La France, qui \u00e9tait un partenaire de l\u2019Espagne lorsque le Sahara Occidental est devenu une colonie, n\u2019a pas chang\u00e9 de position. Elle est en faveur du Maroc, l\u2019un de ses plus proches partenaires. Le minist\u00e8re des affaires \u00e9trang\u00e8res a r\u00e9affirm\u00e9 que le plan est \u00ab\u202f<em>une base de discussions s\u00e9rieuse et cr\u00e9dible\u202f\u00bb<\/em>.<\/p>\n<p>Pour Nasser Bourita, \u00ab\u202f<em>soutenir un processus ne signifie pas soutenir une solution\u202f\u00bb<\/em>, m\u00eame s\u2019il esp\u00e8re que cette solution sera trouv\u00e9e \u00ab\u202f<em>dans le cadre de la souverainet\u00e9 marocaine et du plan d\u2019autonomie marocain\u202f\u00bb<\/em>.<\/p>\n<p>Avec sa d\u00e9cision, l\u2019Espagne n\u2019aura probablement plus \u00e0 g\u00e9rer une arriv\u00e9e massive d\u2019immigration clandestine ni \u00e0 se pr\u00e9occuper de sa souverainet\u00e9 territoriale \u00e0 Ceuta et Melilla. Pour l\u2019Europe, elle peut renforcer ses relations avec le Maroc, dans un contexte o\u00f9 les pays d\u2019Afrique du Nord et d\u2019Afrique centrale penchent de plus en plus vers la Russie.<\/p>\n<p>Mais cela aura-t-il \u00e9galement un impact sur la guerre russe en Ukraine\u202f? Le Maroc \u2013 et l\u2019Alg\u00e9rie \u2013 se sont abstenus de condamner les actions de la Russie aux Nations Unies, ce qui a \u00e9t\u00e9 mod\u00e9r\u00e9ment appr\u00e9ci\u00e9 par les \u00c9tats-Unis et l\u2019Union europ\u00e9enne.<\/p>\n<p><a href=\"https:\/\/www.newsendip.com\/fr\/etiquette\/maroc\/\"><strong>En savoir plus sur le&nbsp;Maroc<\/strong><\/a><\/p>\n","protected":false},"excerpt":{"rendered":"<p>La d\u00e9cision de l\u2019Espagne de soutenir le plan du Maroc sur l\u2019autonomie du Sahara occidental, et donc sa souverainet\u00e9 sur le territoire, montre l\u2019imbrication des relations internationales entre&nbsp;pays.<\/p>\n","protected":false},"author":1,"featured_media":15544,"comment_status":"closed","ping_status":"closed","sticky":false,"template":"","format":"standard","meta":{"wp_typography_post_enhancements_disabled":false,"footnotes":""},"categories":[416],"tags":[433,445,421],"class_list":["post-15552","post","type-post","status-publish","format-standard","has-post-thumbnail","hentry","category-politique","tag-espagne","tag-maroc","tag-vieux"],"yoast_head":"<!-- This site is optimized with the Yoast SEO Premium plugin v27.4 (Yoast SEO v27.4) - https:\/\/yoast.com\/product\/yoast-seo-premium-wordpress\/ -->\n<title>Pourquoi le soutien de l&#039;Espagne au plan du Maroc dans le Sahara Occidental est important<\/title>\n<meta name=\"description\" content=\"La d\u00e9cision de l&#039;Espagne de soutenir le plan du Maroc sur l&#039;autonomie du Sahara occidental, et donc sa souverainet\u00e9 sur le territoire, montre l&#039;imbrication des relations internationales entre pays.\" \/>\n<meta name=\"robots\" content=\"index, follow, max-snippet:-1, max-image-preview:large, max-video-preview:-1\" \/>\n<link rel=\"canonical\" href=\"https:\/\/www.newsendip.com\/fr\/pourquoi-le-soutien-de-lespagne-au-plan-du-maroc-dans-le-sahara-occidental-est-important\/\" \/>\n<meta property=\"og:locale\" content=\"fr_FR\" \/>\n<meta property=\"og:type\" content=\"article\" \/>\n<meta property=\"og:title\" content=\"Pourquoi le soutien de l&#039;Espagne au plan du Maroc dans le Sahara Occidental est important\" \/>\n<meta property=\"og:description\" content=\"La d\u00e9cision de l&#039;Espagne de soutenir le plan du Maroc sur l&#039;autonomie du Sahara occidental, et donc sa souverainet\u00e9 sur le territoire, montre l&#039;imbrication des relations internationales entre pays.\" \/>\n<meta property=\"og:url\" content=\"https:\/\/www.newsendip.com\/fr\/pourquoi-le-soutien-de-lespagne-au-plan-du-maroc-dans-le-sahara-occidental-est-important\/\" \/>\n<meta property=\"og:site_name\" content=\"Newsendip\" \/>\n<meta property=\"article:publisher\" content=\"https:\/\/www.facebook.com\/newsendip\" \/>\n<meta property=\"article:published_time\" content=\"2022-04-08T14:33:51+00:00\" \/>\n<meta property=\"article:modified_time\" content=\"2024-07-18T14:00:28+00:00\" \/>\n<meta property=\"og:image\" content=\"https:\/\/www.newsendip.com\/wp-content\/uploads\/2022\/04\/sanchez-spain-morocco-western-sahara-progressive.jpeg\" \/>\n\t<meta property=\"og:image:width\" content=\"720\" \/>\n\t<meta property=\"og:image:height\" content=\"480\" \/>\n\t<meta property=\"og:image:type\" content=\"image\/jpeg\" \/>\n<meta name=\"author\" content=\"Cl\u00e9ment V\u00e9rit\u00e9\" \/>\n<meta name=\"twitter:card\" content=\"summary_large_image\" \/>\n<meta name=\"twitter:image\" content=\"https:\/\/www.newsendip.com\/wp-content\/uploads\/2022\/04\/sanchez-spain-morocco-western-sahara-progressive.jpeg\" \/>\n<meta name=\"twitter:creator\" content=\"@https:\/\/twitter.com\/cverite\" \/>\n<meta name=\"twitter:site\" content=\"@newsendip\" \/>\n<meta name=\"twitter:label1\" content=\"\u00c9crit par\" \/>\n\t<meta name=\"twitter:data1\" content=\"Cl\u00e9ment V\u00e9rit\u00e9\" \/>\n\t<meta name=\"twitter:label2\" content=\"Dur\u00e9e de lecture estim\u00e9e\" \/>\n\t<meta name=\"twitter:data2\" content=\"7 minutes\" \/>\n<!-- \/ Yoast SEO Premium plugin. -->","yoast_head_json":{"title":"Pourquoi le soutien de l'Espagne au plan du Maroc dans le Sahara Occidental est important","description":"La d\u00e9cision de l'Espagne de soutenir le plan du Maroc sur l'autonomie du Sahara occidental, et donc sa souverainet\u00e9 sur le territoire, montre l'imbrication des relations internationales entre pays.","robots":{"index":"index","follow":"follow","max-snippet":"max-snippet:-1","max-image-preview":"max-image-preview:large","max-video-preview":"max-video-preview:-1"},"canonical":"https:\/\/www.newsendip.com\/fr\/pourquoi-le-soutien-de-lespagne-au-plan-du-maroc-dans-le-sahara-occidental-est-important\/","og_locale":"fr_FR","og_type":"article","og_title":"Pourquoi le soutien de l'Espagne au plan du Maroc dans le Sahara Occidental est important","og_description":"La d\u00e9cision de l'Espagne de soutenir le plan du Maroc sur l'autonomie du Sahara occidental, et donc sa souverainet\u00e9 sur le territoire, montre l'imbrication des relations internationales entre pays.","og_url":"https:\/\/www.newsendip.com\/fr\/pourquoi-le-soutien-de-lespagne-au-plan-du-maroc-dans-le-sahara-occidental-est-important\/","og_site_name":"Newsendip","article_publisher":"https:\/\/www.facebook.com\/newsendip","article_published_time":"2022-04-08T14:33:51+00:00","article_modified_time":"2024-07-18T14:00:28+00:00","og_image":[{"width":720,"height":480,"url":"https:\/\/www.newsendip.com\/wp-content\/uploads\/2022\/04\/sanchez-spain-morocco-western-sahara-progressive.jpeg","type":"image\/jpeg"}],"author":"Cl\u00e9ment V\u00e9rit\u00e9","twitter_card":"summary_large_image","twitter_image":"https:\/\/www.newsendip.com\/wp-content\/uploads\/2022\/04\/sanchez-spain-morocco-western-sahara-progressive.jpeg","twitter_creator":"@https:\/\/twitter.com\/cverite","twitter_site":"@newsendip","twitter_misc":{"\u00c9crit par":"Cl\u00e9ment V\u00e9rit\u00e9","Dur\u00e9e de lecture estim\u00e9e":"7 minutes"},"schema":{"@context":"https:\/\/schema.org","@graph":[{"@type":"NewsArticle","@id":"https:\/\/www.newsendip.com\/fr\/pourquoi-le-soutien-de-lespagne-au-plan-du-maroc-dans-le-sahara-occidental-est-important\/#article","isPartOf":{"@id":"https:\/\/www.newsendip.com\/fr\/pourquoi-le-soutien-de-lespagne-au-plan-du-maroc-dans-le-sahara-occidental-est-important\/"},"author":{"name":"Cl\u00e9ment V\u00e9rit\u00e9","@id":"https:\/\/www.newsendip.com\/fr\/#\/schema\/person\/ea22c01755f464a3cbc2c619584d6363"},"headline":"Pourquoi le soutien de l\u2019Espagne au plan du Maroc dans le Sahara Occidental est important","datePublished":"2022-04-08T14:33:51+00:00","dateModified":"2024-07-18T14:00:28+00:00","mainEntityOfPage":{"@id":"https:\/\/www.newsendip.com\/fr\/pourquoi-le-soutien-de-lespagne-au-plan-du-maroc-dans-le-sahara-occidental-est-important\/"},"wordCount":1635,"publisher":{"@id":"https:\/\/www.newsendip.com\/fr\/#organization"},"image":{"@id":"https:\/\/www.newsendip.com\/fr\/pourquoi-le-soutien-de-lespagne-au-plan-du-maroc-dans-le-sahara-occidental-est-important\/#primaryimage"},"thumbnailUrl":"https:\/\/www.newsendip.com\/wp-content\/uploads\/2022\/04\/morocco-spain-visit-scaled.webp","keywords":["Espagne","Maroc","Vieux"],"articleSection":["Politique"],"inLanguage":"fr-FR","copyrightYear":"2022","copyrightHolder":{"@id":"https:\/\/www.newsendip.com\/#organization"}},{"@type":"WebPage","@id":"https:\/\/www.newsendip.com\/fr\/pourquoi-le-soutien-de-lespagne-au-plan-du-maroc-dans-le-sahara-occidental-est-important\/","url":"https:\/\/www.newsendip.com\/fr\/pourquoi-le-soutien-de-lespagne-au-plan-du-maroc-dans-le-sahara-occidental-est-important\/","name":"Pourquoi le soutien de l'Espagne au plan du Maroc dans le Sahara Occidental est important","isPartOf":{"@id":"https:\/\/www.newsendip.com\/fr\/#website"},"primaryImageOfPage":{"@id":"https:\/\/www.newsendip.com\/fr\/pourquoi-le-soutien-de-lespagne-au-plan-du-maroc-dans-le-sahara-occidental-est-important\/#primaryimage"},"image":{"@id":"https:\/\/www.newsendip.com\/fr\/pourquoi-le-soutien-de-lespagne-au-plan-du-maroc-dans-le-sahara-occidental-est-important\/#primaryimage"},"thumbnailUrl":"https:\/\/www.newsendip.com\/wp-content\/uploads\/2022\/04\/morocco-spain-visit-scaled.webp","datePublished":"2022-04-08T14:33:51+00:00","dateModified":"2024-07-18T14:00:28+00:00","description":"La d\u00e9cision de l'Espagne de soutenir le plan du Maroc sur l'autonomie du Sahara occidental, et donc sa souverainet\u00e9 sur le territoire, montre l'imbrication des relations internationales entre pays.","breadcrumb":{"@id":"https:\/\/www.newsendip.com\/fr\/pourquoi-le-soutien-de-lespagne-au-plan-du-maroc-dans-le-sahara-occidental-est-important\/#breadcrumb"},"inLanguage":"fr-FR","potentialAction":[{"@type":"ReadAction","target":["https:\/\/www.newsendip.com\/fr\/pourquoi-le-soutien-de-lespagne-au-plan-du-maroc-dans-le-sahara-occidental-est-important\/"]}]},{"@type":"ImageObject","inLanguage":"fr-FR","@id":"https:\/\/www.newsendip.com\/fr\/pourquoi-le-soutien-de-lespagne-au-plan-du-maroc-dans-le-sahara-occidental-est-important\/#primaryimage","url":"https:\/\/www.newsendip.com\/wp-content\/uploads\/2022\/04\/morocco-spain-visit-scaled.webp","contentUrl":"https:\/\/www.newsendip.com\/wp-content\/uploads\/2022\/04\/morocco-spain-visit-scaled.webp","width":2560,"height":1702,"caption":"e pr\u00e9sident du gouvernement espagnol Pedro S\u00e1nchez rencontre le roi du Maroc, S.M. Mohamed VI le 7 avril"},{"@type":"BreadcrumbList","@id":"https:\/\/www.newsendip.com\/fr\/pourquoi-le-soutien-de-lespagne-au-plan-du-maroc-dans-le-sahara-occidental-est-important\/#breadcrumb","itemListElement":[{"@type":"ListItem","position":1,"name":"Accueil","item":"https:\/\/www.newsendip.com\/fr\/"},{"@type":"ListItem","position":2,"name":"Pourquoi le soutien de l&#8217;Espagne au plan du Maroc dans le Sahara Occidental est important"}]},{"@type":"WebSite","@id":"https:\/\/www.newsendip.com\/fr\/#website","url":"https:\/\/www.newsendip.com\/fr\/","name":"Newsendip","description":"Red\u00e9couvrez l&#039;actualit\u00e9 internationale","publisher":{"@id":"https:\/\/www.newsendip.com\/fr\/#organization"},"potentialAction":[{"@type":"SearchAction","target":{"@type":"EntryPoint","urlTemplate":"https:\/\/www.newsendip.com\/fr\/?s={search_term_string}"},"query-input":{"@type":"PropertyValueSpecification","valueRequired":true,"valueName":"search_term_string"}}],"inLanguage":"fr-FR"},{"@type":"Organization","@id":"https:\/\/www.newsendip.com\/fr\/#organization","name":"Newsendip","url":"https:\/\/www.newsendip.com\/fr\/","logo":{"@type":"ImageObject","inLanguage":"fr-FR","@id":"https:\/\/www.newsendip.com\/fr\/#\/schema\/logo\/image\/","url":"https:\/\/www.newsendip.com\/wp-content\/uploads\/2023\/12\/512x512.svg","contentUrl":"https:\/\/www.newsendip.com\/wp-content\/uploads\/2023\/12\/512x512.svg","width":1,"height":1,"caption":"Newsendip"},"image":{"@id":"https:\/\/www.newsendip.com\/fr\/#\/schema\/logo\/image\/"},"sameAs":["https:\/\/www.facebook.com\/newsendip","https:\/\/x.com\/newsendip","https:\/\/mastodon.social\/@newsendip","https:\/\/www.linkedin.com\/company\/newsendip"],"description":"Newsendip est un site qui a pour mission de rendre l'actualit\u00e9 internationale accessible et diversifi\u00e9e","email":"contact@newsendip.com","legalName":"Newsendip SAS","foundingDate":"2022-11-04","vatID":"FR60921124723","numberOfEmployees":{"@type":"QuantitativeValue","minValue":"1","maxValue":"10"},"publishingPrinciples":"https:\/\/www.newsendip.com\/about-us\/","ownershipFundingInfo":"https:\/\/www.newsendip.com\/legal-notice\/","actionableFeedbackPolicy":"https:\/\/www.newsendip.com\/about-us\/","correctionsPolicy":"https:\/\/www.newsendip.com\/about-us\/","ethicsPolicy":"https:\/\/www.newsendip.com\/about-us\/","diversityPolicy":"https:\/\/www.newsendip.com\/about-us\/"},{"@type":"Person","@id":"https:\/\/www.newsendip.com\/fr\/#\/schema\/person\/ea22c01755f464a3cbc2c619584d6363","name":"Cl\u00e9ment V\u00e9rit\u00e9","description":"Cl\u00e9ment is the executive editor and founder of Newsendip. He started in the media industry as a freelance reporter at 16 for a local French newspaper after school and has never left it. He later worked for seven years at The New York Times, notably as a data analyst. He holds a Master of Management in France and a Master of Arts in the United Kingdom in International Marketing &amp; Communications Strategy. He has lived in France, the United Kingdom, and Italy.","sameAs":["https:\/\/www.newsendip.com\/","https:\/\/www.linkedin.com\/in\/clementverite\/","https:\/\/x.com\/https:\/\/twitter.com\/cverite"],"knowsAbout":["News","International","Business","Media monitoring"],"knowsLanguage":["English","French","Italian","Spanish"],"url":"https:\/\/www.newsendip.com\/fr\/author\/clement-verite\/"}]}},"_links":{"self":[{"href":"https:\/\/www.newsendip.com\/fr\/wp-json\/wp\/v2\/posts\/15552","targetHints":{"allow":["GET"]}}],"collection":[{"href":"https:\/\/www.newsendip.com\/fr\/wp-json\/wp\/v2\/posts"}],"about":[{"href":"https:\/\/www.newsendip.com\/fr\/wp-json\/wp\/v2\/types\/post"}],"author":[{"embeddable":true,"href":"https:\/\/www.newsendip.com\/fr\/wp-json\/wp\/v2\/users\/1"}],"replies":[{"embeddable":true,"href":"https:\/\/www.newsendip.com\/fr\/wp-json\/wp\/v2\/comments?post=15552"}],"version-history":[{"count":0,"href":"https:\/\/www.newsendip.com\/fr\/wp-json\/wp\/v2\/posts\/15552\/revisions"}],"wp:featuredmedia":[{"embeddable":true,"href":"https:\/\/www.newsendip.com\/fr\/wp-json\/wp\/v2\/media\/15544"}],"wp:attachment":[{"href":"https:\/\/www.newsendip.com\/fr\/wp-json\/wp\/v2\/media?parent=15552"}],"wp:term":[{"taxonomy":"category","embeddable":true,"href":"https:\/\/www.newsendip.com\/fr\/wp-json\/wp\/v2\/categories?post=15552"},{"taxonomy":"post_tag","embeddable":true,"href":"https:\/\/www.newsendip.com\/fr\/wp-json\/wp\/v2\/tags?post=15552"}],"curies":[{"name":"wp","href":"https:\/\/api.w.org\/{rel}","templated":true}]}}