{"id":15558,"date":"2022-04-08T19:26:57","date_gmt":"2022-04-08T17:26:57","guid":{"rendered":"https:\/\/www.newsendip.com\/?p=15558"},"modified":"2024-07-16T23:31:17","modified_gmt":"2024-07-16T21:31:17","slug":"les-ambassadeurs-arabie-saoudite-du-koweit-et-du-yemen-reviennent-au-liban","status":"publish","type":"post","link":"https:\/\/www.newsendip.com\/fr\/les-ambassadeurs-arabie-saoudite-du-koweit-et-du-yemen-reviennent-au-liban\/","title":{"rendered":"Les ambassadeurs d\u2019Arabie saoudite, du Kowe\u00eft et du Y\u00e9men reviennent au&nbsp;Liban"},"content":{"rendered":"<p><strong>Les ambassadeurs d\u2019Arabie saoudite, du Kowe\u00eft et du Y\u00e9men reviennent au Liban apr\u00e8s plusieurs mois de tension.<\/strong><\/p>\n<figure id=\"attachment_15562\" aria-describedby=\"caption-attachment-15562\" style=\"width: 663px\" class=\"wp-caption aligncenter\"><img decoding=\"async\" class=\"size-full wp-image-15562\" src=\"https:\/\/www.newsendip.com\/wp-content\/uploads\/2022\/04\/najib-mikati-prime-minister-lebanon.webp\" alt=\"Najib Mikati, premier ministre du Liban\" width=\"663\" height=\"442\" srcset=\"https:\/\/www.newsendip.com\/wp-content\/uploads\/2022\/04\/najib-mikati-prime-minister-lebanon.webp 663w, https:\/\/www.newsendip.com\/wp-content\/uploads\/2022\/04\/najib-mikati-prime-minister-lebanon-60x40.webp 60w, https:\/\/www.newsendip.com\/wp-content\/uploads\/2022\/04\/najib-mikati-prime-minister-lebanon-300x200.webp 300w\" sizes=\"(max-width: 663px) 100vw, 663px\"><figcaption id=\"caption-attachment-15562\" class=\"wp-caption-text\">Najib Mikati, premier ministre du&nbsp;Liban<\/figcaption><\/figure>\n<p>L\u2019Arabie saoudite, le Kowe\u00eft et le Y\u00e9men ont annonc\u00e9 jeudi le retour de leurs ambassadeurs au Liban, marquant am\u00e9lioration des relations avec Beyrouth apr\u00e8s plusieurs mois de tensions.<\/p>\n<p>Fin octobre, l\u2019Arabie saoudite, premier client du Liban, et Bahre\u00efn ont annul\u00e9 toutes leurs importations en provenance de Beyrouth. Puis, l\u2019<a href=\"https:\/\/www.newsendip.com\/fr\/etiquette\/arabie-saoudite\/\">Arabie saoudite<\/a>, Bahre\u00efn, les <a href=\"https:\/\/www.newsendip.com\/fr\/etiquette\/emirats-arabes-unis\/\">\u00c9mirats arabes unis<\/a> et le Kowe\u00eft ont rappel\u00e9 leurs ambassadeurs.<\/p>\n<p>Bahre\u00efn a m\u00eame demand\u00e9 \u00e0 ses citoyens de quitter le Liban quelques jours plus tard, apr\u00e8s \u00ab\u202f<em>une s\u00e9rie de d\u00e9clarations inacceptables et offensantes faites par des responsables libanais<\/em>\u202f\u00bb.<\/p>\n<p>Les d\u00e9cisions des \u00c9tats du Golfe ont \u00e9t\u00e9 prises apr\u00e8s qu\u2019une interview vid\u00e9o du ministre libanais de l\u2019information a refait surface sur Internet. Il y d\u00e9clarait, alors qu\u2019il n\u2019\u00e9tait pas en fonctions officielles repr\u00e9sentant le pays, que la guerre au Y\u00e9men men\u00e9e par les forces militaires saoudiennes \u00e9tait devenue absurde et devait cesser.<\/p>\n<p>Le ministre George Kordahi avait rejet\u00e9 toute \u00ab\u202f<em>accusation d\u2019inimiti\u00e9 envers l\u2019Arabie saoudite<\/em>\u202f\u00bb et a expliqu\u00e9 qu\u2019il avait exprim\u00e9 des pens\u00e9es personnelles. Mais cela n\u2019a pas apais\u00e9 les relations avec l\u2019Arabie saoudite. Il a <a href=\"https:\/\/www.newsendip.com\/fr\/demission-dun-ministre-libanais-avant-la-visite-de-la-france-en-arabie-saoudite\/\">m\u00eame d\u00e9missionn\u00e9 en esp\u00e9rant que cela pourrait apaiser les tensions<\/a> juste avant une visite officielle de la France, partenaire historiquement proche du Liban, en Arabie saoudite en d\u00e9cembre.<!--more--><\/p>\n<p>Les relations avec les pays du Golfe sont en fait tendues depuis des ann\u00e9es \u00e0 cause de l\u2019influence croissante du Hezbollah soutenu par l\u2019Iran. Le Hezbollah dispose d\u2019une milice plus puissante que l\u2019arm\u00e9e libanaise.<\/p>\n<p>Tous ces pays du Golfe consid\u00e8rent le Hezbollah comme une organisation terroriste. Il s\u2019av\u00e8re que le parti politique chiite libanais \u2013 et l\u2019Iran \u2013 soutiennent les <a href=\"https:\/\/www.newsendip.com\/fr\/lonu-et-les-rebelles-houthis-du-yemen-saccordent-pour-eviter-une-fuite-massive-de-carburant-dun-petrolier-dans-la-mer\/\">rebelles houthistes<\/a> qui ont chass\u00e9 le pr\u00e9sident y\u00e9m\u00e9nite en 2015. Ces \u00e9v\u00e9nements ont conduit aux frappes militaires des \u00c9tats musulmans sunnites, sous le leadership de l\u2019Arabie saoudite, contre le mouvement Houthi.<\/p>\n<p>Le minist\u00e8re saoudien des Affaires \u00e9trang\u00e8res a d\u00e9clar\u00e9 que son ambassadeur revenait suite aux appels des forces politiques libanaises \u00ab\u202f<em>mod\u00e9r\u00e9es<\/em>\u202f\u00bb et apr\u00e8s les remarques du Premier ministre Najib Mikati sur la <em>\u00ab\u202ffin de toutes les activit\u00e9s politiques, militaires et s\u00e9curitaires<\/em>\u202f\u00bb qui touchent l\u2019Arabie saoudite et d\u2019autres \u00c9tats du&nbsp;Golfe.<\/p>\n<p>\u00ab\u202f<em>Cette d\u00e9marche est une r\u00e9ponse \u00e0 la promesse de Beyrouth de mettre fin aux activit\u00e9s et aux pratiques offensant les pays arabe<\/em>s\u202f\u00bb, a d\u00e9clar\u00e9 le minist\u00e8re y\u00e9m\u00e9nite dans un communiqu\u00e9 repris par l\u2019agence de presse \u00e9tatique du&nbsp;pays.<\/p>\n<p>Ces annonces interviennent une semaine apr\u00e8s que l\u2019Arabie saoudite et les rebelles Houthis ont convenu d\u2019une tr\u00eave de deux mois reconductibles dans une guerre qui a \u00ab\u202f<em>aliment\u00e9 l\u2019une des pires crises humanitaires au monde<\/em>\u202f\u00bb, selon le Secr\u00e9taire g\u00e9n\u00e9ral de l\u2019ONU, Ant\u00f3nio Guterres.<\/p>\n<p>Najib Mikati a tweet\u00e9 que le Liban \u00e9tait \u00ab\u202f<em>fier de son appartenance arabe<\/em>\u202f\u00bb. Le pays, qui souffre de l\u2019une des crises les plus graves de son histoire, accueillerait volontiers un soutien \u00e9conomique r\u00e9gional alors qu\u2019il vient de conclure un projet d\u2019accord pour une aide de 3 milliards de dollars avec le <a href=\"https:\/\/www.newsendip.com\/fr\/argentine-et-le-fmi-trouvent-un-accord-sur-la-restructuration-de-la-dette-le-congres-doit-encore-lapprouver\/\">Fonds mon\u00e9taire international<\/a>, soumis \u00e0 une s\u00e9rie de r\u00e9formes.<\/p>\n<p><a href=\"https:\/\/www.newsendip.com\/fr\/etiquette\/liban\/\"><strong>Plus d\u2019informations sur le&nbsp;Liban<\/strong><\/a><\/p>\n","protected":false},"excerpt":{"rendered":"<p>Les ambassadeurs d\u2019Arabie saoudite, du Kowe\u00eft et du Y\u00e9men reviennent au Liban apr\u00e8s plusieurs mois de tension.<\/p>\n","protected":false},"author":1,"featured_media":15562,"comment_status":"closed","ping_status":"closed","sticky":false,"template":"","format":"standard","meta":{"wp_typography_post_enhancements_disabled":false,"footnotes":""},"categories":[416],"tags":[742,744,743,421],"class_list":["post-15558","post","type-post","status-publish","format-standard","has-post-thumbnail","hentry","category-politique","tag-arabie-saoudite","tag-koweit","tag-liban","tag-vieux"],"yoast_head":"<!-- This site is optimized with the Yoast SEO Premium plugin v27.4 (Yoast SEO v27.4) - https:\/\/yoast.com\/product\/yoast-seo-premium-wordpress\/ -->\n<title>Les ambassadeurs d&#039;Arabie saoudite, du Kowe\u00eft et du Y\u00e9men reviennent au Liban<\/title>\n<meta name=\"description\" content=\"Les ambassadeurs d&#039;Arabie saoudite, du Kowe\u00eft et du Y\u00e9men reviennent au Liban apr\u00e8s plusieurs mois de tension.\" \/>\n<meta name=\"robots\" content=\"index, follow, max-snippet:-1, max-image-preview:large, max-video-preview:-1\" \/>\n<link rel=\"canonical\" href=\"https:\/\/www.newsendip.com\/fr\/les-ambassadeurs-arabie-saoudite-du-koweit-et-du-yemen-reviennent-au-liban\/\" \/>\n<meta property=\"og:locale\" content=\"fr_FR\" \/>\n<meta property=\"og:type\" content=\"article\" \/>\n<meta property=\"og:title\" content=\"Les ambassadeurs d&#039;Arabie saoudite, du Kowe\u00eft et du Y\u00e9men reviennent au Liban\" \/>\n<meta property=\"og:description\" content=\"Les ambassadeurs d&#039;Arabie saoudite, du Kowe\u00eft et du Y\u00e9men reviennent au Liban apr\u00e8s plusieurs mois de tension.\" \/>\n<meta property=\"og:url\" content=\"https:\/\/www.newsendip.com\/fr\/les-ambassadeurs-arabie-saoudite-du-koweit-et-du-yemen-reviennent-au-liban\/\" \/>\n<meta property=\"og:site_name\" content=\"Newsendip\" \/>\n<meta property=\"article:publisher\" content=\"https:\/\/www.facebook.com\/newsendip\" \/>\n<meta property=\"article:published_time\" content=\"2022-04-08T17:26:57+00:00\" \/>\n<meta property=\"article:modified_time\" content=\"2024-07-16T21:31:17+00:00\" \/>\n<meta property=\"og:image\" content=\"https:\/\/www.newsendip.com\/wp-content\/uploads\/2022\/04\/najib-mikati-prime-minister-lebanon-progressive.jpeg\" \/>\n\t<meta property=\"og:image:width\" content=\"663\" \/>\n\t<meta property=\"og:image:height\" content=\"442\" \/>\n\t<meta property=\"og:image:type\" content=\"image\/jpeg\" \/>\n<meta name=\"author\" content=\"Cl\u00e9ment V\u00e9rit\u00e9\" \/>\n<meta name=\"twitter:card\" content=\"summary_large_image\" \/>\n<meta name=\"twitter:image\" content=\"https:\/\/www.newsendip.com\/wp-content\/uploads\/2022\/04\/najib-mikati-prime-minister-lebanon-progressive.jpeg\" \/>\n<meta name=\"twitter:creator\" content=\"@https:\/\/twitter.com\/cverite\" \/>\n<meta name=\"twitter:site\" content=\"@newsendip\" \/>\n<meta name=\"twitter:label1\" content=\"\u00c9crit par\" \/>\n\t<meta name=\"twitter:data1\" content=\"Cl\u00e9ment V\u00e9rit\u00e9\" \/>\n\t<meta name=\"twitter:label2\" content=\"Dur\u00e9e de lecture estim\u00e9e\" \/>\n\t<meta name=\"twitter:data2\" content=\"3 minutes\" \/>\n<!-- \/ Yoast SEO Premium plugin. -->","yoast_head_json":{"title":"Les ambassadeurs d'Arabie saoudite, du Kowe\u00eft et du Y\u00e9men reviennent au Liban","description":"Les ambassadeurs d'Arabie saoudite, du Kowe\u00eft et du Y\u00e9men reviennent au Liban apr\u00e8s plusieurs mois de tension.","robots":{"index":"index","follow":"follow","max-snippet":"max-snippet:-1","max-image-preview":"max-image-preview:large","max-video-preview":"max-video-preview:-1"},"canonical":"https:\/\/www.newsendip.com\/fr\/les-ambassadeurs-arabie-saoudite-du-koweit-et-du-yemen-reviennent-au-liban\/","og_locale":"fr_FR","og_type":"article","og_title":"Les ambassadeurs d'Arabie saoudite, du Kowe\u00eft et du Y\u00e9men reviennent au Liban","og_description":"Les ambassadeurs d'Arabie saoudite, du Kowe\u00eft et du Y\u00e9men reviennent au Liban apr\u00e8s plusieurs mois de tension.","og_url":"https:\/\/www.newsendip.com\/fr\/les-ambassadeurs-arabie-saoudite-du-koweit-et-du-yemen-reviennent-au-liban\/","og_site_name":"Newsendip","article_publisher":"https:\/\/www.facebook.com\/newsendip","article_published_time":"2022-04-08T17:26:57+00:00","article_modified_time":"2024-07-16T21:31:17+00:00","og_image":[{"width":663,"height":442,"url":"https:\/\/www.newsendip.com\/wp-content\/uploads\/2022\/04\/najib-mikati-prime-minister-lebanon-progressive.jpeg","type":"image\/jpeg"}],"author":"Cl\u00e9ment V\u00e9rit\u00e9","twitter_card":"summary_large_image","twitter_image":"https:\/\/www.newsendip.com\/wp-content\/uploads\/2022\/04\/najib-mikati-prime-minister-lebanon-progressive.jpeg","twitter_creator":"@https:\/\/twitter.com\/cverite","twitter_site":"@newsendip","twitter_misc":{"\u00c9crit par":"Cl\u00e9ment V\u00e9rit\u00e9","Dur\u00e9e de lecture estim\u00e9e":"3 minutes"},"schema":{"@context":"https:\/\/schema.org","@graph":[{"@type":"NewsArticle","@id":"https:\/\/www.newsendip.com\/fr\/les-ambassadeurs-arabie-saoudite-du-koweit-et-du-yemen-reviennent-au-liban\/#article","isPartOf":{"@id":"https:\/\/www.newsendip.com\/fr\/les-ambassadeurs-arabie-saoudite-du-koweit-et-du-yemen-reviennent-au-liban\/"},"author":{"name":"Cl\u00e9ment V\u00e9rit\u00e9","@id":"https:\/\/www.newsendip.com\/fr\/#\/schema\/person\/ea22c01755f464a3cbc2c619584d6363"},"headline":"Les ambassadeurs d\u2019Arabie saoudite, du Kowe\u00eft et du Y\u00e9men reviennent au&nbsp;Liban","datePublished":"2022-04-08T17:26:57+00:00","dateModified":"2024-07-16T21:31:17+00:00","mainEntityOfPage":{"@id":"https:\/\/www.newsendip.com\/fr\/les-ambassadeurs-arabie-saoudite-du-koweit-et-du-yemen-reviennent-au-liban\/"},"wordCount":619,"publisher":{"@id":"https:\/\/www.newsendip.com\/fr\/#organization"},"image":{"@id":"https:\/\/www.newsendip.com\/fr\/les-ambassadeurs-arabie-saoudite-du-koweit-et-du-yemen-reviennent-au-liban\/#primaryimage"},"thumbnailUrl":"https:\/\/www.newsendip.com\/wp-content\/uploads\/2022\/04\/najib-mikati-prime-minister-lebanon.webp","keywords":["Arabie saoudite","Koweit","Liban","Vieux"],"articleSection":["Politique"],"inLanguage":"fr-FR","copyrightYear":"2022","copyrightHolder":{"@id":"https:\/\/www.newsendip.com\/#organization"}},{"@type":"WebPage","@id":"https:\/\/www.newsendip.com\/fr\/les-ambassadeurs-arabie-saoudite-du-koweit-et-du-yemen-reviennent-au-liban\/","url":"https:\/\/www.newsendip.com\/fr\/les-ambassadeurs-arabie-saoudite-du-koweit-et-du-yemen-reviennent-au-liban\/","name":"Les ambassadeurs d'Arabie saoudite, du Kowe\u00eft et du Y\u00e9men reviennent au Liban","isPartOf":{"@id":"https:\/\/www.newsendip.com\/fr\/#website"},"primaryImageOfPage":{"@id":"https:\/\/www.newsendip.com\/fr\/les-ambassadeurs-arabie-saoudite-du-koweit-et-du-yemen-reviennent-au-liban\/#primaryimage"},"image":{"@id":"https:\/\/www.newsendip.com\/fr\/les-ambassadeurs-arabie-saoudite-du-koweit-et-du-yemen-reviennent-au-liban\/#primaryimage"},"thumbnailUrl":"https:\/\/www.newsendip.com\/wp-content\/uploads\/2022\/04\/najib-mikati-prime-minister-lebanon.webp","datePublished":"2022-04-08T17:26:57+00:00","dateModified":"2024-07-16T21:31:17+00:00","description":"Les ambassadeurs d'Arabie saoudite, du Kowe\u00eft et du Y\u00e9men reviennent au Liban apr\u00e8s plusieurs mois de tension.","breadcrumb":{"@id":"https:\/\/www.newsendip.com\/fr\/les-ambassadeurs-arabie-saoudite-du-koweit-et-du-yemen-reviennent-au-liban\/#breadcrumb"},"inLanguage":"fr-FR","potentialAction":[{"@type":"ReadAction","target":["https:\/\/www.newsendip.com\/fr\/les-ambassadeurs-arabie-saoudite-du-koweit-et-du-yemen-reviennent-au-liban\/"]}]},{"@type":"ImageObject","inLanguage":"fr-FR","@id":"https:\/\/www.newsendip.com\/fr\/les-ambassadeurs-arabie-saoudite-du-koweit-et-du-yemen-reviennent-au-liban\/#primaryimage","url":"https:\/\/www.newsendip.com\/wp-content\/uploads\/2022\/04\/najib-mikati-prime-minister-lebanon.webp","contentUrl":"https:\/\/www.newsendip.com\/wp-content\/uploads\/2022\/04\/najib-mikati-prime-minister-lebanon.webp","width":663,"height":442,"caption":"Najib Mikati, premier ministre du Liban"},{"@type":"BreadcrumbList","@id":"https:\/\/www.newsendip.com\/fr\/les-ambassadeurs-arabie-saoudite-du-koweit-et-du-yemen-reviennent-au-liban\/#breadcrumb","itemListElement":[{"@type":"ListItem","position":1,"name":"Accueil","item":"https:\/\/www.newsendip.com\/fr\/"},{"@type":"ListItem","position":2,"name":"Les ambassadeurs d&#8217;Arabie saoudite, du Kowe\u00eft et du Y\u00e9men reviennent au Liban"}]},{"@type":"WebSite","@id":"https:\/\/www.newsendip.com\/fr\/#website","url":"https:\/\/www.newsendip.com\/fr\/","name":"Newsendip","description":"Red\u00e9couvrez l&#039;actualit\u00e9 internationale","publisher":{"@id":"https:\/\/www.newsendip.com\/fr\/#organization"},"potentialAction":[{"@type":"SearchAction","target":{"@type":"EntryPoint","urlTemplate":"https:\/\/www.newsendip.com\/fr\/?s={search_term_string}"},"query-input":{"@type":"PropertyValueSpecification","valueRequired":true,"valueName":"search_term_string"}}],"inLanguage":"fr-FR"},{"@type":"Organization","@id":"https:\/\/www.newsendip.com\/fr\/#organization","name":"Newsendip","url":"https:\/\/www.newsendip.com\/fr\/","logo":{"@type":"ImageObject","inLanguage":"fr-FR","@id":"https:\/\/www.newsendip.com\/fr\/#\/schema\/logo\/image\/","url":"https:\/\/www.newsendip.com\/wp-content\/uploads\/2023\/12\/512x512.svg","contentUrl":"https:\/\/www.newsendip.com\/wp-content\/uploads\/2023\/12\/512x512.svg","width":1,"height":1,"caption":"Newsendip"},"image":{"@id":"https:\/\/www.newsendip.com\/fr\/#\/schema\/logo\/image\/"},"sameAs":["https:\/\/www.facebook.com\/newsendip","https:\/\/x.com\/newsendip","https:\/\/mastodon.social\/@newsendip","https:\/\/www.linkedin.com\/company\/newsendip"],"description":"Newsendip est un site qui a pour mission de rendre l'actualit\u00e9 internationale accessible et diversifi\u00e9e","email":"contact@newsendip.com","legalName":"Newsendip SAS","foundingDate":"2022-11-04","vatID":"FR60921124723","numberOfEmployees":{"@type":"QuantitativeValue","minValue":"1","maxValue":"10"},"publishingPrinciples":"https:\/\/www.newsendip.com\/about-us\/","ownershipFundingInfo":"https:\/\/www.newsendip.com\/legal-notice\/","actionableFeedbackPolicy":"https:\/\/www.newsendip.com\/about-us\/","correctionsPolicy":"https:\/\/www.newsendip.com\/about-us\/","ethicsPolicy":"https:\/\/www.newsendip.com\/about-us\/","diversityPolicy":"https:\/\/www.newsendip.com\/about-us\/"},{"@type":"Person","@id":"https:\/\/www.newsendip.com\/fr\/#\/schema\/person\/ea22c01755f464a3cbc2c619584d6363","name":"Cl\u00e9ment V\u00e9rit\u00e9","description":"Cl\u00e9ment is the executive editor and founder of Newsendip. He started in the media industry as a freelance reporter at 16 for a local French newspaper after school and has never left it. He later worked for seven years at The New York Times, notably as a data analyst. He holds a Master of Management in France and a Master of Arts in the United Kingdom in International Marketing &amp; Communications Strategy. He has lived in France, the United Kingdom, and Italy.","sameAs":["https:\/\/www.newsendip.com\/","https:\/\/www.linkedin.com\/in\/clementverite\/","https:\/\/x.com\/https:\/\/twitter.com\/cverite"],"knowsAbout":["News","International","Business","Media monitoring"],"knowsLanguage":["English","French","Italian","Spanish"],"url":"https:\/\/www.newsendip.com\/fr\/author\/clement-verite\/"}]}},"_links":{"self":[{"href":"https:\/\/www.newsendip.com\/fr\/wp-json\/wp\/v2\/posts\/15558","targetHints":{"allow":["GET"]}}],"collection":[{"href":"https:\/\/www.newsendip.com\/fr\/wp-json\/wp\/v2\/posts"}],"about":[{"href":"https:\/\/www.newsendip.com\/fr\/wp-json\/wp\/v2\/types\/post"}],"author":[{"embeddable":true,"href":"https:\/\/www.newsendip.com\/fr\/wp-json\/wp\/v2\/users\/1"}],"replies":[{"embeddable":true,"href":"https:\/\/www.newsendip.com\/fr\/wp-json\/wp\/v2\/comments?post=15558"}],"version-history":[{"count":0,"href":"https:\/\/www.newsendip.com\/fr\/wp-json\/wp\/v2\/posts\/15558\/revisions"}],"wp:featuredmedia":[{"embeddable":true,"href":"https:\/\/www.newsendip.com\/fr\/wp-json\/wp\/v2\/media\/15562"}],"wp:attachment":[{"href":"https:\/\/www.newsendip.com\/fr\/wp-json\/wp\/v2\/media?parent=15558"}],"wp:term":[{"taxonomy":"category","embeddable":true,"href":"https:\/\/www.newsendip.com\/fr\/wp-json\/wp\/v2\/categories?post=15558"},{"taxonomy":"post_tag","embeddable":true,"href":"https:\/\/www.newsendip.com\/fr\/wp-json\/wp\/v2\/tags?post=15558"}],"curies":[{"name":"wp","href":"https:\/\/api.w.org\/{rel}","templated":true}]}}