{"id":15594,"date":"2022-04-11T12:34:59","date_gmt":"2022-04-11T10:34:59","guid":{"rendered":"https:\/\/www.newsendip.com\/?p=15594"},"modified":"2024-07-16T23:31:07","modified_gmt":"2024-07-16T21:31:07","slug":"eleves-afrique-du-sud-hospitalises-apres-avoir-mange-des-space-cakes-vendus-par-un-camarade","status":"publish","type":"post","link":"https:\/\/www.newsendip.com\/fr\/eleves-afrique-du-sud-hospitalises-apres-avoir-mange-des-space-cakes-vendus-par-un-camarade\/","title":{"rendered":"Des \u00e9l\u00e8ves d\u2019Afrique du Sud hospitalis\u00e9s apr\u00e8s avoir mang\u00e9 des space cakes vendus par un camarade"},"content":{"rendered":"<p><strong>Au moins neuf \u00e9l\u00e8ves de lyc\u00e9e ont \u00e9t\u00e9 hospitalis\u00e9s en Afrique du Sud apr\u00e8s avoir mang\u00e9 des space cakes vendus par un camarade.<\/strong><\/p>\n<figure id=\"attachment_15589\" aria-describedby=\"caption-attachment-15589\" style=\"width: 1024px\" class=\"wp-caption aligncenter\"><img decoding=\"async\" class=\"wp-image-15589 size-large\" src=\"https:\/\/www.newsendip.com\/wp-content\/uploads\/2022\/04\/space-cake-marijuana-muffin-1024x768.webp\" alt=\"Space cake: muffin avec une feuille de cannabis\" width=\"1024\" height=\"768\" srcset=\"https:\/\/www.newsendip.com\/wp-content\/uploads\/2022\/04\/space-cake-marijuana-muffin-1024x768.webp 1024w, https:\/\/www.newsendip.com\/wp-content\/uploads\/2022\/04\/space-cake-marijuana-muffin-60x45.webp 60w, https:\/\/www.newsendip.com\/wp-content\/uploads\/2022\/04\/space-cake-marijuana-muffin-300x225.webp 300w, https:\/\/www.newsendip.com\/wp-content\/uploads\/2022\/04\/space-cake-marijuana-muffin-768x576.webp 768w, https:\/\/www.newsendip.com\/wp-content\/uploads\/2022\/04\/space-cake-marijuana-muffin-1536x1152.webp 1536w, https:\/\/www.newsendip.com\/wp-content\/uploads\/2022\/04\/space-cake-marijuana-muffin.webp 1920w\" sizes=\"(max-width: 1024px) 100vw, 1024px\"><figcaption id=\"caption-attachment-15589\" class=\"wp-caption-text\">Illustration \u00a9 Kindel media<\/figcaption><\/figure>\n<p>Panyaza Lesufi, membre du conseil ex\u00e9cutif de la province de Gauteng en charge de l\u2019\u00e9ducation, a indiqu\u00e9 le 10 avril qu\u2019une quinzaine d\u2019\u00e9l\u00e8ves de Terminale de deux lyc\u00e9es avaient achet\u00e9 des space cakes, les avaient mang\u00e9s et \u00e9taient tomb\u00e9s malades. Deux d\u2019entre eux sont retourn\u00e9s chez eux, treize autres ont \u00e9t\u00e9 hospitalis\u00e9s les 7 et 9 avril. L\u2019un des enfants \u00e9tait dans un \u00e9tage grave mais stable.<\/p>\n<p>Le MEC s\u2019est dit \u00ab\u202f<em>pr\u00e9occup\u00e9 par la tendance actuelle des \u00e9l\u00e8ves \u00e0 consommer des space cakes<\/em>\u202f\u00bb, dans une <a href=\"https:\/\/twitter.com\/EducationGP1\/status\/1513163804032569353\/photo\/1\">d\u00e9claration publi\u00e9e sur Twitter<\/a>.<\/p>\n<p>Les \u00e9l\u00e8ves de Terminale ont environ 17\u201318 ans en Afrique du Sud. Les deux lyc\u00e9es sont situ\u00e9s dans la grande banlieue de Johannesburg, la plus grande ville du&nbsp;pays.<!--more--><\/p>\n<p>Au lyc\u00e9e de Randfontein, \u00e0 West Rand, les onze qui sont tomb\u00e9s malades ont achet\u00e9 des space cakes \u00e0 un autre \u00e9l\u00e8ve de Terminale. L\u2019\u00e9l\u00e8ve qui a vendu les g\u00e2teaux est maintenant suspendu pour avoir enfreint le code de conduite de l\u2019\u00e9cole et mis en danger la vie de ses camarades.<\/p>\n<p>Selon le <a href=\"https:\/\/www.sowetanlive.co.za\/news\/south-africa\/2022-04-11-space-cakes-wreak-havoc-at-gauteng-schools\/\">Sowetan LIVE<\/a>, un parent d\u2019\u00e9l\u00e8ve de Randfontein qui est tomb\u00e9 malade apr\u00e8s avoir mang\u00e9 un g\u00e2teau au <a href=\"https:\/\/www.newsendip.com\/fr\/le-costa-rica-legalise-le-cannabis-therapeutique\/\">cannabis<\/a> a d\u00e9clar\u00e9 qu\u2019il l\u2019avait achet\u00e9 en pensant aider leur camarade \u00e0 se procurer une veste pour sa matric dance, le bal de promo de leur derni\u00e8re ann\u00e9e d\u2019\u00e9cole.<\/p>\n<p>\u00c0 l\u2019\u00e9cole secondaire Mamellong \u00e0 Tsakane, situ\u00e9e \u00e0 environ 80\u202fkm de la premi\u00e8re, les quatre \u00e9l\u00e8ves auraient achet\u00e9 des space cakes sur le chemin de l\u2019\u00e9cole.<\/p>\n<p>Le MEC a d\u00e9clar\u00e9 que \u00ab\u202f<em>l\u2019\u00e9tat de sant\u00e9 de ces \u00e9l\u00e8ves est suivi de pr\u00e8s afin de garantir leur prompt r\u00e9tablissement et le retour dans leurs familles<\/em>\u202f\u00bb.<\/p>\n<p><a href=\"https:\/\/www.newsendip.com\/fr\/etiquette\/afrique-sud\/\"><strong>Plus d\u2019infos d\u2019Afrique du&nbsp;Sud<\/strong><\/a><\/p>\n","protected":false},"excerpt":{"rendered":"<p>Au moins neuf \u00e9l\u00e8ves de lyc\u00e9e ont \u00e9t\u00e9 hospitalis\u00e9s en Afrique du Sud apr\u00e8s avoir mang\u00e9 des space cakes vendus par un camarade.<\/p>\n","protected":false},"author":1,"featured_media":15589,"comment_status":"closed","ping_status":"closed","sticky":false,"template":"","format":"standard","meta":{"wp_typography_post_enhancements_disabled":false,"footnotes":""},"categories":[412],"tags":[420,421],"class_list":["post-15594","post","type-post","status-publish","format-standard","has-post-thumbnail","hentry","category-sciences-et-sante","tag-afrique-sud","tag-vieux"],"yoast_head":"<!-- This site is optimized with the Yoast SEO Premium plugin v27.5 (Yoast SEO v27.5) - https:\/\/yoast.com\/product\/yoast-seo-premium-wordpress\/ -->\n<title>Des \u00e9l\u00e8ves d&#039;Afrique du Sud hospitalis\u00e9s apr\u00e8s avoir mang\u00e9 des space cakes vendus par un camarade<\/title>\n<meta name=\"description\" content=\"Au moins neuf \u00e9l\u00e8ves de lyc\u00e9e ont \u00e9t\u00e9 hospitalis\u00e9s en Afrique du Sud apr\u00e8s avoir mang\u00e9 des space cakes vendus par un camarade.\" \/>\n<meta name=\"robots\" content=\"index, follow, max-snippet:-1, max-image-preview:large, max-video-preview:-1\" \/>\n<link rel=\"canonical\" href=\"https:\/\/www.newsendip.com\/fr\/eleves-afrique-du-sud-hospitalises-apres-avoir-mange-des-space-cakes-vendus-par-un-camarade\/\" \/>\n<meta property=\"og:locale\" content=\"fr_FR\" \/>\n<meta property=\"og:type\" content=\"article\" \/>\n<meta property=\"og:title\" content=\"Des \u00e9l\u00e8ves d&#039;Afrique du Sud hospitalis\u00e9s apr\u00e8s avoir mang\u00e9 des space cakes vendus par un camarade\" \/>\n<meta property=\"og:description\" content=\"Au moins neuf \u00e9l\u00e8ves de lyc\u00e9e ont \u00e9t\u00e9 hospitalis\u00e9s en Afrique du Sud apr\u00e8s avoir mang\u00e9 des space cakes vendus par un camarade.\" \/>\n<meta property=\"og:url\" content=\"https:\/\/www.newsendip.com\/fr\/eleves-afrique-du-sud-hospitalises-apres-avoir-mange-des-space-cakes-vendus-par-un-camarade\/\" \/>\n<meta property=\"og:site_name\" content=\"Newsendip\" \/>\n<meta property=\"article:publisher\" content=\"https:\/\/www.facebook.com\/newsendip\" \/>\n<meta property=\"article:published_time\" content=\"2022-04-11T10:34:59+00:00\" \/>\n<meta property=\"article:modified_time\" content=\"2024-07-16T21:31:07+00:00\" \/>\n<meta property=\"og:image\" content=\"https:\/\/www.newsendip.com\/wp-content\/uploads\/2022\/04\/space-cake-marijuana-muffin-small-progressive.jpeg\" \/>\n\t<meta property=\"og:image:width\" content=\"640\" \/>\n\t<meta property=\"og:image:height\" content=\"480\" \/>\n\t<meta property=\"og:image:type\" content=\"image\/jpeg\" \/>\n<meta name=\"author\" content=\"Cl\u00e9ment V\u00e9rit\u00e9\" \/>\n<meta name=\"twitter:card\" content=\"summary_large_image\" \/>\n<meta name=\"twitter:image\" content=\"https:\/\/www.newsendip.com\/wp-content\/uploads\/2022\/04\/space-cake-marijuana-muffin-small-progressive.jpeg\" \/>\n<meta name=\"twitter:creator\" content=\"@https:\/\/twitter.com\/cverite\" \/>\n<meta name=\"twitter:site\" content=\"@newsendip\" \/>\n<meta name=\"twitter:label1\" content=\"\u00c9crit par\" \/>\n\t<meta name=\"twitter:data1\" content=\"Cl\u00e9ment V\u00e9rit\u00e9\" \/>\n\t<meta name=\"twitter:label2\" content=\"Dur\u00e9e de lecture estim\u00e9e\" \/>\n\t<meta name=\"twitter:data2\" content=\"2 minutes\" \/>\n<!-- \/ Yoast SEO Premium plugin. -->","yoast_head_json":{"title":"Des \u00e9l\u00e8ves d'Afrique du Sud hospitalis\u00e9s apr\u00e8s avoir mang\u00e9 des space cakes vendus par un camarade","description":"Au moins neuf \u00e9l\u00e8ves de lyc\u00e9e ont \u00e9t\u00e9 hospitalis\u00e9s en Afrique du Sud apr\u00e8s avoir mang\u00e9 des space cakes vendus par un camarade.","robots":{"index":"index","follow":"follow","max-snippet":"max-snippet:-1","max-image-preview":"max-image-preview:large","max-video-preview":"max-video-preview:-1"},"canonical":"https:\/\/www.newsendip.com\/fr\/eleves-afrique-du-sud-hospitalises-apres-avoir-mange-des-space-cakes-vendus-par-un-camarade\/","og_locale":"fr_FR","og_type":"article","og_title":"Des \u00e9l\u00e8ves d'Afrique du Sud hospitalis\u00e9s apr\u00e8s avoir mang\u00e9 des space cakes vendus par un camarade","og_description":"Au moins neuf \u00e9l\u00e8ves de lyc\u00e9e ont \u00e9t\u00e9 hospitalis\u00e9s en Afrique du Sud apr\u00e8s avoir mang\u00e9 des space cakes vendus par un camarade.","og_url":"https:\/\/www.newsendip.com\/fr\/eleves-afrique-du-sud-hospitalises-apres-avoir-mange-des-space-cakes-vendus-par-un-camarade\/","og_site_name":"Newsendip","article_publisher":"https:\/\/www.facebook.com\/newsendip","article_published_time":"2022-04-11T10:34:59+00:00","article_modified_time":"2024-07-16T21:31:07+00:00","og_image":[{"width":640,"height":480,"url":"https:\/\/www.newsendip.com\/wp-content\/uploads\/2022\/04\/space-cake-marijuana-muffin-small-progressive.jpeg","type":"image\/jpeg"}],"author":"Cl\u00e9ment V\u00e9rit\u00e9","twitter_card":"summary_large_image","twitter_image":"https:\/\/www.newsendip.com\/wp-content\/uploads\/2022\/04\/space-cake-marijuana-muffin-small-progressive.jpeg","twitter_creator":"@https:\/\/twitter.com\/cverite","twitter_site":"@newsendip","twitter_misc":{"\u00c9crit par":"Cl\u00e9ment V\u00e9rit\u00e9","Dur\u00e9e de lecture estim\u00e9e":"2 minutes"},"schema":{"@context":"https:\/\/schema.org","@graph":[{"@type":"NewsArticle","@id":"https:\/\/www.newsendip.com\/fr\/eleves-afrique-du-sud-hospitalises-apres-avoir-mange-des-space-cakes-vendus-par-un-camarade\/#article","isPartOf":{"@id":"https:\/\/www.newsendip.com\/fr\/eleves-afrique-du-sud-hospitalises-apres-avoir-mange-des-space-cakes-vendus-par-un-camarade\/"},"author":{"name":"Cl\u00e9ment V\u00e9rit\u00e9","@id":"https:\/\/www.newsendip.com\/fr\/#\/schema\/person\/ea22c01755f464a3cbc2c619584d6363"},"headline":"Des \u00e9l\u00e8ves d\u2019Afrique du Sud hospitalis\u00e9s apr\u00e8s avoir mang\u00e9 des space cakes vendus par un camarade","datePublished":"2022-04-11T10:34:59+00:00","dateModified":"2024-07-16T21:31:07+00:00","mainEntityOfPage":{"@id":"https:\/\/www.newsendip.com\/fr\/eleves-afrique-du-sud-hospitalises-apres-avoir-mange-des-space-cakes-vendus-par-un-camarade\/"},"wordCount":371,"publisher":{"@id":"https:\/\/www.newsendip.com\/fr\/#organization"},"image":{"@id":"https:\/\/www.newsendip.com\/fr\/eleves-afrique-du-sud-hospitalises-apres-avoir-mange-des-space-cakes-vendus-par-un-camarade\/#primaryimage"},"thumbnailUrl":"https:\/\/www.newsendip.com\/wp-content\/uploads\/2022\/04\/space-cake-marijuana-muffin.webp","keywords":["Afrique du Sud","Vieux"],"articleSection":["Sciences et sant\u00e9"],"inLanguage":"fr-FR","copyrightYear":"2022","copyrightHolder":{"@id":"https:\/\/www.newsendip.com\/#organization"}},{"@type":"WebPage","@id":"https:\/\/www.newsendip.com\/fr\/eleves-afrique-du-sud-hospitalises-apres-avoir-mange-des-space-cakes-vendus-par-un-camarade\/","url":"https:\/\/www.newsendip.com\/fr\/eleves-afrique-du-sud-hospitalises-apres-avoir-mange-des-space-cakes-vendus-par-un-camarade\/","name":"Des \u00e9l\u00e8ves d'Afrique du Sud hospitalis\u00e9s apr\u00e8s avoir mang\u00e9 des space cakes vendus par un camarade","isPartOf":{"@id":"https:\/\/www.newsendip.com\/fr\/#website"},"primaryImageOfPage":{"@id":"https:\/\/www.newsendip.com\/fr\/eleves-afrique-du-sud-hospitalises-apres-avoir-mange-des-space-cakes-vendus-par-un-camarade\/#primaryimage"},"image":{"@id":"https:\/\/www.newsendip.com\/fr\/eleves-afrique-du-sud-hospitalises-apres-avoir-mange-des-space-cakes-vendus-par-un-camarade\/#primaryimage"},"thumbnailUrl":"https:\/\/www.newsendip.com\/wp-content\/uploads\/2022\/04\/space-cake-marijuana-muffin.webp","datePublished":"2022-04-11T10:34:59+00:00","dateModified":"2024-07-16T21:31:07+00:00","description":"Au moins neuf \u00e9l\u00e8ves de lyc\u00e9e ont \u00e9t\u00e9 hospitalis\u00e9s en Afrique du Sud apr\u00e8s avoir mang\u00e9 des space cakes vendus par un camarade.","breadcrumb":{"@id":"https:\/\/www.newsendip.com\/fr\/eleves-afrique-du-sud-hospitalises-apres-avoir-mange-des-space-cakes-vendus-par-un-camarade\/#breadcrumb"},"inLanguage":"fr-FR","potentialAction":[{"@type":"ReadAction","target":["https:\/\/www.newsendip.com\/fr\/eleves-afrique-du-sud-hospitalises-apres-avoir-mange-des-space-cakes-vendus-par-un-camarade\/"]}]},{"@type":"ImageObject","inLanguage":"fr-FR","@id":"https:\/\/www.newsendip.com\/fr\/eleves-afrique-du-sud-hospitalises-apres-avoir-mange-des-space-cakes-vendus-par-un-camarade\/#primaryimage","url":"https:\/\/www.newsendip.com\/wp-content\/uploads\/2022\/04\/space-cake-marijuana-muffin.webp","contentUrl":"https:\/\/www.newsendip.com\/wp-content\/uploads\/2022\/04\/space-cake-marijuana-muffin.webp","width":1920,"height":1440,"caption":"Illustration \u00a9 Kindel media"},{"@type":"BreadcrumbList","@id":"https:\/\/www.newsendip.com\/fr\/eleves-afrique-du-sud-hospitalises-apres-avoir-mange-des-space-cakes-vendus-par-un-camarade\/#breadcrumb","itemListElement":[{"@type":"ListItem","position":1,"name":"Accueil","item":"https:\/\/www.newsendip.com\/fr\/"},{"@type":"ListItem","position":2,"name":"Des \u00e9l\u00e8ves d&#8217;Afrique du Sud hospitalis\u00e9s apr\u00e8s avoir mang\u00e9 des space cakes vendus par un camarade"}]},{"@type":"WebSite","@id":"https:\/\/www.newsendip.com\/fr\/#website","url":"https:\/\/www.newsendip.com\/fr\/","name":"Newsendip","description":"Red\u00e9couvrez l&#039;actualit\u00e9 internationale","publisher":{"@id":"https:\/\/www.newsendip.com\/fr\/#organization"},"potentialAction":[{"@type":"SearchAction","target":{"@type":"EntryPoint","urlTemplate":"https:\/\/www.newsendip.com\/fr\/?s={search_term_string}"},"query-input":{"@type":"PropertyValueSpecification","valueRequired":true,"valueName":"search_term_string"}}],"inLanguage":"fr-FR"},{"@type":"Organization","@id":"https:\/\/www.newsendip.com\/fr\/#organization","name":"Newsendip","url":"https:\/\/www.newsendip.com\/fr\/","logo":{"@type":"ImageObject","inLanguage":"fr-FR","@id":"https:\/\/www.newsendip.com\/fr\/#\/schema\/logo\/image\/","url":"https:\/\/www.newsendip.com\/wp-content\/uploads\/2023\/12\/512x512.svg","contentUrl":"https:\/\/www.newsendip.com\/wp-content\/uploads\/2023\/12\/512x512.svg","width":1,"height":1,"caption":"Newsendip"},"image":{"@id":"https:\/\/www.newsendip.com\/fr\/#\/schema\/logo\/image\/"},"sameAs":["https:\/\/www.facebook.com\/newsendip","https:\/\/x.com\/newsendip","https:\/\/mastodon.social\/@newsendip","https:\/\/www.linkedin.com\/company\/newsendip"],"description":"Newsendip est un site qui a pour mission de rendre l'actualit\u00e9 internationale accessible et diversifi\u00e9e","email":"contact@newsendip.com","legalName":"Newsendip SAS","foundingDate":"2022-11-04","vatID":"FR60921124723","numberOfEmployees":{"@type":"QuantitativeValue","minValue":"1","maxValue":"10"},"publishingPrinciples":"https:\/\/www.newsendip.com\/about-us\/","ownershipFundingInfo":"https:\/\/www.newsendip.com\/legal-notice\/","actionableFeedbackPolicy":"https:\/\/www.newsendip.com\/about-us\/","correctionsPolicy":"https:\/\/www.newsendip.com\/about-us\/","ethicsPolicy":"https:\/\/www.newsendip.com\/about-us\/","diversityPolicy":"https:\/\/www.newsendip.com\/about-us\/"},{"@type":"Person","@id":"https:\/\/www.newsendip.com\/fr\/#\/schema\/person\/ea22c01755f464a3cbc2c619584d6363","name":"Cl\u00e9ment V\u00e9rit\u00e9","description":"Cl\u00e9ment is the executive editor and founder of Newsendip. He started in the media industry as a freelance reporter at 16 for a local French newspaper after school and has never left it. He later worked for seven years at The New York Times, notably as a data analyst. He holds a Master of Management in France and a Master of Arts in the United Kingdom in International Marketing &amp; Communications Strategy. He has lived in France, the United Kingdom, and Italy.","sameAs":["https:\/\/www.newsendip.com\/","https:\/\/www.linkedin.com\/in\/clementverite\/","https:\/\/x.com\/https:\/\/twitter.com\/cverite"],"knowsAbout":["News","International","Business","Media monitoring"],"knowsLanguage":["English","French","Italian","Spanish"],"url":"https:\/\/www.newsendip.com\/fr\/author\/clement-verite\/"}]}},"_links":{"self":[{"href":"https:\/\/www.newsendip.com\/fr\/wp-json\/wp\/v2\/posts\/15594","targetHints":{"allow":["GET"]}}],"collection":[{"href":"https:\/\/www.newsendip.com\/fr\/wp-json\/wp\/v2\/posts"}],"about":[{"href":"https:\/\/www.newsendip.com\/fr\/wp-json\/wp\/v2\/types\/post"}],"author":[{"embeddable":true,"href":"https:\/\/www.newsendip.com\/fr\/wp-json\/wp\/v2\/users\/1"}],"replies":[{"embeddable":true,"href":"https:\/\/www.newsendip.com\/fr\/wp-json\/wp\/v2\/comments?post=15594"}],"version-history":[{"count":0,"href":"https:\/\/www.newsendip.com\/fr\/wp-json\/wp\/v2\/posts\/15594\/revisions"}],"wp:featuredmedia":[{"embeddable":true,"href":"https:\/\/www.newsendip.com\/fr\/wp-json\/wp\/v2\/media\/15589"}],"wp:attachment":[{"href":"https:\/\/www.newsendip.com\/fr\/wp-json\/wp\/v2\/media?parent=15594"}],"wp:term":[{"taxonomy":"category","embeddable":true,"href":"https:\/\/www.newsendip.com\/fr\/wp-json\/wp\/v2\/categories?post=15594"},{"taxonomy":"post_tag","embeddable":true,"href":"https:\/\/www.newsendip.com\/fr\/wp-json\/wp\/v2\/tags?post=15594"}],"curies":[{"name":"wp","href":"https:\/\/api.w.org\/{rel}","templated":true}]}}