{"id":15665,"date":"2022-04-12T18:44:36","date_gmt":"2022-04-12T16:44:36","guid":{"rendered":"https:\/\/www.newsendip.com\/?p=15665"},"modified":"2023-09-05T18:09:27","modified_gmt":"2023-09-05T16:09:27","slug":"le-bureau-des-migrations-du-perou-sexcuse-pour-un-probleme-de-delivrance-de-passeports","status":"publish","type":"post","link":"https:\/\/www.newsendip.com\/fr\/le-bureau-des-migrations-du-perou-sexcuse-pour-un-probleme-de-delivrance-de-passeports\/","title":{"rendered":"Des P\u00e9ruviens ratent leur avion pour un retard de d\u00e9livrance de passeports"},"content":{"rendered":"<p><strong>Des dizaines de P\u00e9ruviens n\u2019ont pas pu voyager \u00e0 l\u2019\u00e9tranger car ils n\u2019ont pas re\u00e7u leur passeport \u00e0 temps en raison d\u2019un probl\u00e8me technique au bureau des migrations.<br>\n<\/strong><\/p>\n<figure id=\"attachment_15669\" aria-describedby=\"caption-attachment-15669\" style=\"width: 580px\" class=\"wp-caption aligncenter\"><img decoding=\"async\" class=\"size-full wp-image-15669\" src=\"https:\/\/www.newsendip.com\/wp-content\/uploads\/2022\/04\/peru-passport-airport-flight-jorge-chavez.webp\" alt=\"Voyageurs \u00e0 l'a\u00e9roport Jorge Ch\u00e1vez au P\u00e9rou attendant leur passeport avant de pouvoir voyager\" width=\"580\" height=\"330\" srcset=\"https:\/\/www.newsendip.com\/wp-content\/uploads\/2022\/04\/peru-passport-airport-flight-jorge-chavez.webp 580w, https:\/\/www.newsendip.com\/wp-content\/uploads\/2022\/04\/peru-passport-airport-flight-jorge-chavez-60x34.webp 60w, https:\/\/www.newsendip.com\/wp-content\/uploads\/2022\/04\/peru-passport-airport-flight-jorge-chavez-300x171.webp 300w\" sizes=\"(max-width: 580px) 100vw, 580px\"><figcaption id=\"caption-attachment-15669\" class=\"wp-caption-text\">Voyageurs \u00e0 l\u2019a\u00e9roport Jorge Ch\u00e1vez au P\u00e9rou attendant leur passeport avant de pouvoir voyager | Twitter<\/figcaption><\/figure>\n<p>Plusieurs voyageurs ont commenc\u00e9 \u00e0 se plaindre dimanche soir de ne pas avoir pu quitter le pays parce que le bureau des migrations n\u2019avait pas \u00e9t\u00e9 en mesure de leur d\u00e9livrer leur passeport \u00e0 temps avant le d\u00e9collage de l\u2019avion.<\/p>\n<p>La surintendance nationale des migrations du minist\u00e8re de l\u2019Int\u00e9rieur a <a href=\"https:\/\/www.facebook.com\/MigracionesDePeru\/posts\/354649613356279\">publi\u00e9 une note le 11 avril<\/a> dans laquelle elle s\u2019excuse pour les incidents et les probl\u00e8mes survenus \u00e0 l\u2019a\u00e9roport international Jorge Ch\u00e1vez.<\/p>\n<p>Le probl\u00e8me \u00e0 l\u2019a\u00e9roport de Lima survient alors que viennent de commencer les c\u00e9l\u00e9brations de la semaine sainte avant P\u00e2ques. C\u2019est l\u2019une des f\u00eates les plus importantes, sinon la plus importante, au P\u00e9rou et l\u2019occasion pour beaucoup de <a href=\"https:\/\/www.newsendip.com\/fr\/le-perou-accorde-6-jours-non-travailles-a-ladministration-pour-booster-le-tourisme\/\">voyager \u00e0 travers et hors du pays<\/a>.<\/p>\n<p>Au P\u00e9rou, les citoyens peuvent obtenir leur <a href=\"https:\/\/www.newsendip.com\/fr\/le-chili-annule-un-contrat-avec-la-societe-chinoise-aisino-a-cause-de-la-securite-des-donnees-et-laccord-sur-les-visas-avec-les-etats-unis\/\">passeport<\/a> le jour m\u00eame apr\u00e8s avoir fourni leurs <a href=\"https:\/\/www.newsendip.com\/fr\/ses-empreintes-digitales-biometrie-pour-avoir-le-droit-davoir-une-telephone-portable-au-mexique\/\">donn\u00e9es biom\u00e9triques<\/a> et documents d\u2019identit\u00e9. Ils peuvent \u00e9galement recevoir leur passeport directement \u00e0 l\u2019a\u00e9roport international Jorge Ch\u00e1vez si leur vol d\u00e9colle dans les prochaines 24 heures.<!--more--><\/p>\n<p>Mais un probl\u00e8me technique a emp\u00each\u00e9 l\u2019impression des passeports en raison d\u2019une surcharge de demandes, affectant principalement les voyageurs qui attendaient le document pour voyager \u00e0 l\u2019\u00e9tranger.<\/p>\n<p>L\u2019administration a ensuite inform\u00e9 lundi que le probl\u00e8me technique avait \u00e9t\u00e9 r\u00e9solu, permettant l\u2019impression de 16 000 passeports, 80 000 autres devant \u00eatre d\u00e9livr\u00e9s d\u2019ici la fin du mois. Mardi, la surintendance a d\u00e9clar\u00e9 qu\u2019elle s\u2019assurerait de recevoir dans ses bureaux toute personne ayant pr\u00e9vu un voyage dans les prochaines 48 heures. Le bureau des migrations de l\u2019a\u00e9roport reste ouvert 24 heures sur 24 et 7 jours sur&nbsp;7.<\/p>\n<p>Le bureau a par ailleurs souhait\u00e9 souligner qu\u2019il d\u00e9livrerait 700 000 passeports d\u2019ici juillet 2022.<\/p>\n<p>Le superintendant des migrations a justifi\u00e9 le probl\u00e8me technique par une technologie obsol\u00e8te et a demand\u00e9 au minist\u00e8re de l\u2019\u00c9conomie et des Finances de recevoir des fonds pour mettre \u00e0 niveau le syst\u00e8me.<\/p>\n<p><a href=\"https:\/\/www.newsendip.com\/fr\/etiquette\/perou\/\"><strong>D\u00e9couvrez plus d\u2019informations sur le&nbsp;P\u00e9rou<\/strong><\/a><\/p>\n","protected":false},"excerpt":{"rendered":"<p>Des dizaines de P\u00e9ruviens n\u2019ont pas pu voyager \u00e0 l\u2019\u00e9tranger car ils n\u2019ont pas re\u00e7u leur passeport \u00e0 temps en raison d\u2019un probl\u00e8me technique au bureau des migrations.<\/p>\n","protected":false},"author":1,"featured_media":15669,"comment_status":"closed","ping_status":"closed","sticky":false,"template":"","format":"standard","meta":{"wp_typography_post_enhancements_disabled":false,"footnotes":""},"categories":[409],"tags":[503,421],"class_list":["post-15665","post","type-post","status-publish","format-standard","has-post-thumbnail","hentry","category-societe","tag-perou","tag-vieux"],"yoast_head":"<!-- This site is optimized with the Yoast SEO Premium plugin v27.4 (Yoast SEO v27.4) - https:\/\/yoast.com\/product\/yoast-seo-premium-wordpress\/ -->\n<title>Des P\u00e9ruviens ratent leur avion pour un retard de d\u00e9livrance de passeports<\/title>\n<meta name=\"description\" content=\"Des dizaines de P\u00e9ruviens n&#039;ont pas pu voyager \u00e0 l&#039;\u00e9tranger car ils n&#039;ont pas re\u00e7u leur passeport \u00e0 temps en raison d&#039;un probl\u00e8me technique au bureau des migrations.\" \/>\n<meta name=\"robots\" content=\"index, follow, max-snippet:-1, max-image-preview:large, max-video-preview:-1\" \/>\n<link rel=\"canonical\" href=\"https:\/\/www.newsendip.com\/fr\/le-bureau-des-migrations-du-perou-sexcuse-pour-un-probleme-de-delivrance-de-passeports\/\" \/>\n<meta property=\"og:locale\" content=\"fr_FR\" \/>\n<meta property=\"og:type\" content=\"article\" \/>\n<meta property=\"og:title\" content=\"Des P\u00e9ruviens ratent leur avion pour un retard de d\u00e9livrance de passeports\" \/>\n<meta property=\"og:description\" content=\"Des dizaines de P\u00e9ruviens n&#039;ont pas pu voyager \u00e0 l&#039;\u00e9tranger car ils n&#039;ont pas re\u00e7u leur passeport \u00e0 temps en raison d&#039;un probl\u00e8me technique au bureau des migrations.\" \/>\n<meta property=\"og:url\" content=\"https:\/\/www.newsendip.com\/fr\/le-bureau-des-migrations-du-perou-sexcuse-pour-un-probleme-de-delivrance-de-passeports\/\" \/>\n<meta property=\"og:site_name\" content=\"Newsendip\" \/>\n<meta property=\"article:publisher\" content=\"https:\/\/www.facebook.com\/newsendip\" \/>\n<meta property=\"article:published_time\" content=\"2022-04-12T16:44:36+00:00\" \/>\n<meta property=\"article:modified_time\" content=\"2023-09-05T16:09:27+00:00\" \/>\n<meta property=\"og:image\" content=\"https:\/\/www.newsendip.com\/wp-content\/uploads\/2022\/04\/peru-passport-airport-flight-jorge-chavez-progressive.jpeg\" \/>\n\t<meta property=\"og:image:width\" content=\"580\" \/>\n\t<meta property=\"og:image:height\" content=\"330\" \/>\n\t<meta property=\"og:image:type\" content=\"image\/jpeg\" \/>\n<meta name=\"author\" content=\"Cl\u00e9ment V\u00e9rit\u00e9\" \/>\n<meta name=\"twitter:card\" content=\"summary_large_image\" \/>\n<meta name=\"twitter:image\" content=\"https:\/\/www.newsendip.com\/wp-content\/uploads\/2022\/04\/peru-passport-airport-flight-jorge-chavez-progressive.jpeg\" \/>\n<meta name=\"twitter:creator\" content=\"@https:\/\/twitter.com\/cverite\" \/>\n<meta name=\"twitter:site\" content=\"@newsendip\" \/>\n<meta name=\"twitter:label1\" content=\"\u00c9crit par\" \/>\n\t<meta name=\"twitter:data1\" content=\"Cl\u00e9ment V\u00e9rit\u00e9\" \/>\n\t<meta name=\"twitter:label2\" content=\"Dur\u00e9e de lecture estim\u00e9e\" \/>\n\t<meta name=\"twitter:data2\" content=\"2 minutes\" \/>\n<!-- \/ Yoast SEO Premium plugin. -->","yoast_head_json":{"title":"Des P\u00e9ruviens ratent leur avion pour un retard de d\u00e9livrance de passeports","description":"Des dizaines de P\u00e9ruviens n'ont pas pu voyager \u00e0 l'\u00e9tranger car ils n'ont pas re\u00e7u leur passeport \u00e0 temps en raison d'un probl\u00e8me technique au bureau des migrations.","robots":{"index":"index","follow":"follow","max-snippet":"max-snippet:-1","max-image-preview":"max-image-preview:large","max-video-preview":"max-video-preview:-1"},"canonical":"https:\/\/www.newsendip.com\/fr\/le-bureau-des-migrations-du-perou-sexcuse-pour-un-probleme-de-delivrance-de-passeports\/","og_locale":"fr_FR","og_type":"article","og_title":"Des P\u00e9ruviens ratent leur avion pour un retard de d\u00e9livrance de passeports","og_description":"Des dizaines de P\u00e9ruviens n'ont pas pu voyager \u00e0 l'\u00e9tranger car ils n'ont pas re\u00e7u leur passeport \u00e0 temps en raison d'un probl\u00e8me technique au bureau des migrations.","og_url":"https:\/\/www.newsendip.com\/fr\/le-bureau-des-migrations-du-perou-sexcuse-pour-un-probleme-de-delivrance-de-passeports\/","og_site_name":"Newsendip","article_publisher":"https:\/\/www.facebook.com\/newsendip","article_published_time":"2022-04-12T16:44:36+00:00","article_modified_time":"2023-09-05T16:09:27+00:00","og_image":[{"width":580,"height":330,"url":"https:\/\/www.newsendip.com\/wp-content\/uploads\/2022\/04\/peru-passport-airport-flight-jorge-chavez-progressive.jpeg","type":"image\/jpeg"}],"author":"Cl\u00e9ment V\u00e9rit\u00e9","twitter_card":"summary_large_image","twitter_image":"https:\/\/www.newsendip.com\/wp-content\/uploads\/2022\/04\/peru-passport-airport-flight-jorge-chavez-progressive.jpeg","twitter_creator":"@https:\/\/twitter.com\/cverite","twitter_site":"@newsendip","twitter_misc":{"\u00c9crit par":"Cl\u00e9ment V\u00e9rit\u00e9","Dur\u00e9e de lecture estim\u00e9e":"2 minutes"},"schema":{"@context":"https:\/\/schema.org","@graph":[{"@type":"NewsArticle","@id":"https:\/\/www.newsendip.com\/fr\/le-bureau-des-migrations-du-perou-sexcuse-pour-un-probleme-de-delivrance-de-passeports\/#article","isPartOf":{"@id":"https:\/\/www.newsendip.com\/fr\/le-bureau-des-migrations-du-perou-sexcuse-pour-un-probleme-de-delivrance-de-passeports\/"},"author":{"name":"Cl\u00e9ment V\u00e9rit\u00e9","@id":"https:\/\/www.newsendip.com\/fr\/#\/schema\/person\/ea22c01755f464a3cbc2c619584d6363"},"headline":"Des P\u00e9ruviens ratent leur avion pour un retard de d\u00e9livrance de passeports","datePublished":"2022-04-12T16:44:36+00:00","dateModified":"2023-09-05T16:09:27+00:00","mainEntityOfPage":{"@id":"https:\/\/www.newsendip.com\/fr\/le-bureau-des-migrations-du-perou-sexcuse-pour-un-probleme-de-delivrance-de-passeports\/"},"wordCount":420,"publisher":{"@id":"https:\/\/www.newsendip.com\/fr\/#organization"},"image":{"@id":"https:\/\/www.newsendip.com\/fr\/le-bureau-des-migrations-du-perou-sexcuse-pour-un-probleme-de-delivrance-de-passeports\/#primaryimage"},"thumbnailUrl":"https:\/\/www.newsendip.com\/wp-content\/uploads\/2022\/04\/peru-passport-airport-flight-jorge-chavez.webp","keywords":["P\u00e9rou","Vieux"],"articleSection":["Soci\u00e9t\u00e9"],"inLanguage":"fr-FR","copyrightYear":"2022","copyrightHolder":{"@id":"https:\/\/www.newsendip.com\/#organization"}},{"@type":"WebPage","@id":"https:\/\/www.newsendip.com\/fr\/le-bureau-des-migrations-du-perou-sexcuse-pour-un-probleme-de-delivrance-de-passeports\/","url":"https:\/\/www.newsendip.com\/fr\/le-bureau-des-migrations-du-perou-sexcuse-pour-un-probleme-de-delivrance-de-passeports\/","name":"Des P\u00e9ruviens ratent leur avion pour un retard de d\u00e9livrance de passeports","isPartOf":{"@id":"https:\/\/www.newsendip.com\/fr\/#website"},"primaryImageOfPage":{"@id":"https:\/\/www.newsendip.com\/fr\/le-bureau-des-migrations-du-perou-sexcuse-pour-un-probleme-de-delivrance-de-passeports\/#primaryimage"},"image":{"@id":"https:\/\/www.newsendip.com\/fr\/le-bureau-des-migrations-du-perou-sexcuse-pour-un-probleme-de-delivrance-de-passeports\/#primaryimage"},"thumbnailUrl":"https:\/\/www.newsendip.com\/wp-content\/uploads\/2022\/04\/peru-passport-airport-flight-jorge-chavez.webp","datePublished":"2022-04-12T16:44:36+00:00","dateModified":"2023-09-05T16:09:27+00:00","description":"Des dizaines de P\u00e9ruviens n'ont pas pu voyager \u00e0 l'\u00e9tranger car ils n'ont pas re\u00e7u leur passeport \u00e0 temps en raison d'un probl\u00e8me technique au bureau des migrations.","breadcrumb":{"@id":"https:\/\/www.newsendip.com\/fr\/le-bureau-des-migrations-du-perou-sexcuse-pour-un-probleme-de-delivrance-de-passeports\/#breadcrumb"},"inLanguage":"fr-FR","potentialAction":[{"@type":"ReadAction","target":["https:\/\/www.newsendip.com\/fr\/le-bureau-des-migrations-du-perou-sexcuse-pour-un-probleme-de-delivrance-de-passeports\/"]}]},{"@type":"ImageObject","inLanguage":"fr-FR","@id":"https:\/\/www.newsendip.com\/fr\/le-bureau-des-migrations-du-perou-sexcuse-pour-un-probleme-de-delivrance-de-passeports\/#primaryimage","url":"https:\/\/www.newsendip.com\/wp-content\/uploads\/2022\/04\/peru-passport-airport-flight-jorge-chavez.webp","contentUrl":"https:\/\/www.newsendip.com\/wp-content\/uploads\/2022\/04\/peru-passport-airport-flight-jorge-chavez.webp","width":580,"height":330,"caption":"Voyageurs \u00e0 l'a\u00e9roport Jorge Ch\u00e1vez au P\u00e9rou attendant leur passeport avant de pouvoir voyager | Twitter"},{"@type":"BreadcrumbList","@id":"https:\/\/www.newsendip.com\/fr\/le-bureau-des-migrations-du-perou-sexcuse-pour-un-probleme-de-delivrance-de-passeports\/#breadcrumb","itemListElement":[{"@type":"ListItem","position":1,"name":"Accueil","item":"https:\/\/www.newsendip.com\/fr\/"},{"@type":"ListItem","position":2,"name":"Des P\u00e9ruviens ratent leur avion pour un retard de d\u00e9livrance de passeports"}]},{"@type":"WebSite","@id":"https:\/\/www.newsendip.com\/fr\/#website","url":"https:\/\/www.newsendip.com\/fr\/","name":"Newsendip","description":"Red\u00e9couvrez l&#039;actualit\u00e9 internationale","publisher":{"@id":"https:\/\/www.newsendip.com\/fr\/#organization"},"potentialAction":[{"@type":"SearchAction","target":{"@type":"EntryPoint","urlTemplate":"https:\/\/www.newsendip.com\/fr\/?s={search_term_string}"},"query-input":{"@type":"PropertyValueSpecification","valueRequired":true,"valueName":"search_term_string"}}],"inLanguage":"fr-FR"},{"@type":"Organization","@id":"https:\/\/www.newsendip.com\/fr\/#organization","name":"Newsendip","url":"https:\/\/www.newsendip.com\/fr\/","logo":{"@type":"ImageObject","inLanguage":"fr-FR","@id":"https:\/\/www.newsendip.com\/fr\/#\/schema\/logo\/image\/","url":"https:\/\/www.newsendip.com\/wp-content\/uploads\/2023\/12\/512x512.svg","contentUrl":"https:\/\/www.newsendip.com\/wp-content\/uploads\/2023\/12\/512x512.svg","width":1,"height":1,"caption":"Newsendip"},"image":{"@id":"https:\/\/www.newsendip.com\/fr\/#\/schema\/logo\/image\/"},"sameAs":["https:\/\/www.facebook.com\/newsendip","https:\/\/x.com\/newsendip","https:\/\/mastodon.social\/@newsendip","https:\/\/www.linkedin.com\/company\/newsendip"],"description":"Newsendip est un site qui a pour mission de rendre l'actualit\u00e9 internationale accessible et diversifi\u00e9e","email":"contact@newsendip.com","legalName":"Newsendip SAS","foundingDate":"2022-11-04","vatID":"FR60921124723","numberOfEmployees":{"@type":"QuantitativeValue","minValue":"1","maxValue":"10"},"publishingPrinciples":"https:\/\/www.newsendip.com\/about-us\/","ownershipFundingInfo":"https:\/\/www.newsendip.com\/legal-notice\/","actionableFeedbackPolicy":"https:\/\/www.newsendip.com\/about-us\/","correctionsPolicy":"https:\/\/www.newsendip.com\/about-us\/","ethicsPolicy":"https:\/\/www.newsendip.com\/about-us\/","diversityPolicy":"https:\/\/www.newsendip.com\/about-us\/"},{"@type":"Person","@id":"https:\/\/www.newsendip.com\/fr\/#\/schema\/person\/ea22c01755f464a3cbc2c619584d6363","name":"Cl\u00e9ment V\u00e9rit\u00e9","description":"Cl\u00e9ment is the executive editor and founder of Newsendip. He started in the media industry as a freelance reporter at 16 for a local French newspaper after school and has never left it. He later worked for seven years at The New York Times, notably as a data analyst. He holds a Master of Management in France and a Master of Arts in the United Kingdom in International Marketing &amp; Communications Strategy. He has lived in France, the United Kingdom, and Italy.","sameAs":["https:\/\/www.newsendip.com\/","https:\/\/www.linkedin.com\/in\/clementverite\/","https:\/\/x.com\/https:\/\/twitter.com\/cverite"],"knowsAbout":["News","International","Business","Media monitoring"],"knowsLanguage":["English","French","Italian","Spanish"],"url":"https:\/\/www.newsendip.com\/fr\/author\/clement-verite\/"}]}},"_links":{"self":[{"href":"https:\/\/www.newsendip.com\/fr\/wp-json\/wp\/v2\/posts\/15665","targetHints":{"allow":["GET"]}}],"collection":[{"href":"https:\/\/www.newsendip.com\/fr\/wp-json\/wp\/v2\/posts"}],"about":[{"href":"https:\/\/www.newsendip.com\/fr\/wp-json\/wp\/v2\/types\/post"}],"author":[{"embeddable":true,"href":"https:\/\/www.newsendip.com\/fr\/wp-json\/wp\/v2\/users\/1"}],"replies":[{"embeddable":true,"href":"https:\/\/www.newsendip.com\/fr\/wp-json\/wp\/v2\/comments?post=15665"}],"version-history":[{"count":0,"href":"https:\/\/www.newsendip.com\/fr\/wp-json\/wp\/v2\/posts\/15665\/revisions"}],"wp:featuredmedia":[{"embeddable":true,"href":"https:\/\/www.newsendip.com\/fr\/wp-json\/wp\/v2\/media\/15669"}],"wp:attachment":[{"href":"https:\/\/www.newsendip.com\/fr\/wp-json\/wp\/v2\/media?parent=15665"}],"wp:term":[{"taxonomy":"category","embeddable":true,"href":"https:\/\/www.newsendip.com\/fr\/wp-json\/wp\/v2\/categories?post=15665"},{"taxonomy":"post_tag","embeddable":true,"href":"https:\/\/www.newsendip.com\/fr\/wp-json\/wp\/v2\/tags?post=15665"}],"curies":[{"name":"wp","href":"https:\/\/api.w.org\/{rel}","templated":true}]}}