{"id":15777,"date":"2022-04-15T00:45:10","date_gmt":"2022-04-14T22:45:10","guid":{"rendered":"https:\/\/www.newsendip.com\/?p=15777"},"modified":"2022-11-07T10:37:47","modified_gmt":"2022-11-07T09:37:47","slug":"jair-bolsonaro-et-le-sujet-delicat-du-salaire-des-fonctionnaires-bresil-budget-inflation-elections","status":"publish","type":"post","link":"https:\/\/www.newsendip.com\/fr\/jair-bolsonaro-et-le-sujet-delicat-du-salaire-des-fonctionnaires-bresil-budget-inflation-elections\/","title":{"rendered":"Jair Bolsonaro et le sujet d\u00e9licat du salaire des fonctionnaires"},"content":{"rendered":"<p><strong>\u00c0 quelques mois des prochaines \u00e9lections pr\u00e9sidentielles o\u00f9 il devrait briguer un second mandat, le pr\u00e9sident du Br\u00e9sil Jair Bolsonaro tente de se sortir d\u2019une position d\u00e9licate sur le sujet du salaire des fonctionnaires.<\/strong><\/p>\n<figure id=\"attachment_13953\" aria-describedby=\"caption-attachment-13953\" style=\"width: 1024px\" class=\"wp-caption aligncenter\"><img decoding=\"async\" class=\"size-large wp-image-13953\" src=\"https:\/\/www.newsendip.com\/wp-content\/uploads\/2022\/01\/bolsonaro-brazil-federal-police-1024x683.webp\" alt=\"Discours de Jair Bolsonaro aux policiers f\u00e9d\u00e9raux du Br\u00e9sil\" width=\"1024\" height=\"683\" srcset=\"https:\/\/www.newsendip.com\/wp-content\/uploads\/2022\/01\/bolsonaro-brazil-federal-police-1024x683.webp 1024w, https:\/\/www.newsendip.com\/wp-content\/uploads\/2022\/01\/bolsonaro-brazil-federal-police-60x40.webp 60w, https:\/\/www.newsendip.com\/wp-content\/uploads\/2022\/01\/bolsonaro-brazil-federal-police-720x480.webp 720w, https:\/\/www.newsendip.com\/wp-content\/uploads\/2022\/01\/bolsonaro-brazil-federal-police-300x200.webp 300w, https:\/\/www.newsendip.com\/wp-content\/uploads\/2022\/01\/bolsonaro-brazil-federal-police-768x512.webp 768w, https:\/\/www.newsendip.com\/wp-content\/uploads\/2022\/01\/bolsonaro-brazil-federal-police-1536x1024.webp 1536w, https:\/\/www.newsendip.com\/wp-content\/uploads\/2022\/01\/bolsonaro-brazil-federal-police.webp 2048w\" sizes=\"(max-width: 1024px) 100vw, 1024px\"><figcaption id=\"caption-attachment-13953\" class=\"wp-caption-text\">Bolsonaro souhaiterait offrir une augmentation de salaire aux officiers de police f\u00e9d\u00e9raux | \u00a9 Pal\u00e1cio do Planalto, 2020<\/figcaption><\/figure>\n<p>Le 13 avril, le pr\u00e9sident br\u00e9silien Jair Bolsonaro a d\u00e9cid\u00e9 d\u2019accorder une augmentation de salaire de 5\u202f% \u00e0 tous les fonctionnaires f\u00e9d\u00e9raux \u00e0 partir de juillet, y compris les militaires, <a href=\"https:\/\/www1.folha.uol.com.br\/mercado\/2022\/04\/governo-decide-dar-aumento-de-5-a-servidores-e-tirar-verbas-de-outras-areas.shtml\">selon plusieurs m\u00e9dias br\u00e9siliens<\/a>.<\/p>\n<p>Cette d\u00e9cision r\u00e9cente fait suite \u00e0 des semaines de controverse sur les salaires des employ\u00e9s du secteur public f\u00e9d\u00e9ral. Mais elle pourrait ne pas r\u00e9soudre tous les probl\u00e8mes du pr\u00e9sident sur le&nbsp;sujet.<\/p>\n<p><a href=\"https:\/\/www.newsendip.com\/fr\/bolsonaro-renonce-a-une-augmentation-de-salaire-promise-a-la-police-pour-linstant\/\">Jair Bolsonaro avait clairement affich\u00e9 sa volont\u00e9<\/a> d\u2019accorder une augmentation aux forces de&nbsp; l\u2019ordre&nbsp;: les employ\u00e9s de la police f\u00e9d\u00e9rale, de la police f\u00e9d\u00e9rale autorouti\u00e8re et du d\u00e9partement p\u00e9nitentiaire national.<\/p>\n<p>Bien qu\u2019il ait bri\u00e8vement \u00e9voqu\u00e9 une augmentation de salaire pour tous les employ\u00e9s du secteur public en novembre, le pr\u00e9sident a ensuite annonc\u00e9 en d\u00e9cembre que les augmentations salariales s\u2019\u00e9l\u00e8veraient \u00e0 2,8 milliards de reais (596 millions de dollars) pour les forces de l\u2019ordre en 2022, et jusqu\u2019\u00e0 11 milliards de reais d\u2019ici&nbsp;2024.<\/p>\n<p>Le budget f\u00e9d\u00e9ral vot\u00e9 par le Congr\u00e8s a finalement provisionn\u00e9 1,7 milliard de reais pour les augmentations.<!--more--><\/p>\n<p>La police est bien connue \u00eatre <a href=\"https:\/\/www.newsendip.com\/fr\/74-de-la-police-bresilienne-favorables-a-lacces-aux-armes-a-feu-pour-les-civils\/\">pourvoyeur de votes \u00e0 Bolsonaro<\/a>, le pr\u00e9sident br\u00e9silien cherchant \u00e0 obtenir un second mandat en octobre. Mais les <a href=\"https:\/\/www.newsendip.com\/fr\/jair-bolsonaro-le-chef-detat-le-moins-populaire-parmi-13-leaders-du-monde\/\">sondages d\u2019opinion<\/a> donnent pour l\u2019instant Bolsonaro en deuxi\u00e8me position derri\u00e8re l\u2019ancien pr\u00e9sident Lula Da&nbsp;Silva.<\/p>\n<p>L\u2019id\u00e9e de n\u2019augmenter les salaires que pour une cat\u00e9gorie de fonctionnaires a irrit\u00e9 les autres, entra\u00eenant des gr\u00e8ves et des manifestations de la Banque centrale du Br\u00e9sil et des douanes avant que le pr\u00e9sident ne signe le budget f\u00e9d\u00e9ral en janvier. Plus d\u2019un millier de fonctionnaires ont remis leur lettre de d\u00e9mission, la moiti\u00e9 des employ\u00e9s de la banque centrale ont cess\u00e9 de travailler pendant deux heures en signe de protestation.<\/p>\n<p>Le pr\u00e9sident a finalement sign\u00e9 le budget f\u00e9d\u00e9ral 2022 et les 1,7 milliard de r\u00e9ais d\u2019augmentation de salaire ont \u00e9t\u00e9 approuv\u00e9s, bien que l\u2019affectation exacte des fonds n\u2019ait pas \u00e9t\u00e9 clairement indiqu\u00e9e, retardant la d\u00e9cision pour quelques temps.<\/p>\n<p>Mais deux semaines plus tard, <a href=\"https:\/\/g1.globo.com\/politica\/noticia\/2022\/02\/11\/sem-entendimento-das-demais-categorias-reajuste-para-policiais-fica-para-2023-diz-bolsonaro.ghtml\">Bolsonaro a confirm\u00e9 que cet argent \u00e9tait consacr\u00e9 aux salaires des forces de l\u2019ordre<\/a> et a envisag\u00e9 de reporter l\u2019augmentation \u00e0 2023\u202fen fonction des r\u00e9actions des autres employ\u00e9s du secteur public. Cependant, le budget pour 2023 ne sera sign\u00e9 que par le pr\u00e9sident \u00e9lu en octobre.<\/p>\n<p>Les employ\u00e9s de la banque centrale ont entam\u00e9 le 1er avril une gr\u00e8ve illimit\u00e9e, une branche dont la voix est puissante car une gr\u00e8ve massive \u00e0 la banque centrale peut perturber les op\u00e9rations financi\u00e8res du pays. Dans certains d\u00e9partements, plus de 50\u202f% des employ\u00e9s sont en&nbsp;gr\u00e8ve.<\/p>\n<p>Des alternatives \u00e0 l\u2019augmentation de 5\u202f% pour tous ont \u00e9t\u00e9 envisag\u00e9es, notamment des bons de 400 R$ (85\u202f$). Mais une augmentation appliqu\u00e9e \u00e0 tous \u00e9tait cens\u00e9e ramener le calme aupr\u00e8s de chacun.<\/p>\n<p>Sauf que pour le syndicat de la Banque centrale nationale, une telle d\u00e9cision est loin d\u2019\u00eatre suffisante pour arr\u00eater la gr\u00e8ve. Le syndicat fait valoir que depuis leur dernier ajustement salarial, d\u00e9j\u00e0 de 5\u202f% en 2019, leur salaire a perdu pr\u00e8s de 25\u202f% de pouvoir d\u2019achat \u00e0 cause de l\u2019inflation.<\/p>\n<p>L\u2019augmentation de 5 pour cent est en effet m\u00eame inf\u00e9rieure \u00e0 l\u2019inflation de 11,3 pour cent de ces 12 derniers mois, selon l\u2019institut de statistiques du Br\u00e9sil.<\/p>\n<p>Le Br\u00e9sil est confront\u00e9 \u00e0 des difficult\u00e9s \u00e9conomiques, \u00e0 des taux d\u2019inflation \u00e9lev\u00e9s et ne dispose pas d\u2019une grande marge de man\u0153uvre. Dans le contexte de la hausse des prix, le salaire minimum f\u00e9d\u00e9ral a augment\u00e9 de 10\u202f% pour atteindre 1 212 R$ (223\u202f$) (les gouvernements des \u00c9tats peuvent d\u00e9cider d\u2019un minimum plus \u00e9lev\u00e9). Mais les salaires de la plupart des fonctionnaires sont gel\u00e9s depuis des ann\u00e9es.<\/p>\n<p>Les contr\u00f4leurs fiscaux, les forces de police, les employ\u00e9s de la banque centrale font partie des cat\u00e9gories les plus puissantes du secteur public et ont b\u00e9n\u00e9fici\u00e9 d\u2019un r\u00e9ajustement salarial en 2019 alors que de nombreux autres salaires de fonctionnaires f\u00e9d\u00e9raux sont gel\u00e9s depuis 2017.<\/p>\n<p>En outre, le r\u00e9ajustement de 5\u202f% devrait n\u00e9cessiter 6,5 milliards de reais pour les six prochains mois, soit beaucoup plus que le 1,7 milliard de reais sign\u00e9 pour l\u2019ann\u00e9e en janvier, ce qui impliquerait des coupes budg\u00e9taires dans d\u2019autres domaines. M. Bolsonaro avait d\u00e9clar\u00e9 plus t\u00f4t cette ann\u00e9e que tous m\u00e9ritaient une augmentation, mais que c\u2019\u00e9tait financi\u00e8rement impossible. Le ministre de l\u2019\u00e9conomie Paul Guedes a m\u00eame d\u00e9clar\u00e9 la semaine derni\u00e8re que cette solution pourrait \u00ab\u202f<em>d\u00e9truire l\u2019\u00e9conomie du Br\u00e9sil\u202f\u00bb<\/em>.<\/p>\n<p>Les relations de Bolsonaro avec l\u2019<a href=\"https:\/\/www.newsendip.com\/fr\/jair-bolsonaro-a-tente-de-revisiter-lhistoire-du-bresil-pour-lexamen-du-baccalaureat\/\">administration a souvent \u00e9t\u00e9 difficile<\/a>. Et le nouveau dispositif, loin de satisfaire les employ\u00e9s du secteur public qui sont d\u00e9sormais inclus, pourrait \u00e9galement agacer les forces de l\u2019ordre. La police a consid\u00e9r\u00e9 l\u2019information comme une \u00ab\u202f<em>grande d\u00e9ception\u202f\u00bb<\/em> car elle verrait son augmentation r\u00e9duite. L\u2019Association nationale des d\u00e9l\u00e9gu\u00e9s de la police f\u00e9d\u00e9rale a \u00e9voqu\u00e9 une \u00ab\u202f<em>rupture injuste de l\u2019engagement\u202f\u00bb<\/em>.<\/p>\n<p>Les policiers sont \u00e9galement capables de descendre dans la rue si les augmentations ne leur conviennent pas. Des milliers d\u2019employ\u00e9s des forces de l\u2019ordre de l\u2019\u00c9tat du Minas Gerais ont protest\u00e9 contre l\u2019augmentation de salaire propos\u00e9e par le gouvernement de l\u2019\u00c9tat, la jugeant trop faible. En octobre, les Br\u00e9siliens votent \u00e9galement pour \u00e9lire les gouverneurs des \u00c9tats et les membres du Congr\u00e8s en m\u00eame temps que leur futur pr\u00e9sident.<\/p>\n<p>Le Congr\u00e8s devra en tout cas approuver une r\u00e9affectation budg\u00e9taire tr\u00e8s prochainement. Le temps presse si Bolsonaro veut \u00e9viter tout conflit avec l\u2019ensemble du secteur public avant les \u00e9lections.<\/p>\n<p>Les lois br\u00e9siliennes interdisent en effet toute augmentation de salaire dans l\u2019ensemble de l\u2019administration publique <a href=\"https:\/\/www.tse.jus.br\/imprensa\/noticias-tse\/2022\/Abril\/eleicoes-2022-servidor-publico-nao-pode-ter-reajuste-acima-da-inflacao-a-partir-de-hoje-5\">au cours des 180 derniers jours du mandat pr\u00e9sidentiel<\/a> afin d\u2019\u00e9viter toute man\u0153uvre \u00e9lectoraliste. La d\u00e9lai est pass\u00e9 depuis le 2 avril puisque le <a href=\"https:\/\/www.newsendip.com\/fr\/jair-bolsonaro-se-prepare-aux-elections-presidentielles-de-2022-et-adhere-a-un-parti-politique\/\">premier tour des \u00e9lections se d\u00e9roule le 2 octobre<\/a>. Il ne peut pas non prendre de d\u00e9cision impactant le budget de la prochaine administration. Mais la r\u00e9glementation s\u2019applique lorsque l\u2019augmentation d\u00e9passe le taux d\u2019inflation de l\u2019ann\u00e9e \u00e9lectorale. Et le taux de 5\u202f% serait inf\u00e9rieur au taux d\u2019inflation envisag\u00e9 de 7\u202f%. Quoi qu\u2019il en soit, toute modification sur les salaires devrait \u00eatre mise en \u0153uvre au plus tard le 4 juillet.<\/p>\n<p><a href=\"https:\/\/www.newsendip.com\/fr\/etiquette\/bresil\/\"><strong>D\u00e9couvrez des informations sur le Br\u00e9sil<\/strong><\/a><\/p>\n","protected":false},"excerpt":{"rendered":"<p>\u00c0 quelques mois des prochaines \u00e9lections pr\u00e9sidentielles o\u00f9 il devrait briguer un second mandat, le pr\u00e9sident du Br\u00e9sil Jair Bolsonaro tente de se sortir d\u2019une position d\u00e9licate sur le sujet du salaire des fonctionnaires.<\/p>\n","protected":false},"author":1,"featured_media":13953,"comment_status":"closed","ping_status":"closed","sticky":false,"template":"","format":"standard","meta":{"wp_typography_post_enhancements_disabled":false,"footnotes":""},"categories":[416],"tags":[455,421],"class_list":["post-15777","post","type-post","status-publish","format-standard","has-post-thumbnail","hentry","category-politique","tag-bresil","tag-vieux"],"yoast_head":"<!-- This site is optimized with the Yoast SEO Premium plugin v27.4 (Yoast SEO v27.4) - https:\/\/yoast.com\/product\/yoast-seo-premium-wordpress\/ -->\n<title>Jair Bolsonaro et le sujet d\u00e9licat du salaire des fonctionnaires<\/title>\n<meta name=\"description\" content=\"\u00c0 quelques mois des prochaines \u00e9lections pr\u00e9sidentielles o\u00f9 il devrait briguer un second mandat, le pr\u00e9sident du Br\u00e9sil Jair Bolsonaro tente de se sortir d&#039;une position d\u00e9licate sur le sujet du salaire des fonctionnaires.\" \/>\n<meta name=\"robots\" content=\"index, follow, max-snippet:-1, max-image-preview:large, max-video-preview:-1\" \/>\n<link rel=\"canonical\" href=\"https:\/\/www.newsendip.com\/fr\/jair-bolsonaro-et-le-sujet-delicat-du-salaire-des-fonctionnaires-bresil-budget-inflation-elections\/\" \/>\n<meta property=\"og:locale\" content=\"fr_FR\" \/>\n<meta property=\"og:type\" content=\"article\" \/>\n<meta property=\"og:title\" content=\"Jair Bolsonaro et le sujet d\u00e9licat du salaire des fonctionnaires\" \/>\n<meta property=\"og:description\" content=\"\u00c0 quelques mois des prochaines \u00e9lections pr\u00e9sidentielles o\u00f9 il devrait briguer un second mandat, le pr\u00e9sident du Br\u00e9sil Jair Bolsonaro tente de se sortir d&#039;une position d\u00e9licate sur le sujet du salaire des fonctionnaires.\" \/>\n<meta property=\"og:url\" content=\"https:\/\/www.newsendip.com\/fr\/jair-bolsonaro-et-le-sujet-delicat-du-salaire-des-fonctionnaires-bresil-budget-inflation-elections\/\" \/>\n<meta property=\"og:site_name\" content=\"Newsendip\" \/>\n<meta property=\"article:publisher\" content=\"https:\/\/www.facebook.com\/newsendip\" \/>\n<meta property=\"article:published_time\" content=\"2022-04-14T22:45:10+00:00\" \/>\n<meta property=\"article:modified_time\" content=\"2022-11-07T09:37:47+00:00\" \/>\n<meta property=\"og:image\" content=\"https:\/\/www.newsendip.com\/wp-content\/uploads\/2022\/01\/bolsonaro-brazil-federal-police-progressive.jpeg\" \/>\n\t<meta property=\"og:image:width\" content=\"2048\" \/>\n\t<meta property=\"og:image:height\" content=\"1365\" \/>\n\t<meta property=\"og:image:type\" content=\"image\/jpeg\" \/>\n<meta name=\"author\" content=\"Cl\u00e9ment V\u00e9rit\u00e9\" \/>\n<meta name=\"twitter:card\" content=\"summary_large_image\" \/>\n<meta name=\"twitter:image\" content=\"https:\/\/www.newsendip.com\/wp-content\/uploads\/2022\/01\/bolsonaro-brazil-federal-police-progressive.jpeg\" \/>\n<meta name=\"twitter:creator\" content=\"@https:\/\/twitter.com\/cverite\" \/>\n<meta name=\"twitter:site\" content=\"@newsendip\" \/>\n<meta name=\"twitter:label1\" content=\"\u00c9crit par\" \/>\n\t<meta name=\"twitter:data1\" content=\"Cl\u00e9ment V\u00e9rit\u00e9\" \/>\n<!-- \/ Yoast SEO Premium plugin. -->","yoast_head_json":{"title":"Jair Bolsonaro et le sujet d\u00e9licat du salaire des fonctionnaires","description":"\u00c0 quelques mois des prochaines \u00e9lections pr\u00e9sidentielles o\u00f9 il devrait briguer un second mandat, le pr\u00e9sident du Br\u00e9sil Jair Bolsonaro tente de se sortir d'une position d\u00e9licate sur le sujet du salaire des fonctionnaires.","robots":{"index":"index","follow":"follow","max-snippet":"max-snippet:-1","max-image-preview":"max-image-preview:large","max-video-preview":"max-video-preview:-1"},"canonical":"https:\/\/www.newsendip.com\/fr\/jair-bolsonaro-et-le-sujet-delicat-du-salaire-des-fonctionnaires-bresil-budget-inflation-elections\/","og_locale":"fr_FR","og_type":"article","og_title":"Jair Bolsonaro et le sujet d\u00e9licat du salaire des fonctionnaires","og_description":"\u00c0 quelques mois des prochaines \u00e9lections pr\u00e9sidentielles o\u00f9 il devrait briguer un second mandat, le pr\u00e9sident du Br\u00e9sil Jair Bolsonaro tente de se sortir d'une position d\u00e9licate sur le sujet du salaire des fonctionnaires.","og_url":"https:\/\/www.newsendip.com\/fr\/jair-bolsonaro-et-le-sujet-delicat-du-salaire-des-fonctionnaires-bresil-budget-inflation-elections\/","og_site_name":"Newsendip","article_publisher":"https:\/\/www.facebook.com\/newsendip","article_published_time":"2022-04-14T22:45:10+00:00","article_modified_time":"2022-11-07T09:37:47+00:00","og_image":[{"width":2048,"height":1365,"url":"https:\/\/www.newsendip.com\/wp-content\/uploads\/2022\/01\/bolsonaro-brazil-federal-police-progressive.jpeg","type":"image\/jpeg"}],"author":"Cl\u00e9ment V\u00e9rit\u00e9","twitter_card":"summary_large_image","twitter_image":"https:\/\/www.newsendip.com\/wp-content\/uploads\/2022\/01\/bolsonaro-brazil-federal-police-progressive.jpeg","twitter_creator":"@https:\/\/twitter.com\/cverite","twitter_site":"@newsendip","twitter_misc":{"\u00c9crit par":"Cl\u00e9ment V\u00e9rit\u00e9"},"schema":{"@context":"https:\/\/schema.org","@graph":[{"@type":"NewsArticle","@id":"https:\/\/www.newsendip.com\/fr\/jair-bolsonaro-et-le-sujet-delicat-du-salaire-des-fonctionnaires-bresil-budget-inflation-elections\/#article","isPartOf":{"@id":"https:\/\/www.newsendip.com\/fr\/jair-bolsonaro-et-le-sujet-delicat-du-salaire-des-fonctionnaires-bresil-budget-inflation-elections\/"},"author":{"name":"Cl\u00e9ment V\u00e9rit\u00e9","@id":"https:\/\/www.newsendip.com\/fr\/#\/schema\/person\/ea22c01755f464a3cbc2c619584d6363"},"headline":"Jair Bolsonaro et le sujet d\u00e9licat du salaire des fonctionnaires","datePublished":"2022-04-14T22:45:10+00:00","dateModified":"2022-11-07T09:37:47+00:00","mainEntityOfPage":{"@id":"https:\/\/www.newsendip.com\/fr\/jair-bolsonaro-et-le-sujet-delicat-du-salaire-des-fonctionnaires-bresil-budget-inflation-elections\/"},"wordCount":1207,"publisher":{"@id":"https:\/\/www.newsendip.com\/fr\/#organization"},"image":{"@id":"https:\/\/www.newsendip.com\/fr\/jair-bolsonaro-et-le-sujet-delicat-du-salaire-des-fonctionnaires-bresil-budget-inflation-elections\/#primaryimage"},"thumbnailUrl":"https:\/\/www.newsendip.com\/wp-content\/uploads\/2022\/01\/bolsonaro-brazil-federal-police.webp","keywords":["Br\u00e9sil","Vieux"],"articleSection":["Politique"],"inLanguage":"fr-FR","copyrightYear":"2022","copyrightHolder":{"@id":"https:\/\/www.newsendip.com\/#organization"}},{"@type":"WebPage","@id":"https:\/\/www.newsendip.com\/fr\/jair-bolsonaro-et-le-sujet-delicat-du-salaire-des-fonctionnaires-bresil-budget-inflation-elections\/","url":"https:\/\/www.newsendip.com\/fr\/jair-bolsonaro-et-le-sujet-delicat-du-salaire-des-fonctionnaires-bresil-budget-inflation-elections\/","name":"Jair Bolsonaro et le sujet d\u00e9licat du salaire des fonctionnaires","isPartOf":{"@id":"https:\/\/www.newsendip.com\/fr\/#website"},"primaryImageOfPage":{"@id":"https:\/\/www.newsendip.com\/fr\/jair-bolsonaro-et-le-sujet-delicat-du-salaire-des-fonctionnaires-bresil-budget-inflation-elections\/#primaryimage"},"image":{"@id":"https:\/\/www.newsendip.com\/fr\/jair-bolsonaro-et-le-sujet-delicat-du-salaire-des-fonctionnaires-bresil-budget-inflation-elections\/#primaryimage"},"thumbnailUrl":"https:\/\/www.newsendip.com\/wp-content\/uploads\/2022\/01\/bolsonaro-brazil-federal-police.webp","datePublished":"2022-04-14T22:45:10+00:00","dateModified":"2022-11-07T09:37:47+00:00","description":"\u00c0 quelques mois des prochaines \u00e9lections pr\u00e9sidentielles o\u00f9 il devrait briguer un second mandat, le pr\u00e9sident du Br\u00e9sil Jair Bolsonaro tente de se sortir d'une position d\u00e9licate sur le sujet du salaire des fonctionnaires.","breadcrumb":{"@id":"https:\/\/www.newsendip.com\/fr\/jair-bolsonaro-et-le-sujet-delicat-du-salaire-des-fonctionnaires-bresil-budget-inflation-elections\/#breadcrumb"},"inLanguage":"fr-FR","potentialAction":[{"@type":"ReadAction","target":["https:\/\/www.newsendip.com\/fr\/jair-bolsonaro-et-le-sujet-delicat-du-salaire-des-fonctionnaires-bresil-budget-inflation-elections\/"]}]},{"@type":"ImageObject","inLanguage":"fr-FR","@id":"https:\/\/www.newsendip.com\/fr\/jair-bolsonaro-et-le-sujet-delicat-du-salaire-des-fonctionnaires-bresil-budget-inflation-elections\/#primaryimage","url":"https:\/\/www.newsendip.com\/wp-content\/uploads\/2022\/01\/bolsonaro-brazil-federal-police.webp","contentUrl":"https:\/\/www.newsendip.com\/wp-content\/uploads\/2022\/01\/bolsonaro-brazil-federal-police.webp","width":2048,"height":1365,"caption":"Bolsonaro souhaiterait offrir une augmentation de salaire aux officiers de police f\u00e9d\u00e9raux | \u00a9 Pal\u00e1cio do Planalto, 2020"},{"@type":"BreadcrumbList","@id":"https:\/\/www.newsendip.com\/fr\/jair-bolsonaro-et-le-sujet-delicat-du-salaire-des-fonctionnaires-bresil-budget-inflation-elections\/#breadcrumb","itemListElement":[{"@type":"ListItem","position":1,"name":"Accueil","item":"https:\/\/www.newsendip.com\/fr\/"},{"@type":"ListItem","position":2,"name":"Jair Bolsonaro et le sujet d\u00e9licat du salaire des fonctionnaires"}]},{"@type":"WebSite","@id":"https:\/\/www.newsendip.com\/fr\/#website","url":"https:\/\/www.newsendip.com\/fr\/","name":"Newsendip","description":"Red\u00e9couvrez l&#039;actualit\u00e9 internationale","publisher":{"@id":"https:\/\/www.newsendip.com\/fr\/#organization"},"potentialAction":[{"@type":"SearchAction","target":{"@type":"EntryPoint","urlTemplate":"https:\/\/www.newsendip.com\/fr\/?s={search_term_string}"},"query-input":{"@type":"PropertyValueSpecification","valueRequired":true,"valueName":"search_term_string"}}],"inLanguage":"fr-FR"},{"@type":"Organization","@id":"https:\/\/www.newsendip.com\/fr\/#organization","name":"Newsendip","url":"https:\/\/www.newsendip.com\/fr\/","logo":{"@type":"ImageObject","inLanguage":"fr-FR","@id":"https:\/\/www.newsendip.com\/fr\/#\/schema\/logo\/image\/","url":"https:\/\/www.newsendip.com\/wp-content\/uploads\/2023\/12\/512x512.svg","contentUrl":"https:\/\/www.newsendip.com\/wp-content\/uploads\/2023\/12\/512x512.svg","width":1,"height":1,"caption":"Newsendip"},"image":{"@id":"https:\/\/www.newsendip.com\/fr\/#\/schema\/logo\/image\/"},"sameAs":["https:\/\/www.facebook.com\/newsendip","https:\/\/x.com\/newsendip","https:\/\/mastodon.social\/@newsendip","https:\/\/www.linkedin.com\/company\/newsendip"],"description":"Newsendip est un site qui a pour mission de rendre l'actualit\u00e9 internationale accessible et diversifi\u00e9e","email":"contact@newsendip.com","legalName":"Newsendip SAS","foundingDate":"2022-11-04","vatID":"FR60921124723","numberOfEmployees":{"@type":"QuantitativeValue","minValue":"1","maxValue":"10"},"publishingPrinciples":"https:\/\/www.newsendip.com\/about-us\/","ownershipFundingInfo":"https:\/\/www.newsendip.com\/legal-notice\/","actionableFeedbackPolicy":"https:\/\/www.newsendip.com\/about-us\/","correctionsPolicy":"https:\/\/www.newsendip.com\/about-us\/","ethicsPolicy":"https:\/\/www.newsendip.com\/about-us\/","diversityPolicy":"https:\/\/www.newsendip.com\/about-us\/"},{"@type":"Person","@id":"https:\/\/www.newsendip.com\/fr\/#\/schema\/person\/ea22c01755f464a3cbc2c619584d6363","name":"Cl\u00e9ment V\u00e9rit\u00e9","description":"Cl\u00e9ment is the executive editor and founder of Newsendip. He started in the media industry as a freelance reporter at 16 for a local French newspaper after school and has never left it. He later worked for seven years at The New York Times, notably as a data analyst. He holds a Master of Management in France and a Master of Arts in the United Kingdom in International Marketing &amp; Communications Strategy. He has lived in France, the United Kingdom, and Italy.","sameAs":["https:\/\/www.newsendip.com\/","https:\/\/www.linkedin.com\/in\/clementverite\/","https:\/\/x.com\/https:\/\/twitter.com\/cverite"],"knowsAbout":["News","International","Business","Media monitoring"],"knowsLanguage":["English","French","Italian","Spanish"],"url":"https:\/\/www.newsendip.com\/fr\/author\/clement-verite\/"}]}},"_links":{"self":[{"href":"https:\/\/www.newsendip.com\/fr\/wp-json\/wp\/v2\/posts\/15777","targetHints":{"allow":["GET"]}}],"collection":[{"href":"https:\/\/www.newsendip.com\/fr\/wp-json\/wp\/v2\/posts"}],"about":[{"href":"https:\/\/www.newsendip.com\/fr\/wp-json\/wp\/v2\/types\/post"}],"author":[{"embeddable":true,"href":"https:\/\/www.newsendip.com\/fr\/wp-json\/wp\/v2\/users\/1"}],"replies":[{"embeddable":true,"href":"https:\/\/www.newsendip.com\/fr\/wp-json\/wp\/v2\/comments?post=15777"}],"version-history":[{"count":0,"href":"https:\/\/www.newsendip.com\/fr\/wp-json\/wp\/v2\/posts\/15777\/revisions"}],"wp:featuredmedia":[{"embeddable":true,"href":"https:\/\/www.newsendip.com\/fr\/wp-json\/wp\/v2\/media\/13953"}],"wp:attachment":[{"href":"https:\/\/www.newsendip.com\/fr\/wp-json\/wp\/v2\/media?parent=15777"}],"wp:term":[{"taxonomy":"category","embeddable":true,"href":"https:\/\/www.newsendip.com\/fr\/wp-json\/wp\/v2\/categories?post=15777"},{"taxonomy":"post_tag","embeddable":true,"href":"https:\/\/www.newsendip.com\/fr\/wp-json\/wp\/v2\/tags?post=15777"}],"curies":[{"name":"wp","href":"https:\/\/api.w.org\/{rel}","templated":true}]}}