{"id":15846,"date":"2022-04-19T17:00:16","date_gmt":"2022-04-19T15:00:16","guid":{"rendered":"https:\/\/www.newsendip.com\/?p=15846"},"modified":"2025-08-08T13:13:36","modified_gmt":"2025-08-08T11:13:36","slug":"la-popularite-du-president-chilien-gabriel-boric-sur-une-pente-descendante","status":"publish","type":"post","link":"https:\/\/www.newsendip.com\/fr\/la-popularite-du-president-chilien-gabriel-boric-sur-une-pente-descendante\/","title":{"rendered":"La popularit\u00e9 du pr\u00e9sident chilien Gabriel Boric sur une pente descendante"},"content":{"rendered":"<p><strong>Le pr\u00e9sident du Chili Gabriel Boric a d\u00e9j\u00e0 50\u202f% d\u2019opinions d\u00e9favorables, cinq semaines seulement apr\u00e8s son arriv\u00e9e au pouvoir. Sa popularit\u00e9 souffre notamment des discussions difficiles dans l\u2019\u00e9laboration de la nouvelle constitution dans un contexte d\u2019inflation \u00e9lev\u00e9e.<\/strong><\/p>\n<figure id=\"attachment_15855\" aria-describedby=\"caption-attachment-15855\" style=\"width: 1024px\" class=\"wp-caption aligncenter\"><img decoding=\"async\" class=\"size-large wp-image-15855\" src=\"https:\/\/www.newsendip.com\/wp-content\/uploads\/2022\/04\/gabriel-boric-president-chile-1024x683.webp\" alt=\"Gabriel Boric, pr\u00e9sident du Chili\" width=\"1024\" height=\"683\" srcset=\"https:\/\/www.newsendip.com\/wp-content\/uploads\/2022\/04\/gabriel-boric-president-chile-1024x683.webp 1024w, https:\/\/www.newsendip.com\/wp-content\/uploads\/2022\/04\/gabriel-boric-president-chile-60x40.webp 60w, https:\/\/www.newsendip.com\/wp-content\/uploads\/2022\/04\/gabriel-boric-president-chile-720x480.webp 720w, https:\/\/www.newsendip.com\/wp-content\/uploads\/2022\/04\/gabriel-boric-president-chile-300x200.webp 300w, https:\/\/www.newsendip.com\/wp-content\/uploads\/2022\/04\/gabriel-boric-president-chile-768x512.webp 768w, https:\/\/www.newsendip.com\/wp-content\/uploads\/2022\/04\/gabriel-boric-president-chile-1536x1024.webp 1536w, https:\/\/www.newsendip.com\/wp-content\/uploads\/2022\/04\/gabriel-boric-president-chile-2048x1366.webp 2048w\" sizes=\"(max-width: 1024px) 100vw, 1024px\"><figcaption id=\"caption-attachment-15855\" class=\"wp-caption-text\">Gabriel Boric, pr\u00e9sident du Chili | Mars&nbsp;2022<\/figcaption><\/figure>\n<p>Selon le dernier sondage hebdomadaire de <a href=\"https:\/\/cadem.cl\/estudios\/plaza-publica-431-desaprobacion-50-9pts-al-presidente-boric-supera-por-primera-vez-a-la-aprobacion-40-4pts-y-completa-un-alza-de-30pts-en-5-semanas\/\">Cadem<\/a>, l\u2019une des principales soci\u00e9t\u00e9s d\u2019\u00e9tudes du pays, publi\u00e9 le 17 avril, 50\u202f% de la population est d\u00e9j\u00e0 m\u00e9contente du pr\u00e9sident du Chili Gabriel Boric.<\/p>\n<p>Son impopularit\u00e9 a augment\u00e9 de neuf points en seulement une semaine. Parall\u00e8lement, le pourcentage d\u2019opinions favorables a diminu\u00e9 de quatre points pour atteindre 40\u202f%. Une autre enqu\u00eate d\u2019opinion r\u00e9alis\u00e9e par <a href=\"https:\/\/chile.activasite.com\/estudios\/pulso-ciudadano-50\/\">Activa Research<\/a> montre des r\u00e9sultats similaires, avec 51\u202f% de personnes d\u00e9sapprouvant l\u2019action du pr\u00e9sident, contre 41\u202f% \u00e0 la fin du mois de&nbsp;mars.<\/p>\n<p>Pour la premi\u00e8re fois depuis l\u2019entr\u00e9e en fonction du pr\u00e9sident le 11 mars, les opinions d\u00e9favorables sont sup\u00e9rieures aux opinions favorables dans les deux enqu\u00eates d\u2019opinion. Les personnes qui ont attendu pour se faire une id\u00e9e semblent pencher vers le m\u00e9contentement selon le sondage de&nbsp;Cadem.<\/p>\n<p>Le 18 mars, soit une semaine apr\u00e8s son arriv\u00e9e au pouvoir, 50\u202f% de la population \u00e9tait satisfaite du pr\u00e9sident, ce qui n\u2019a diminu\u00e9 que de 10 points de pourcentage depuis. Seuls 20\u202f% avaient alors une opinion d\u00e9favorable selon Cadem (seuls 37,5\u202f% des personnes approuvaient Boric d\u00e8s le d\u00e9but de sa pr\u00e9sidence dans l\u2019enqu\u00eate d\u2019Activa). Il y a un mois, 30\u202f% \u00e9taient encore ind\u00e9cis ou n\u2019avaient pas r\u00e9pondu. Mais la population s\u2019est faite une opinion sur le pr\u00e9sident semble-t-il avec d\u00e9sormais seulement 10\u202f% d\u2019ind\u00e9cis ou qui ne r\u00e9pondent pas. Dans le m\u00eame temps, les opinions d\u00e9favorables n\u2019ont cess\u00e9 d\u2019augmenter pour atteindre 50\u202f%.<!--more--><\/p>\n<p>\u00c9lu en d\u00e9cembre avec 55,9\u202f% des voix, Gabriel Boric, 36 ans, est devenu le plus jeune pr\u00e9sident du Chili apr\u00e8s quatre \u00e9lections o\u00f9 deux pr\u00e9sidents se succ\u00e9daient au pouvoir. Homme politique de gauche et ancien leader \u00e9tudiant, Boric a \u00e9t\u00e9 une figure cl\u00e9 des manifestations de 2019 dans le pays. Elles ont abouti \u00e0 un r\u00e9f\u00e9rendum pour changer la constitution du Chili et ont permis d\u2019unir l\u2019opposition de gauche et de centre-gauche pour les \u00e9lections pr\u00e9sidentielles. Boric est arriv\u00e9 deuxi\u00e8me lors du premier tour des \u00e9lections, puis a remport\u00e9 le second tour contre le candidat d\u2019extr\u00eame droite Jos\u00e9 Antonio Kast.<\/p>\n<p>Mais le soutien et la confiance envers les personnes charg\u00e9es d\u2019\u00e9laborer la nouvelle constitution se sont estomp\u00e9s au fil des semaines, entra\u00eenant dans leur chute la popularit\u00e9 de Gabriel Boric.<\/p>\n<p>La Convention constitutionnelle et ses 155 membres \u00e9lus en juillet 2021 doivent encore finaliser le document d\u2019ici juillet 2022. Elle n\u2019a pas \u00e9t\u00e9 en mesure de le r\u00e9diger en neuf mois et a besoin d\u2019une p\u00e9riode suppl\u00e9mentaire de trois&nbsp;mois.<\/p>\n<p>La population doit valider la constitution lors d\u2019un pl\u00e9biscite national pr\u00e9vu en septembre. Mais alors que 56\u202f% des Chiliens avaient une opinion favorable de la Convention constitutionnelle fin janvier, seuls 38\u202f% en sont d\u00e9sormais satisfaits. Activa Research affiche un taux d\u2019approbation l\u00e9g\u00e8rement sup\u00e9rieur, \u00e0&nbsp;46\u202f%.<\/p>\n<p>Depuis des mois, les discussions sur un sujet aussi important et complexe sont per\u00e7ues comme chaotiques, aliment\u00e9es par des controverses, des <a href=\"https:\/\/www.bbc.com\/mundo\/noticias-america-latina-61015040\">id\u00e9es antagonistes<\/a> et une communication confuse. Les partis politiques traditionnels de droite et de centre-gauche, qui ont obtenu moins de si\u00e8ges repr\u00e9sentatifs que d\u2019habitude, remettent \u00e9galement en question la l\u00e9gitimit\u00e9 de la convention.<\/p>\n<p>La perception que le <a href=\"https:\/\/www.newsendip.com\/fr\/la-perception-des-roumains-sur-leur-pays-sest-amelioree-avec-linvasion-de-lukraine\/\">pays est sur la bonne voie<\/a> est tomb\u00e9 \u00e0 33\u202f% des Chiliens interrog\u00e9s, soit 17 points de moins que le 18 mars, selon Cadem. Selon le <em>pouls citoyen<\/em> d\u2019Activa Research, seuls 18\u202f% des Chiliens pensent que le pays s\u2019am\u00e9liore.<\/p>\n<p>Pour 57\u202f% de la population interrog\u00e9e par Cadem, l\u2019<a href=\"https:\/\/www.newsendip.com\/fr\/jair-bolsonaro-et-le-sujet-delicat-du-salaire-des-fonctionnaires-bresil-budget-inflation-elections\/\">inflation<\/a> est la principale cause des difficult\u00e9s \u00e9conomiques du Chili. L\u2019indice des prix \u00e0 la consommation dans le pays a augment\u00e9 de 9,4\u202f% au cours des 12 derniers mois.<\/p>\n<p>La population a tendance \u00e0 associer les causes de l\u2019inflation \u00e0 la pand\u00e9mie de COVID-19 (41\u202f%) et aux <a href=\"https:\/\/www.newsendip.com\/fr\/la-malaisie-permet-de-nouveaux-retraits-sur-les-comptes-de-retraite-pour-subvenir-a-des-besoins-urgents\/\">retraits dans les fonds de pension<\/a> (21\u202f%).<\/p>\n<p>Le pays a laiss\u00e9 les Chiliens retirer de l\u2019argent d\u00e9pos\u00e9 dans leurs fonds de retraite pour r\u00e9pondre \u00e0 des besoins urgents, <a href=\"https:\/\/www.newsendip.com\/fr\/le-chili-augmente-les-retraites-de-24-millions-de-personnes\/\">au d\u00e9triment de leurs futures retraites<\/a>. Ces retraits ont aussi \u00e9t\u00e9 per\u00e7us comme acc\u00e9l\u00e9rant l\u2019inflation. La population a retir\u00e9 plus de 55 millions de dollars des <a href=\"https:\/\/www.newsendip.com\/fr\/allemagne-annonce-une-importante-hausse-des-retraites-pour-2022\/\">caisses de retraite<\/a> depuis le d\u00e9but de la pand\u00e9mie.<\/p>\n<p>Le 18 avril, la Chambre des d\u00e9put\u00e9s a refus\u00e9 un nouveau retrait des caisses de retraite individuels qui aurait \u00e9t\u00e9 destin\u00e9 \u00e0 payer des dettes, financer une primo-accession ou verser une pension alimentaire.<\/p>\n<p>Pour Activa Research, l\u2019inflation est la deuxi\u00e8me pr\u00e9occupation la plus importante dans le pays juste derri\u00e8re la criminalit\u00e9 (41,3\u202f% et 41,7\u202f%). Les retraites arrivent en quatri\u00e8me position avec&nbsp;21\u202f%.<\/p>\n<p>Selon Cadem, ce d\u00e9clin de popularit\u00e9 pour un pr\u00e9sident chilien n\u2019avait pas \u00e9t\u00e9 observ\u00e9 avec ses deux pr\u00e9d\u00e9cesseurs. Dans les seconds gouvernements de Sebasti\u00e1n Pi\u00f1era et de Michelle Bachelet, le nombre d\u2019opinions d\u00e9favorables qui d\u00e9passaint celui d\u2019opinions favorables envers l\u2019ex\u00e9cutif avait commenc\u00e9 \u00e0 appara\u00eetre aux semaines 37 et 33, et non \u00e0 la semaine 5 d\u2019une pr\u00e9sidence.<\/p>\n<p>L\u2019ancien pr\u00e9sident Sebasti\u00e1n Pi\u00f1era a aujourd\u2019hui un taux d\u2019opinions favorables de 30\u202f%. Michelle Bachelet, qui a quitt\u00e9 ses fonctions en 2018 et qui est d\u00e9sormais<a href=\"https:\/\/www.newsendip.com\/fr\/michelle-bachelet-conseil-des-droits-de-homme-onu-visite-xinjiang\/\"> haut-commissaire des Nations unies aux droits de l\u2019homme<\/a>, est plus populaire avec 55\u202f% d\u2019opinions favorables. Tous deux se sont succ\u00e9d\u00e9 \u00e0 la pr\u00e9sidence du Chili entre 2010 et&nbsp;2022.<\/p>\n<p><a href=\"https:\/\/www.newsendip.com\/fr\/etiquette\/chili\/\" rel=\"noopener noreferrer\" data-wpel-link=\"internal\"><strong>D\u00e9couvrez plus d\u2019informations sur le&nbsp;Chili<\/strong><\/a><\/p>\n","protected":false},"excerpt":{"rendered":"<p>Le pr\u00e9sident du Chili Gabriel Boric a d\u00e9j\u00e0 50\u202f% d\u2019opinions d\u00e9favorables, cinq semaines seulement apr\u00e8s son arriv\u00e9e au pouvoir. Sa popularit\u00e9 souffre notamment des discussions difficiles dans l\u2019\u00e9laboration de la nouvelle constitution<\/p>\n","protected":false},"author":1,"featured_media":15855,"comment_status":"closed","ping_status":"closed","sticky":false,"template":"","format":"standard","meta":{"wp_typography_post_enhancements_disabled":false,"footnotes":""},"categories":[416],"tags":[423,421],"class_list":["post-15846","post","type-post","status-publish","format-standard","has-post-thumbnail","hentry","category-politique","tag-chili","tag-vieux"],"yoast_head":"<!-- This site is optimized with the Yoast SEO Premium plugin v27.4 (Yoast SEO v27.4) - https:\/\/yoast.com\/product\/yoast-seo-premium-wordpress\/ -->\n<title>La popularit\u00e9 du pr\u00e9sident chilien Gabriel Boric sur une pente descendante<\/title>\n<meta name=\"description\" content=\"Le pr\u00e9sident du Chili Gabriel Boric a d\u00e9j\u00e0 50 % d&#039;opinions d\u00e9favorables, cinq semaines seulement apr\u00e8s son arriv\u00e9e au pouvoir. Sa popularit\u00e9 souffre notamment des discussions difficiles dans l&#039;\u00e9laboration de la nouvelle constitution\" \/>\n<meta name=\"robots\" content=\"index, follow, max-snippet:-1, max-image-preview:large, max-video-preview:-1\" \/>\n<link rel=\"canonical\" href=\"https:\/\/www.newsendip.com\/fr\/la-popularite-du-president-chilien-gabriel-boric-sur-une-pente-descendante\/\" \/>\n<meta property=\"og:locale\" content=\"fr_FR\" \/>\n<meta property=\"og:type\" content=\"article\" \/>\n<meta property=\"og:title\" content=\"La popularit\u00e9 du pr\u00e9sident chilien Gabriel Boric sur une pente descendante\" \/>\n<meta property=\"og:description\" content=\"Le pr\u00e9sident du Chili Gabriel Boric a d\u00e9j\u00e0 50 % d&#039;opinions d\u00e9favorables, cinq semaines seulement apr\u00e8s son arriv\u00e9e au pouvoir. Sa popularit\u00e9 souffre notamment des discussions difficiles dans l&#039;\u00e9laboration de la nouvelle constitution\" \/>\n<meta property=\"og:url\" content=\"https:\/\/www.newsendip.com\/fr\/la-popularite-du-president-chilien-gabriel-boric-sur-une-pente-descendante\/\" \/>\n<meta property=\"og:site_name\" content=\"Newsendip\" \/>\n<meta property=\"article:publisher\" content=\"https:\/\/www.facebook.com\/newsendip\" \/>\n<meta property=\"article:published_time\" content=\"2022-04-19T15:00:16+00:00\" \/>\n<meta property=\"article:modified_time\" content=\"2025-08-08T11:13:36+00:00\" \/>\n<meta property=\"og:image\" content=\"https:\/\/www.newsendip.com\/wp-content\/uploads\/2022\/04\/gabriel-boric-president-chile-min-scaled.jpeg\" \/>\n\t<meta property=\"og:image:width\" content=\"2560\" \/>\n\t<meta property=\"og:image:height\" content=\"1707\" \/>\n\t<meta property=\"og:image:type\" content=\"image\/jpeg\" \/>\n<meta name=\"author\" content=\"Cl\u00e9ment V\u00e9rit\u00e9\" \/>\n<meta name=\"twitter:card\" content=\"summary_large_image\" \/>\n<meta name=\"twitter:image\" content=\"https:\/\/www.newsendip.com\/wp-content\/uploads\/2022\/04\/gabriel-boric-president-chile-min-scaled.jpeg\" \/>\n<meta name=\"twitter:creator\" content=\"@https:\/\/twitter.com\/cverite\" \/>\n<meta name=\"twitter:site\" content=\"@newsendip\" \/>\n<meta name=\"twitter:label1\" content=\"\u00c9crit par\" \/>\n\t<meta name=\"twitter:data1\" content=\"Cl\u00e9ment V\u00e9rit\u00e9\" \/>\n\t<meta name=\"twitter:label2\" content=\"Dur\u00e9e de lecture estim\u00e9e\" \/>\n\t<meta name=\"twitter:data2\" content=\"5 minutes\" \/>\n<!-- \/ Yoast SEO Premium plugin. -->","yoast_head_json":{"title":"La popularit\u00e9 du pr\u00e9sident chilien Gabriel Boric sur une pente descendante","description":"Le pr\u00e9sident du Chili Gabriel Boric a d\u00e9j\u00e0 50 % d'opinions d\u00e9favorables, cinq semaines seulement apr\u00e8s son arriv\u00e9e au pouvoir. Sa popularit\u00e9 souffre notamment des discussions difficiles dans l'\u00e9laboration de la nouvelle constitution","robots":{"index":"index","follow":"follow","max-snippet":"max-snippet:-1","max-image-preview":"max-image-preview:large","max-video-preview":"max-video-preview:-1"},"canonical":"https:\/\/www.newsendip.com\/fr\/la-popularite-du-president-chilien-gabriel-boric-sur-une-pente-descendante\/","og_locale":"fr_FR","og_type":"article","og_title":"La popularit\u00e9 du pr\u00e9sident chilien Gabriel Boric sur une pente descendante","og_description":"Le pr\u00e9sident du Chili Gabriel Boric a d\u00e9j\u00e0 50 % d'opinions d\u00e9favorables, cinq semaines seulement apr\u00e8s son arriv\u00e9e au pouvoir. Sa popularit\u00e9 souffre notamment des discussions difficiles dans l'\u00e9laboration de la nouvelle constitution","og_url":"https:\/\/www.newsendip.com\/fr\/la-popularite-du-president-chilien-gabriel-boric-sur-une-pente-descendante\/","og_site_name":"Newsendip","article_publisher":"https:\/\/www.facebook.com\/newsendip","article_published_time":"2022-04-19T15:00:16+00:00","article_modified_time":"2025-08-08T11:13:36+00:00","og_image":[{"width":2560,"height":1707,"url":"https:\/\/www.newsendip.com\/wp-content\/uploads\/2022\/04\/gabriel-boric-president-chile-min-scaled.jpeg","type":"image\/jpeg"}],"author":"Cl\u00e9ment V\u00e9rit\u00e9","twitter_card":"summary_large_image","twitter_image":"https:\/\/www.newsendip.com\/wp-content\/uploads\/2022\/04\/gabriel-boric-president-chile-min-scaled.jpeg","twitter_creator":"@https:\/\/twitter.com\/cverite","twitter_site":"@newsendip","twitter_misc":{"\u00c9crit par":"Cl\u00e9ment V\u00e9rit\u00e9","Dur\u00e9e de lecture estim\u00e9e":"5 minutes"},"schema":{"@context":"https:\/\/schema.org","@graph":[{"@type":"NewsArticle","@id":"https:\/\/www.newsendip.com\/fr\/la-popularite-du-president-chilien-gabriel-boric-sur-une-pente-descendante\/#article","isPartOf":{"@id":"https:\/\/www.newsendip.com\/fr\/la-popularite-du-president-chilien-gabriel-boric-sur-une-pente-descendante\/"},"author":{"name":"Cl\u00e9ment V\u00e9rit\u00e9","@id":"https:\/\/www.newsendip.com\/fr\/#\/schema\/person\/ea22c01755f464a3cbc2c619584d6363"},"headline":"La popularit\u00e9 du pr\u00e9sident chilien Gabriel Boric sur une pente descendante","datePublished":"2022-04-19T15:00:16+00:00","dateModified":"2025-08-08T11:13:36+00:00","mainEntityOfPage":{"@id":"https:\/\/www.newsendip.com\/fr\/la-popularite-du-president-chilien-gabriel-boric-sur-une-pente-descendante\/"},"wordCount":999,"publisher":{"@id":"https:\/\/www.newsendip.com\/fr\/#organization"},"image":{"@id":"https:\/\/www.newsendip.com\/fr\/la-popularite-du-president-chilien-gabriel-boric-sur-une-pente-descendante\/#primaryimage"},"thumbnailUrl":"https:\/\/www.newsendip.com\/wp-content\/uploads\/2022\/04\/gabriel-boric-president-chile-scaled.webp","keywords":["Chili","Vieux"],"articleSection":["Politique"],"inLanguage":"fr-FR","copyrightYear":"2022","copyrightHolder":{"@id":"https:\/\/www.newsendip.com\/#organization"}},{"@type":"WebPage","@id":"https:\/\/www.newsendip.com\/fr\/la-popularite-du-president-chilien-gabriel-boric-sur-une-pente-descendante\/","url":"https:\/\/www.newsendip.com\/fr\/la-popularite-du-president-chilien-gabriel-boric-sur-une-pente-descendante\/","name":"La popularit\u00e9 du pr\u00e9sident chilien Gabriel Boric sur une pente descendante","isPartOf":{"@id":"https:\/\/www.newsendip.com\/fr\/#website"},"primaryImageOfPage":{"@id":"https:\/\/www.newsendip.com\/fr\/la-popularite-du-president-chilien-gabriel-boric-sur-une-pente-descendante\/#primaryimage"},"image":{"@id":"https:\/\/www.newsendip.com\/fr\/la-popularite-du-president-chilien-gabriel-boric-sur-une-pente-descendante\/#primaryimage"},"thumbnailUrl":"https:\/\/www.newsendip.com\/wp-content\/uploads\/2022\/04\/gabriel-boric-president-chile-scaled.webp","datePublished":"2022-04-19T15:00:16+00:00","dateModified":"2025-08-08T11:13:36+00:00","description":"Le pr\u00e9sident du Chili Gabriel Boric a d\u00e9j\u00e0 50 % d'opinions d\u00e9favorables, cinq semaines seulement apr\u00e8s son arriv\u00e9e au pouvoir. Sa popularit\u00e9 souffre notamment des discussions difficiles dans l'\u00e9laboration de la nouvelle constitution","breadcrumb":{"@id":"https:\/\/www.newsendip.com\/fr\/la-popularite-du-president-chilien-gabriel-boric-sur-une-pente-descendante\/#breadcrumb"},"inLanguage":"fr-FR","potentialAction":[{"@type":"ReadAction","target":["https:\/\/www.newsendip.com\/fr\/la-popularite-du-president-chilien-gabriel-boric-sur-une-pente-descendante\/"]}]},{"@type":"ImageObject","inLanguage":"fr-FR","@id":"https:\/\/www.newsendip.com\/fr\/la-popularite-du-president-chilien-gabriel-boric-sur-une-pente-descendante\/#primaryimage","url":"https:\/\/www.newsendip.com\/wp-content\/uploads\/2022\/04\/gabriel-boric-president-chile-scaled.webp","contentUrl":"https:\/\/www.newsendip.com\/wp-content\/uploads\/2022\/04\/gabriel-boric-president-chile-scaled.webp","width":2560,"height":1707,"caption":"Gabriel Boric, pr\u00e9sident du Chili | Mars 2022"},{"@type":"BreadcrumbList","@id":"https:\/\/www.newsendip.com\/fr\/la-popularite-du-president-chilien-gabriel-boric-sur-une-pente-descendante\/#breadcrumb","itemListElement":[{"@type":"ListItem","position":1,"name":"Accueil","item":"https:\/\/www.newsendip.com\/fr\/"},{"@type":"ListItem","position":2,"name":"La popularit\u00e9 du pr\u00e9sident chilien Gabriel Boric sur une pente descendante"}]},{"@type":"WebSite","@id":"https:\/\/www.newsendip.com\/fr\/#website","url":"https:\/\/www.newsendip.com\/fr\/","name":"Newsendip","description":"Red\u00e9couvrez l&#039;actualit\u00e9 internationale","publisher":{"@id":"https:\/\/www.newsendip.com\/fr\/#organization"},"potentialAction":[{"@type":"SearchAction","target":{"@type":"EntryPoint","urlTemplate":"https:\/\/www.newsendip.com\/fr\/?s={search_term_string}"},"query-input":{"@type":"PropertyValueSpecification","valueRequired":true,"valueName":"search_term_string"}}],"inLanguage":"fr-FR"},{"@type":"Organization","@id":"https:\/\/www.newsendip.com\/fr\/#organization","name":"Newsendip","url":"https:\/\/www.newsendip.com\/fr\/","logo":{"@type":"ImageObject","inLanguage":"fr-FR","@id":"https:\/\/www.newsendip.com\/fr\/#\/schema\/logo\/image\/","url":"https:\/\/www.newsendip.com\/wp-content\/uploads\/2023\/12\/512x512.svg","contentUrl":"https:\/\/www.newsendip.com\/wp-content\/uploads\/2023\/12\/512x512.svg","width":1,"height":1,"caption":"Newsendip"},"image":{"@id":"https:\/\/www.newsendip.com\/fr\/#\/schema\/logo\/image\/"},"sameAs":["https:\/\/www.facebook.com\/newsendip","https:\/\/x.com\/newsendip","https:\/\/mastodon.social\/@newsendip","https:\/\/www.linkedin.com\/company\/newsendip"],"description":"Newsendip est un site qui a pour mission de rendre l'actualit\u00e9 internationale accessible et diversifi\u00e9e","email":"contact@newsendip.com","legalName":"Newsendip SAS","foundingDate":"2022-11-04","vatID":"FR60921124723","numberOfEmployees":{"@type":"QuantitativeValue","minValue":"1","maxValue":"10"},"publishingPrinciples":"https:\/\/www.newsendip.com\/about-us\/","ownershipFundingInfo":"https:\/\/www.newsendip.com\/legal-notice\/","actionableFeedbackPolicy":"https:\/\/www.newsendip.com\/about-us\/","correctionsPolicy":"https:\/\/www.newsendip.com\/about-us\/","ethicsPolicy":"https:\/\/www.newsendip.com\/about-us\/","diversityPolicy":"https:\/\/www.newsendip.com\/about-us\/"},{"@type":"Person","@id":"https:\/\/www.newsendip.com\/fr\/#\/schema\/person\/ea22c01755f464a3cbc2c619584d6363","name":"Cl\u00e9ment V\u00e9rit\u00e9","description":"Cl\u00e9ment is the executive editor and founder of Newsendip. He started in the media industry as a freelance reporter at 16 for a local French newspaper after school and has never left it. He later worked for seven years at The New York Times, notably as a data analyst. He holds a Master of Management in France and a Master of Arts in the United Kingdom in International Marketing &amp; Communications Strategy. He has lived in France, the United Kingdom, and Italy.","sameAs":["https:\/\/www.newsendip.com\/","https:\/\/www.linkedin.com\/in\/clementverite\/","https:\/\/x.com\/https:\/\/twitter.com\/cverite"],"knowsAbout":["News","International","Business","Media monitoring"],"knowsLanguage":["English","French","Italian","Spanish"],"url":"https:\/\/www.newsendip.com\/fr\/author\/clement-verite\/"}]}},"_links":{"self":[{"href":"https:\/\/www.newsendip.com\/fr\/wp-json\/wp\/v2\/posts\/15846","targetHints":{"allow":["GET"]}}],"collection":[{"href":"https:\/\/www.newsendip.com\/fr\/wp-json\/wp\/v2\/posts"}],"about":[{"href":"https:\/\/www.newsendip.com\/fr\/wp-json\/wp\/v2\/types\/post"}],"author":[{"embeddable":true,"href":"https:\/\/www.newsendip.com\/fr\/wp-json\/wp\/v2\/users\/1"}],"replies":[{"embeddable":true,"href":"https:\/\/www.newsendip.com\/fr\/wp-json\/wp\/v2\/comments?post=15846"}],"version-history":[{"count":1,"href":"https:\/\/www.newsendip.com\/fr\/wp-json\/wp\/v2\/posts\/15846\/revisions"}],"predecessor-version":[{"id":44100,"href":"https:\/\/www.newsendip.com\/fr\/wp-json\/wp\/v2\/posts\/15846\/revisions\/44100"}],"wp:featuredmedia":[{"embeddable":true,"href":"https:\/\/www.newsendip.com\/fr\/wp-json\/wp\/v2\/media\/15855"}],"wp:attachment":[{"href":"https:\/\/www.newsendip.com\/fr\/wp-json\/wp\/v2\/media?parent=15846"}],"wp:term":[{"taxonomy":"category","embeddable":true,"href":"https:\/\/www.newsendip.com\/fr\/wp-json\/wp\/v2\/categories?post=15846"},{"taxonomy":"post_tag","embeddable":true,"href":"https:\/\/www.newsendip.com\/fr\/wp-json\/wp\/v2\/tags?post=15846"}],"curies":[{"name":"wp","href":"https:\/\/api.w.org\/{rel}","templated":true}]}}