{"id":15876,"date":"2022-04-20T17:39:00","date_gmt":"2022-04-20T15:39:00","guid":{"rendered":"https:\/\/www.newsendip.com\/?p=15876"},"modified":"2024-07-16T23:30:09","modified_gmt":"2024-07-16T21:30:09","slug":"la-republique-tcheque-envisage-de-supprimer-la-lv2-langue-vivante-obligatoire-au-college","status":"publish","type":"post","link":"https:\/\/www.newsendip.com\/fr\/la-republique-tcheque-envisage-de-supprimer-la-lv2-langue-vivante-obligatoire-au-college\/","title":{"rendered":"La R\u00e9publique tch\u00e8que envisage de supprimer la LV2 obligatoire au coll\u00e8ge"},"content":{"rendered":"<p><strong>La R\u00e9publique tch\u00e8que envisage de modifier le programme des \u00e9l\u00e8ves. L\u2019enseignement d\u2019une seconde langue vivante au coll\u00e8ge ne serait plus obligatoire dans le cadre de la r\u00e9forme.<\/strong><\/p>\n<figure id=\"attachment_15882\" aria-describedby=\"caption-attachment-15882\" style=\"width: 1024px\" class=\"wp-caption aligncenter\"><img decoding=\"async\" class=\"size-large wp-image-15882\" src=\"https:\/\/www.newsendip.com\/wp-content\/uploads\/2022\/04\/school-child-1024x683.webp\" alt=\"\u00c9l\u00e8ve au coll\u00e8ge\" width=\"1024\" height=\"683\" srcset=\"https:\/\/www.newsendip.com\/wp-content\/uploads\/2022\/04\/school-child-1024x683.webp 1024w, https:\/\/www.newsendip.com\/wp-content\/uploads\/2022\/04\/school-child-60x40.webp 60w, https:\/\/www.newsendip.com\/wp-content\/uploads\/2022\/04\/school-child-720x480.webp 720w, https:\/\/www.newsendip.com\/wp-content\/uploads\/2022\/04\/school-child-300x200.webp 300w, https:\/\/www.newsendip.com\/wp-content\/uploads\/2022\/04\/school-child-768x512.webp 768w, https:\/\/www.newsendip.com\/wp-content\/uploads\/2022\/04\/school-child-1536x1024.webp 1536w, https:\/\/www.newsendip.com\/wp-content\/uploads\/2022\/04\/school-child-2048x1365.webp 2048w\" sizes=\"(max-width: 1024px) 100vw, 1024px\"><figcaption id=\"caption-attachment-15882\" class=\"wp-caption-text\">Illustration | \u00a9 Ben Mullins<\/figcaption><\/figure>\n<p>Le ministre de l\u2019\u00e9ducation de la R\u00e9publique tch\u00e8que, Petr Gazd\u00edk, a publi\u00e9 le mois dernier le plan d\u2019un nouveau programme \u00e9ducatif dans lequel l\u2019apprentissage d\u2019une deuxi\u00e8me langue vivante au coll\u00e8ge ne serait plus obligatoire, dix ans apr\u00e8s seulement sa mise en&nbsp;place.<\/p>\n<p>Pour le minist\u00e8re, qui a publi\u00e9 le nouveau plan cadre apr\u00e8s consultation d\u2019un groupe d\u2019experts du secteur de l\u2019\u00e9ducation, l\u2019apprentissage d\u2019une LV2 ne serait pas n\u00e9cessaire \u00e0 cet&nbsp;\u00e2ge.<\/p>\n<p>En R\u00e9publique tch\u00e8que, les \u00e9l\u00e8ves de 4\u00e8me, qui ont g\u00e9n\u00e9ralement 12\u201313 ans, doivent choisir une deuxi\u00e8me langue \u00e9trang\u00e8re. Tr\u00e8s souvent, la LV1 est l\u2019anglais.<\/p>\n<p>L\u2019enseignement d\u2019une deuxi\u00e8me langue vivante au coll\u00e8ge est devenue obligatoire \u00e0 parti de 2013 dans le pays, mais le minist\u00e8re pr\u00e9voit de la supprimer dix ans plus tard. Pour le minist\u00e8re, certains enfants ont d\u00e9j\u00e0 du mal \u00e0 <a href=\"https:\/\/www.novinky.cz\/domaci\/clanek\/druhy-cizi-jazyk-povinne-zaci-zapasi-i-s-cestinou-40063420\">apprendre correctement le tch\u00e8que et une langue \u00e9trang\u00e8re<\/a>.<!--more--><\/p>\n<p>Une LV2 pourrait alors \u00eatre choisi parmi les options possibles, et serait plus probablement enseign\u00e9 aux enfants n\u2019ayant pas de difficult\u00e9s d\u2019apprentissage. Les autres pourraient avoir plus de temps pour se concentrer sur moins de langues mais de mieux les apprendre.<\/p>\n<p>Cependant, les professeurs de langues \u00e9trang\u00e8res ne sont pas d\u2019accord avec ce plan. S\u2019il n\u2019y a pas assez d\u2019\u00e9l\u00e8ves inscrits pour une langue, la classe ne sera pas ouverte, ce qui pourrait entra\u00eener une perte d\u2019emplois.<\/p>\n<p>Les <a href=\"https:\/\/www.gallica.cz\/actualites\/soutien-de-gallica-au-maintien-de-la-seconde-langue-vivante-obligatoire-au-college-42cs.html\">repr\u00e9sentants des associations de professeurs de langues \u00e9trang\u00e8res<\/a> (anglais, fran\u00e7ais, allemand, russe et espagnol) dans l\u2019enseignement primaire, secondaire et <a href=\"https:\/\/www.newsendip.com\/fr\/pas-de-retour-en-arriere-les-etudes-superieures-a-distance-la-nouvelle-norme-aux-philippines\/\">sup\u00e9rieur<\/a> ont envoy\u00e9 une lettre au Premier ministre Petr Fiala, pour lui faire part de \u00ab\u202f<em>leur opposition sans \u00e9quivoque \u00e0 la suppression pr\u00e9vue de la langue vivante suppl\u00e9mentaire obligatoire dans l\u2019enseignement primaire\u202f\u00bb<\/em>.<\/p>\n<p>Une p\u00e9tition a \u00e9galement \u00e9t\u00e9 ouverte d\u00e9but avril jusqu\u2019\u00e0 mercredi et a recueilli 2 300 signatures.<\/p>\n<p>La lettre a \u00e9t\u00e9 soutenue par les chambres de commerce de <a href=\"https:\/\/www.newsendip.com\/fr\/le-ministere-de-leducation-francais-refuse-lutilisation-du-point-median\/\">France<\/a> et d\u2019Allemagne, vu que l\u2019apprentissage de ces langues peut stimuler les relations \u00e9conomiques et commerciales entre pays. De surcro\u00eet, les \u00e9tudiants qui parlent couramment des langues \u00e9trang\u00e8res ont g\u00e9n\u00e9ralement un profil plus attractif pour les employeurs dans de nombreux secteurs.<\/p>\n<p><a href=\"https:\/\/e-petice.cz\/petitions\/otevreny-dopis-ministru-skolstvi-ohledne-zachovani-povinne-vyuky-druheho-ciziho-jazyka.html\">Quelques \u00e9tudiants tch\u00e8ques<\/a> qui ont obtenu un dipl\u00f4me en France dans le cadre d\u2019un programme \u00e9ducatif soutenu par le gouvernement ont demand\u00e9 au ministre de revoir son programme. L\u2019apprentissage des langues \u00e9trang\u00e8res contribue \u00e0 la r\u00e9ussite d\u2019une carri\u00e8re, puisque \u00ab\u202f<em>deux ministres de l\u2019\u00e9ducation, des hauts fonctionnaires de l\u2019administration publique et europ\u00e9enne, des universitaires et des scientifiques, des managers, des avocats et des m\u00e9decins ayant r\u00e9ussi au niveau international\u202f\u00bb<\/em> ont suivi le m\u00eame programme qu\u2019eux.<\/p>\n<p>En outre, les professeurs de langues \u00e9trang\u00e8res font valoir qu\u2019apprendre les bases d\u2019une langue \u00e9trang\u00e8re \u00e0 un jeune \u00e2ge ne surcharge pas les enfants et est beaucoup plus efficace que lorsqu\u2019ils commencent au lyc\u00e9e. Ils consid\u00e8rent \u00e9galement que l\u2019enseignement des langues \u00e0 l\u2019\u00e9cole contribue \u00e0 att\u00e9nuer les in\u00e9galit\u00e9s socio-\u00e9conomiques. Les parents qui ont les moyens de voyager ou qui ont un emploi bien r\u00e9mun\u00e9r\u00e9 sont plus enclins \u00e0 exposer leurs enfants aux langues \u00e9trang\u00e8res et \u00e0 augmenter leurs chances de trouver \u00e0 leur tour un emploi bien r\u00e9mun\u00e9r\u00e9.<\/p>\n<p>Selon le journal <a href=\"https:\/\/www.lidovky.cz\/domov\/druhy-povinny-cizi-jazyk-skoly-ministerstvo-skolstvi-gazdik.A220419_190538_ln_domov_vag\">Lidovky<\/a>, plusieurs ambassadeurs de pays membres de l\u2019Union europ\u00e9enne ont m\u00eame fait part de leurs pr\u00e9occupations concernant cette mesure.<\/p>\n<p>Une consultation publique sur le nouveau cadre \u00e9ducatif ouverte pendant un mois se termine le 21&nbsp;avril.<\/p>\n<p><a href=\"https:\/\/www.newsendip.com\/fr\/etiquette\/republique-tcheque\/\"><strong>D\u00e9couvrir plus des actualit\u00e9s sur la R\u00e9publique tch\u00e8que<\/strong><\/a><\/p>\n","protected":false},"excerpt":{"rendered":"<p>En R\u00e9publique tch\u00e8que, l\u2019enseignement d\u2019une seconde langue vivante au coll\u00e8ge pourrait ne plus \u00eatre obligatoire<\/p>\n","protected":false},"author":1,"featured_media":15882,"comment_status":"closed","ping_status":"closed","sticky":false,"template":"","format":"standard","meta":{"wp_typography_post_enhancements_disabled":false,"footnotes":""},"categories":[431],"tags":[437,421],"class_list":["post-15876","post","type-post","status-publish","format-standard","has-post-thumbnail","hentry","category-culture-et-sport","tag-republique-tcheque","tag-vieux"],"yoast_head":"<!-- This site is optimized with the Yoast SEO Premium plugin v27.4 (Yoast SEO v27.4) - https:\/\/yoast.com\/product\/yoast-seo-premium-wordpress\/ -->\n<title>La R\u00e9publique tch\u00e8que envisage de supprimer la LV2 obligatoire au coll\u00e8ge<\/title>\n<meta name=\"description\" content=\"En R\u00e9publique tch\u00e8que, l&#039;enseignement d&#039;une seconde langue vivante au coll\u00e8ge pourrait ne plus \u00eatre obligatoire\" \/>\n<meta name=\"robots\" content=\"index, follow, max-snippet:-1, max-image-preview:large, max-video-preview:-1\" \/>\n<link rel=\"canonical\" href=\"https:\/\/www.newsendip.com\/fr\/la-republique-tcheque-envisage-de-supprimer-la-lv2-langue-vivante-obligatoire-au-college\/\" \/>\n<meta property=\"og:locale\" content=\"fr_FR\" \/>\n<meta property=\"og:type\" content=\"article\" \/>\n<meta property=\"og:title\" content=\"La R\u00e9publique tch\u00e8que envisage de supprimer la LV2 obligatoire au coll\u00e8ge\" \/>\n<meta property=\"og:description\" content=\"En R\u00e9publique tch\u00e8que, l&#039;enseignement d&#039;une seconde langue vivante au coll\u00e8ge pourrait ne plus \u00eatre obligatoire\" \/>\n<meta property=\"og:url\" content=\"https:\/\/www.newsendip.com\/fr\/la-republique-tcheque-envisage-de-supprimer-la-lv2-langue-vivante-obligatoire-au-college\/\" \/>\n<meta property=\"og:site_name\" content=\"Newsendip\" \/>\n<meta property=\"article:publisher\" content=\"https:\/\/www.facebook.com\/newsendip\" \/>\n<meta property=\"article:published_time\" content=\"2022-04-20T15:39:00+00:00\" \/>\n<meta property=\"article:modified_time\" content=\"2024-07-16T21:30:09+00:00\" \/>\n<meta property=\"og:image\" content=\"https:\/\/www.newsendip.com\/wp-content\/uploads\/2022\/04\/school-child-small-min-progressive.jpeg\" \/>\n\t<meta property=\"og:image:width\" content=\"640\" \/>\n\t<meta property=\"og:image:height\" content=\"427\" \/>\n\t<meta property=\"og:image:type\" content=\"image\/jpeg\" \/>\n<meta name=\"author\" content=\"Cl\u00e9ment V\u00e9rit\u00e9\" \/>\n<meta name=\"twitter:card\" content=\"summary_large_image\" \/>\n<meta name=\"twitter:image\" content=\"https:\/\/www.newsendip.com\/wp-content\/uploads\/2022\/04\/school-child-small-min-progressive.jpeg\" \/>\n<meta name=\"twitter:creator\" content=\"@https:\/\/twitter.com\/cverite\" \/>\n<meta name=\"twitter:site\" content=\"@newsendip\" \/>\n<meta name=\"twitter:label1\" content=\"\u00c9crit par\" \/>\n\t<meta name=\"twitter:data1\" content=\"Cl\u00e9ment V\u00e9rit\u00e9\" \/>\n\t<meta name=\"twitter:label2\" content=\"Dur\u00e9e de lecture estim\u00e9e\" \/>\n\t<meta name=\"twitter:data2\" content=\"3 minutes\" \/>\n<!-- \/ Yoast SEO Premium plugin. -->","yoast_head_json":{"title":"La R\u00e9publique tch\u00e8que envisage de supprimer la LV2 obligatoire au coll\u00e8ge","description":"En R\u00e9publique tch\u00e8que, l'enseignement d'une seconde langue vivante au coll\u00e8ge pourrait ne plus \u00eatre obligatoire","robots":{"index":"index","follow":"follow","max-snippet":"max-snippet:-1","max-image-preview":"max-image-preview:large","max-video-preview":"max-video-preview:-1"},"canonical":"https:\/\/www.newsendip.com\/fr\/la-republique-tcheque-envisage-de-supprimer-la-lv2-langue-vivante-obligatoire-au-college\/","og_locale":"fr_FR","og_type":"article","og_title":"La R\u00e9publique tch\u00e8que envisage de supprimer la LV2 obligatoire au coll\u00e8ge","og_description":"En R\u00e9publique tch\u00e8que, l'enseignement d'une seconde langue vivante au coll\u00e8ge pourrait ne plus \u00eatre obligatoire","og_url":"https:\/\/www.newsendip.com\/fr\/la-republique-tcheque-envisage-de-supprimer-la-lv2-langue-vivante-obligatoire-au-college\/","og_site_name":"Newsendip","article_publisher":"https:\/\/www.facebook.com\/newsendip","article_published_time":"2022-04-20T15:39:00+00:00","article_modified_time":"2024-07-16T21:30:09+00:00","og_image":[{"width":640,"height":427,"url":"https:\/\/www.newsendip.com\/wp-content\/uploads\/2022\/04\/school-child-small-min-progressive.jpeg","type":"image\/jpeg"}],"author":"Cl\u00e9ment V\u00e9rit\u00e9","twitter_card":"summary_large_image","twitter_image":"https:\/\/www.newsendip.com\/wp-content\/uploads\/2022\/04\/school-child-small-min-progressive.jpeg","twitter_creator":"@https:\/\/twitter.com\/cverite","twitter_site":"@newsendip","twitter_misc":{"\u00c9crit par":"Cl\u00e9ment V\u00e9rit\u00e9","Dur\u00e9e de lecture estim\u00e9e":"3 minutes"},"schema":{"@context":"https:\/\/schema.org","@graph":[{"@type":"NewsArticle","@id":"https:\/\/www.newsendip.com\/fr\/la-republique-tcheque-envisage-de-supprimer-la-lv2-langue-vivante-obligatoire-au-college\/#article","isPartOf":{"@id":"https:\/\/www.newsendip.com\/fr\/la-republique-tcheque-envisage-de-supprimer-la-lv2-langue-vivante-obligatoire-au-college\/"},"author":{"name":"Cl\u00e9ment V\u00e9rit\u00e9","@id":"https:\/\/www.newsendip.com\/fr\/#\/schema\/person\/ea22c01755f464a3cbc2c619584d6363"},"headline":"La R\u00e9publique tch\u00e8que envisage de supprimer la LV2 obligatoire au coll\u00e8ge","datePublished":"2022-04-20T15:39:00+00:00","dateModified":"2024-07-16T21:30:09+00:00","mainEntityOfPage":{"@id":"https:\/\/www.newsendip.com\/fr\/la-republique-tcheque-envisage-de-supprimer-la-lv2-langue-vivante-obligatoire-au-college\/"},"wordCount":695,"publisher":{"@id":"https:\/\/www.newsendip.com\/fr\/#organization"},"image":{"@id":"https:\/\/www.newsendip.com\/fr\/la-republique-tcheque-envisage-de-supprimer-la-lv2-langue-vivante-obligatoire-au-college\/#primaryimage"},"thumbnailUrl":"https:\/\/www.newsendip.com\/wp-content\/uploads\/2022\/04\/school-child.webp","keywords":["R\u00e9publique tch\u00e8que","Vieux"],"articleSection":["Culture et sport"],"inLanguage":"fr-FR","copyrightYear":"2022","copyrightHolder":{"@id":"https:\/\/www.newsendip.com\/#organization"}},{"@type":"WebPage","@id":"https:\/\/www.newsendip.com\/fr\/la-republique-tcheque-envisage-de-supprimer-la-lv2-langue-vivante-obligatoire-au-college\/","url":"https:\/\/www.newsendip.com\/fr\/la-republique-tcheque-envisage-de-supprimer-la-lv2-langue-vivante-obligatoire-au-college\/","name":"La R\u00e9publique tch\u00e8que envisage de supprimer la LV2 obligatoire au coll\u00e8ge","isPartOf":{"@id":"https:\/\/www.newsendip.com\/fr\/#website"},"primaryImageOfPage":{"@id":"https:\/\/www.newsendip.com\/fr\/la-republique-tcheque-envisage-de-supprimer-la-lv2-langue-vivante-obligatoire-au-college\/#primaryimage"},"image":{"@id":"https:\/\/www.newsendip.com\/fr\/la-republique-tcheque-envisage-de-supprimer-la-lv2-langue-vivante-obligatoire-au-college\/#primaryimage"},"thumbnailUrl":"https:\/\/www.newsendip.com\/wp-content\/uploads\/2022\/04\/school-child.webp","datePublished":"2022-04-20T15:39:00+00:00","dateModified":"2024-07-16T21:30:09+00:00","description":"En R\u00e9publique tch\u00e8que, l'enseignement d'une seconde langue vivante au coll\u00e8ge pourrait ne plus \u00eatre obligatoire","breadcrumb":{"@id":"https:\/\/www.newsendip.com\/fr\/la-republique-tcheque-envisage-de-supprimer-la-lv2-langue-vivante-obligatoire-au-college\/#breadcrumb"},"inLanguage":"fr-FR","potentialAction":[{"@type":"ReadAction","target":["https:\/\/www.newsendip.com\/fr\/la-republique-tcheque-envisage-de-supprimer-la-lv2-langue-vivante-obligatoire-au-college\/"]}]},{"@type":"ImageObject","inLanguage":"fr-FR","@id":"https:\/\/www.newsendip.com\/fr\/la-republique-tcheque-envisage-de-supprimer-la-lv2-langue-vivante-obligatoire-au-college\/#primaryimage","url":"https:\/\/www.newsendip.com\/wp-content\/uploads\/2022\/04\/school-child.webp","contentUrl":"https:\/\/www.newsendip.com\/wp-content\/uploads\/2022\/04\/school-child.webp","width":2400,"height":1600,"caption":"Illustration | \u00a9 Ben Mullins"},{"@type":"BreadcrumbList","@id":"https:\/\/www.newsendip.com\/fr\/la-republique-tcheque-envisage-de-supprimer-la-lv2-langue-vivante-obligatoire-au-college\/#breadcrumb","itemListElement":[{"@type":"ListItem","position":1,"name":"Accueil","item":"https:\/\/www.newsendip.com\/fr\/"},{"@type":"ListItem","position":2,"name":"La R\u00e9publique tch\u00e8que envisage de supprimer la LV2 obligatoire au coll\u00e8ge"}]},{"@type":"WebSite","@id":"https:\/\/www.newsendip.com\/fr\/#website","url":"https:\/\/www.newsendip.com\/fr\/","name":"Newsendip","description":"Red\u00e9couvrez l&#039;actualit\u00e9 internationale","publisher":{"@id":"https:\/\/www.newsendip.com\/fr\/#organization"},"potentialAction":[{"@type":"SearchAction","target":{"@type":"EntryPoint","urlTemplate":"https:\/\/www.newsendip.com\/fr\/?s={search_term_string}"},"query-input":{"@type":"PropertyValueSpecification","valueRequired":true,"valueName":"search_term_string"}}],"inLanguage":"fr-FR"},{"@type":"Organization","@id":"https:\/\/www.newsendip.com\/fr\/#organization","name":"Newsendip","url":"https:\/\/www.newsendip.com\/fr\/","logo":{"@type":"ImageObject","inLanguage":"fr-FR","@id":"https:\/\/www.newsendip.com\/fr\/#\/schema\/logo\/image\/","url":"https:\/\/www.newsendip.com\/wp-content\/uploads\/2023\/12\/512x512.svg","contentUrl":"https:\/\/www.newsendip.com\/wp-content\/uploads\/2023\/12\/512x512.svg","width":1,"height":1,"caption":"Newsendip"},"image":{"@id":"https:\/\/www.newsendip.com\/fr\/#\/schema\/logo\/image\/"},"sameAs":["https:\/\/www.facebook.com\/newsendip","https:\/\/x.com\/newsendip","https:\/\/mastodon.social\/@newsendip","https:\/\/www.linkedin.com\/company\/newsendip"],"description":"Newsendip est un site qui a pour mission de rendre l'actualit\u00e9 internationale accessible et diversifi\u00e9e","email":"contact@newsendip.com","legalName":"Newsendip SAS","foundingDate":"2022-11-04","vatID":"FR60921124723","numberOfEmployees":{"@type":"QuantitativeValue","minValue":"1","maxValue":"10"},"publishingPrinciples":"https:\/\/www.newsendip.com\/about-us\/","ownershipFundingInfo":"https:\/\/www.newsendip.com\/legal-notice\/","actionableFeedbackPolicy":"https:\/\/www.newsendip.com\/about-us\/","correctionsPolicy":"https:\/\/www.newsendip.com\/about-us\/","ethicsPolicy":"https:\/\/www.newsendip.com\/about-us\/","diversityPolicy":"https:\/\/www.newsendip.com\/about-us\/"},{"@type":"Person","@id":"https:\/\/www.newsendip.com\/fr\/#\/schema\/person\/ea22c01755f464a3cbc2c619584d6363","name":"Cl\u00e9ment V\u00e9rit\u00e9","description":"Cl\u00e9ment is the executive editor and founder of Newsendip. He started in the media industry as a freelance reporter at 16 for a local French newspaper after school and has never left it. He later worked for seven years at The New York Times, notably as a data analyst. He holds a Master of Management in France and a Master of Arts in the United Kingdom in International Marketing &amp; Communications Strategy. He has lived in France, the United Kingdom, and Italy.","sameAs":["https:\/\/www.newsendip.com\/","https:\/\/www.linkedin.com\/in\/clementverite\/","https:\/\/x.com\/https:\/\/twitter.com\/cverite"],"knowsAbout":["News","International","Business","Media monitoring"],"knowsLanguage":["English","French","Italian","Spanish"],"url":"https:\/\/www.newsendip.com\/fr\/author\/clement-verite\/"}]}},"_links":{"self":[{"href":"https:\/\/www.newsendip.com\/fr\/wp-json\/wp\/v2\/posts\/15876","targetHints":{"allow":["GET"]}}],"collection":[{"href":"https:\/\/www.newsendip.com\/fr\/wp-json\/wp\/v2\/posts"}],"about":[{"href":"https:\/\/www.newsendip.com\/fr\/wp-json\/wp\/v2\/types\/post"}],"author":[{"embeddable":true,"href":"https:\/\/www.newsendip.com\/fr\/wp-json\/wp\/v2\/users\/1"}],"replies":[{"embeddable":true,"href":"https:\/\/www.newsendip.com\/fr\/wp-json\/wp\/v2\/comments?post=15876"}],"version-history":[{"count":0,"href":"https:\/\/www.newsendip.com\/fr\/wp-json\/wp\/v2\/posts\/15876\/revisions"}],"wp:featuredmedia":[{"embeddable":true,"href":"https:\/\/www.newsendip.com\/fr\/wp-json\/wp\/v2\/media\/15882"}],"wp:attachment":[{"href":"https:\/\/www.newsendip.com\/fr\/wp-json\/wp\/v2\/media?parent=15876"}],"wp:term":[{"taxonomy":"category","embeddable":true,"href":"https:\/\/www.newsendip.com\/fr\/wp-json\/wp\/v2\/categories?post=15876"},{"taxonomy":"post_tag","embeddable":true,"href":"https:\/\/www.newsendip.com\/fr\/wp-json\/wp\/v2\/tags?post=15876"}],"curies":[{"name":"wp","href":"https:\/\/api.w.org\/{rel}","templated":true}]}}