{"id":15894,"date":"2022-04-21T13:10:38","date_gmt":"2022-04-21T11:10:38","guid":{"rendered":"https:\/\/www.newsendip.com\/?p=15894"},"modified":"2024-07-18T15:59:51","modified_gmt":"2024-07-18T13:59:51","slug":"la-colombie-a-viole-les-droits-souverains-du-nicaragua-selon-la-cour-internationale-de-justice","status":"publish","type":"post","link":"https:\/\/www.newsendip.com\/fr\/la-colombie-a-viole-les-droits-souverains-du-nicaragua-selon-la-cour-internationale-de-justice\/","title":{"rendered":"La Colombie a viol\u00e9 les droits souverains du Nicaragua selon la Cour internationale de justice"},"content":{"rendered":"<p><strong>La Cour internationale de justice s\u2019est prononc\u00e9e majoritairement en faveur du Nicaragua dans son litige avec la Colombie sur les espaces maritimes autour de l\u2019archipel de San Andr\u00e9s, Providencia et Santa Catalina. La Colombie esp\u00e9rait que la Cour prot\u00e9gerait les droits de p\u00eache des communaut\u00e9s locales.<\/strong><\/p>\n<figure id=\"attachment_15902\" aria-describedby=\"caption-attachment-15902\" style=\"width: 1024px\" class=\"wp-caption aligncenter\"><img decoding=\"async\" class=\"size-large wp-image-15902\" src=\"https:\/\/www.newsendip.com\/wp-content\/uploads\/2022\/04\/colombia-san-andres-archipelago-nicaragua-dispute-1024x768.webp\" alt=\"la c\u00f4te de San Andr\u00e9s en Colombie\" width=\"1024\" height=\"768\" srcset=\"https:\/\/www.newsendip.com\/wp-content\/uploads\/2022\/04\/colombia-san-andres-archipelago-nicaragua-dispute-1024x768.webp 1024w, https:\/\/www.newsendip.com\/wp-content\/uploads\/2022\/04\/colombia-san-andres-archipelago-nicaragua-dispute-300x225.webp 300w, https:\/\/www.newsendip.com\/wp-content\/uploads\/2022\/04\/colombia-san-andres-archipelago-nicaragua-dispute-768x576.webp 768w, https:\/\/www.newsendip.com\/wp-content\/uploads\/2022\/04\/colombia-san-andres-archipelago-nicaragua-dispute-1536x1152.webp 1536w, https:\/\/www.newsendip.com\/wp-content\/uploads\/2022\/04\/colombia-san-andres-archipelago-nicaragua-dispute.webp 1600w\" sizes=\"(max-width: 1024px) 100vw, 1024px\"><figcaption id=\"caption-attachment-15902\" class=\"wp-caption-text\">L\u2019\u00eele de San Andr\u00e9s en Colombie | \u00a9 Frank Plamann, 2017<\/figcaption><\/figure>\n<p>La <a href=\"https:\/\/www.icj-cij.org\/public\/files\/case-related\/155\/155-20220421-JUD-01-00-FR.pdf\">Cour internationale de justice<\/a> s\u2019est prononc\u00e9e le 21 avril sur le diff\u00e9rend entre la Colombie et le Nicaragua concernant des violations all\u00e9gu\u00e9es de droits souverains et d\u2019espaces maritimes dans la mer des Cara\u00efbes.<\/p>\n<p>La CIJ a estim\u00e9 que la Colombie avait viol\u00e9 les droits souverains du Nicaragua dans sa zone \u00e9conomique exclusive pr\u00e8s de l\u2019archipel de San Andr\u00e9s, Providencia et Santa Catalina.<\/p>\n<p>La d\u00e9cision de la Cour marque une victoire pour le Nicaragua qui a port\u00e9 l\u2019affaire devant la CIJ alors que la Colombie esp\u00e9rait prot\u00e9ger sa communaut\u00e9 locale de l\u2019archipel et sa p\u00eache artisanale.<\/p>\n<p>La Cour a jug\u00e9 que la Colombie avait entrav\u00e9 les activit\u00e9s de p\u00eache et de conservation du Nicaragua. De plus, par ses activit\u00e9s de p\u00eache et en voulant faire appliquer des mesures de conservation, la Colombie a \u00ab\u202f<em>viol\u00e9 les droits souverains et la juridiction de la R\u00e9publique du Nicaragua dans cette zone maritime\u202f\u00bb<\/em>. La Cour a demand\u00e9 \u00e0 la Colombie de cesser imm\u00e9diatement ce comportement.<!--more--><\/p>\n<p>L\u2019archipel de San Andr\u00e9s, Providencia et Santa Catalina se trouve \u00e0 environ 200 kilom\u00e8tres des c\u00f4tes du Nicaragua et \u00e0 650 kilom\u00e8tres de la Colombie continentale. Elle a fait l\u2019objet de plusieurs litiges entre les deux pays, puisqu\u2019il s\u2019agit du troisi\u00e8me arr\u00eat rendu par la CIJ sur le&nbsp;sujet.<\/p>\n<figure id=\"attachment_13692\" aria-describedby=\"caption-attachment-13692\" style=\"width: 955px\" class=\"wp-caption aligncenter\"><img decoding=\"async\" class=\"size-full wp-image-13692\" src=\"https:\/\/www.newsendip.com\/wp-content\/uploads\/2021\/09\/San_andres_archipelago-progressive.jpeg\" alt=\"L'archipel de San Andr\u00e9s, Providencia et Santa Catalina en Colombie proche du Nicaragua\" width=\"955\" height=\"598\" srcset=\"https:\/\/www.newsendip.com\/wp-content\/uploads\/2021\/09\/San_andres_archipelago-progressive.jpeg 955w, https:\/\/www.newsendip.com\/wp-content\/uploads\/2021\/09\/San_andres_archipelago-progressive-300x188.jpeg 300w, https:\/\/www.newsendip.com\/wp-content\/uploads\/2021\/09\/San_andres_archipelago-progressive-768x481.jpeg 768w\" sizes=\"(max-width: 955px) 100vw, 955px\"><figcaption id=\"caption-attachment-13692\" class=\"wp-caption-text\">L\u2019\u00eele de San Andr\u00e9s de l\u2019archipel de San Andr\u00e9s, Providencia et Santa Catalina en Colombie est proche du Nicaragua | \u00a9 Google Maps<\/figcaption><\/figure>\n<p>En novembre 2012, la CIJ a confirm\u00e9 la souverainet\u00e9 de la Colombie sur sept ilots situ\u00e9s pr\u00e8s des \u00eeles de San Andr\u00e9s, Providencia et Santa Catalina. Toutefois, le Nicaragua a obtenu 40\u202f% de la mer territoriale \u00e0 l\u2019ouest de San Andr\u00e9s, soit environ 70 000 kilom\u00e8tres carr\u00e9s, que la Colombie consid\u00e9rait comme sienne.<\/p>\n<p>Apr\u00e8s le jugement de 2012, la Colombie a d\u00e9cid\u00e9 de d\u00e9noncer le Trait\u00e9 am\u00e9ricain de r\u00e8glement pacifique, \u00e9galement connu sous le nom de Pacte de Bogot\u00e1, et a cess\u00e9 de reconna\u00eetre la <a href=\"https:\/\/www.newsendip.com\/fr\/le-kenya-rejette-la-decision-de-la-cij-sur-le-differend-maritime-qui-loppose-a-la-somalie\/\">juridiction de la CIJ<\/a>. Mais le Nicaragua a d\u00e9pos\u00e9 une plainte avant le d\u00e9part effectif de la Colombie. Dans son arr\u00eat, la Cour a consid\u00e9r\u00e9 que la d\u00e9cision de 2012 s\u2019appliquait \u00e0 des \u00e9v\u00e9nements survenus m\u00eame apr\u00e8s que le Pacte de Bogot\u00e1 a cess\u00e9 d\u2019\u00eatre en vigueur en Colombie.<\/p>\n<p><a href=\"https:\/\/www.newsendip.com\/fr\/la-cour-internationale-de-justice-ecoute-le-nicaragua-et-la-colombie-sur-un-differend-maritime\/\">Lors des audiences en septembre dernier<\/a>, le Nicaragua a fait valoir que la Colombie n\u2019avait pas respect\u00e9 les d\u00e9cisions en patrouillant constamment dans la zone et que cela constituait une menace de recours \u00e0 la&nbsp;force.<\/p>\n<p>De son c\u00f4t\u00e9, la Colombie affirmait que le <a href=\"https:\/\/www.newsendip.com\/fr\/etiquette\/nicaragua-fr\/\">Nicaragua<\/a> pratiquait une p\u00eache intensive et ne respectait pas les droits de p\u00eache des Raizal, une communaut\u00e9 afro-carib\u00e9enne vivant dans l\u2019archipel, ni leur acc\u00e8s \u00e0 leurs zones de p\u00eache traditionnelles. Les Raizal ne peuvent pas p\u00eacher en eaux profondes avec leurs techniques artisanales et auraient besoin d\u2019une grande zone de p\u00eache. Pour le Nicaragua, ces droits n\u2019ont pas lieu d\u2019\u00eatre.<\/p>\n<p>Le pr\u00e9sident de Colombie Iv\u00e1n Duque et des membres de son gouvernement se sont rendus \u00e0 <a href=\"https:\/\/www.newsendip.com\/fr\/aide-humanitaire-avec-masques-et-cocaine-en-colombie\/\">San Andr\u00e9s<\/a> pour entendre le verdict de la CIJ et montrer son soutien \u00e0 la communaut\u00e9 locale, esp\u00e9rant que le jugement prot\u00e9gerait les Raizal.<\/p>\n<p>La Colombie avait \u00e9galement affirm\u00e9 que le Nicaragua avait pris un d\u00e9cret visant \u00e0 \u00e9tendre ses eaux int\u00e9rieures et son territoire maritime au-del\u00e0 de ce que le droit international l\u2019y autorise. La CIJ a estim\u00e9 que le Nicaragua n\u2019\u00e9tait pas conforme au droit international coutumier \u00e0 cet&nbsp;\u00e9gard.<\/p>\n<p>La Cour a \u00e9galement estim\u00e9 que la \u00ab\u202f<em>zone contigu\u00eb unique\u202f\u00bb<\/em> \u00e9tablie par la Colombie dans la partie occidentale de ses \u00eeles de la mer des Cara\u00efbes, qui lui permet l\u00e9gitimement de patrouiller et de lutter contre le trafic de drogue, la contrebande et l\u2019immigration clandestine m\u00eame dans les espaces maritimes du Nicaragua, n\u2019\u00e9tait pas conforme au droit international coutumier car elle s\u2019\u00e9tend au-del\u00e0 de 24 milles nautiques.<\/p>\n<p>De mani\u00e8re attendu, la CIJ a estim\u00e9 que la Colombie doit \u00ab\u202f<em>par les moyens de son choix, mettre en conformit\u00e9 avec le droit international coutumier les dispositions\u202f\u00bb<\/em> d\u2019un d\u00e9cret respectant la d\u00e9cision de 2012. La <a href=\"https:\/\/www.newsendip.com\/fr\/la-colombie-viole-laccord-de-paix-avec-les-farc-selon-la-cour-constitutionnelle\/\">Cour constitutionnelle de Colombie<\/a> a d\u00e9termin\u00e9 en 2014 que la d\u00e9cision de la CIJ ne pouvait \u00eatre mise en \u0153uvre que par le biais d\u2019un trait\u00e9, qui n\u2019a toujours pas vu le&nbsp;jour.<\/p>\n<p>La Cour estime que la n\u00e9gociation d\u2019un accord bilat\u00e9ral entre les parties serait la \u00ab\u202f<em>la m\u00e9thode la plus propre \u00e0 rem\u00e9dier aux pr\u00e9occupations exprim\u00e9es par la Colombie et ses nationaux au sujet de l\u2019acc\u00e8s aux p\u00eacheries situ\u00e9es dans la zone \u00e9conomique exclusive du Nicaragua\u202f\u00bb<\/em>.<\/p>\n<p><a href=\"https:\/\/www.newsendip.com\/fr\/etiquette\/colombie\/\"><strong>D\u00e9couvrez plus d\u2019informations sur la Colombie<\/strong><\/a><\/p>\n","protected":false},"excerpt":{"rendered":"<p>La Cour internationale de justice s\u2019est prononc\u00e9e majoritairement en faveur du Nicaragua dans son litige avec la Colombie sur les espaces maritimes autour de l\u2019archipel de San Andr\u00e9s, Providencia et Santa Catalina.<\/p>\n","protected":false},"author":1,"featured_media":15917,"comment_status":"closed","ping_status":"closed","sticky":false,"template":"","format":"standard","meta":{"wp_typography_post_enhancements_disabled":false,"footnotes":""},"categories":[416],"tags":[440,754,421],"class_list":["post-15894","post","type-post","status-publish","format-standard","has-post-thumbnail","hentry","category-politique","tag-colombie","tag-nicaragua-fr","tag-vieux"],"yoast_head":"<!-- This site is optimized with the Yoast SEO Premium plugin v27.4 (Yoast SEO v27.4) - https:\/\/yoast.com\/product\/yoast-seo-premium-wordpress\/ -->\n<title>La Colombie a viol\u00e9 les droits souverains du Nicaragua selon la Cour internationale de justice<\/title>\n<meta name=\"description\" content=\"La Cour internationale de justice s&#039;est prononc\u00e9e majoritairement en faveur du Nicaragua dans son litige avec la Colombie sur les espaces maritimes autour de l&#039;archipel de San Andr\u00e9s, Providencia et Santa Catalina.\" \/>\n<meta name=\"robots\" content=\"index, follow, max-snippet:-1, max-image-preview:large, max-video-preview:-1\" \/>\n<link rel=\"canonical\" href=\"https:\/\/www.newsendip.com\/fr\/la-colombie-a-viole-les-droits-souverains-du-nicaragua-selon-la-cour-internationale-de-justice\/\" \/>\n<meta property=\"og:locale\" content=\"fr_FR\" \/>\n<meta property=\"og:type\" content=\"article\" \/>\n<meta property=\"og:title\" content=\"La Colombie a viol\u00e9 les droits souverains du Nicaragua selon la Cour internationale de justice\" \/>\n<meta property=\"og:description\" content=\"La Cour internationale de justice s&#039;est prononc\u00e9e majoritairement en faveur du Nicaragua dans son litige avec la Colombie sur les espaces maritimes autour de l&#039;archipel de San Andr\u00e9s, Providencia et Santa Catalina.\" \/>\n<meta property=\"og:url\" content=\"https:\/\/www.newsendip.com\/fr\/la-colombie-a-viole-les-droits-souverains-du-nicaragua-selon-la-cour-internationale-de-justice\/\" \/>\n<meta property=\"og:site_name\" content=\"Newsendip\" \/>\n<meta property=\"article:publisher\" content=\"https:\/\/www.facebook.com\/newsendip\" \/>\n<meta property=\"article:published_time\" content=\"2022-04-21T11:10:38+00:00\" \/>\n<meta property=\"article:modified_time\" content=\"2024-07-18T13:59:51+00:00\" \/>\n<meta property=\"og:image\" content=\"https:\/\/www.newsendip.com\/wp-content\/uploads\/2022\/04\/school-child-small-min-progressive.jpeg\" \/>\n\t<meta property=\"og:image:width\" content=\"640\" \/>\n\t<meta property=\"og:image:height\" content=\"427\" \/>\n\t<meta property=\"og:image:type\" content=\"image\/jpeg\" \/>\n<meta name=\"author\" content=\"Cl\u00e9ment V\u00e9rit\u00e9\" \/>\n<meta name=\"twitter:card\" content=\"summary_large_image\" \/>\n<meta name=\"twitter:image\" content=\"https:\/\/www.newsendip.com\/wp-content\/uploads\/2022\/04\/school-child-small-min-progressive.jpeg\" \/>\n<meta name=\"twitter:creator\" content=\"@https:\/\/twitter.com\/cverite\" \/>\n<meta name=\"twitter:site\" content=\"@newsendip\" \/>\n<meta name=\"twitter:label1\" content=\"\u00c9crit par\" \/>\n\t<meta name=\"twitter:data1\" content=\"Cl\u00e9ment V\u00e9rit\u00e9\" \/>\n\t<meta name=\"twitter:label2\" content=\"Dur\u00e9e de lecture estim\u00e9e\" \/>\n\t<meta name=\"twitter:data2\" content=\"4 minutes\" \/>\n<!-- \/ Yoast SEO Premium plugin. -->","yoast_head_json":{"title":"La Colombie a viol\u00e9 les droits souverains du Nicaragua selon la Cour internationale de justice","description":"La Cour internationale de justice s'est prononc\u00e9e majoritairement en faveur du Nicaragua dans son litige avec la Colombie sur les espaces maritimes autour de l'archipel de San Andr\u00e9s, Providencia et Santa Catalina.","robots":{"index":"index","follow":"follow","max-snippet":"max-snippet:-1","max-image-preview":"max-image-preview:large","max-video-preview":"max-video-preview:-1"},"canonical":"https:\/\/www.newsendip.com\/fr\/la-colombie-a-viole-les-droits-souverains-du-nicaragua-selon-la-cour-internationale-de-justice\/","og_locale":"fr_FR","og_type":"article","og_title":"La Colombie a viol\u00e9 les droits souverains du Nicaragua selon la Cour internationale de justice","og_description":"La Cour internationale de justice s'est prononc\u00e9e majoritairement en faveur du Nicaragua dans son litige avec la Colombie sur les espaces maritimes autour de l'archipel de San Andr\u00e9s, Providencia et Santa Catalina.","og_url":"https:\/\/www.newsendip.com\/fr\/la-colombie-a-viole-les-droits-souverains-du-nicaragua-selon-la-cour-internationale-de-justice\/","og_site_name":"Newsendip","article_publisher":"https:\/\/www.facebook.com\/newsendip","article_published_time":"2022-04-21T11:10:38+00:00","article_modified_time":"2024-07-18T13:59:51+00:00","og_image":[{"width":640,"height":427,"url":"https:\/\/www.newsendip.com\/wp-content\/uploads\/2022\/04\/school-child-small-min-progressive.jpeg","type":"image\/jpeg"}],"author":"Cl\u00e9ment V\u00e9rit\u00e9","twitter_card":"summary_large_image","twitter_image":"https:\/\/www.newsendip.com\/wp-content\/uploads\/2022\/04\/school-child-small-min-progressive.jpeg","twitter_creator":"@https:\/\/twitter.com\/cverite","twitter_site":"@newsendip","twitter_misc":{"\u00c9crit par":"Cl\u00e9ment V\u00e9rit\u00e9","Dur\u00e9e de lecture estim\u00e9e":"4 minutes"},"schema":{"@context":"https:\/\/schema.org","@graph":[{"@type":"NewsArticle","@id":"https:\/\/www.newsendip.com\/fr\/la-colombie-a-viole-les-droits-souverains-du-nicaragua-selon-la-cour-internationale-de-justice\/#article","isPartOf":{"@id":"https:\/\/www.newsendip.com\/fr\/la-colombie-a-viole-les-droits-souverains-du-nicaragua-selon-la-cour-internationale-de-justice\/"},"author":{"name":"Cl\u00e9ment V\u00e9rit\u00e9","@id":"https:\/\/www.newsendip.com\/fr\/#\/schema\/person\/ea22c01755f464a3cbc2c619584d6363"},"headline":"La Colombie a viol\u00e9 les droits souverains du Nicaragua selon la Cour internationale de justice","datePublished":"2022-04-21T11:10:38+00:00","dateModified":"2024-07-18T13:59:51+00:00","mainEntityOfPage":{"@id":"https:\/\/www.newsendip.com\/fr\/la-colombie-a-viole-les-droits-souverains-du-nicaragua-selon-la-cour-internationale-de-justice\/"},"wordCount":921,"publisher":{"@id":"https:\/\/www.newsendip.com\/fr\/#organization"},"image":{"@id":"https:\/\/www.newsendip.com\/fr\/la-colombie-a-viole-les-droits-souverains-du-nicaragua-selon-la-cour-internationale-de-justice\/#primaryimage"},"thumbnailUrl":"https:\/\/www.newsendip.com\/wp-content\/uploads\/2022\/04\/international-court-justice-colombia-nicaragua-ruling-2022.webp","keywords":["Colombie","Nicaragua","Vieux"],"articleSection":["Politique"],"inLanguage":"fr-FR","copyrightYear":"2022","copyrightHolder":{"@id":"https:\/\/www.newsendip.com\/#organization"}},{"@type":"WebPage","@id":"https:\/\/www.newsendip.com\/fr\/la-colombie-a-viole-les-droits-souverains-du-nicaragua-selon-la-cour-internationale-de-justice\/","url":"https:\/\/www.newsendip.com\/fr\/la-colombie-a-viole-les-droits-souverains-du-nicaragua-selon-la-cour-internationale-de-justice\/","name":"La Colombie a viol\u00e9 les droits souverains du Nicaragua selon la Cour internationale de justice","isPartOf":{"@id":"https:\/\/www.newsendip.com\/fr\/#website"},"primaryImageOfPage":{"@id":"https:\/\/www.newsendip.com\/fr\/la-colombie-a-viole-les-droits-souverains-du-nicaragua-selon-la-cour-internationale-de-justice\/#primaryimage"},"image":{"@id":"https:\/\/www.newsendip.com\/fr\/la-colombie-a-viole-les-droits-souverains-du-nicaragua-selon-la-cour-internationale-de-justice\/#primaryimage"},"thumbnailUrl":"https:\/\/www.newsendip.com\/wp-content\/uploads\/2022\/04\/international-court-justice-colombia-nicaragua-ruling-2022.webp","datePublished":"2022-04-21T11:10:38+00:00","dateModified":"2024-07-18T13:59:51+00:00","description":"La Cour internationale de justice s'est prononc\u00e9e majoritairement en faveur du Nicaragua dans son litige avec la Colombie sur les espaces maritimes autour de l'archipel de San Andr\u00e9s, Providencia et Santa Catalina.","breadcrumb":{"@id":"https:\/\/www.newsendip.com\/fr\/la-colombie-a-viole-les-droits-souverains-du-nicaragua-selon-la-cour-internationale-de-justice\/#breadcrumb"},"inLanguage":"fr-FR","potentialAction":[{"@type":"ReadAction","target":["https:\/\/www.newsendip.com\/fr\/la-colombie-a-viole-les-droits-souverains-du-nicaragua-selon-la-cour-internationale-de-justice\/"]}]},{"@type":"ImageObject","inLanguage":"fr-FR","@id":"https:\/\/www.newsendip.com\/fr\/la-colombie-a-viole-les-droits-souverains-du-nicaragua-selon-la-cour-internationale-de-justice\/#primaryimage","url":"https:\/\/www.newsendip.com\/wp-content\/uploads\/2022\/04\/international-court-justice-colombia-nicaragua-ruling-2022.webp","contentUrl":"https:\/\/www.newsendip.com\/wp-content\/uploads\/2022\/04\/international-court-justice-colombia-nicaragua-ruling-2022.webp","width":1920,"height":1080,"caption":"Jugement de la Cour internationale de justice sur le litige entre le Nicaragua et la Colombie portant sur des espaces maritimes"},{"@type":"BreadcrumbList","@id":"https:\/\/www.newsendip.com\/fr\/la-colombie-a-viole-les-droits-souverains-du-nicaragua-selon-la-cour-internationale-de-justice\/#breadcrumb","itemListElement":[{"@type":"ListItem","position":1,"name":"Accueil","item":"https:\/\/www.newsendip.com\/fr\/"},{"@type":"ListItem","position":2,"name":"La Colombie a viol\u00e9 les droits souverains du Nicaragua selon la Cour internationale de justice"}]},{"@type":"WebSite","@id":"https:\/\/www.newsendip.com\/fr\/#website","url":"https:\/\/www.newsendip.com\/fr\/","name":"Newsendip","description":"Red\u00e9couvrez l&#039;actualit\u00e9 internationale","publisher":{"@id":"https:\/\/www.newsendip.com\/fr\/#organization"},"potentialAction":[{"@type":"SearchAction","target":{"@type":"EntryPoint","urlTemplate":"https:\/\/www.newsendip.com\/fr\/?s={search_term_string}"},"query-input":{"@type":"PropertyValueSpecification","valueRequired":true,"valueName":"search_term_string"}}],"inLanguage":"fr-FR"},{"@type":"Organization","@id":"https:\/\/www.newsendip.com\/fr\/#organization","name":"Newsendip","url":"https:\/\/www.newsendip.com\/fr\/","logo":{"@type":"ImageObject","inLanguage":"fr-FR","@id":"https:\/\/www.newsendip.com\/fr\/#\/schema\/logo\/image\/","url":"https:\/\/www.newsendip.com\/wp-content\/uploads\/2023\/12\/512x512.svg","contentUrl":"https:\/\/www.newsendip.com\/wp-content\/uploads\/2023\/12\/512x512.svg","width":1,"height":1,"caption":"Newsendip"},"image":{"@id":"https:\/\/www.newsendip.com\/fr\/#\/schema\/logo\/image\/"},"sameAs":["https:\/\/www.facebook.com\/newsendip","https:\/\/x.com\/newsendip","https:\/\/mastodon.social\/@newsendip","https:\/\/www.linkedin.com\/company\/newsendip"],"description":"Newsendip est un site qui a pour mission de rendre l'actualit\u00e9 internationale accessible et diversifi\u00e9e","email":"contact@newsendip.com","legalName":"Newsendip SAS","foundingDate":"2022-11-04","vatID":"FR60921124723","numberOfEmployees":{"@type":"QuantitativeValue","minValue":"1","maxValue":"10"},"publishingPrinciples":"https:\/\/www.newsendip.com\/about-us\/","ownershipFundingInfo":"https:\/\/www.newsendip.com\/legal-notice\/","actionableFeedbackPolicy":"https:\/\/www.newsendip.com\/about-us\/","correctionsPolicy":"https:\/\/www.newsendip.com\/about-us\/","ethicsPolicy":"https:\/\/www.newsendip.com\/about-us\/","diversityPolicy":"https:\/\/www.newsendip.com\/about-us\/"},{"@type":"Person","@id":"https:\/\/www.newsendip.com\/fr\/#\/schema\/person\/ea22c01755f464a3cbc2c619584d6363","name":"Cl\u00e9ment V\u00e9rit\u00e9","description":"Cl\u00e9ment is the executive editor and founder of Newsendip. He started in the media industry as a freelance reporter at 16 for a local French newspaper after school and has never left it. He later worked for seven years at The New York Times, notably as a data analyst. He holds a Master of Management in France and a Master of Arts in the United Kingdom in International Marketing &amp; Communications Strategy. He has lived in France, the United Kingdom, and Italy.","sameAs":["https:\/\/www.newsendip.com\/","https:\/\/www.linkedin.com\/in\/clementverite\/","https:\/\/x.com\/https:\/\/twitter.com\/cverite"],"knowsAbout":["News","International","Business","Media monitoring"],"knowsLanguage":["English","French","Italian","Spanish"],"url":"https:\/\/www.newsendip.com\/fr\/author\/clement-verite\/"}]}},"_links":{"self":[{"href":"https:\/\/www.newsendip.com\/fr\/wp-json\/wp\/v2\/posts\/15894","targetHints":{"allow":["GET"]}}],"collection":[{"href":"https:\/\/www.newsendip.com\/fr\/wp-json\/wp\/v2\/posts"}],"about":[{"href":"https:\/\/www.newsendip.com\/fr\/wp-json\/wp\/v2\/types\/post"}],"author":[{"embeddable":true,"href":"https:\/\/www.newsendip.com\/fr\/wp-json\/wp\/v2\/users\/1"}],"replies":[{"embeddable":true,"href":"https:\/\/www.newsendip.com\/fr\/wp-json\/wp\/v2\/comments?post=15894"}],"version-history":[{"count":0,"href":"https:\/\/www.newsendip.com\/fr\/wp-json\/wp\/v2\/posts\/15894\/revisions"}],"wp:featuredmedia":[{"embeddable":true,"href":"https:\/\/www.newsendip.com\/fr\/wp-json\/wp\/v2\/media\/15917"}],"wp:attachment":[{"href":"https:\/\/www.newsendip.com\/fr\/wp-json\/wp\/v2\/media?parent=15894"}],"wp:term":[{"taxonomy":"category","embeddable":true,"href":"https:\/\/www.newsendip.com\/fr\/wp-json\/wp\/v2\/categories?post=15894"},{"taxonomy":"post_tag","embeddable":true,"href":"https:\/\/www.newsendip.com\/fr\/wp-json\/wp\/v2\/tags?post=15894"}],"curies":[{"name":"wp","href":"https:\/\/api.w.org\/{rel}","templated":true}]}}