{"id":16063,"date":"2022-04-26T12:10:16","date_gmt":"2022-04-26T10:10:16","guid":{"rendered":"https:\/\/www.newsendip.com\/?p=16063"},"modified":"2022-11-07T10:15:42","modified_gmt":"2022-11-07T09:15:42","slug":"des-enregistrements-revelent-des-cas-de-torture-pendant-la-dictature-militaire-du-bresil","status":"publish","type":"post","link":"https:\/\/www.newsendip.com\/fr\/des-enregistrements-revelent-des-cas-de-torture-pendant-la-dictature-militaire-du-bresil\/","title":{"rendered":"Des enregistrements r\u00e9v\u00e8lent des cas de torture pendant la dictature militaire du Br\u00e9sil"},"content":{"rendered":"<p><strong>Des enregistrements audio de membres du Tribunal militaire durant la dictature au Br\u00e9sil discutent des actes de torture commis par les forces de l\u2019ordre.<br>\n<\/strong><\/p>\n<p><img decoding=\"async\" class=\"aligncenter size-full wp-image-16076\" src=\"https:\/\/www.newsendip.com\/wp-content\/uploads\/2022\/04\/brazil-dictatorship-violence-torture.webp\" alt=\"Br\u00e9sil dictature\" width=\"906\" height=\"509\" srcset=\"https:\/\/www.newsendip.com\/wp-content\/uploads\/2022\/04\/brazil-dictatorship-violence-torture.webp 906w, https:\/\/www.newsendip.com\/wp-content\/uploads\/2022\/04\/brazil-dictatorship-violence-torture-60x34.webp 60w, https:\/\/www.newsendip.com\/wp-content\/uploads\/2022\/04\/brazil-dictatorship-violence-torture-300x169.webp 300w, https:\/\/www.newsendip.com\/wp-content\/uploads\/2022\/04\/brazil-dictatorship-violence-torture-768x431.webp 768w\" sizes=\"(max-width: 906px) 100vw, 906px\"><\/p>\n<p>Ce sont 10 000 heures, soit pr\u00e8s de 417 jours, d\u2019enregistrements audio du Tribunal militaire sup\u00e9rieur (STM) entre 1975 et 1985. Lors de s\u00e9ances publiques et secr\u00e8tes pendant la dictature, des membres militaires et civils de la cour, appel\u00e9s ministres, commentent, d\u00e9battent et discutent d\u2019actes de torture commis par les forces de l\u2019ordre.<\/p>\n<p>Dans un enregistrement, un ministre parle d\u2019une personne qui a d\u00e9clar\u00e9 avoir \u00e9t\u00e9 frapp\u00e9e avec un marteau pour avouer le braquage d\u2019une banque. Dans un autre, un amiral admet que la torture a lieu mais qu\u2019elle n\u2019est pas g\u00e9n\u00e9ralis\u00e9e. Le g\u00e9n\u00e9ral Rodrigo Ot\u00e1vio, un officier de l\u2019arm\u00e9e qui s\u2019est \u00e9lev\u00e9 contre la torture lors de la dictature, mentionne aussi une prisonni\u00e8re politique oppos\u00e9e au r\u00e9gime qui a avort\u00e9 apr\u00e8s avoir re\u00e7u des d\u00e9charges \u00e9lectriques sur ses organes g\u00e9nitaux pendant sa grossesse.<\/p>\n<p>Tous ces enregistrements ont \u00e9t\u00e9 recueillis et compil\u00e9s par Carlos Rico, un historien de l\u2019Universit\u00e9 f\u00e9d\u00e9rale de Rio de Janeiro. Le STM avait difficilement rendu les enregistrements disponibles apr\u00e8s une d\u00e9cision de la Cour supr\u00eame f\u00e9d\u00e9rale il y a quelques ann\u00e9es.<!--more--><\/p>\n<p>Les <a href=\"https:\/\/blogs.oglobo.globo.com\/miriam-leitao\/post\/audios-do-superior-tribunal-militar-provam-tortura-na-ditadura.html\">informations ont \u00e9t\u00e9 publi\u00e9es par Miriam Leit\u00e3o<\/a>, une journaliste de O Globo. Cette derni\u00e8re a \u00e9galement \u00e9t\u00e9 faite prisonni\u00e8re en 1976 pendant la dictature militaire. Elle \u00e9tait \u00e0 l\u2019\u00e9poque membre du parti communiste. Elle a \u00e9t\u00e9 frapp\u00e9e, a d\u00fb rester nue devant des policiers, ou a encore a \u00e9t\u00e9 enferm\u00e9e seule dans une pi\u00e8ce avec un boa constrictor. Elle \u00e9tait enceinte d\u2019un&nbsp;mois.<\/p>\n<p>D\u00e9but avril, Eduardo Bolsonaro, membre du Congr\u00e8s et fils du pr\u00e9sident br\u00e9silien Jair Bolsonaro, s\u2019en \u00e9tait moqu\u00e9 en disant qu\u2019il avait de la peine pour le serpent, doutant de l\u2019histoire de la journaliste par manque de preuves.<\/p>\n<p>Ce sont les moqueries et les doutes \u00e9mis contre la propre histoire de la journaliste qui ont motiv\u00e9 l\u2019historien \u00e0 lui remettre les enregistrements sur lesquels il travaillait depuis 2018.<\/p>\n<p>Jair Bolsonaro et les partisans de la dictature louent les militaires pour avoir \u00e9vit\u00e9 que le pays tombe dans le communisme et consid\u00e8rent que des exc\u00e8s ont \u00e9t\u00e9 r\u00e9alis\u00e9s des deux c\u00f4t\u00e9s dans une soci\u00e9t\u00e9 fractur\u00e9e. Le 1er avril dernier, 58 ans apr\u00e8s le coup d\u2019\u00c9tat militaire, le pr\u00e9sident Bolsonaro a <a href=\"https:\/\/noticias.uol.com.br\/politica\/ultimas-noticias\/2022\/04\/01\/bolsonaro-socialismo-forcas-armadas-ministerio-defesa.htm\">fait l\u2019\u00e9loge des forces arm\u00e9es<\/a> pour \u00eatre \u00ab\u202f<em>le dernier rempart contre le socialisme au Br\u00e9sil\u202f\u00bb<\/em>. Au cours de sa pr\u00e9sidence, Bolsonaro a \u00e9galement souhait\u00e9 que <a href=\"https:\/\/www.newsendip.com\/fr\/jair-bolsonaro-a-tente-de-revisiter-lhistoire-du-bresil-pour-lexamen-du-baccalaureat\/\">le coup d\u2019\u00c9tat militaire soit qualifi\u00e9 de R\u00e9volution<\/a> au baccalaur\u00e9at, r\u00e9futant toute controverse car \u00ab\u202f<em>personne ne se pr\u00e9occupe plus de ces questions absurdes du pass\u00e9\u202f\u00bb<\/em>.<\/p>\n<p>Le vice-pr\u00e9sident du Br\u00e9sil et <a href=\"https:\/\/blogs.oglobo.globo.com\/miriam-leitao\/post\/confira-os-audios-ineditos-de-sessoes-do-stm-inclusive-secretas.html\">ancien g\u00e9n\u00e9ral Hamilton Mour\u00e3o<\/a> a r\u00e9agi aux publications et a disqualifi\u00e9 l\u2019importance de l\u2019information. Les militaires et les policiers qui ont pratiqu\u00e9 des s\u00e9ances de torture <em>\u00ab\u202fsont tous morts<\/em>, a\u2011t-il d\u00e9clar\u00e9 en riant<em>. Allez-vous les faire sortir de leurs tombes\u202f?\u202f\u00bb<\/em> Il a ajout\u00e9 que cela faisait d\u00e9sormais partie de l\u2019histoire. Que des actes de torture ont \u00e9t\u00e9 perp\u00e9tu\u00e9s durant la dictature militaire du Br\u00e9sil en place de 1964 \u00e0 1985 n\u2019est en effet pas une nouveaut\u00e9.<\/p>\n<p>Mais la Commission des droits de l\u2019homme du S\u00e9nat a demand\u00e9 les enregistrements \u00e0 la STM pour effectuer une \u00ab\u202f<em>enqu\u00eate rigoureuse\u202f\u00bb<\/em>. \u00ab\u202f<em>Nous ne pouvons pas normaliser la torture et les absurdit\u00e9s commises pendant la dictature militaire. Ce sont des cicatrices profondes qui doivent \u00eatre r\u00e9par\u00e9es, afin que cette barbarie ne se reproduise plus jamais\u202f\u00bb<\/em>, a \u00e9crit le s\u00e9nateur Humberto Costa, pr\u00e9sident de la Commission des droits de l\u2019homme du S\u00e9nat, partisan de Lula Da Silva et figure d\u2019opposition \u00e0 <a href=\"https:\/\/www.newsendip.com\/fr\/jair-bolsonaro-se-prepare-aux-elections-presidentielles-de-2022-et-adhere-a-un-parti-politique\/\">Jair Bolsonaro<\/a>.<\/p>\n<p>Le pr\u00e9sident du Tribunal militaire sup\u00e9rieur, le g\u00e9n\u00e9ral Luiz Carlos Gomes Mattos, a <a href=\"https:\/\/twitter.com\/GenMattos\/status\/1516535814880120839\">r\u00e9agi sur Twitter<\/a> que \u00ab\u202f<em>nous n\u2019avons pas de r\u00e9ponse \u00e0 donner, nous ignorons simplement des informations biais\u00e9es comme celles-ci\u202f\u00bb<\/em>, consid\u00e9rant qu\u2019elles ne visent qu\u2019\u00e0 nuire aux <a href=\"https:\/\/www.newsendip.com\/fr\/jair-bolsonaro-et-le-sujet-delicat-du-salaire-des-fonctionnaires-bresil-budget-inflation-elections\/\">forces arm\u00e9es<\/a>. Le g\u00e9n\u00e9ral a commenc\u00e9 sa carri\u00e8re en 1964, l\u2019ann\u00e9e du coup d\u2019\u00c9tat.<\/p>\n<p>\u00c0 ce jour, les enregistrements ne donneront probablement lieu \u00e0 aucune poursuite p\u00e9nale. En 1979, la <a href=\"https:\/\/www.opendemocracy.net\/en\/democraciaabierta\/brazil-40th-anniversary-amnesty-law\/\">Loi d\u2019Amnistie<\/a> adopt\u00e9e pendant la dictature amnistiait des dissidents politiques, mais prot\u00e9geait \u00e9galement les militaires et les fonctionnaires pour leurs crimes.<\/p>\n<p><a href=\"https:\/\/www.newsendip.com\/fr\/etiquette\/bresil\/\"><strong>D\u00e9couvrez plus d\u2019informations sur le Br\u00e9sil<\/strong><\/a><\/p>\n","protected":false},"excerpt":{"rendered":"<p>Des enregistrements audio de membres du Tribunal militaire durant la dictature au Br\u00e9sil discutent des actes de torture commis par les forces de l\u2019ordre.<\/p>\n","protected":false},"author":1,"featured_media":16076,"comment_status":"closed","ping_status":"closed","sticky":false,"template":"","format":"standard","meta":{"wp_typography_post_enhancements_disabled":false,"footnotes":""},"categories":[416],"tags":[411,455],"class_list":["post-16063","post","type-post","status-publish","format-standard","has-post-thumbnail","hentry","category-politique","tag-actuel","tag-bresil"],"yoast_head":"<!-- This site is optimized with the Yoast SEO Premium plugin v27.4 (Yoast SEO v27.4) - https:\/\/yoast.com\/product\/yoast-seo-premium-wordpress\/ -->\n<title>Des enregistrements r\u00e9v\u00e8lent des cas de torture pendant la dictature militaire du Br\u00e9sil<\/title>\n<meta name=\"description\" content=\"Des enregistrements audio de membres du Tribunal militaire durant la dictature au Br\u00e9sil discutent des actes de torture commis par les forces de l&#039;ordre.\" \/>\n<meta name=\"robots\" content=\"index, follow, max-snippet:-1, max-image-preview:large, max-video-preview:-1\" \/>\n<link rel=\"canonical\" href=\"https:\/\/www.newsendip.com\/fr\/des-enregistrements-revelent-des-cas-de-torture-pendant-la-dictature-militaire-du-bresil\/\" \/>\n<meta property=\"og:locale\" content=\"fr_FR\" \/>\n<meta property=\"og:type\" content=\"article\" \/>\n<meta property=\"og:title\" content=\"Des enregistrements r\u00e9v\u00e8lent des cas de torture pendant la dictature militaire du Br\u00e9sil\" \/>\n<meta property=\"og:description\" content=\"Des enregistrements audio de membres du Tribunal militaire durant la dictature au Br\u00e9sil discutent des actes de torture commis par les forces de l&#039;ordre.\" \/>\n<meta property=\"og:url\" content=\"https:\/\/www.newsendip.com\/fr\/des-enregistrements-revelent-des-cas-de-torture-pendant-la-dictature-militaire-du-bresil\/\" \/>\n<meta property=\"og:site_name\" content=\"Newsendip\" \/>\n<meta property=\"article:publisher\" content=\"https:\/\/www.facebook.com\/newsendip\" \/>\n<meta property=\"article:published_time\" content=\"2022-04-26T10:10:16+00:00\" \/>\n<meta property=\"article:modified_time\" content=\"2022-11-07T09:15:42+00:00\" \/>\n<meta property=\"og:image\" content=\"https:\/\/www.newsendip.com\/wp-content\/uploads\/2022\/04\/brazil-dictatorship-violence-torture-progressive.jpeg\" \/>\n\t<meta property=\"og:image:width\" content=\"906\" \/>\n\t<meta property=\"og:image:height\" content=\"509\" \/>\n\t<meta property=\"og:image:type\" content=\"image\/jpeg\" \/>\n<meta name=\"author\" content=\"Cl\u00e9ment V\u00e9rit\u00e9\" \/>\n<meta name=\"twitter:card\" content=\"summary_large_image\" \/>\n<meta name=\"twitter:image\" content=\"https:\/\/www.newsendip.com\/wp-content\/uploads\/2022\/04\/brazil-dictatorship-violence-torture-progressive.jpeg\" \/>\n<meta name=\"twitter:creator\" content=\"@https:\/\/twitter.com\/cverite\" \/>\n<meta name=\"twitter:site\" content=\"@newsendip\" \/>\n<meta name=\"twitter:label1\" content=\"\u00c9crit par\" \/>\n\t<meta name=\"twitter:data1\" content=\"Cl\u00e9ment V\u00e9rit\u00e9\" \/>\n\t<meta name=\"twitter:label2\" content=\"Dur\u00e9e de lecture estim\u00e9e\" \/>\n\t<meta name=\"twitter:data2\" content=\"4 minutes\" \/>\n<!-- \/ Yoast SEO Premium plugin. -->","yoast_head_json":{"title":"Des enregistrements r\u00e9v\u00e8lent des cas de torture pendant la dictature militaire du Br\u00e9sil","description":"Des enregistrements audio de membres du Tribunal militaire durant la dictature au Br\u00e9sil discutent des actes de torture commis par les forces de l'ordre.","robots":{"index":"index","follow":"follow","max-snippet":"max-snippet:-1","max-image-preview":"max-image-preview:large","max-video-preview":"max-video-preview:-1"},"canonical":"https:\/\/www.newsendip.com\/fr\/des-enregistrements-revelent-des-cas-de-torture-pendant-la-dictature-militaire-du-bresil\/","og_locale":"fr_FR","og_type":"article","og_title":"Des enregistrements r\u00e9v\u00e8lent des cas de torture pendant la dictature militaire du Br\u00e9sil","og_description":"Des enregistrements audio de membres du Tribunal militaire durant la dictature au Br\u00e9sil discutent des actes de torture commis par les forces de l'ordre.","og_url":"https:\/\/www.newsendip.com\/fr\/des-enregistrements-revelent-des-cas-de-torture-pendant-la-dictature-militaire-du-bresil\/","og_site_name":"Newsendip","article_publisher":"https:\/\/www.facebook.com\/newsendip","article_published_time":"2022-04-26T10:10:16+00:00","article_modified_time":"2022-11-07T09:15:42+00:00","og_image":[{"width":906,"height":509,"url":"https:\/\/www.newsendip.com\/wp-content\/uploads\/2022\/04\/brazil-dictatorship-violence-torture-progressive.jpeg","type":"image\/jpeg"}],"author":"Cl\u00e9ment V\u00e9rit\u00e9","twitter_card":"summary_large_image","twitter_image":"https:\/\/www.newsendip.com\/wp-content\/uploads\/2022\/04\/brazil-dictatorship-violence-torture-progressive.jpeg","twitter_creator":"@https:\/\/twitter.com\/cverite","twitter_site":"@newsendip","twitter_misc":{"\u00c9crit par":"Cl\u00e9ment V\u00e9rit\u00e9","Dur\u00e9e de lecture estim\u00e9e":"4 minutes"},"schema":{"@context":"https:\/\/schema.org","@graph":[{"@type":"NewsArticle","@id":"https:\/\/www.newsendip.com\/fr\/des-enregistrements-revelent-des-cas-de-torture-pendant-la-dictature-militaire-du-bresil\/#article","isPartOf":{"@id":"https:\/\/www.newsendip.com\/fr\/des-enregistrements-revelent-des-cas-de-torture-pendant-la-dictature-militaire-du-bresil\/"},"author":{"name":"Cl\u00e9ment V\u00e9rit\u00e9","@id":"https:\/\/www.newsendip.com\/fr\/#\/schema\/person\/ea22c01755f464a3cbc2c619584d6363"},"headline":"Des enregistrements r\u00e9v\u00e8lent des cas de torture pendant la dictature militaire du Br\u00e9sil","datePublished":"2022-04-26T10:10:16+00:00","dateModified":"2022-11-07T09:15:42+00:00","mainEntityOfPage":{"@id":"https:\/\/www.newsendip.com\/fr\/des-enregistrements-revelent-des-cas-de-torture-pendant-la-dictature-militaire-du-bresil\/"},"wordCount":816,"publisher":{"@id":"https:\/\/www.newsendip.com\/fr\/#organization"},"image":{"@id":"https:\/\/www.newsendip.com\/fr\/des-enregistrements-revelent-des-cas-de-torture-pendant-la-dictature-militaire-du-bresil\/#primaryimage"},"thumbnailUrl":"https:\/\/www.newsendip.com\/wp-content\/uploads\/2022\/04\/brazil-dictatorship-violence-torture.webp","keywords":["Actuel","Br\u00e9sil"],"articleSection":["Politique"],"inLanguage":"fr-FR","copyrightYear":"2022","copyrightHolder":{"@id":"https:\/\/www.newsendip.com\/#organization"}},{"@type":"WebPage","@id":"https:\/\/www.newsendip.com\/fr\/des-enregistrements-revelent-des-cas-de-torture-pendant-la-dictature-militaire-du-bresil\/","url":"https:\/\/www.newsendip.com\/fr\/des-enregistrements-revelent-des-cas-de-torture-pendant-la-dictature-militaire-du-bresil\/","name":"Des enregistrements r\u00e9v\u00e8lent des cas de torture pendant la dictature militaire du Br\u00e9sil","isPartOf":{"@id":"https:\/\/www.newsendip.com\/fr\/#website"},"primaryImageOfPage":{"@id":"https:\/\/www.newsendip.com\/fr\/des-enregistrements-revelent-des-cas-de-torture-pendant-la-dictature-militaire-du-bresil\/#primaryimage"},"image":{"@id":"https:\/\/www.newsendip.com\/fr\/des-enregistrements-revelent-des-cas-de-torture-pendant-la-dictature-militaire-du-bresil\/#primaryimage"},"thumbnailUrl":"https:\/\/www.newsendip.com\/wp-content\/uploads\/2022\/04\/brazil-dictatorship-violence-torture.webp","datePublished":"2022-04-26T10:10:16+00:00","dateModified":"2022-11-07T09:15:42+00:00","description":"Des enregistrements audio de membres du Tribunal militaire durant la dictature au Br\u00e9sil discutent des actes de torture commis par les forces de l'ordre.","breadcrumb":{"@id":"https:\/\/www.newsendip.com\/fr\/des-enregistrements-revelent-des-cas-de-torture-pendant-la-dictature-militaire-du-bresil\/#breadcrumb"},"inLanguage":"fr-FR","potentialAction":[{"@type":"ReadAction","target":["https:\/\/www.newsendip.com\/fr\/des-enregistrements-revelent-des-cas-de-torture-pendant-la-dictature-militaire-du-bresil\/"]}]},{"@type":"ImageObject","inLanguage":"fr-FR","@id":"https:\/\/www.newsendip.com\/fr\/des-enregistrements-revelent-des-cas-de-torture-pendant-la-dictature-militaire-du-bresil\/#primaryimage","url":"https:\/\/www.newsendip.com\/wp-content\/uploads\/2022\/04\/brazil-dictatorship-violence-torture.webp","contentUrl":"https:\/\/www.newsendip.com\/wp-content\/uploads\/2022\/04\/brazil-dictatorship-violence-torture.webp","width":906,"height":509,"caption":"Br\u00e9sil dictature"},{"@type":"BreadcrumbList","@id":"https:\/\/www.newsendip.com\/fr\/des-enregistrements-revelent-des-cas-de-torture-pendant-la-dictature-militaire-du-bresil\/#breadcrumb","itemListElement":[{"@type":"ListItem","position":1,"name":"Accueil","item":"https:\/\/www.newsendip.com\/fr\/"},{"@type":"ListItem","position":2,"name":"Des enregistrements r\u00e9v\u00e8lent des cas de torture pendant la dictature militaire du Br\u00e9sil"}]},{"@type":"WebSite","@id":"https:\/\/www.newsendip.com\/fr\/#website","url":"https:\/\/www.newsendip.com\/fr\/","name":"Newsendip","description":"Red\u00e9couvrez l&#039;actualit\u00e9 internationale","publisher":{"@id":"https:\/\/www.newsendip.com\/fr\/#organization"},"potentialAction":[{"@type":"SearchAction","target":{"@type":"EntryPoint","urlTemplate":"https:\/\/www.newsendip.com\/fr\/?s={search_term_string}"},"query-input":{"@type":"PropertyValueSpecification","valueRequired":true,"valueName":"search_term_string"}}],"inLanguage":"fr-FR"},{"@type":"Organization","@id":"https:\/\/www.newsendip.com\/fr\/#organization","name":"Newsendip","url":"https:\/\/www.newsendip.com\/fr\/","logo":{"@type":"ImageObject","inLanguage":"fr-FR","@id":"https:\/\/www.newsendip.com\/fr\/#\/schema\/logo\/image\/","url":"https:\/\/www.newsendip.com\/wp-content\/uploads\/2023\/12\/512x512.svg","contentUrl":"https:\/\/www.newsendip.com\/wp-content\/uploads\/2023\/12\/512x512.svg","width":1,"height":1,"caption":"Newsendip"},"image":{"@id":"https:\/\/www.newsendip.com\/fr\/#\/schema\/logo\/image\/"},"sameAs":["https:\/\/www.facebook.com\/newsendip","https:\/\/x.com\/newsendip","https:\/\/mastodon.social\/@newsendip","https:\/\/www.linkedin.com\/company\/newsendip"],"description":"Newsendip est un site qui a pour mission de rendre l'actualit\u00e9 internationale accessible et diversifi\u00e9e","email":"contact@newsendip.com","legalName":"Newsendip SAS","foundingDate":"2022-11-04","vatID":"FR60921124723","numberOfEmployees":{"@type":"QuantitativeValue","minValue":"1","maxValue":"10"},"publishingPrinciples":"https:\/\/www.newsendip.com\/about-us\/","ownershipFundingInfo":"https:\/\/www.newsendip.com\/legal-notice\/","actionableFeedbackPolicy":"https:\/\/www.newsendip.com\/about-us\/","correctionsPolicy":"https:\/\/www.newsendip.com\/about-us\/","ethicsPolicy":"https:\/\/www.newsendip.com\/about-us\/","diversityPolicy":"https:\/\/www.newsendip.com\/about-us\/"},{"@type":"Person","@id":"https:\/\/www.newsendip.com\/fr\/#\/schema\/person\/ea22c01755f464a3cbc2c619584d6363","name":"Cl\u00e9ment V\u00e9rit\u00e9","description":"Cl\u00e9ment is the executive editor and founder of Newsendip. He started in the media industry as a freelance reporter at 16 for a local French newspaper after school and has never left it. He later worked for seven years at The New York Times, notably as a data analyst. He holds a Master of Management in France and a Master of Arts in the United Kingdom in International Marketing &amp; Communications Strategy. He has lived in France, the United Kingdom, and Italy.","sameAs":["https:\/\/www.newsendip.com\/","https:\/\/www.linkedin.com\/in\/clementverite\/","https:\/\/x.com\/https:\/\/twitter.com\/cverite"],"knowsAbout":["News","International","Business","Media monitoring"],"knowsLanguage":["English","French","Italian","Spanish"],"url":"https:\/\/www.newsendip.com\/fr\/author\/clement-verite\/"}]}},"_links":{"self":[{"href":"https:\/\/www.newsendip.com\/fr\/wp-json\/wp\/v2\/posts\/16063","targetHints":{"allow":["GET"]}}],"collection":[{"href":"https:\/\/www.newsendip.com\/fr\/wp-json\/wp\/v2\/posts"}],"about":[{"href":"https:\/\/www.newsendip.com\/fr\/wp-json\/wp\/v2\/types\/post"}],"author":[{"embeddable":true,"href":"https:\/\/www.newsendip.com\/fr\/wp-json\/wp\/v2\/users\/1"}],"replies":[{"embeddable":true,"href":"https:\/\/www.newsendip.com\/fr\/wp-json\/wp\/v2\/comments?post=16063"}],"version-history":[{"count":0,"href":"https:\/\/www.newsendip.com\/fr\/wp-json\/wp\/v2\/posts\/16063\/revisions"}],"wp:featuredmedia":[{"embeddable":true,"href":"https:\/\/www.newsendip.com\/fr\/wp-json\/wp\/v2\/media\/16076"}],"wp:attachment":[{"href":"https:\/\/www.newsendip.com\/fr\/wp-json\/wp\/v2\/media?parent=16063"}],"wp:term":[{"taxonomy":"category","embeddable":true,"href":"https:\/\/www.newsendip.com\/fr\/wp-json\/wp\/v2\/categories?post=16063"},{"taxonomy":"post_tag","embeddable":true,"href":"https:\/\/www.newsendip.com\/fr\/wp-json\/wp\/v2\/tags?post=16063"}],"curies":[{"name":"wp","href":"https:\/\/api.w.org\/{rel}","templated":true}]}}