{"id":16332,"date":"2022-05-02T16:40:01","date_gmt":"2022-05-02T14:40:01","guid":{"rendered":"https:\/\/www.newsendip.com\/?p=16332"},"modified":"2024-07-18T15:59:11","modified_gmt":"2024-07-18T13:59:11","slug":"la-cour-supreme-indienne-considere-quaucun-individu-ne-peut-etre-force-a-se-faire-vacciner","status":"publish","type":"post","link":"https:\/\/www.newsendip.com\/fr\/la-cour-supreme-indienne-considere-quaucun-individu-ne-peut-etre-force-a-se-faire-vacciner\/","title":{"rendered":"La Cour supr\u00eame indienne consid\u00e8re que personne \u201cne peut \u00eatre forc\u00e9 \u00e0 se faire vacciner\u201d"},"content":{"rendered":"<p><strong>La Cour supr\u00eame d\u2019Inde a consid\u00e9r\u00e9 que le respect de l\u2019int\u00e9grit\u00e9 corporelle incluait le droit de refuser un traitement m\u00e9dical et qu\u2019elle ne pouvait pas dire que les obligations vaccinales relatives au COVID-19 \u00e9taient proportionn\u00e9es.<\/strong><\/p>\n<figure id=\"attachment_16348\" aria-describedby=\"caption-attachment-16348\" style=\"width: 1024px\" class=\"wp-caption aligncenter\"><img decoding=\"async\" class=\"size-large wp-image-16348\" src=\"https:\/\/www.newsendip.com\/wp-content\/uploads\/2022\/05\/covid-india-1024x768.webp\" alt=\"Panneau d'une zone infect\u00e9e par le COVID-19 \u00e0 Chennai en Inde\" width=\"1024\" height=\"768\" srcset=\"https:\/\/www.newsendip.com\/wp-content\/uploads\/2022\/05\/covid-india-1024x768.webp 1024w, https:\/\/www.newsendip.com\/wp-content\/uploads\/2022\/05\/covid-india-60x45.webp 60w, https:\/\/www.newsendip.com\/wp-content\/uploads\/2022\/05\/covid-india-300x225.webp 300w, https:\/\/www.newsendip.com\/wp-content\/uploads\/2022\/05\/covid-india-768x576.webp 768w, https:\/\/www.newsendip.com\/wp-content\/uploads\/2022\/05\/covid-india-1536x1152.webp 1536w, https:\/\/www.newsendip.com\/wp-content\/uploads\/2022\/05\/covid-india.webp 1920w\" sizes=\"(max-width: 1024px) 100vw, 1024px\"><figcaption id=\"caption-attachment-16348\" class=\"wp-caption-text\">Panneau d\u2019une zone infect\u00e9e par le COVID-19 \u00e0 Chennai en Inde | \u00a9 Govind Krishnan, Novembre 2020<\/figcaption><\/figure>\n<p>La <a href=\"#post-bottom-source\">Cour supr\u00eame indienne<\/a> a statu\u00e9 le 2 mai que les mandats de vaccination ne pouvaient \u00eatre consid\u00e9r\u00e9s comme proportionn\u00e9s \u00e0 la situation et qu\u201d\u202f\u202f\u00bb<em>aucun individu ne peut \u00eatre forc\u00e9 \u00e0 se faire vacciner\u202f\u00bb<\/em>. Sa d\u00e9cision soutient la politique nationale de vaccination qui encourage la population \u00e0 se faire vacciner sans obligation. La Cour sugg\u00e8re de lever toutes les restrictions affectant les personnes non vaccin\u00e9es.<\/p>\n<p>Les juges ont consid\u00e9r\u00e9 qu\u2019en vertu de la Constitution indienne, les individus ont le droit \u00e0 leur int\u00e9grit\u00e9 corporelle et peuvent ainsi refuser un traitement m\u00e9dical car \u00ab\u202f<em>l\u2019autonomie personnelle (\u2026) inclut le droit de refuser de subir tout traitement m\u00e9dical dans la sph\u00e8re de la sant\u00e9 individuelle\u202f\u00bb<\/em>.<\/p>\n<p>La Cour est convaincue des avantages de la vaccination et de ses b\u00e9n\u00e9fices. Les juges ont rejet\u00e9 les opinions selon lesquelles l\u2019immunit\u00e9 naturelle offre une meilleure protection contre le Covid-19 qu\u2019un vaccin, non pas parce qu\u2019elles \u00e9taient scientifiquement incorrectes, mais parce que \u00ab\u202f<em>cela n\u2019\u00e9tait pas pertinent pour la r\u00e9solution du probl\u00e8me\u202f\u00bb<\/em>.<!--more--><\/p>\n<p>La requ\u00eate a \u00e9t\u00e9 d\u00e9pos\u00e9e en mai de l\u2019ann\u00e9e derni\u00e8re par un p\u00e9diatre qui demandait la publication des donn\u00e9es relatives \u00e0 la phase d\u2019essai et \u00e0 la vaccination, ainsi que la reconnaissance que les obligations vaccinales violent les droits des citoyens.<\/p>\n<p>Dans sa d\u00e9cision, la plus haute juridiction indienne soutient la <a href=\"https:\/\/www.newsendip.com\/fr\/une-confiance-dans-ses-dirigeants-facteur-cle-de-la-norvege-dans-la-gestion-de-la-pandemie-de-covid-19\/\">politique de vaccination<\/a> mise en place par le gouvernement de Narendra Modi. Elle \u00ab\u202f<em>est convaincue que la politique de vaccination actuelle de l\u2019Union indienne est fond\u00e9e sur des consid\u00e9rations pertinentes et ne peut \u00eatre consid\u00e9r\u00e9e comme d\u00e9raisonnable ou manifestement arbitraire\u202f\u00bb<\/em>.<\/p>\n<p>L\u2019Inde administre principalement deux vaccins \u00e0 sa population&nbsp;: le Covishield et le Covaxin. Le Covishield est le vaccin Oxford-AstraZeneca produit en Inde et le Covaxin a \u00e9t\u00e9 d\u00e9velopp\u00e9 par l\u2019Inde. Le Covaxin n\u2019est autoris\u00e9 que dans quelques pays europ\u00e9ens, et uniquement autoris\u00e9 pour les voyages dans certains pays comme les \u00c9tats-Unis, le Canada ou l\u2019Australie.<\/p>\n<p>Le gouvernement de l\u2019Union indieenne a d\u00e9cid\u00e9 d\u2019encourager la vaccination mais de ne pas la rendre obligatoire, car \u00ab\u202f<em>personne ne peut \u00eatre contraint de se faire vacciner contre son gr\u00e9\u202f\u00bb<\/em>, a d\u00e9clar\u00e9 le minist\u00e8re de la sant\u00e9 en d\u00e9but d\u2019ann\u00e9e. L\u2019Inde compte douze vaccins obligatoires pour les enfants et recommande certains rappels \u00e0 l\u2019\u00e2ge adulte, sans qu\u2019ils ne soient obligatoires.<\/p>\n<p>Selon l\u2019Organisation mondiale de la sant\u00e9, 43 millions de cas confirm\u00e9s de COVID-19 avec 523 753 d\u00e9c\u00e8s lui ont \u00e9t\u00e9 communiqu\u00e9s, et environ 61\u202f% de la population est enti\u00e8rement vaccin\u00e9e contre le coronavirus en&nbsp;Inde.<\/p>\n<p>Au niveau des \u00c9tats, certains gouvernements ont toutefois \u00e9mis des r\u00e9glementations diff\u00e9rentes que celle de l\u2019Union.<\/p>\n<p>L\u2019\u00c9tat de l\u2019Haryana a restreint depuis janvier 2022 les <a href=\"https:\/\/english.jagran.com\/india\/india-covid-19-restriction-karnataka-haryana-kerala-punjab-tamil-nadu-vaccination-public-place-shopping-malls-latest-updates-10036769\">transports publics aux seules personnes enti\u00e8rement vaccin\u00e9es<\/a>. Le Karnataka a interdit l\u2019acc\u00e8s des parcs, des centres commerciaux et des cin\u00e9mas aux personnes non vaccin\u00e9es. Au Pendjab, les employ\u00e9s du gouvernement doivent pr\u00e9senter un certificat de vaccination pour \u00eatre&nbsp;pay\u00e9s.<\/p>\n<p>L\u2019\u00e9t\u00e9 dernier, l\u2019\u00c9tat du Maharashtra a exclu les personnes sans sch\u00e9ma vaccinal complet des trains r\u00e9gionaux, ce que la Haute Cour de Bombay a jug\u00e9 ill\u00e9gal en f\u00e9vrier. En revanche, la Haute Cour du Kerala a confirm\u00e9 en octobre la d\u00e9cision du gouvernement de l\u2019\u00c9tat de n\u2019autoriser que les personnes ayant une immunit\u00e9 compl\u00e8te contre le COVID-19 dans les \u00e9tablissements scolaires, consid\u00e9rant que le gouvernement peut accorder des avantages \u00e0 ceux qui sont vaccin\u00e9s. Le gouvernement du Kerala a \u00e9galement d\u00e9clar\u00e9 que l\u2019\u00c9tat ne prendrait pas en charge le co\u00fbt du traitement du Covid-19 pour les personnes non vaccin\u00e9es.<\/p>\n<p>Les juges ont estim\u00e9 que les restrictions impos\u00e9es par les gouvernements des \u00c9tats dans le cadre des diff\u00e9rents mandats de vaccination \u00ab\u202f<em>ne peuvent \u00eatre consid\u00e9r\u00e9es comme proportionn\u00e9es\u202f\u00bb<\/em>. Ils ont justifi\u00e9 leur d\u00e9cision par le fait que l\u2019Union indienne n\u2019a pas fourni de donn\u00e9es permettant de contredire les affirmations du plaignant selon lesquelles la transmission du COVID-19 \u00e9tait \u00ab\u202f<em>presque \u00e9quivalente\u202f\u00bb<\/em> entre les personnes vaccin\u00e9es et non vaccin\u00e9es.<\/p>\n<p>La Cour a sugg\u00e9r\u00e9 que les autorit\u00e9s, y compris les institutions priv\u00e9es et \u00e9ducatives, revoient leurs restrictions impos\u00e9es aux personnes non vaccin\u00e9es.<\/p>\n<p><strong><a href=\"https:\/\/www.newsendip.com\/fr\/etiquette\/inde\/\">D\u00e9couvez plus d\u2019informations sur l\u2019Inde<\/a><\/strong><\/p>\n","protected":false},"excerpt":{"rendered":"<p>La Cour supr\u00eame d\u2019Inde a consid\u00e9r\u00e9 que le respect de l\u2019int\u00e9grit\u00e9 corporelle incluait le droit de refuser un traitement m\u00e9dical et qu\u2019elle ne pouvait pas dire que les obligations vaccinales relatives au COVID-19 \u00e9taient proportionn\u00e9es.<\/p>\n","protected":false},"author":1,"featured_media":16348,"comment_status":"closed","ping_status":"closed","sticky":false,"template":"","format":"standard","meta":{"wp_typography_post_enhancements_disabled":false,"footnotes":""},"categories":[412],"tags":[446,421],"class_list":["post-16332","post","type-post","status-publish","format-standard","has-post-thumbnail","hentry","category-sciences-et-sante","tag-inde","tag-vieux"],"yoast_head":"<!-- This site is optimized with the Yoast SEO Premium plugin v27.4 (Yoast SEO v27.4) - https:\/\/yoast.com\/product\/yoast-seo-premium-wordpress\/ -->\n<title>La Cour supr\u00eame indienne consid\u00e8re que personne &#039;ne peut \u00eatre forc\u00e9 \u00e0 se faire vacciner&#039;<\/title>\n<meta name=\"description\" content=\"La Cour supr\u00eame d&#039;Inde a consid\u00e9r\u00e9 que le respect de l&#039;int\u00e9grit\u00e9 corporelle incluait le droit de refuser un traitement m\u00e9dical et qu&#039;elle ne pouvait pas dire que les obligations vaccinales relatives au COVID-19 \u00e9taient proportionn\u00e9es.\" \/>\n<meta name=\"robots\" content=\"index, follow, max-snippet:-1, max-image-preview:large, max-video-preview:-1\" \/>\n<link rel=\"canonical\" href=\"https:\/\/www.newsendip.com\/fr\/la-cour-supreme-indienne-considere-quaucun-individu-ne-peut-etre-force-a-se-faire-vacciner\/\" \/>\n<meta property=\"og:locale\" content=\"fr_FR\" \/>\n<meta property=\"og:type\" content=\"article\" \/>\n<meta property=\"og:title\" content=\"La Cour supr\u00eame indienne consid\u00e8re que personne &#039;ne peut \u00eatre forc\u00e9 \u00e0 se faire vacciner&#039;\" \/>\n<meta property=\"og:description\" content=\"La Cour supr\u00eame d&#039;Inde a consid\u00e9r\u00e9 que le respect de l&#039;int\u00e9grit\u00e9 corporelle incluait le droit de refuser un traitement m\u00e9dical et qu&#039;elle ne pouvait pas dire que les obligations vaccinales relatives au COVID-19 \u00e9taient proportionn\u00e9es.\" \/>\n<meta property=\"og:url\" content=\"https:\/\/www.newsendip.com\/fr\/la-cour-supreme-indienne-considere-quaucun-individu-ne-peut-etre-force-a-se-faire-vacciner\/\" \/>\n<meta property=\"og:site_name\" content=\"Newsendip\" \/>\n<meta property=\"article:publisher\" content=\"https:\/\/www.facebook.com\/newsendip\" \/>\n<meta property=\"article:published_time\" content=\"2022-05-02T14:40:01+00:00\" \/>\n<meta property=\"article:modified_time\" content=\"2024-07-18T13:59:11+00:00\" \/>\n<meta property=\"og:image\" content=\"https:\/\/www.newsendip.com\/wp-content\/uploads\/2022\/05\/covid-india-small-progressive.jpeg\" \/>\n\t<meta property=\"og:image:width\" content=\"640\" \/>\n\t<meta property=\"og:image:height\" content=\"480\" \/>\n\t<meta property=\"og:image:type\" content=\"image\/jpeg\" \/>\n<meta name=\"author\" content=\"Cl\u00e9ment V\u00e9rit\u00e9\" \/>\n<meta name=\"twitter:card\" content=\"summary_large_image\" \/>\n<meta name=\"twitter:image\" content=\"https:\/\/www.newsendip.com\/wp-content\/uploads\/2022\/05\/covid-india-small-progressive.jpeg\" \/>\n<meta name=\"twitter:creator\" content=\"@https:\/\/twitter.com\/cverite\" \/>\n<meta name=\"twitter:site\" content=\"@newsendip\" \/>\n<meta name=\"twitter:label1\" content=\"\u00c9crit par\" \/>\n\t<meta name=\"twitter:data1\" content=\"Cl\u00e9ment V\u00e9rit\u00e9\" \/>\n\t<meta name=\"twitter:label2\" content=\"Dur\u00e9e de lecture estim\u00e9e\" \/>\n\t<meta name=\"twitter:data2\" content=\"4 minutes\" \/>\n<!-- \/ Yoast SEO Premium plugin. -->","yoast_head_json":{"title":"La Cour supr\u00eame indienne consid\u00e8re que personne 'ne peut \u00eatre forc\u00e9 \u00e0 se faire vacciner'","description":"La Cour supr\u00eame d'Inde a consid\u00e9r\u00e9 que le respect de l'int\u00e9grit\u00e9 corporelle incluait le droit de refuser un traitement m\u00e9dical et qu'elle ne pouvait pas dire que les obligations vaccinales relatives au COVID-19 \u00e9taient proportionn\u00e9es.","robots":{"index":"index","follow":"follow","max-snippet":"max-snippet:-1","max-image-preview":"max-image-preview:large","max-video-preview":"max-video-preview:-1"},"canonical":"https:\/\/www.newsendip.com\/fr\/la-cour-supreme-indienne-considere-quaucun-individu-ne-peut-etre-force-a-se-faire-vacciner\/","og_locale":"fr_FR","og_type":"article","og_title":"La Cour supr\u00eame indienne consid\u00e8re que personne 'ne peut \u00eatre forc\u00e9 \u00e0 se faire vacciner'","og_description":"La Cour supr\u00eame d'Inde a consid\u00e9r\u00e9 que le respect de l'int\u00e9grit\u00e9 corporelle incluait le droit de refuser un traitement m\u00e9dical et qu'elle ne pouvait pas dire que les obligations vaccinales relatives au COVID-19 \u00e9taient proportionn\u00e9es.","og_url":"https:\/\/www.newsendip.com\/fr\/la-cour-supreme-indienne-considere-quaucun-individu-ne-peut-etre-force-a-se-faire-vacciner\/","og_site_name":"Newsendip","article_publisher":"https:\/\/www.facebook.com\/newsendip","article_published_time":"2022-05-02T14:40:01+00:00","article_modified_time":"2024-07-18T13:59:11+00:00","og_image":[{"width":640,"height":480,"url":"https:\/\/www.newsendip.com\/wp-content\/uploads\/2022\/05\/covid-india-small-progressive.jpeg","type":"image\/jpeg"}],"author":"Cl\u00e9ment V\u00e9rit\u00e9","twitter_card":"summary_large_image","twitter_image":"https:\/\/www.newsendip.com\/wp-content\/uploads\/2022\/05\/covid-india-small-progressive.jpeg","twitter_creator":"@https:\/\/twitter.com\/cverite","twitter_site":"@newsendip","twitter_misc":{"\u00c9crit par":"Cl\u00e9ment V\u00e9rit\u00e9","Dur\u00e9e de lecture estim\u00e9e":"4 minutes"},"schema":{"@context":"https:\/\/schema.org","@graph":[{"@type":"NewsArticle","@id":"https:\/\/www.newsendip.com\/fr\/la-cour-supreme-indienne-considere-quaucun-individu-ne-peut-etre-force-a-se-faire-vacciner\/#article","isPartOf":{"@id":"https:\/\/www.newsendip.com\/fr\/la-cour-supreme-indienne-considere-quaucun-individu-ne-peut-etre-force-a-se-faire-vacciner\/"},"author":{"name":"Cl\u00e9ment V\u00e9rit\u00e9","@id":"https:\/\/www.newsendip.com\/fr\/#\/schema\/person\/ea22c01755f464a3cbc2c619584d6363"},"headline":"La Cour supr\u00eame indienne consid\u00e8re que personne \u201cne peut \u00eatre forc\u00e9 \u00e0 se faire vacciner\u201d","datePublished":"2022-05-02T14:40:01+00:00","dateModified":"2024-07-18T13:59:11+00:00","mainEntityOfPage":{"@id":"https:\/\/www.newsendip.com\/fr\/la-cour-supreme-indienne-considere-quaucun-individu-ne-peut-etre-force-a-se-faire-vacciner\/"},"wordCount":837,"publisher":{"@id":"https:\/\/www.newsendip.com\/fr\/#organization"},"image":{"@id":"https:\/\/www.newsendip.com\/fr\/la-cour-supreme-indienne-considere-quaucun-individu-ne-peut-etre-force-a-se-faire-vacciner\/#primaryimage"},"thumbnailUrl":"https:\/\/www.newsendip.com\/wp-content\/uploads\/2022\/05\/covid-india.webp","keywords":["Inde","Vieux"],"articleSection":["Sciences et sant\u00e9"],"inLanguage":"fr-FR","copyrightYear":"2022","copyrightHolder":{"@id":"https:\/\/www.newsendip.com\/#organization"}},{"@type":"WebPage","@id":"https:\/\/www.newsendip.com\/fr\/la-cour-supreme-indienne-considere-quaucun-individu-ne-peut-etre-force-a-se-faire-vacciner\/","url":"https:\/\/www.newsendip.com\/fr\/la-cour-supreme-indienne-considere-quaucun-individu-ne-peut-etre-force-a-se-faire-vacciner\/","name":"La Cour supr\u00eame indienne consid\u00e8re que personne 'ne peut \u00eatre forc\u00e9 \u00e0 se faire vacciner'","isPartOf":{"@id":"https:\/\/www.newsendip.com\/fr\/#website"},"primaryImageOfPage":{"@id":"https:\/\/www.newsendip.com\/fr\/la-cour-supreme-indienne-considere-quaucun-individu-ne-peut-etre-force-a-se-faire-vacciner\/#primaryimage"},"image":{"@id":"https:\/\/www.newsendip.com\/fr\/la-cour-supreme-indienne-considere-quaucun-individu-ne-peut-etre-force-a-se-faire-vacciner\/#primaryimage"},"thumbnailUrl":"https:\/\/www.newsendip.com\/wp-content\/uploads\/2022\/05\/covid-india.webp","datePublished":"2022-05-02T14:40:01+00:00","dateModified":"2024-07-18T13:59:11+00:00","description":"La Cour supr\u00eame d'Inde a consid\u00e9r\u00e9 que le respect de l'int\u00e9grit\u00e9 corporelle incluait le droit de refuser un traitement m\u00e9dical et qu'elle ne pouvait pas dire que les obligations vaccinales relatives au COVID-19 \u00e9taient proportionn\u00e9es.","breadcrumb":{"@id":"https:\/\/www.newsendip.com\/fr\/la-cour-supreme-indienne-considere-quaucun-individu-ne-peut-etre-force-a-se-faire-vacciner\/#breadcrumb"},"inLanguage":"fr-FR","potentialAction":[{"@type":"ReadAction","target":["https:\/\/www.newsendip.com\/fr\/la-cour-supreme-indienne-considere-quaucun-individu-ne-peut-etre-force-a-se-faire-vacciner\/"]}]},{"@type":"ImageObject","inLanguage":"fr-FR","@id":"https:\/\/www.newsendip.com\/fr\/la-cour-supreme-indienne-considere-quaucun-individu-ne-peut-etre-force-a-se-faire-vacciner\/#primaryimage","url":"https:\/\/www.newsendip.com\/wp-content\/uploads\/2022\/05\/covid-india.webp","contentUrl":"https:\/\/www.newsendip.com\/wp-content\/uploads\/2022\/05\/covid-india.webp","width":1920,"height":1440,"caption":"Panneau d'une zone infect\u00e9e par le COVID-19 \u00e0 Chennai en Inde | \u00a9 Govind Krishnan, Novembre 2020"},{"@type":"BreadcrumbList","@id":"https:\/\/www.newsendip.com\/fr\/la-cour-supreme-indienne-considere-quaucun-individu-ne-peut-etre-force-a-se-faire-vacciner\/#breadcrumb","itemListElement":[{"@type":"ListItem","position":1,"name":"Accueil","item":"https:\/\/www.newsendip.com\/fr\/"},{"@type":"ListItem","position":2,"name":"La Cour supr\u00eame indienne consid\u00e8re que personne &#8216;ne peut \u00eatre forc\u00e9 \u00e0 se faire vacciner&#8217;"}]},{"@type":"WebSite","@id":"https:\/\/www.newsendip.com\/fr\/#website","url":"https:\/\/www.newsendip.com\/fr\/","name":"Newsendip","description":"Red\u00e9couvrez l&#039;actualit\u00e9 internationale","publisher":{"@id":"https:\/\/www.newsendip.com\/fr\/#organization"},"potentialAction":[{"@type":"SearchAction","target":{"@type":"EntryPoint","urlTemplate":"https:\/\/www.newsendip.com\/fr\/?s={search_term_string}"},"query-input":{"@type":"PropertyValueSpecification","valueRequired":true,"valueName":"search_term_string"}}],"inLanguage":"fr-FR"},{"@type":"Organization","@id":"https:\/\/www.newsendip.com\/fr\/#organization","name":"Newsendip","url":"https:\/\/www.newsendip.com\/fr\/","logo":{"@type":"ImageObject","inLanguage":"fr-FR","@id":"https:\/\/www.newsendip.com\/fr\/#\/schema\/logo\/image\/","url":"https:\/\/www.newsendip.com\/wp-content\/uploads\/2023\/12\/512x512.svg","contentUrl":"https:\/\/www.newsendip.com\/wp-content\/uploads\/2023\/12\/512x512.svg","width":1,"height":1,"caption":"Newsendip"},"image":{"@id":"https:\/\/www.newsendip.com\/fr\/#\/schema\/logo\/image\/"},"sameAs":["https:\/\/www.facebook.com\/newsendip","https:\/\/x.com\/newsendip","https:\/\/mastodon.social\/@newsendip","https:\/\/www.linkedin.com\/company\/newsendip"],"description":"Newsendip est un site qui a pour mission de rendre l'actualit\u00e9 internationale accessible et diversifi\u00e9e","email":"contact@newsendip.com","legalName":"Newsendip SAS","foundingDate":"2022-11-04","vatID":"FR60921124723","numberOfEmployees":{"@type":"QuantitativeValue","minValue":"1","maxValue":"10"},"publishingPrinciples":"https:\/\/www.newsendip.com\/about-us\/","ownershipFundingInfo":"https:\/\/www.newsendip.com\/legal-notice\/","actionableFeedbackPolicy":"https:\/\/www.newsendip.com\/about-us\/","correctionsPolicy":"https:\/\/www.newsendip.com\/about-us\/","ethicsPolicy":"https:\/\/www.newsendip.com\/about-us\/","diversityPolicy":"https:\/\/www.newsendip.com\/about-us\/"},{"@type":"Person","@id":"https:\/\/www.newsendip.com\/fr\/#\/schema\/person\/ea22c01755f464a3cbc2c619584d6363","name":"Cl\u00e9ment V\u00e9rit\u00e9","description":"Cl\u00e9ment is the executive editor and founder of Newsendip. He started in the media industry as a freelance reporter at 16 for a local French newspaper after school and has never left it. He later worked for seven years at The New York Times, notably as a data analyst. He holds a Master of Management in France and a Master of Arts in the United Kingdom in International Marketing &amp; Communications Strategy. He has lived in France, the United Kingdom, and Italy.","sameAs":["https:\/\/www.newsendip.com\/","https:\/\/www.linkedin.com\/in\/clementverite\/","https:\/\/x.com\/https:\/\/twitter.com\/cverite"],"knowsAbout":["News","International","Business","Media monitoring"],"knowsLanguage":["English","French","Italian","Spanish"],"url":"https:\/\/www.newsendip.com\/fr\/author\/clement-verite\/"}]}},"_links":{"self":[{"href":"https:\/\/www.newsendip.com\/fr\/wp-json\/wp\/v2\/posts\/16332","targetHints":{"allow":["GET"]}}],"collection":[{"href":"https:\/\/www.newsendip.com\/fr\/wp-json\/wp\/v2\/posts"}],"about":[{"href":"https:\/\/www.newsendip.com\/fr\/wp-json\/wp\/v2\/types\/post"}],"author":[{"embeddable":true,"href":"https:\/\/www.newsendip.com\/fr\/wp-json\/wp\/v2\/users\/1"}],"replies":[{"embeddable":true,"href":"https:\/\/www.newsendip.com\/fr\/wp-json\/wp\/v2\/comments?post=16332"}],"version-history":[{"count":0,"href":"https:\/\/www.newsendip.com\/fr\/wp-json\/wp\/v2\/posts\/16332\/revisions"}],"wp:featuredmedia":[{"embeddable":true,"href":"https:\/\/www.newsendip.com\/fr\/wp-json\/wp\/v2\/media\/16348"}],"wp:attachment":[{"href":"https:\/\/www.newsendip.com\/fr\/wp-json\/wp\/v2\/media?parent=16332"}],"wp:term":[{"taxonomy":"category","embeddable":true,"href":"https:\/\/www.newsendip.com\/fr\/wp-json\/wp\/v2\/categories?post=16332"},{"taxonomy":"post_tag","embeddable":true,"href":"https:\/\/www.newsendip.com\/fr\/wp-json\/wp\/v2\/tags?post=16332"}],"curies":[{"name":"wp","href":"https:\/\/api.w.org\/{rel}","templated":true}]}}