{"id":16682,"date":"2022-05-11T01:00:00","date_gmt":"2022-05-10T23:00:00","guid":{"rendered":"https:\/\/www.newsendip.com\/?p=16682"},"modified":"2024-07-16T23:28:25","modified_gmt":"2024-07-16T21:28:25","slug":"les-incidents-antisemites-en-2021-aux-etats-unis-au-plus-haut-depuis-quune-ong-a-commence-a-les-decompter-en-1979","status":"publish","type":"post","link":"https:\/\/www.newsendip.com\/fr\/les-incidents-antisemites-en-2021-aux-etats-unis-au-plus-haut-depuis-quune-ong-a-commence-a-les-decompter-en-1979\/","title":{"rendered":"Les incidents antis\u00e9mites en 2021 aux \u00c9tats-Unis au plus haut depuis qu\u2019une ONG a commenc\u00e9 \u00e0 les d\u00e9compter en&nbsp;1979"},"content":{"rendered":"<p><strong>Un rapport montre que le nombre d\u2019incidents antis\u00e9mites aux \u00c9tats-Unis en 2021 n\u2019a jamais \u00e9t\u00e9 aussi \u00e9lev\u00e9 depuis que l\u2019Anti-Defamation League a commenc\u00e9 \u00e0 les d\u00e9compter en&nbsp;1979.<br>\n<\/strong><\/p>\n<figure id=\"attachment_16693\" aria-describedby=\"caption-attachment-16693\" style=\"width: 1024px\" class=\"wp-caption aligncenter\"><img decoding=\"async\" class=\"size-large wp-image-16693\" src=\"https:\/\/www.newsendip.com\/wp-content\/uploads\/2022\/05\/march-against-anti-semitism-nyc-2020-1-1024x683.webp\" alt=\"Marche contre l'antis\u00e9mitisme \u00e0 New York en janvier 2020\" width=\"1024\" height=\"683\" srcset=\"https:\/\/www.newsendip.com\/wp-content\/uploads\/2022\/05\/march-against-anti-semitism-nyc-2020-1-1024x683.webp 1024w, https:\/\/www.newsendip.com\/wp-content\/uploads\/2022\/05\/march-against-anti-semitism-nyc-2020-1-60x40.webp 60w, https:\/\/www.newsendip.com\/wp-content\/uploads\/2022\/05\/march-against-anti-semitism-nyc-2020-1-720x480.webp 720w, https:\/\/www.newsendip.com\/wp-content\/uploads\/2022\/05\/march-against-anti-semitism-nyc-2020-1-300x200.webp 300w, https:\/\/www.newsendip.com\/wp-content\/uploads\/2022\/05\/march-against-anti-semitism-nyc-2020-1-768x512.webp 768w, https:\/\/www.newsendip.com\/wp-content\/uploads\/2022\/05\/march-against-anti-semitism-nyc-2020-1-1536x1024.webp 1536w, https:\/\/www.newsendip.com\/wp-content\/uploads\/2022\/05\/march-against-anti-semitism-nyc-2020-1.webp 2048w\" sizes=\"(max-width: 1024px) 100vw, 1024px\"><figcaption id=\"caption-attachment-16693\" class=\"wp-caption-text\">Marche contre l\u2019antis\u00e9mitisme \u00e0 New York en janvier 2020 | \u00a9 Michael Appleton, Mayoral Photography Office<\/figcaption><\/figure>\n<p>L\u2019<a href=\"https:\/\/www.adl.org\/news\/press-releases\/adl-audit-finds-antisemitic-incidents-in-united-states-reached-all-time-high-in\">audit annuel des incidents antis\u00e9mites de l\u2019Anti-Defamation League<\/a> (ADL) publi\u00e9 le 26 avril fait \u00e9tat de 2 717 incidents aux \u00c9tats-Unis en&nbsp;2021.<\/p>\n<p>Il s\u2019agit du nombre le plus \u00e9lev\u00e9 depuis que l\u2019ADL, une ONG contre l\u2019antis\u00e9mitisme et les discriminations bas\u00e9e aux \u00c9tats-Unis, a commenc\u00e9 \u00e0 enregistrer les incidents en 1979. Les donn\u00e9es incluent les agressions, le harc\u00e8lement et le vandalisme de nature antis\u00e9mite signal\u00e9s par les victimes, les forces de l\u2019ordre et les responsables communautaires qui ont ensuite \u00e9t\u00e9 \u00e9valu\u00e9es par le personnel de&nbsp;l\u2019ADL.<\/p>\n<p>L\u2019ADL a constat\u00e9 une augmentation de 148\u202f% des incidents en mai 2021 par rapport au mois de mai de l\u2019ann\u00e9e pr\u00e9c\u00e9dente. Cette augmentation a co\u00efncid\u00e9 avec un pic de tensions entre Isra\u00ebl et le Hamas. Au cours de ce mois, 297 incidents furent signal\u00e9s \u00e0 travers les \u00c9tats-Unis. Des Juifs ont \u00e9t\u00e9 physiquement cibl\u00e9s et violemment pass\u00e9s \u00e0 tabac lors d\u2019incidents survenus apr\u00e8s le 10 mai, lorsque le conflit entre le Hamas et Isra\u00ebl s\u2019est intensifi\u00e9.<!--more--><\/p>\n<p>Outre les agressions, les cas de harc\u00e8lement et de vandalisme ont \u00e9galement augment\u00e9. Il y a eu 1 776 harc\u00e8lements remont\u00e9s et 853 actes de vandalisme, selon l\u2019ADL. Le harc\u00e8lement a augment\u00e9 de 43\u202f% et le vandalisme de 14\u202f% par rapport \u00e0&nbsp;2020.<\/p>\n<p>L\u2019\u00e9tat de New York, le New Jersey, la Californie, la Floride, le Michigan et le Texas repr\u00e9sentent 58\u202f% du total des incidents, ce qui est principalement d\u00fb au fait qu\u2019une grande partie de la communaut\u00e9 juive vit dans ces \u00e9tats. Selon le d\u00e9partement de police de la ville de New York, les <a href=\"https:\/\/www1.nyc.gov\/site\/nypd\/stats\/reports-analysis\/hate-crimes.page\">plaintes concernant des incidents de crimes haineux motiv\u00e9s par des pr\u00e9jug\u00e9s<\/a> dans la ville ont augment\u00e9 de 71\u202f% en 2021 par rapport \u00e0 2020, passant de 116 \u00e0 198 plaintes.<\/p>\n<p>La majorit\u00e9 des attaques ont \u00e9t\u00e9 men\u00e9es par des groupes extr\u00e9mistes locaux&nbsp;: les<a href=\"https:\/\/www.newsendip.com\/fr\/moins-de-groupes-haineux-aux-etats-unis-mais-leurs-idees-vraisemblablement-banalisees\/\"> supr\u00e9macistes blancs et les groupes haineux locaux<\/a> repr\u00e9sentent 52\u202f% du total des incidents.<\/p>\n<p>Mais le \u00ab\u202f<em>conflit de mai n\u2019a repr\u00e9sent\u00e9 qu\u2019un pic parmi d\u2019autres<\/em>\u202f\u00bb, car une flamb\u00e9e de violence a \u00e9galement \u00e9t\u00e9 observ\u00e9e en novembre et d\u00e9cembre, alors qu\u2019il n\u2019y avait pas de combats en cours en Isra\u00ebl.<\/p>\n<p>\u00ab\u202f<em>Lorsqu\u2019il s\u2019agit d\u2019actes antis\u00e9mites en Am\u00e9rique, on ne peut pas pointer du doigt une id\u00e9ologie ou un syst\u00e8me de croyance unique, et, dans de nombreux cas, nous ne connaissons tout simplement pas la motivation<\/em>\u202f\u00bb des incidents, a d\u00e9clar\u00e9 Jonathan A. Greenblatt, directeur g\u00e9n\u00e9ral de l\u2019ADL. \u00ab\u202f<em>Mais nous savons que les Juifs connaissent plus d\u2019incidents antis\u00e9mites que nous n\u2019en avons connu dans ce pays depuis au moins 40 ans, et c\u2019est un indicateur profond\u00e9ment troublant de fissures soci\u00e9tales plus larges.\u202f\u00bb<\/em><\/p>\n<p><strong><a href=\"https:\/\/www.newsendip.com\/fr\/etiquette\/etats-unis\/\">D\u00e9couvrez plus d\u2019informations des \u00c9tats-Unis<\/a><\/strong><\/p>\n","protected":false},"excerpt":{"rendered":"<p>Un rapport montre que le nombre d\u2019incidents antis\u00e9mites aux \u00c9tats-Unis en 2021 n\u2019a jamais \u00e9t\u00e9 aussi \u00e9lev\u00e9 depuis que l\u2019Anti-Defamation League a commenc\u00e9 \u00e0 les d\u00e9compter en&nbsp;1979.<\/p>\n","protected":false},"author":1,"featured_media":16693,"comment_status":"closed","ping_status":"closed","sticky":false,"template":"","format":"standard","meta":{"wp_typography_post_enhancements_disabled":false,"footnotes":""},"categories":[409],"tags":[417,485,421],"class_list":["post-16682","post","type-post","status-publish","format-standard","has-post-thumbnail","hentry","category-societe","tag-etats-unis","tag-israel-fr","tag-vieux"],"yoast_head":"<!-- This site is optimized with the Yoast SEO Premium plugin v27.4 (Yoast SEO v27.4) - https:\/\/yoast.com\/product\/yoast-seo-premium-wordpress\/ -->\n<title>Les incidents antis\u00e9mites en 2021 aux \u00c9tats-Unis au plus haut depuis qu&#039;une ONG a commenc\u00e9 \u00e0 les d\u00e9compter en 1979<\/title>\n<meta name=\"description\" content=\"Un rapport montre que le nombre d&#039;incidents antis\u00e9mites aux \u00c9tats-Unis en 2021 n&#039;a jamais \u00e9t\u00e9 aussi \u00e9lev\u00e9 depuis que l&#039;Anti-Defamation League a commenc\u00e9 \u00e0 les d\u00e9compter en 1979.\" \/>\n<meta name=\"robots\" content=\"index, follow, max-snippet:-1, max-image-preview:large, max-video-preview:-1\" \/>\n<link rel=\"canonical\" href=\"https:\/\/www.newsendip.com\/fr\/les-incidents-antisemites-en-2021-aux-etats-unis-au-plus-haut-depuis-quune-ong-a-commence-a-les-decompter-en-1979\/\" \/>\n<meta property=\"og:locale\" content=\"fr_FR\" \/>\n<meta property=\"og:type\" content=\"article\" \/>\n<meta property=\"og:title\" content=\"Les incidents antis\u00e9mites en 2021 aux \u00c9tats-Unis au plus haut depuis qu&#039;une ONG a commenc\u00e9 \u00e0 les d\u00e9compter en 1979\" \/>\n<meta property=\"og:description\" content=\"Un rapport montre que le nombre d&#039;incidents antis\u00e9mites aux \u00c9tats-Unis en 2021 n&#039;a jamais \u00e9t\u00e9 aussi \u00e9lev\u00e9 depuis que l&#039;Anti-Defamation League a commenc\u00e9 \u00e0 les d\u00e9compter en 1979.\" \/>\n<meta property=\"og:url\" content=\"https:\/\/www.newsendip.com\/fr\/les-incidents-antisemites-en-2021-aux-etats-unis-au-plus-haut-depuis-quune-ong-a-commence-a-les-decompter-en-1979\/\" \/>\n<meta property=\"og:site_name\" content=\"Newsendip\" \/>\n<meta property=\"article:publisher\" content=\"https:\/\/www.facebook.com\/newsendip\" \/>\n<meta property=\"article:published_time\" content=\"2022-05-10T23:00:00+00:00\" \/>\n<meta property=\"article:modified_time\" content=\"2024-07-16T21:28:25+00:00\" \/>\n<meta property=\"og:image\" content=\"https:\/\/www.newsendip.com\/wp-content\/uploads\/2022\/05\/march-against-anti-semitism-nyc-2020-small-progressive-1.jpeg\" \/>\n\t<meta property=\"og:image:width\" content=\"400\" \/>\n\t<meta property=\"og:image:height\" content=\"267\" \/>\n\t<meta property=\"og:image:type\" content=\"image\/jpeg\" \/>\n<meta name=\"author\" content=\"Cl\u00e9ment V\u00e9rit\u00e9\" \/>\n<meta name=\"twitter:card\" content=\"summary_large_image\" \/>\n<meta name=\"twitter:image\" content=\"https:\/\/www.newsendip.com\/wp-content\/uploads\/2022\/05\/march-against-anti-semitism-nyc-2020-small-progressive-1.jpeg\" \/>\n<meta name=\"twitter:creator\" content=\"@https:\/\/twitter.com\/cverite\" \/>\n<meta name=\"twitter:site\" content=\"@newsendip\" \/>\n<meta name=\"twitter:label1\" content=\"\u00c9crit par\" \/>\n\t<meta name=\"twitter:data1\" content=\"Cl\u00e9ment V\u00e9rit\u00e9\" \/>\n\t<meta name=\"twitter:label2\" content=\"Dur\u00e9e de lecture estim\u00e9e\" \/>\n\t<meta name=\"twitter:data2\" content=\"3 minutes\" \/>\n<!-- \/ Yoast SEO Premium plugin. -->","yoast_head_json":{"title":"Les incidents antis\u00e9mites en 2021 aux \u00c9tats-Unis au plus haut depuis qu'une ONG a commenc\u00e9 \u00e0 les d\u00e9compter en 1979","description":"Un rapport montre que le nombre d'incidents antis\u00e9mites aux \u00c9tats-Unis en 2021 n'a jamais \u00e9t\u00e9 aussi \u00e9lev\u00e9 depuis que l'Anti-Defamation League a commenc\u00e9 \u00e0 les d\u00e9compter en 1979.","robots":{"index":"index","follow":"follow","max-snippet":"max-snippet:-1","max-image-preview":"max-image-preview:large","max-video-preview":"max-video-preview:-1"},"canonical":"https:\/\/www.newsendip.com\/fr\/les-incidents-antisemites-en-2021-aux-etats-unis-au-plus-haut-depuis-quune-ong-a-commence-a-les-decompter-en-1979\/","og_locale":"fr_FR","og_type":"article","og_title":"Les incidents antis\u00e9mites en 2021 aux \u00c9tats-Unis au plus haut depuis qu'une ONG a commenc\u00e9 \u00e0 les d\u00e9compter en 1979","og_description":"Un rapport montre que le nombre d'incidents antis\u00e9mites aux \u00c9tats-Unis en 2021 n'a jamais \u00e9t\u00e9 aussi \u00e9lev\u00e9 depuis que l'Anti-Defamation League a commenc\u00e9 \u00e0 les d\u00e9compter en 1979.","og_url":"https:\/\/www.newsendip.com\/fr\/les-incidents-antisemites-en-2021-aux-etats-unis-au-plus-haut-depuis-quune-ong-a-commence-a-les-decompter-en-1979\/","og_site_name":"Newsendip","article_publisher":"https:\/\/www.facebook.com\/newsendip","article_published_time":"2022-05-10T23:00:00+00:00","article_modified_time":"2024-07-16T21:28:25+00:00","og_image":[{"width":400,"height":267,"url":"https:\/\/www.newsendip.com\/wp-content\/uploads\/2022\/05\/march-against-anti-semitism-nyc-2020-small-progressive-1.jpeg","type":"image\/jpeg"}],"author":"Cl\u00e9ment V\u00e9rit\u00e9","twitter_card":"summary_large_image","twitter_image":"https:\/\/www.newsendip.com\/wp-content\/uploads\/2022\/05\/march-against-anti-semitism-nyc-2020-small-progressive-1.jpeg","twitter_creator":"@https:\/\/twitter.com\/cverite","twitter_site":"@newsendip","twitter_misc":{"\u00c9crit par":"Cl\u00e9ment V\u00e9rit\u00e9","Dur\u00e9e de lecture estim\u00e9e":"3 minutes"},"schema":{"@context":"https:\/\/schema.org","@graph":[{"@type":"NewsArticle","@id":"https:\/\/www.newsendip.com\/fr\/les-incidents-antisemites-en-2021-aux-etats-unis-au-plus-haut-depuis-quune-ong-a-commence-a-les-decompter-en-1979\/#article","isPartOf":{"@id":"https:\/\/www.newsendip.com\/fr\/les-incidents-antisemites-en-2021-aux-etats-unis-au-plus-haut-depuis-quune-ong-a-commence-a-les-decompter-en-1979\/"},"author":{"name":"Cl\u00e9ment V\u00e9rit\u00e9","@id":"https:\/\/www.newsendip.com\/fr\/#\/schema\/person\/ea22c01755f464a3cbc2c619584d6363"},"headline":"Les incidents antis\u00e9mites en 2021 aux \u00c9tats-Unis au plus haut depuis qu\u2019une ONG a commenc\u00e9 \u00e0 les d\u00e9compter en&nbsp;1979","datePublished":"2022-05-10T23:00:00+00:00","dateModified":"2024-07-16T21:28:25+00:00","mainEntityOfPage":{"@id":"https:\/\/www.newsendip.com\/fr\/les-incidents-antisemites-en-2021-aux-etats-unis-au-plus-haut-depuis-quune-ong-a-commence-a-les-decompter-en-1979\/"},"wordCount":548,"publisher":{"@id":"https:\/\/www.newsendip.com\/fr\/#organization"},"image":{"@id":"https:\/\/www.newsendip.com\/fr\/les-incidents-antisemites-en-2021-aux-etats-unis-au-plus-haut-depuis-quune-ong-a-commence-a-les-decompter-en-1979\/#primaryimage"},"thumbnailUrl":"https:\/\/www.newsendip.com\/wp-content\/uploads\/2022\/05\/march-against-anti-semitism-nyc-2020-1.webp","keywords":["\u00c9tats-Unis","Isra\u00ebl","Vieux"],"articleSection":["Soci\u00e9t\u00e9"],"inLanguage":"fr-FR","copyrightYear":"2022","copyrightHolder":{"@id":"https:\/\/www.newsendip.com\/#organization"}},{"@type":"WebPage","@id":"https:\/\/www.newsendip.com\/fr\/les-incidents-antisemites-en-2021-aux-etats-unis-au-plus-haut-depuis-quune-ong-a-commence-a-les-decompter-en-1979\/","url":"https:\/\/www.newsendip.com\/fr\/les-incidents-antisemites-en-2021-aux-etats-unis-au-plus-haut-depuis-quune-ong-a-commence-a-les-decompter-en-1979\/","name":"Les incidents antis\u00e9mites en 2021 aux \u00c9tats-Unis au plus haut depuis qu'une ONG a commenc\u00e9 \u00e0 les d\u00e9compter en 1979","isPartOf":{"@id":"https:\/\/www.newsendip.com\/fr\/#website"},"primaryImageOfPage":{"@id":"https:\/\/www.newsendip.com\/fr\/les-incidents-antisemites-en-2021-aux-etats-unis-au-plus-haut-depuis-quune-ong-a-commence-a-les-decompter-en-1979\/#primaryimage"},"image":{"@id":"https:\/\/www.newsendip.com\/fr\/les-incidents-antisemites-en-2021-aux-etats-unis-au-plus-haut-depuis-quune-ong-a-commence-a-les-decompter-en-1979\/#primaryimage"},"thumbnailUrl":"https:\/\/www.newsendip.com\/wp-content\/uploads\/2022\/05\/march-against-anti-semitism-nyc-2020-1.webp","datePublished":"2022-05-10T23:00:00+00:00","dateModified":"2024-07-16T21:28:25+00:00","description":"Un rapport montre que le nombre d'incidents antis\u00e9mites aux \u00c9tats-Unis en 2021 n'a jamais \u00e9t\u00e9 aussi \u00e9lev\u00e9 depuis que l'Anti-Defamation League a commenc\u00e9 \u00e0 les d\u00e9compter en 1979.","breadcrumb":{"@id":"https:\/\/www.newsendip.com\/fr\/les-incidents-antisemites-en-2021-aux-etats-unis-au-plus-haut-depuis-quune-ong-a-commence-a-les-decompter-en-1979\/#breadcrumb"},"inLanguage":"fr-FR","potentialAction":[{"@type":"ReadAction","target":["https:\/\/www.newsendip.com\/fr\/les-incidents-antisemites-en-2021-aux-etats-unis-au-plus-haut-depuis-quune-ong-a-commence-a-les-decompter-en-1979\/"]}]},{"@type":"ImageObject","inLanguage":"fr-FR","@id":"https:\/\/www.newsendip.com\/fr\/les-incidents-antisemites-en-2021-aux-etats-unis-au-plus-haut-depuis-quune-ong-a-commence-a-les-decompter-en-1979\/#primaryimage","url":"https:\/\/www.newsendip.com\/wp-content\/uploads\/2022\/05\/march-against-anti-semitism-nyc-2020-1.webp","contentUrl":"https:\/\/www.newsendip.com\/wp-content\/uploads\/2022\/05\/march-against-anti-semitism-nyc-2020-1.webp","width":2048,"height":1365,"caption":"Marche contre l'antis\u00e9mitisme \u00e0 New York en janvier 2020 | \u00a9 Michael Appleton, Mayoral Photography Office"},{"@type":"BreadcrumbList","@id":"https:\/\/www.newsendip.com\/fr\/les-incidents-antisemites-en-2021-aux-etats-unis-au-plus-haut-depuis-quune-ong-a-commence-a-les-decompter-en-1979\/#breadcrumb","itemListElement":[{"@type":"ListItem","position":1,"name":"Accueil","item":"https:\/\/www.newsendip.com\/fr\/"},{"@type":"ListItem","position":2,"name":"Les incidents antis\u00e9mites en 2021 aux \u00c9tats-Unis au plus haut depuis qu&#8217;une ONG a commenc\u00e9 \u00e0 les d\u00e9compter en 1979"}]},{"@type":"WebSite","@id":"https:\/\/www.newsendip.com\/fr\/#website","url":"https:\/\/www.newsendip.com\/fr\/","name":"Newsendip","description":"Red\u00e9couvrez l&#039;actualit\u00e9 internationale","publisher":{"@id":"https:\/\/www.newsendip.com\/fr\/#organization"},"potentialAction":[{"@type":"SearchAction","target":{"@type":"EntryPoint","urlTemplate":"https:\/\/www.newsendip.com\/fr\/?s={search_term_string}"},"query-input":{"@type":"PropertyValueSpecification","valueRequired":true,"valueName":"search_term_string"}}],"inLanguage":"fr-FR"},{"@type":"Organization","@id":"https:\/\/www.newsendip.com\/fr\/#organization","name":"Newsendip","url":"https:\/\/www.newsendip.com\/fr\/","logo":{"@type":"ImageObject","inLanguage":"fr-FR","@id":"https:\/\/www.newsendip.com\/fr\/#\/schema\/logo\/image\/","url":"https:\/\/www.newsendip.com\/wp-content\/uploads\/2023\/12\/512x512.svg","contentUrl":"https:\/\/www.newsendip.com\/wp-content\/uploads\/2023\/12\/512x512.svg","width":1,"height":1,"caption":"Newsendip"},"image":{"@id":"https:\/\/www.newsendip.com\/fr\/#\/schema\/logo\/image\/"},"sameAs":["https:\/\/www.facebook.com\/newsendip","https:\/\/x.com\/newsendip","https:\/\/mastodon.social\/@newsendip","https:\/\/www.linkedin.com\/company\/newsendip"],"description":"Newsendip est un site qui a pour mission de rendre l'actualit\u00e9 internationale accessible et diversifi\u00e9e","email":"contact@newsendip.com","legalName":"Newsendip SAS","foundingDate":"2022-11-04","vatID":"FR60921124723","numberOfEmployees":{"@type":"QuantitativeValue","minValue":"1","maxValue":"10"},"publishingPrinciples":"https:\/\/www.newsendip.com\/about-us\/","ownershipFundingInfo":"https:\/\/www.newsendip.com\/legal-notice\/","actionableFeedbackPolicy":"https:\/\/www.newsendip.com\/about-us\/","correctionsPolicy":"https:\/\/www.newsendip.com\/about-us\/","ethicsPolicy":"https:\/\/www.newsendip.com\/about-us\/","diversityPolicy":"https:\/\/www.newsendip.com\/about-us\/"},{"@type":"Person","@id":"https:\/\/www.newsendip.com\/fr\/#\/schema\/person\/ea22c01755f464a3cbc2c619584d6363","name":"Cl\u00e9ment V\u00e9rit\u00e9","description":"Cl\u00e9ment is the executive editor and founder of Newsendip. He started in the media industry as a freelance reporter at 16 for a local French newspaper after school and has never left it. He later worked for seven years at The New York Times, notably as a data analyst. He holds a Master of Management in France and a Master of Arts in the United Kingdom in International Marketing &amp; Communications Strategy. He has lived in France, the United Kingdom, and Italy.","sameAs":["https:\/\/www.newsendip.com\/","https:\/\/www.linkedin.com\/in\/clementverite\/","https:\/\/x.com\/https:\/\/twitter.com\/cverite"],"knowsAbout":["News","International","Business","Media monitoring"],"knowsLanguage":["English","French","Italian","Spanish"],"url":"https:\/\/www.newsendip.com\/fr\/author\/clement-verite\/"}]}},"_links":{"self":[{"href":"https:\/\/www.newsendip.com\/fr\/wp-json\/wp\/v2\/posts\/16682","targetHints":{"allow":["GET"]}}],"collection":[{"href":"https:\/\/www.newsendip.com\/fr\/wp-json\/wp\/v2\/posts"}],"about":[{"href":"https:\/\/www.newsendip.com\/fr\/wp-json\/wp\/v2\/types\/post"}],"author":[{"embeddable":true,"href":"https:\/\/www.newsendip.com\/fr\/wp-json\/wp\/v2\/users\/1"}],"replies":[{"embeddable":true,"href":"https:\/\/www.newsendip.com\/fr\/wp-json\/wp\/v2\/comments?post=16682"}],"version-history":[{"count":0,"href":"https:\/\/www.newsendip.com\/fr\/wp-json\/wp\/v2\/posts\/16682\/revisions"}],"wp:featuredmedia":[{"embeddable":true,"href":"https:\/\/www.newsendip.com\/fr\/wp-json\/wp\/v2\/media\/16693"}],"wp:attachment":[{"href":"https:\/\/www.newsendip.com\/fr\/wp-json\/wp\/v2\/media?parent=16682"}],"wp:term":[{"taxonomy":"category","embeddable":true,"href":"https:\/\/www.newsendip.com\/fr\/wp-json\/wp\/v2\/categories?post=16682"},{"taxonomy":"post_tag","embeddable":true,"href":"https:\/\/www.newsendip.com\/fr\/wp-json\/wp\/v2\/tags?post=16682"}],"curies":[{"name":"wp","href":"https:\/\/api.w.org\/{rel}","templated":true}]}}