{"id":16858,"date":"2022-05-13T21:01:45","date_gmt":"2022-05-13T19:01:45","guid":{"rendered":"https:\/\/www.newsendip.com\/?p=16858"},"modified":"2024-07-16T23:28:13","modified_gmt":"2024-07-16T21:28:13","slug":"grece-intente-une-action-en-justice-contre-novartis","status":"publish","type":"post","link":"https:\/\/www.newsendip.com\/fr\/grece-intente-une-action-en-justice-contre-novartis\/","title":{"rendered":"L\u2019\u00c9tat grec intente une action en justice contre Novartis"},"content":{"rendered":"<p><strong>La Gr\u00e8ce souhaite obtenir une compensation financi\u00e8re pour un scandale de corruption avec Novartis qui a impliqu\u00e9 deux anciens premiers ministres du&nbsp;pays.<br>\n<\/strong><\/p>\n<p><img decoding=\"async\" class=\"aligncenter size-large wp-image-16869\" src=\"https:\/\/www.newsendip.com\/wp-content\/uploads\/2022\/05\/novartis-building-1024x853.webp\" alt=\"Novartis\" width=\"1024\" height=\"853\" srcset=\"https:\/\/www.newsendip.com\/wp-content\/uploads\/2022\/05\/novartis-building-1024x853.webp 1024w, https:\/\/www.newsendip.com\/wp-content\/uploads\/2022\/05\/novartis-building-60x50.webp 60w, https:\/\/www.newsendip.com\/wp-content\/uploads\/2022\/05\/novartis-building-300x250.webp 300w, https:\/\/www.newsendip.com\/wp-content\/uploads\/2022\/05\/novartis-building-768x640.webp 768w, https:\/\/www.newsendip.com\/wp-content\/uploads\/2022\/05\/novartis-building-1536x1280.webp 1536w, https:\/\/www.newsendip.com\/wp-content\/uploads\/2022\/05\/novartis-building-2048x1707.webp 2048w\" sizes=\"(max-width: 1024px) 100vw, 1024px\"><\/p>\n<p>La Gr\u00e8ce a intent\u00e9 une action en justice contre Novartis afin d\u2019obtenir une compensation financi\u00e8re pour des pratiques commerciales d\u00e9loyales, a annonc\u00e9 le 13 mai le ministre de la Sant\u00e9, Thanos Plevris.<\/p>\n<p>Le gouvernement de la Nouvelle D\u00e9mocratie \u00ab\u202f<em>prend toutes les mesures n\u00e9cessaires pour demander des comptes \u00e0 Novartis et qu\u2019il d\u00e9dommage l\u2019\u00c9tat grec de ses pratiques ill\u00e9gales\u202f\u00bb<\/em>, a <a href=\"https:\/\/www.moh.gov.gr\/articles\/ministry\/grafeio-typoy\/press-releases\/10461-dhlwsh-ypoyrgoy-ygeias-thanoy-pleyrh-gia-ypothesh-novartis\">d\u00e9clar\u00e9 le ministre<\/a>.<\/p>\n<p>Le groupe pharmaceutique suisse a \u00e9t\u00e9 impliqu\u00e9 dans un scandale de corruption en Gr\u00e8ce, o\u00f9 il a pay\u00e9 des politiques et des m\u00e9decins d\u2019h\u00f4pitaux et de cliniques pour vendre leurs m\u00e9dicaments.<\/p>\n<p>Dimitris Papagelopoulos, ancien vice-ministre de la Justice du gouvernement d\u2019Alexis Tsipras, a d\u00e9clar\u00e9 en 2018 qu\u2019il s\u2019agissait du \u00ab\u202f<em>plus grand scandale depuis la cr\u00e9ation de l\u2019\u00c9tat grec\u202f\u00bb<\/em>. M. Papagelopoulos, membre de Syriza, le parti au pouvoir entre 2015 et 2019, est accus\u00e9 de huit chefs d\u2019accusation pour avoir interf\u00e9r\u00e9 avec les enqu\u00eates du procureur g\u00e9n\u00e9ral et de prot\u00e9ger des politiques impliqu\u00e9s dans l\u2019affaire.<!--more--><\/p>\n<p>Dix politiques ont \u00e9t\u00e9 inculp\u00e9s pour avoir re\u00e7u des pots-de-vin dans le cadre de l\u2019affaire Novartis, qui s\u2019est d\u00e9roul\u00e9e entre 2006 et 2015. Parmi eux, deux anciens premiers ministres du parti Nouvelle D\u00e9mocratie, Antonis Samaras et Panagiotis Pikrammenos, ce dernier n\u2019ayant \u00e9t\u00e9 en poste que quelques semaines, et sept anciens ministres.<\/p>\n<p>La d\u00e9cision du ministre de la Sant\u00e9 de poursuivre Novartis au nom de l\u2019\u00c9tat grec a \u00e9t\u00e9 prise en collaboration avec le ministre des Finances, Chr\u00edstos Sta\u00efko\u00faras, et le ministre de la Justice, Konstant\u00ednos Tsi\u00e1ras, qui ont essentiellement suivi les suggestions du Conseil d\u2019\u00c9tat. Il a conseill\u00e9 de prendre toutes les mesures n\u00e9cessaires pour demander \u00e0 Novartis de r\u00e9parer les dommages financiers et non financiers subis par l\u2019\u00c9tat d\u00e9coulant des actions ill\u00e9gales de la soci\u00e9t\u00e9.<\/p>\n<p>Un comit\u00e9 de n\u00e9gociation a \u00e9galement \u00e9t\u00e9 mis en place par le ministre pour parvenir \u00e0 un arrangement. L\u2019action en justice est en fait la premi\u00e8re \u00e9tape de la n\u00e9gociation de l\u2019indemnisation. Le ministre a \u00e9galement nomm\u00e9 un cabinet d\u2019avocats aux \u00c9tats-Unis pour rassembler toutes les informations relatives aux pr\u00e9c\u00e9dentes mises en examen.<\/p>\n<p>En effet, Novartis Gr\u00e8ce a \u00e9t\u00e9 inculp\u00e9e aux <a href=\"https:\/\/www.newsendip.com\/fr\/etiquette\/etats-unis\/\">\u00c9tats-Unis<\/a> en vertu de la loi sur les pratiques de corruption \u00e0 l\u2019\u00e9tranger (Foreign Corrupt Practices Act), qui s\u2019applique aux soci\u00e9t\u00e9s \u00e9trang\u00e8res qui effectuent des paiements irr\u00e9guliers sur le territoire am\u00e9ricain, pour le syst\u00e8me de corruption et pour avoir viol\u00e9 des registres comptables afin de dissimuler des pots-de-vin.<\/p>\n<p>Novartis Gr\u00e8ce a admis avoir pay\u00e9 des voyages et des congr\u00e8s aux \u00c9tats-Unis \u00e0 des employ\u00e9s d\u2019h\u00f4pitaux et de cliniques publics entre 2012 et 2015\u202fen \u00e9change de l\u2019augmentation du nombre de prescriptions d\u2019un m\u00e9dicament vendu par Novartis Gr\u00e8ce. Novartis a \u00e9galement admis qu\u2019elle a utilis\u00e9 une \u00e9tude \u00e9pid\u00e9miologique entre 2009 et 2010 comme moyen de payer des professionnels de sant\u00e9 qui fournissaient des donn\u00e9es dans le seul but d\u2019augmenter les ventes de certains m\u00e9dicaments disponibles sur ordonnance de la marque Novartis.<\/p>\n<p>Selon le minist\u00e8re am\u00e9ricain de la Justice, les employ\u00e9s de Novartis Gr\u00e8ce ont reconnu que de nombreux professionnels de sant\u00e9 participant \u00e0 l\u2019op\u00e9ration pensaient qu\u2019ils \u00e9taient pay\u00e9s en \u00e9change de prescriptions de m\u00e9dicaments de Novartis et non pour fournir des donn\u00e9es dans le cadre d\u2019une \u00e9tude clinique.<\/p>\n<p>Novartis a accept\u00e9 de payer <a href=\"https:\/\/www.sec.gov\/news\/press-release\/2020-144\">112 millions<\/a> et <a href=\"https:\/\/www.justice.gov\/opa\/pr\/novartis-hellas-saci-and-alcon-pte-ltd-agree-pay-over-233-million-combined-resolve-criminal\">233 millions<\/a> de dollars en 2020 afin de r\u00e9gler les accusations aux \u00c9tats-Unis.<\/p>\n<p>Le syst\u00e8me mis en place \u00e9galement impliqu\u00e9 des professionnels de sant\u00e9 au Vietnam et en Cor\u00e9e du Sud, mais ce n\u2019est qu\u2019en Gr\u00e8ce qu\u2019il a atteint les repr\u00e9sentants publics d\u2019un&nbsp;pays.<\/p>\n<p><strong><a href=\"https:\/\/www.newsendip.com\/fr\/etiquette\/grece\/\">D\u00e9couvrez des informations de la&nbsp;Gr\u00e8ce<\/a><\/strong><\/p>\n","protected":false},"excerpt":{"rendered":"<p>La Gr\u00e8ce souhaite obtenir une compensation financi\u00e8re pour un scandale de corruption avec Novartis qui a impliqu\u00e9 deux anciens premiers ministres du&nbsp;pays.<\/p>\n","protected":false},"author":1,"featured_media":16869,"comment_status":"closed","ping_status":"closed","sticky":false,"template":"","format":"standard","meta":{"wp_typography_post_enhancements_disabled":false,"footnotes":""},"categories":[414],"tags":[781,449,421],"class_list":["post-16858","post","type-post","status-publish","format-standard","has-post-thumbnail","hentry","category-economie","tag-grece","tag-suisse","tag-vieux"],"yoast_head":"<!-- This site is optimized with the Yoast SEO Premium plugin v27.4 (Yoast SEO v27.4) - https:\/\/yoast.com\/product\/yoast-seo-premium-wordpress\/ -->\n<title>L&#039;\u00c9tat grec intente une action en justice contre Novartis<\/title>\n<meta name=\"description\" content=\"La Gr\u00e8ce souhaite obtenir une compensation financi\u00e8re pour un scandale de corruption avec Novartis qui a impliqu\u00e9 deux anciens premiers ministres du pays.\" \/>\n<meta name=\"robots\" content=\"index, follow, max-snippet:-1, max-image-preview:large, max-video-preview:-1\" \/>\n<link rel=\"canonical\" href=\"https:\/\/www.newsendip.com\/fr\/grece-intente-une-action-en-justice-contre-novartis\/\" \/>\n<meta property=\"og:locale\" content=\"fr_FR\" \/>\n<meta property=\"og:type\" content=\"article\" \/>\n<meta property=\"og:title\" content=\"L&#039;\u00c9tat grec intente une action en justice contre Novartis\" \/>\n<meta property=\"og:description\" content=\"La Gr\u00e8ce souhaite obtenir une compensation financi\u00e8re pour un scandale de corruption avec Novartis qui a impliqu\u00e9 deux anciens premiers ministres du pays.\" \/>\n<meta property=\"og:url\" content=\"https:\/\/www.newsendip.com\/fr\/grece-intente-une-action-en-justice-contre-novartis\/\" \/>\n<meta property=\"og:site_name\" content=\"Newsendip\" \/>\n<meta property=\"article:publisher\" content=\"https:\/\/www.facebook.com\/newsendip\" \/>\n<meta property=\"article:published_time\" content=\"2022-05-13T19:01:45+00:00\" \/>\n<meta property=\"article:modified_time\" content=\"2024-07-16T21:28:13+00:00\" \/>\n<meta property=\"og:image\" content=\"https:\/\/www.newsendip.com\/wp-content\/uploads\/2022\/05\/novartis-building-scaled.jpeg\" \/>\n\t<meta property=\"og:image:width\" content=\"2560\" \/>\n\t<meta property=\"og:image:height\" content=\"2134\" \/>\n\t<meta property=\"og:image:type\" content=\"image\/jpeg\" \/>\n<meta name=\"author\" content=\"Cl\u00e9ment V\u00e9rit\u00e9\" \/>\n<meta name=\"twitter:card\" content=\"summary_large_image\" \/>\n<meta name=\"twitter:image\" content=\"https:\/\/www.newsendip.com\/wp-content\/uploads\/2022\/05\/novartis-building-scaled.webp\" \/>\n<meta name=\"twitter:creator\" content=\"@https:\/\/twitter.com\/cverite\" \/>\n<meta name=\"twitter:site\" content=\"@newsendip\" \/>\n<meta name=\"twitter:label1\" content=\"\u00c9crit par\" \/>\n\t<meta name=\"twitter:data1\" content=\"Cl\u00e9ment V\u00e9rit\u00e9\" \/>\n\t<meta name=\"twitter:label2\" content=\"Dur\u00e9e de lecture estim\u00e9e\" \/>\n\t<meta name=\"twitter:data2\" content=\"3 minutes\" \/>\n<!-- \/ Yoast SEO Premium plugin. -->","yoast_head_json":{"title":"L'\u00c9tat grec intente une action en justice contre Novartis","description":"La Gr\u00e8ce souhaite obtenir une compensation financi\u00e8re pour un scandale de corruption avec Novartis qui a impliqu\u00e9 deux anciens premiers ministres du pays.","robots":{"index":"index","follow":"follow","max-snippet":"max-snippet:-1","max-image-preview":"max-image-preview:large","max-video-preview":"max-video-preview:-1"},"canonical":"https:\/\/www.newsendip.com\/fr\/grece-intente-une-action-en-justice-contre-novartis\/","og_locale":"fr_FR","og_type":"article","og_title":"L'\u00c9tat grec intente une action en justice contre Novartis","og_description":"La Gr\u00e8ce souhaite obtenir une compensation financi\u00e8re pour un scandale de corruption avec Novartis qui a impliqu\u00e9 deux anciens premiers ministres du pays.","og_url":"https:\/\/www.newsendip.com\/fr\/grece-intente-une-action-en-justice-contre-novartis\/","og_site_name":"Newsendip","article_publisher":"https:\/\/www.facebook.com\/newsendip","article_published_time":"2022-05-13T19:01:45+00:00","article_modified_time":"2024-07-16T21:28:13+00:00","og_image":[{"width":2560,"height":2134,"url":"https:\/\/www.newsendip.com\/wp-content\/uploads\/2022\/05\/novartis-building-scaled.jpeg","type":"image\/jpeg"}],"author":"Cl\u00e9ment V\u00e9rit\u00e9","twitter_card":"summary_large_image","twitter_image":"https:\/\/www.newsendip.com\/wp-content\/uploads\/2022\/05\/novartis-building-scaled.webp","twitter_creator":"@https:\/\/twitter.com\/cverite","twitter_site":"@newsendip","twitter_misc":{"\u00c9crit par":"Cl\u00e9ment V\u00e9rit\u00e9","Dur\u00e9e de lecture estim\u00e9e":"3 minutes"},"schema":{"@context":"https:\/\/schema.org","@graph":[{"@type":"NewsArticle","@id":"https:\/\/www.newsendip.com\/fr\/grece-intente-une-action-en-justice-contre-novartis\/#article","isPartOf":{"@id":"https:\/\/www.newsendip.com\/fr\/grece-intente-une-action-en-justice-contre-novartis\/"},"author":{"name":"Cl\u00e9ment V\u00e9rit\u00e9","@id":"https:\/\/www.newsendip.com\/fr\/#\/schema\/person\/ea22c01755f464a3cbc2c619584d6363"},"headline":"L\u2019\u00c9tat grec intente une action en justice contre Novartis","datePublished":"2022-05-13T19:01:45+00:00","dateModified":"2024-07-16T21:28:13+00:00","mainEntityOfPage":{"@id":"https:\/\/www.newsendip.com\/fr\/grece-intente-une-action-en-justice-contre-novartis\/"},"wordCount":700,"publisher":{"@id":"https:\/\/www.newsendip.com\/fr\/#organization"},"image":{"@id":"https:\/\/www.newsendip.com\/fr\/grece-intente-une-action-en-justice-contre-novartis\/#primaryimage"},"thumbnailUrl":"https:\/\/www.newsendip.com\/wp-content\/uploads\/2022\/05\/novartis-building-scaled.webp","keywords":["Gr\u00e8ce","Suisse","Vieux"],"articleSection":["\u00c9conomie"],"inLanguage":"fr-FR","copyrightYear":"2022","copyrightHolder":{"@id":"https:\/\/www.newsendip.com\/#organization"}},{"@type":"WebPage","@id":"https:\/\/www.newsendip.com\/fr\/grece-intente-une-action-en-justice-contre-novartis\/","url":"https:\/\/www.newsendip.com\/fr\/grece-intente-une-action-en-justice-contre-novartis\/","name":"L'\u00c9tat grec intente une action en justice contre Novartis","isPartOf":{"@id":"https:\/\/www.newsendip.com\/fr\/#website"},"primaryImageOfPage":{"@id":"https:\/\/www.newsendip.com\/fr\/grece-intente-une-action-en-justice-contre-novartis\/#primaryimage"},"image":{"@id":"https:\/\/www.newsendip.com\/fr\/grece-intente-une-action-en-justice-contre-novartis\/#primaryimage"},"thumbnailUrl":"https:\/\/www.newsendip.com\/wp-content\/uploads\/2022\/05\/novartis-building-scaled.webp","datePublished":"2022-05-13T19:01:45+00:00","dateModified":"2024-07-16T21:28:13+00:00","description":"La Gr\u00e8ce souhaite obtenir une compensation financi\u00e8re pour un scandale de corruption avec Novartis qui a impliqu\u00e9 deux anciens premiers ministres du pays.","breadcrumb":{"@id":"https:\/\/www.newsendip.com\/fr\/grece-intente-une-action-en-justice-contre-novartis\/#breadcrumb"},"inLanguage":"fr-FR","potentialAction":[{"@type":"ReadAction","target":["https:\/\/www.newsendip.com\/fr\/grece-intente-une-action-en-justice-contre-novartis\/"]}]},{"@type":"ImageObject","inLanguage":"fr-FR","@id":"https:\/\/www.newsendip.com\/fr\/grece-intente-une-action-en-justice-contre-novartis\/#primaryimage","url":"https:\/\/www.newsendip.com\/wp-content\/uploads\/2022\/05\/novartis-building-scaled.webp","contentUrl":"https:\/\/www.newsendip.com\/wp-content\/uploads\/2022\/05\/novartis-building-scaled.webp","width":2560,"height":2134,"caption":"Novartis"},{"@type":"BreadcrumbList","@id":"https:\/\/www.newsendip.com\/fr\/grece-intente-une-action-en-justice-contre-novartis\/#breadcrumb","itemListElement":[{"@type":"ListItem","position":1,"name":"Accueil","item":"https:\/\/www.newsendip.com\/fr\/"},{"@type":"ListItem","position":2,"name":"L&#8217;\u00c9tat grec intente une action en justice contre Novartis"}]},{"@type":"WebSite","@id":"https:\/\/www.newsendip.com\/fr\/#website","url":"https:\/\/www.newsendip.com\/fr\/","name":"Newsendip","description":"Red\u00e9couvrez l&#039;actualit\u00e9 internationale","publisher":{"@id":"https:\/\/www.newsendip.com\/fr\/#organization"},"potentialAction":[{"@type":"SearchAction","target":{"@type":"EntryPoint","urlTemplate":"https:\/\/www.newsendip.com\/fr\/?s={search_term_string}"},"query-input":{"@type":"PropertyValueSpecification","valueRequired":true,"valueName":"search_term_string"}}],"inLanguage":"fr-FR"},{"@type":"Organization","@id":"https:\/\/www.newsendip.com\/fr\/#organization","name":"Newsendip","url":"https:\/\/www.newsendip.com\/fr\/","logo":{"@type":"ImageObject","inLanguage":"fr-FR","@id":"https:\/\/www.newsendip.com\/fr\/#\/schema\/logo\/image\/","url":"https:\/\/www.newsendip.com\/wp-content\/uploads\/2023\/12\/512x512.svg","contentUrl":"https:\/\/www.newsendip.com\/wp-content\/uploads\/2023\/12\/512x512.svg","width":1,"height":1,"caption":"Newsendip"},"image":{"@id":"https:\/\/www.newsendip.com\/fr\/#\/schema\/logo\/image\/"},"sameAs":["https:\/\/www.facebook.com\/newsendip","https:\/\/x.com\/newsendip","https:\/\/mastodon.social\/@newsendip","https:\/\/www.linkedin.com\/company\/newsendip"],"description":"Newsendip est un site qui a pour mission de rendre l'actualit\u00e9 internationale accessible et diversifi\u00e9e","email":"contact@newsendip.com","legalName":"Newsendip SAS","foundingDate":"2022-11-04","vatID":"FR60921124723","numberOfEmployees":{"@type":"QuantitativeValue","minValue":"1","maxValue":"10"},"publishingPrinciples":"https:\/\/www.newsendip.com\/about-us\/","ownershipFundingInfo":"https:\/\/www.newsendip.com\/legal-notice\/","actionableFeedbackPolicy":"https:\/\/www.newsendip.com\/about-us\/","correctionsPolicy":"https:\/\/www.newsendip.com\/about-us\/","ethicsPolicy":"https:\/\/www.newsendip.com\/about-us\/","diversityPolicy":"https:\/\/www.newsendip.com\/about-us\/"},{"@type":"Person","@id":"https:\/\/www.newsendip.com\/fr\/#\/schema\/person\/ea22c01755f464a3cbc2c619584d6363","name":"Cl\u00e9ment V\u00e9rit\u00e9","description":"Cl\u00e9ment is the executive editor and founder of Newsendip. He started in the media industry as a freelance reporter at 16 for a local French newspaper after school and has never left it. He later worked for seven years at The New York Times, notably as a data analyst. He holds a Master of Management in France and a Master of Arts in the United Kingdom in International Marketing &amp; Communications Strategy. He has lived in France, the United Kingdom, and Italy.","sameAs":["https:\/\/www.newsendip.com\/","https:\/\/www.linkedin.com\/in\/clementverite\/","https:\/\/x.com\/https:\/\/twitter.com\/cverite"],"knowsAbout":["News","International","Business","Media monitoring"],"knowsLanguage":["English","French","Italian","Spanish"],"url":"https:\/\/www.newsendip.com\/fr\/author\/clement-verite\/"}]}},"_links":{"self":[{"href":"https:\/\/www.newsendip.com\/fr\/wp-json\/wp\/v2\/posts\/16858","targetHints":{"allow":["GET"]}}],"collection":[{"href":"https:\/\/www.newsendip.com\/fr\/wp-json\/wp\/v2\/posts"}],"about":[{"href":"https:\/\/www.newsendip.com\/fr\/wp-json\/wp\/v2\/types\/post"}],"author":[{"embeddable":true,"href":"https:\/\/www.newsendip.com\/fr\/wp-json\/wp\/v2\/users\/1"}],"replies":[{"embeddable":true,"href":"https:\/\/www.newsendip.com\/fr\/wp-json\/wp\/v2\/comments?post=16858"}],"version-history":[{"count":0,"href":"https:\/\/www.newsendip.com\/fr\/wp-json\/wp\/v2\/posts\/16858\/revisions"}],"wp:featuredmedia":[{"embeddable":true,"href":"https:\/\/www.newsendip.com\/fr\/wp-json\/wp\/v2\/media\/16869"}],"wp:attachment":[{"href":"https:\/\/www.newsendip.com\/fr\/wp-json\/wp\/v2\/media?parent=16858"}],"wp:term":[{"taxonomy":"category","embeddable":true,"href":"https:\/\/www.newsendip.com\/fr\/wp-json\/wp\/v2\/categories?post=16858"},{"taxonomy":"post_tag","embeddable":true,"href":"https:\/\/www.newsendip.com\/fr\/wp-json\/wp\/v2\/tags?post=16858"}],"curies":[{"name":"wp","href":"https:\/\/api.w.org\/{rel}","templated":true}]}}