{"id":17045,"date":"2022-05-18T16:00:00","date_gmt":"2022-05-18T14:00:00","guid":{"rendered":"https:\/\/www.newsendip.com\/?p=17045"},"modified":"2024-07-16T23:27:31","modified_gmt":"2024-07-16T21:27:31","slug":"penurie-de-main-doeuvre-record-aux-pays-bas-plus-de-postes-vacants-que-de-sans-emplois","status":"publish","type":"post","link":"https:\/\/www.newsendip.com\/fr\/penurie-de-main-doeuvre-record-aux-pays-bas-plus-de-postes-vacants-que-de-sans-emplois\/","title":{"rendered":"P\u00e9nurie de main d\u2019\u0153uvre record aux Pays-Bas&nbsp;: plus de postes vacants que de sans-emplois"},"content":{"rendered":"<p><strong>Avec un taux de ch\u00f4mage de 3,5%, les Pays-Bas connaissent une p\u00e9nurie de main-d\u2019\u0153uvre record avec plus de postes ouverts que de personnes sans emploi.<\/strong><\/p>\n<figure id=\"attachment_17062\" aria-describedby=\"caption-attachment-17062\" style=\"width: 1024px\" class=\"wp-caption aligncenter\"><img decoding=\"async\" class=\"size-large wp-image-17062\" src=\"https:\/\/www.newsendip.com\/wp-content\/uploads\/2022\/05\/waiter-restaurant-1024x683.webp\" alt=\"Serveur restaurant\" width=\"1024\" height=\"683\" srcset=\"https:\/\/www.newsendip.com\/wp-content\/uploads\/2022\/05\/waiter-restaurant-1024x683.webp 1024w, https:\/\/www.newsendip.com\/wp-content\/uploads\/2022\/05\/waiter-restaurant-60x40.webp 60w, https:\/\/www.newsendip.com\/wp-content\/uploads\/2022\/05\/waiter-restaurant-720x480.webp 720w, https:\/\/www.newsendip.com\/wp-content\/uploads\/2022\/05\/waiter-restaurant-300x200.webp 300w, https:\/\/www.newsendip.com\/wp-content\/uploads\/2022\/05\/waiter-restaurant-768x512.webp 768w, https:\/\/www.newsendip.com\/wp-content\/uploads\/2022\/05\/waiter-restaurant-1536x1024.webp 1536w, https:\/\/www.newsendip.com\/wp-content\/uploads\/2022\/05\/waiter-restaurant.webp 1920w\" sizes=\"(max-width: 1024px) 100vw, 1024px\"><figcaption id=\"caption-attachment-17062\" class=\"wp-caption-text\">Le nombre de postes vacants dans le secteur Horeca \u2013 h\u00f4tels, restaurants, caf\u00e9s \u2013 a doubl\u00e9 aux Pays-Bas compar\u00e9 \u00e0 la fin 2021 | Illustration, \u00a9 Louis Hansel<\/figcaption><\/figure>\n<p>Les derniers chiffres trimestriels du march\u00e9 de l\u2019emploi n\u00e9erlandais publi\u00e9s par <a href=\"https:\/\/www.cbs.nl\/nl-nl\/nieuws\/2022\/20\/arbeidsmarkt-nog-krapper-in-eerste-kwartaal\">Statistics Netherlands<\/a> (CBS) le 17 mai montrent une nouvelle p\u00e9nurie de main-d\u2019\u0153uvre record dans le&nbsp;pays.<\/p>\n<p>Il y a d\u00e9sormais 133 postes vacants pour 100 personnes sans emploi au premier trimestre 2022 aux Pays-Bas, soit le septi\u00e8me trimestre de hausse cons\u00e9cutif. Au cours du quatri\u00e8me trimestre de 2021, ce ratio n\u2019\u00e9tait que de 106 postes pour 100 ch\u00f4meurs. C\u2019\u00e9tait pourtant la premi\u00e8re fois qu\u2019il y avait plus de postes vacants que de personnes sans emploi depuis au moins&nbsp;2008.<\/p>\n<p>Cette p\u00e9nurie de main-d\u2019\u0153uvre est le r\u00e9sultat \u00e0 la fois d\u2019une augmentation des offres, +59 000 postes ouverts en un trimestre, et de la baisse du ch\u00f4mage (-32 000 personnes sans emploi\u202f; \u20119%).<!--more--><\/p>\n<p>Il y avait 451 000 postes vacants au premier trimestre 2022. Les secteurs du commerce, des services aux entreprises et de la sant\u00e9 repr\u00e9sentent la moiti\u00e9 des opportunit\u00e9s non pourvues. Le nombre d\u2019offres dans le secteur Horeca \u2013 h\u00f4tels, restaurants, caf\u00e9s \u2013 est celui qui a augment\u00e9 le plus rapidement, \u00e9tant multipli\u00e9 par deux par rapport au trimestre pr\u00e9c\u00e9dent, alors que les Pays-Bas ont ferm\u00e9 restaurants et bars en d\u00e9cembre pour <a href=\"https:\/\/www.newsendip.com\/fr\/usage-de-la-force-par-la-police-neerlandaise-a-augmente-de-26-en-2021-vs-2019-violence-pays-bas\/\">lutter contre la pand\u00e9mie de COVID-19<\/a>.<\/p>\n<p>On compte d\u00e9sormais 8 826 000 salari\u00e9s dans un pays qui a cr\u00e9\u00e9 102 000 emplois en un trimestre (+1,2%). Les travailleurs ind\u00e9pendants repr\u00e9sentent 2 418 000 personnes (+1,1%), soit plus d\u2019un cinqui\u00e8me de la population active hollandaise. Ces deux cat\u00e9gories atteignent des chiffres jamais atteints.<\/p>\n<figure id=\"attachment_17056\" aria-describedby=\"caption-attachment-17056\" style=\"width: 1024px\" class=\"wp-caption aligncenter\"><img decoding=\"async\" class=\"size-large wp-image-17056\" src=\"https:\/\/www.newsendip.com\/wp-content\/uploads\/2022\/05\/vacancies-positions-unemployed-netherlands-statistics-1024x939.webp\" alt=\"Tension sur le march\u00e9 du travail: Nombre de postes vacants pour 100 personnes sans emploi par trimestre\" width=\"1024\" height=\"939\" srcset=\"https:\/\/www.newsendip.com\/wp-content\/uploads\/2022\/05\/vacancies-positions-unemployed-netherlands-statistics-1024x939.webp 1024w, https:\/\/www.newsendip.com\/wp-content\/uploads\/2022\/05\/vacancies-positions-unemployed-netherlands-statistics-300x275.webp 300w, https:\/\/www.newsendip.com\/wp-content\/uploads\/2022\/05\/vacancies-positions-unemployed-netherlands-statistics-768x704.webp 768w, https:\/\/www.newsendip.com\/wp-content\/uploads\/2022\/05\/vacancies-positions-unemployed-netherlands-statistics.webp 1200w\" sizes=\"(max-width: 1024px) 100vw, 1024px\"><figcaption id=\"caption-attachment-17056\" class=\"wp-caption-text\">Tension sur le march\u00e9 du travail&nbsp;: Nombre de postes vacants pour 100 personnes sans emploi par trimestre | Avec 133 postes vacants pour 100 sans-emploi, les Pays-Bas connaissent une forte p\u00e9nurie de main-d\u2019\u0153uvre | Statistics Netherlands<\/figcaption><\/figure>\n<p>La p\u00e9nurie de main-d\u2019\u0153uvre peut m\u00eame parfois provoquer des perturbations dans les transports publics et la circulation. Le Ketheltunnel, un tunnel pr\u00e8s de Rotterdam, a \u00e9t\u00e9 bri\u00e8vement ferm\u00e9 r\u00e9cemment parce que deux employ\u00e9s \u00e9taient malades et que personne n\u2019\u00e9tait en mesure de les remplacer.<\/p>\n<p>D\u2019autre part, 338 000 personnes recherchent un emploi, soit seulement 3,5\u202f% de la population active, ce qui constitue le plus bas niveau depuis 2003 et la publication de statistiques trimestrielles sur l\u2019emploi. Parmi elles, 83 000 personnes sont \u00e0 la recherche d\u2019un emploi depuis plus d\u2019un an \u2013 soit 25% des ch\u00f4meurs.<\/p>\n<p>Pour la ministre des Affaires sociales Karien van Gennip, les entreprises doivent d\u00e9sormais \u00ab\u202f<em>\u00eatre attractives pour les demandeurs d\u2019emploi en mati\u00e8re de salaires, de culture de l\u2019entreprise, de formation, d\u2019horaires et de m\u00e9thodes de recrutement\u202f\u00bb<\/em>, \u00e0 la lumi\u00e8re de ces donn\u00e9es. La ministre note \u00e9galement qu\u2019il est possible d\u2019augmenter le nombre d\u2019heures travaill\u00e9es, car de nombreux employ\u00e9s aux <a href=\"https:\/\/www.newsendip.com\/fr\/les-neerlandaises-perdent-46-de-leur-revenu-potentiel-7-ans-apres-la-naissance-dun-enfant\/\">Pays-Bas sont \u00e0 temps partiel<\/a>.<\/p>\n<p>Sur les 11,2 millions de personnes ayant un travail aux Pays-Bas, 2,7 millions (24\u202f%) \u00e9taient sous un \u00ab\u202f<em>contrat de travail flexible\u202f\u00bb<\/em>, c\u2019est \u00e0 dire sans horaires fixes. Ils peuvent avoir une fourchette d\u2019heures minimum et maximum, ou m\u00eame ne pas avoir d\u2019heures garanties et se pr\u00e9senter lorsque l\u2019employeur les appelle. Les emplois \u00e0 horaires flexibles sont moins nombreux qu\u2019avant la pand\u00e9mie de COVID-19. N\u00e9anmoins, il y a encore 491 000 travailleurs \u00e0 temps partiel sous-utilis\u00e9s, selon Statistics Netherlands.<\/p>\n<p>Mais le r\u00e9servoir de main-d\u2019\u0153uvre potentielle a \u00e9galement diminu\u00e9. Il se compose, en plus des ch\u00f4meurs, des personnes avec un travail qui cherchent un autre emploi, des travailleurs \u00e0 temps partiel qui essaient d\u2019avoir plus d\u2019heures ou des ch\u00f4meurs r\u00e9cents qui ne cherchent pas d\u2019emploi. Ce potentiel de main-d\u2019\u0153uvre inexploit\u00e9 \u00e9tait de 1,1 million de personnes, soit une baisse de 6\u202f% (-75 000) par rapport au trimestre pr\u00e9c\u00e9dent.<\/p>\n<p>La p\u00e9nurie de main-d\u2019\u0153uvre aux Pays-Bas devrait durer encore quelques temps.<\/p>\n<p><strong><a href=\"https:\/\/www.newsendip.com\/fr\/etiquette\/pays-bas\/\">D\u00e9couvrez des informations sur les Pays-Bas<\/a><\/strong><\/p>\n","protected":false},"excerpt":{"rendered":"<p>Avec un taux de ch\u00f4mage de 3,5%, les Pays-Bas connaissent une p\u00e9nurie de main-d\u2019\u0153uvre record avec plus de postes ouverts que de personnes sans emploi.<\/p>\n","protected":false},"author":1,"featured_media":17062,"comment_status":"closed","ping_status":"closed","sticky":false,"template":"","format":"standard","meta":{"wp_typography_post_enhancements_disabled":false,"footnotes":""},"categories":[414],"tags":[434,421],"class_list":["post-17045","post","type-post","status-publish","format-standard","has-post-thumbnail","hentry","category-economie","tag-pays-bas","tag-vieux"],"yoast_head":"<!-- This site is optimized with the Yoast SEO Premium plugin v27.4 (Yoast SEO v27.4) - https:\/\/yoast.com\/product\/yoast-seo-premium-wordpress\/ -->\n<title>P\u00e9nurie de main d\u2019\u0153uvre record aux Pays-Bas : plus de postes vacants que de sans-emplois<\/title>\n<meta name=\"description\" content=\"Avec un taux de ch\u00f4mage de 3,5%, les Pays-Bas connaissent une p\u00e9nurie de main-d&#039;\u0153uvre record avec plus de postes ouverts que de personnes sans emploi.\" \/>\n<meta name=\"robots\" content=\"index, follow, max-snippet:-1, max-image-preview:large, max-video-preview:-1\" \/>\n<link rel=\"canonical\" href=\"https:\/\/www.newsendip.com\/fr\/penurie-de-main-doeuvre-record-aux-pays-bas-plus-de-postes-vacants-que-de-sans-emplois\/\" \/>\n<meta property=\"og:locale\" content=\"fr_FR\" \/>\n<meta property=\"og:type\" content=\"article\" \/>\n<meta property=\"og:title\" content=\"P\u00e9nurie de main d\u2019\u0153uvre record aux Pays-Bas : plus de postes vacants que de sans-emplois\" \/>\n<meta property=\"og:description\" content=\"Avec un taux de ch\u00f4mage de 3,5%, les Pays-Bas connaissent une p\u00e9nurie de main-d&#039;\u0153uvre record avec plus de postes ouverts que de personnes sans emploi.\" \/>\n<meta property=\"og:url\" content=\"https:\/\/www.newsendip.com\/fr\/penurie-de-main-doeuvre-record-aux-pays-bas-plus-de-postes-vacants-que-de-sans-emplois\/\" \/>\n<meta property=\"og:site_name\" content=\"Newsendip\" \/>\n<meta property=\"article:publisher\" content=\"https:\/\/www.facebook.com\/newsendip\" \/>\n<meta property=\"article:published_time\" content=\"2022-05-18T14:00:00+00:00\" \/>\n<meta property=\"article:modified_time\" content=\"2024-07-16T21:27:31+00:00\" \/>\n<meta property=\"og:image\" content=\"https:\/\/www.newsendip.com\/wp-content\/uploads\/2022\/05\/waiter-restaurant-small-progressive.jpeg\" \/>\n<meta name=\"author\" content=\"Cl\u00e9ment V\u00e9rit\u00e9\" \/>\n<meta name=\"twitter:card\" content=\"summary_large_image\" \/>\n<meta name=\"twitter:image\" content=\"https:\/\/www.newsendip.com\/wp-content\/uploads\/2022\/05\/waiter-restaurant-small-progressive.jpeg\" \/>\n<meta name=\"twitter:creator\" content=\"@https:\/\/twitter.com\/cverite\" \/>\n<meta name=\"twitter:site\" content=\"@newsendip\" \/>\n<meta name=\"twitter:label1\" content=\"\u00c9crit par\" \/>\n\t<meta name=\"twitter:data1\" content=\"Cl\u00e9ment V\u00e9rit\u00e9\" \/>\n\t<meta name=\"twitter:label2\" content=\"Dur\u00e9e de lecture estim\u00e9e\" \/>\n\t<meta name=\"twitter:data2\" content=\"4 minutes\" \/>\n<!-- \/ Yoast SEO Premium plugin. -->","yoast_head_json":{"title":"P\u00e9nurie de main d\u2019\u0153uvre record aux Pays-Bas : plus de postes vacants que de sans-emplois","description":"Avec un taux de ch\u00f4mage de 3,5%, les Pays-Bas connaissent une p\u00e9nurie de main-d'\u0153uvre record avec plus de postes ouverts que de personnes sans emploi.","robots":{"index":"index","follow":"follow","max-snippet":"max-snippet:-1","max-image-preview":"max-image-preview:large","max-video-preview":"max-video-preview:-1"},"canonical":"https:\/\/www.newsendip.com\/fr\/penurie-de-main-doeuvre-record-aux-pays-bas-plus-de-postes-vacants-que-de-sans-emplois\/","og_locale":"fr_FR","og_type":"article","og_title":"P\u00e9nurie de main d\u2019\u0153uvre record aux Pays-Bas : plus de postes vacants que de sans-emplois","og_description":"Avec un taux de ch\u00f4mage de 3,5%, les Pays-Bas connaissent une p\u00e9nurie de main-d'\u0153uvre record avec plus de postes ouverts que de personnes sans emploi.","og_url":"https:\/\/www.newsendip.com\/fr\/penurie-de-main-doeuvre-record-aux-pays-bas-plus-de-postes-vacants-que-de-sans-emplois\/","og_site_name":"Newsendip","article_publisher":"https:\/\/www.facebook.com\/newsendip","article_published_time":"2022-05-18T14:00:00+00:00","article_modified_time":"2024-07-16T21:27:31+00:00","og_image":[{"url":"https:\/\/www.newsendip.com\/wp-content\/uploads\/2022\/05\/waiter-restaurant-small-progressive.jpeg","type":"","width":"","height":""}],"author":"Cl\u00e9ment V\u00e9rit\u00e9","twitter_card":"summary_large_image","twitter_image":"https:\/\/www.newsendip.com\/wp-content\/uploads\/2022\/05\/waiter-restaurant-small-progressive.jpeg","twitter_creator":"@https:\/\/twitter.com\/cverite","twitter_site":"@newsendip","twitter_misc":{"\u00c9crit par":"Cl\u00e9ment V\u00e9rit\u00e9","Dur\u00e9e de lecture estim\u00e9e":"4 minutes"},"schema":{"@context":"https:\/\/schema.org","@graph":[{"@type":"NewsArticle","@id":"https:\/\/www.newsendip.com\/fr\/penurie-de-main-doeuvre-record-aux-pays-bas-plus-de-postes-vacants-que-de-sans-emplois\/#article","isPartOf":{"@id":"https:\/\/www.newsendip.com\/fr\/penurie-de-main-doeuvre-record-aux-pays-bas-plus-de-postes-vacants-que-de-sans-emplois\/"},"author":{"name":"Cl\u00e9ment V\u00e9rit\u00e9","@id":"https:\/\/www.newsendip.com\/fr\/#\/schema\/person\/ea22c01755f464a3cbc2c619584d6363"},"headline":"P\u00e9nurie de main d\u2019\u0153uvre record aux Pays-Bas&nbsp;: plus de postes vacants que de sans-emplois","datePublished":"2022-05-18T14:00:00+00:00","dateModified":"2024-07-16T21:27:31+00:00","mainEntityOfPage":{"@id":"https:\/\/www.newsendip.com\/fr\/penurie-de-main-doeuvre-record-aux-pays-bas-plus-de-postes-vacants-que-de-sans-emplois\/"},"wordCount":722,"publisher":{"@id":"https:\/\/www.newsendip.com\/fr\/#organization"},"image":{"@id":"https:\/\/www.newsendip.com\/fr\/penurie-de-main-doeuvre-record-aux-pays-bas-plus-de-postes-vacants-que-de-sans-emplois\/#primaryimage"},"thumbnailUrl":"https:\/\/www.newsendip.com\/wp-content\/uploads\/2022\/05\/waiter-restaurant.webp","keywords":["Pays-Bas","Vieux"],"articleSection":["\u00c9conomie"],"inLanguage":"fr-FR","copyrightYear":"2022","copyrightHolder":{"@id":"https:\/\/www.newsendip.com\/#organization"}},{"@type":"WebPage","@id":"https:\/\/www.newsendip.com\/fr\/penurie-de-main-doeuvre-record-aux-pays-bas-plus-de-postes-vacants-que-de-sans-emplois\/","url":"https:\/\/www.newsendip.com\/fr\/penurie-de-main-doeuvre-record-aux-pays-bas-plus-de-postes-vacants-que-de-sans-emplois\/","name":"P\u00e9nurie de main d\u2019\u0153uvre record aux Pays-Bas : plus de postes vacants que de sans-emplois","isPartOf":{"@id":"https:\/\/www.newsendip.com\/fr\/#website"},"primaryImageOfPage":{"@id":"https:\/\/www.newsendip.com\/fr\/penurie-de-main-doeuvre-record-aux-pays-bas-plus-de-postes-vacants-que-de-sans-emplois\/#primaryimage"},"image":{"@id":"https:\/\/www.newsendip.com\/fr\/penurie-de-main-doeuvre-record-aux-pays-bas-plus-de-postes-vacants-que-de-sans-emplois\/#primaryimage"},"thumbnailUrl":"https:\/\/www.newsendip.com\/wp-content\/uploads\/2022\/05\/waiter-restaurant.webp","datePublished":"2022-05-18T14:00:00+00:00","dateModified":"2024-07-16T21:27:31+00:00","description":"Avec un taux de ch\u00f4mage de 3,5%, les Pays-Bas connaissent une p\u00e9nurie de main-d'\u0153uvre record avec plus de postes ouverts que de personnes sans emploi.","breadcrumb":{"@id":"https:\/\/www.newsendip.com\/fr\/penurie-de-main-doeuvre-record-aux-pays-bas-plus-de-postes-vacants-que-de-sans-emplois\/#breadcrumb"},"inLanguage":"fr-FR","potentialAction":[{"@type":"ReadAction","target":["https:\/\/www.newsendip.com\/fr\/penurie-de-main-doeuvre-record-aux-pays-bas-plus-de-postes-vacants-que-de-sans-emplois\/"]}]},{"@type":"ImageObject","inLanguage":"fr-FR","@id":"https:\/\/www.newsendip.com\/fr\/penurie-de-main-doeuvre-record-aux-pays-bas-plus-de-postes-vacants-que-de-sans-emplois\/#primaryimage","url":"https:\/\/www.newsendip.com\/wp-content\/uploads\/2022\/05\/waiter-restaurant.webp","contentUrl":"https:\/\/www.newsendip.com\/wp-content\/uploads\/2022\/05\/waiter-restaurant.webp","width":1920,"height":1280,"caption":"Le nombre de postes vacants dans le secteur Horeca - h\u00f4tels, restaurants, caf\u00e9s - a doubl\u00e9 aux Pays-Bas compar\u00e9 \u00e0 la fin 2021 | Illustration, \u00a9 Louis Hansel"},{"@type":"BreadcrumbList","@id":"https:\/\/www.newsendip.com\/fr\/penurie-de-main-doeuvre-record-aux-pays-bas-plus-de-postes-vacants-que-de-sans-emplois\/#breadcrumb","itemListElement":[{"@type":"ListItem","position":1,"name":"Accueil","item":"https:\/\/www.newsendip.com\/fr\/"},{"@type":"ListItem","position":2,"name":"P\u00e9nurie de main d\u2019\u0153uvre record aux Pays-Bas : plus de postes vacants que de sans-emplois"}]},{"@type":"WebSite","@id":"https:\/\/www.newsendip.com\/fr\/#website","url":"https:\/\/www.newsendip.com\/fr\/","name":"Newsendip","description":"Red\u00e9couvrez l&#039;actualit\u00e9 internationale","publisher":{"@id":"https:\/\/www.newsendip.com\/fr\/#organization"},"potentialAction":[{"@type":"SearchAction","target":{"@type":"EntryPoint","urlTemplate":"https:\/\/www.newsendip.com\/fr\/?s={search_term_string}"},"query-input":{"@type":"PropertyValueSpecification","valueRequired":true,"valueName":"search_term_string"}}],"inLanguage":"fr-FR"},{"@type":"Organization","@id":"https:\/\/www.newsendip.com\/fr\/#organization","name":"Newsendip","url":"https:\/\/www.newsendip.com\/fr\/","logo":{"@type":"ImageObject","inLanguage":"fr-FR","@id":"https:\/\/www.newsendip.com\/fr\/#\/schema\/logo\/image\/","url":"https:\/\/www.newsendip.com\/wp-content\/uploads\/2023\/12\/512x512.svg","contentUrl":"https:\/\/www.newsendip.com\/wp-content\/uploads\/2023\/12\/512x512.svg","width":1,"height":1,"caption":"Newsendip"},"image":{"@id":"https:\/\/www.newsendip.com\/fr\/#\/schema\/logo\/image\/"},"sameAs":["https:\/\/www.facebook.com\/newsendip","https:\/\/x.com\/newsendip","https:\/\/mastodon.social\/@newsendip","https:\/\/www.linkedin.com\/company\/newsendip"],"description":"Newsendip est un site qui a pour mission de rendre l'actualit\u00e9 internationale accessible et diversifi\u00e9e","email":"contact@newsendip.com","legalName":"Newsendip SAS","foundingDate":"2022-11-04","vatID":"FR60921124723","numberOfEmployees":{"@type":"QuantitativeValue","minValue":"1","maxValue":"10"},"publishingPrinciples":"https:\/\/www.newsendip.com\/about-us\/","ownershipFundingInfo":"https:\/\/www.newsendip.com\/legal-notice\/","actionableFeedbackPolicy":"https:\/\/www.newsendip.com\/about-us\/","correctionsPolicy":"https:\/\/www.newsendip.com\/about-us\/","ethicsPolicy":"https:\/\/www.newsendip.com\/about-us\/","diversityPolicy":"https:\/\/www.newsendip.com\/about-us\/"},{"@type":"Person","@id":"https:\/\/www.newsendip.com\/fr\/#\/schema\/person\/ea22c01755f464a3cbc2c619584d6363","name":"Cl\u00e9ment V\u00e9rit\u00e9","description":"Cl\u00e9ment is the executive editor and founder of Newsendip. He started in the media industry as a freelance reporter at 16 for a local French newspaper after school and has never left it. He later worked for seven years at The New York Times, notably as a data analyst. He holds a Master of Management in France and a Master of Arts in the United Kingdom in International Marketing &amp; Communications Strategy. He has lived in France, the United Kingdom, and Italy.","sameAs":["https:\/\/www.newsendip.com\/","https:\/\/www.linkedin.com\/in\/clementverite\/","https:\/\/x.com\/https:\/\/twitter.com\/cverite"],"knowsAbout":["News","International","Business","Media monitoring"],"knowsLanguage":["English","French","Italian","Spanish"],"url":"https:\/\/www.newsendip.com\/fr\/author\/clement-verite\/"}]}},"_links":{"self":[{"href":"https:\/\/www.newsendip.com\/fr\/wp-json\/wp\/v2\/posts\/17045","targetHints":{"allow":["GET"]}}],"collection":[{"href":"https:\/\/www.newsendip.com\/fr\/wp-json\/wp\/v2\/posts"}],"about":[{"href":"https:\/\/www.newsendip.com\/fr\/wp-json\/wp\/v2\/types\/post"}],"author":[{"embeddable":true,"href":"https:\/\/www.newsendip.com\/fr\/wp-json\/wp\/v2\/users\/1"}],"replies":[{"embeddable":true,"href":"https:\/\/www.newsendip.com\/fr\/wp-json\/wp\/v2\/comments?post=17045"}],"version-history":[{"count":0,"href":"https:\/\/www.newsendip.com\/fr\/wp-json\/wp\/v2\/posts\/17045\/revisions"}],"wp:featuredmedia":[{"embeddable":true,"href":"https:\/\/www.newsendip.com\/fr\/wp-json\/wp\/v2\/media\/17062"}],"wp:attachment":[{"href":"https:\/\/www.newsendip.com\/fr\/wp-json\/wp\/v2\/media?parent=17045"}],"wp:term":[{"taxonomy":"category","embeddable":true,"href":"https:\/\/www.newsendip.com\/fr\/wp-json\/wp\/v2\/categories?post=17045"},{"taxonomy":"post_tag","embeddable":true,"href":"https:\/\/www.newsendip.com\/fr\/wp-json\/wp\/v2\/tags?post=17045"}],"curies":[{"name":"wp","href":"https:\/\/api.w.org\/{rel}","templated":true}]}}