{"id":17082,"date":"2022-05-19T01:00:00","date_gmt":"2022-05-18T23:00:00","guid":{"rendered":"https:\/\/www.newsendip.com\/?p=17082"},"modified":"2024-07-16T23:27:22","modified_gmt":"2024-07-16T21:27:22","slug":"en-roumanie-vers-une-interdiction-des-cours-particuliers-enseignants-a-leurs-propres-eleves","status":"publish","type":"post","link":"https:\/\/www.newsendip.com\/fr\/en-roumanie-vers-une-interdiction-des-cours-particuliers-enseignants-a-leurs-propres-eleves\/","title":{"rendered":"En Roumanie, vers une interdiction de cours particuliers des enseignants \u00e0 leurs propres \u00e9l\u00e8ves"},"content":{"rendered":"<p><strong>En Roumanie, les enseignants ne devraient pas se r\u00e9mun\u00e9rer en donnant des cours particuliers aux \u00e9l\u00e8ves qu\u2019ils ont en classe, mais la r\u00e8gle n\u2019est pas respect\u00e9e.<\/strong><\/p>\n<figure id=\"attachment_17087\" aria-describedby=\"caption-attachment-17087\" style=\"width: 1024px\" class=\"wp-caption aligncenter\"><img decoding=\"async\" class=\"size-large wp-image-17087\" src=\"https:\/\/www.newsendip.com\/wp-content\/uploads\/2022\/05\/Sorin-cimpeanu-minister-education-romania-1024x683.webp\" alt=\"Sorin C\u00eempeanu, ministre de l'\u00e9ducation de Roumanie\" width=\"1024\" height=\"683\" srcset=\"https:\/\/www.newsendip.com\/wp-content\/uploads\/2022\/05\/Sorin-cimpeanu-minister-education-romania-1024x683.webp 1024w, https:\/\/www.newsendip.com\/wp-content\/uploads\/2022\/05\/Sorin-cimpeanu-minister-education-romania-60x40.webp 60w, https:\/\/www.newsendip.com\/wp-content\/uploads\/2022\/05\/Sorin-cimpeanu-minister-education-romania-720x480.webp 720w, https:\/\/www.newsendip.com\/wp-content\/uploads\/2022\/05\/Sorin-cimpeanu-minister-education-romania-300x200.webp 300w, https:\/\/www.newsendip.com\/wp-content\/uploads\/2022\/05\/Sorin-cimpeanu-minister-education-romania-768x512.webp 768w, https:\/\/www.newsendip.com\/wp-content\/uploads\/2022\/05\/Sorin-cimpeanu-minister-education-romania-1536x1024.webp 1536w, https:\/\/www.newsendip.com\/wp-content\/uploads\/2022\/05\/Sorin-cimpeanu-minister-education-romania.webp 2048w\" sizes=\"(max-width: 1024px) 100vw, 1024px\"><figcaption id=\"caption-attachment-17087\" class=\"wp-caption-text\">Sorin C\u00eempeanu, ministre de l\u2019\u00e9ducation de Roumanie | Guvernul Romaniei<\/figcaption><\/figure>\n<p>Le ministre de l\u2019\u00e9ducation de Roumanie, Sorin C\u00eempeanu, a annonc\u00e9 le 18 mai qu\u2019une loi interdira aux enseignants de donner des cours particuliers \u00e0 leurs propres \u00e9l\u00e8ves.<\/p>\n<p>La nouvelle l\u00e9gislation pourrait \u00eatre appliqu\u00e9e d\u00e8s l\u2019ann\u00e9e scolaire 2022\u20132023.<\/p>\n<p>Une telle r\u00e8gle existait d\u00e9j\u00e0 dans un code d\u2019\u00e9thique publi\u00e9 pour les enseignants en 2018 par le minist\u00e8re de l\u2019\u00e9ducation. Mais elle n\u2019est pas respect\u00e9e et M. C\u00eempeanu veut maintenant en faire une loi, ce qui entra\u00eenera d\u2019\u00e9ventuels contr\u00f4les et sanctions.<\/p>\n<p>Le but de la loi n\u2019est pas d\u2019interdire le soutien scolaire, mais d\u2019interdire aux enseignants de donner des cours priv\u00e9s, et r\u00e9mun\u00e9r\u00e9s, aux enfants qu\u2019ils ont en classe. \u00ab\u202f<em>On ne peut pas interdire aux parents qui veulent un compl\u00e9ment de formation pour leurs propres enfants de le faire\u202f\u00bb<\/em>. Mais les \u00e9coliers qui recevraient des <a href=\"https:\/\/www.newsendip.com\/fr\/la-republique-tcheque-envisage-de-supprimer-la-lv2-langue-vivante-obligatoire-au-college\/\">cours suppl\u00e9mentaires<\/a> pour s\u2019am\u00e9liorer devront \u00eatre donn\u00e9s par d\u2019autres professeurs que ceux qu\u2019ils ont en classe.<!--more--><\/p>\n<p>Pour le ministre de l\u2019\u00e9ducation, c\u2019est une loi \u00ab\u202f<em>de bon sens\u202f\u00bb<\/em> car la pratique actuelle a un <a href=\"https:\/\/www.newsendip.com\/fr\/etre-diplome-avec-de-bonnes-notes-au-royaume-uni-generalement-plus-remunerateur-que-le-prestige-de-luniversite\/\">impact sur les notes<\/a> que les enseignants donnent aux \u00e9l\u00e8ves. Il s\u2019agit d\u2019un conflit d\u2019int\u00e9r\u00eats puisque les enseignants sont r\u00e9mun\u00e9r\u00e9s pour ces cours individuels. Les enseignants peuvent influencer les notes pour devenir leur tuteur et les parents peuvent exiger qu\u2019ils donnent de meilleures notes \u00e0 leurs enfants puisqu\u2019ils les r\u00e9mun\u00e8rent.<\/p>\n<p>M. C\u00eempeanu estime \u00e9galement que les enseignants doivent tout mettre en \u0153uvre pour que les enfants n\u2019aient pas besoin de soutien scolaire, qui est en outre disponible pour des familles qui en ont les moyens.<\/p>\n<p>Les cours \u00e0 domicile ne sont pas rares en Roumanie et a <a href=\"https:\/\/adevarul.ro\/locale\/slatina\/meditatiile-sistemul-paralel-invatamant-inflorit-pandemie-lucreaza-doua-ore-plus-altfel-ore-pierdute-1_5ff47d425163ec42719cc24b\/index.html\">augment\u00e9 pendant la pand\u00e9mie du COVID-19<\/a>. Durant cette p\u00e9riode, par manque d\u2019interactivit\u00e9 avec les <a href=\"https:\/\/www.newsendip.com\/fr\/une-universite-americaine-ashford-condamnee-pour-avoir-trompe-les-etudiants-sur-la-valeur-de-ses-diplomes\/\">cours en ligne<\/a>, les enfants ont plus de difficult\u00e9s \u00e0 apprendre et les <a href=\"https:\/\/www.newsendip.com\/fr\/pas-de-retour-en-arriere-les-etudes-superieures-a-distance-la-nouvelle-norme-aux-philippines\/\">enseignants \u00e0 les aider \u00e0 apprendre<\/a>.<\/p>\n<p><strong><a href=\"https:\/\/www.newsendip.com\/fr\/etiquette\/roumanie\/\">Plus d\u2019informations sur la Roumanie<\/a><\/strong><\/p>\n","protected":false},"excerpt":{"rendered":"<p>En Roumanie, les enseignants ne devraient pas se r\u00e9mun\u00e9rer en donnant des cours particuliers aux \u00e9l\u00e8ves qu\u2019ils ont en classe, mais la r\u00e8gle n\u2019est pas respect\u00e9e.<\/p>\n","protected":false},"author":1,"featured_media":17087,"comment_status":"closed","ping_status":"closed","sticky":false,"template":"","format":"standard","meta":{"wp_typography_post_enhancements_disabled":false,"footnotes":""},"categories":[409],"tags":[505,421],"class_list":["post-17082","post","type-post","status-publish","format-standard","has-post-thumbnail","hentry","category-societe","tag-roumanie","tag-vieux"],"yoast_head":"<!-- This site is optimized with the Yoast SEO Premium plugin v27.4 (Yoast SEO v27.4) - https:\/\/yoast.com\/product\/yoast-seo-premium-wordpress\/ -->\n<title>En Roumanie, vers une interdiction de cours particuliers des enseignants \u00e0 leurs propres \u00e9l\u00e8ves<\/title>\n<meta name=\"description\" content=\"En Roumanie, les enseignants ne devraient pas se r\u00e9mun\u00e9rer en donnant des cours particuliers aux \u00e9l\u00e8ves qu&#039;ils ont en classe, mais la r\u00e8gle n&#039;est pas respect\u00e9e.\" \/>\n<meta name=\"robots\" content=\"index, follow, max-snippet:-1, max-image-preview:large, max-video-preview:-1\" \/>\n<link rel=\"canonical\" href=\"https:\/\/www.newsendip.com\/fr\/en-roumanie-vers-une-interdiction-des-cours-particuliers-enseignants-a-leurs-propres-eleves\/\" \/>\n<meta property=\"og:locale\" content=\"fr_FR\" \/>\n<meta property=\"og:type\" content=\"article\" \/>\n<meta property=\"og:title\" content=\"En Roumanie, vers une interdiction de cours particuliers des enseignants \u00e0 leurs propres \u00e9l\u00e8ves\" \/>\n<meta property=\"og:description\" content=\"En Roumanie, les enseignants ne devraient pas se r\u00e9mun\u00e9rer en donnant des cours particuliers aux \u00e9l\u00e8ves qu&#039;ils ont en classe, mais la r\u00e8gle n&#039;est pas respect\u00e9e.\" \/>\n<meta property=\"og:url\" content=\"https:\/\/www.newsendip.com\/fr\/en-roumanie-vers-une-interdiction-des-cours-particuliers-enseignants-a-leurs-propres-eleves\/\" \/>\n<meta property=\"og:site_name\" content=\"Newsendip\" \/>\n<meta property=\"article:publisher\" content=\"https:\/\/www.facebook.com\/newsendip\" \/>\n<meta property=\"article:published_time\" content=\"2022-05-18T23:00:00+00:00\" \/>\n<meta property=\"article:modified_time\" content=\"2024-07-16T21:27:22+00:00\" \/>\n<meta property=\"og:image\" content=\"https:\/\/www.newsendip.com\/wp-content\/uploads\/2022\/05\/Sorin-cimpeanu-minister-education-romania-min.jpeg\" \/>\n\t<meta property=\"og:image:width\" content=\"2048\" \/>\n\t<meta property=\"og:image:height\" content=\"1365\" \/>\n\t<meta property=\"og:image:type\" content=\"image\/jpeg\" \/>\n<meta name=\"author\" content=\"Cl\u00e9ment V\u00e9rit\u00e9\" \/>\n<meta name=\"twitter:card\" content=\"summary_large_image\" \/>\n<meta name=\"twitter:image\" content=\"https:\/\/www.newsendip.com\/wp-content\/uploads\/2022\/05\/Sorin-cimpeanu-minister-education-romania-min.jpeg\" \/>\n<meta name=\"twitter:creator\" content=\"@https:\/\/twitter.com\/cverite\" \/>\n<meta name=\"twitter:site\" content=\"@newsendip\" \/>\n<meta name=\"twitter:label1\" content=\"\u00c9crit par\" \/>\n\t<meta name=\"twitter:data1\" content=\"Cl\u00e9ment V\u00e9rit\u00e9\" \/>\n\t<meta name=\"twitter:label2\" content=\"Dur\u00e9e de lecture estim\u00e9e\" \/>\n\t<meta name=\"twitter:data2\" content=\"2 minutes\" \/>\n<!-- \/ Yoast SEO Premium plugin. -->","yoast_head_json":{"title":"En Roumanie, vers une interdiction de cours particuliers des enseignants \u00e0 leurs propres \u00e9l\u00e8ves","description":"En Roumanie, les enseignants ne devraient pas se r\u00e9mun\u00e9rer en donnant des cours particuliers aux \u00e9l\u00e8ves qu'ils ont en classe, mais la r\u00e8gle n'est pas respect\u00e9e.","robots":{"index":"index","follow":"follow","max-snippet":"max-snippet:-1","max-image-preview":"max-image-preview:large","max-video-preview":"max-video-preview:-1"},"canonical":"https:\/\/www.newsendip.com\/fr\/en-roumanie-vers-une-interdiction-des-cours-particuliers-enseignants-a-leurs-propres-eleves\/","og_locale":"fr_FR","og_type":"article","og_title":"En Roumanie, vers une interdiction de cours particuliers des enseignants \u00e0 leurs propres \u00e9l\u00e8ves","og_description":"En Roumanie, les enseignants ne devraient pas se r\u00e9mun\u00e9rer en donnant des cours particuliers aux \u00e9l\u00e8ves qu'ils ont en classe, mais la r\u00e8gle n'est pas respect\u00e9e.","og_url":"https:\/\/www.newsendip.com\/fr\/en-roumanie-vers-une-interdiction-des-cours-particuliers-enseignants-a-leurs-propres-eleves\/","og_site_name":"Newsendip","article_publisher":"https:\/\/www.facebook.com\/newsendip","article_published_time":"2022-05-18T23:00:00+00:00","article_modified_time":"2024-07-16T21:27:22+00:00","og_image":[{"width":2048,"height":1365,"url":"https:\/\/www.newsendip.com\/wp-content\/uploads\/2022\/05\/Sorin-cimpeanu-minister-education-romania-min.jpeg","type":"image\/jpeg"}],"author":"Cl\u00e9ment V\u00e9rit\u00e9","twitter_card":"summary_large_image","twitter_image":"https:\/\/www.newsendip.com\/wp-content\/uploads\/2022\/05\/Sorin-cimpeanu-minister-education-romania-min.jpeg","twitter_creator":"@https:\/\/twitter.com\/cverite","twitter_site":"@newsendip","twitter_misc":{"\u00c9crit par":"Cl\u00e9ment V\u00e9rit\u00e9","Dur\u00e9e de lecture estim\u00e9e":"2 minutes"},"schema":{"@context":"https:\/\/schema.org","@graph":[{"@type":"NewsArticle","@id":"https:\/\/www.newsendip.com\/fr\/en-roumanie-vers-une-interdiction-des-cours-particuliers-enseignants-a-leurs-propres-eleves\/#article","isPartOf":{"@id":"https:\/\/www.newsendip.com\/fr\/en-roumanie-vers-une-interdiction-des-cours-particuliers-enseignants-a-leurs-propres-eleves\/"},"author":{"name":"Cl\u00e9ment V\u00e9rit\u00e9","@id":"https:\/\/www.newsendip.com\/fr\/#\/schema\/person\/ea22c01755f464a3cbc2c619584d6363"},"headline":"En Roumanie, vers une interdiction de cours particuliers des enseignants \u00e0 leurs propres \u00e9l\u00e8ves","datePublished":"2022-05-18T23:00:00+00:00","dateModified":"2024-07-16T21:27:22+00:00","mainEntityOfPage":{"@id":"https:\/\/www.newsendip.com\/fr\/en-roumanie-vers-une-interdiction-des-cours-particuliers-enseignants-a-leurs-propres-eleves\/"},"wordCount":414,"publisher":{"@id":"https:\/\/www.newsendip.com\/fr\/#organization"},"image":{"@id":"https:\/\/www.newsendip.com\/fr\/en-roumanie-vers-une-interdiction-des-cours-particuliers-enseignants-a-leurs-propres-eleves\/#primaryimage"},"thumbnailUrl":"https:\/\/www.newsendip.com\/wp-content\/uploads\/2022\/05\/Sorin-cimpeanu-minister-education-romania.webp","keywords":["Roumanie","Vieux"],"articleSection":["Soci\u00e9t\u00e9"],"inLanguage":"fr-FR","copyrightYear":"2022","copyrightHolder":{"@id":"https:\/\/www.newsendip.com\/#organization"}},{"@type":"WebPage","@id":"https:\/\/www.newsendip.com\/fr\/en-roumanie-vers-une-interdiction-des-cours-particuliers-enseignants-a-leurs-propres-eleves\/","url":"https:\/\/www.newsendip.com\/fr\/en-roumanie-vers-une-interdiction-des-cours-particuliers-enseignants-a-leurs-propres-eleves\/","name":"En Roumanie, vers une interdiction de cours particuliers des enseignants \u00e0 leurs propres \u00e9l\u00e8ves","isPartOf":{"@id":"https:\/\/www.newsendip.com\/fr\/#website"},"primaryImageOfPage":{"@id":"https:\/\/www.newsendip.com\/fr\/en-roumanie-vers-une-interdiction-des-cours-particuliers-enseignants-a-leurs-propres-eleves\/#primaryimage"},"image":{"@id":"https:\/\/www.newsendip.com\/fr\/en-roumanie-vers-une-interdiction-des-cours-particuliers-enseignants-a-leurs-propres-eleves\/#primaryimage"},"thumbnailUrl":"https:\/\/www.newsendip.com\/wp-content\/uploads\/2022\/05\/Sorin-cimpeanu-minister-education-romania.webp","datePublished":"2022-05-18T23:00:00+00:00","dateModified":"2024-07-16T21:27:22+00:00","description":"En Roumanie, les enseignants ne devraient pas se r\u00e9mun\u00e9rer en donnant des cours particuliers aux \u00e9l\u00e8ves qu'ils ont en classe, mais la r\u00e8gle n'est pas respect\u00e9e.","breadcrumb":{"@id":"https:\/\/www.newsendip.com\/fr\/en-roumanie-vers-une-interdiction-des-cours-particuliers-enseignants-a-leurs-propres-eleves\/#breadcrumb"},"inLanguage":"fr-FR","potentialAction":[{"@type":"ReadAction","target":["https:\/\/www.newsendip.com\/fr\/en-roumanie-vers-une-interdiction-des-cours-particuliers-enseignants-a-leurs-propres-eleves\/"]}]},{"@type":"ImageObject","inLanguage":"fr-FR","@id":"https:\/\/www.newsendip.com\/fr\/en-roumanie-vers-une-interdiction-des-cours-particuliers-enseignants-a-leurs-propres-eleves\/#primaryimage","url":"https:\/\/www.newsendip.com\/wp-content\/uploads\/2022\/05\/Sorin-cimpeanu-minister-education-romania.webp","contentUrl":"https:\/\/www.newsendip.com\/wp-content\/uploads\/2022\/05\/Sorin-cimpeanu-minister-education-romania.webp","width":2048,"height":1365,"caption":"Sorin C\u00eempeanu, ministre de l'\u00e9ducation de Roumanie | Guvernul Romaniei"},{"@type":"BreadcrumbList","@id":"https:\/\/www.newsendip.com\/fr\/en-roumanie-vers-une-interdiction-des-cours-particuliers-enseignants-a-leurs-propres-eleves\/#breadcrumb","itemListElement":[{"@type":"ListItem","position":1,"name":"Accueil","item":"https:\/\/www.newsendip.com\/fr\/"},{"@type":"ListItem","position":2,"name":"En Roumanie, vers une interdiction de cours particuliers des enseignants \u00e0 leurs propres \u00e9l\u00e8ves"}]},{"@type":"WebSite","@id":"https:\/\/www.newsendip.com\/fr\/#website","url":"https:\/\/www.newsendip.com\/fr\/","name":"Newsendip","description":"Red\u00e9couvrez l&#039;actualit\u00e9 internationale","publisher":{"@id":"https:\/\/www.newsendip.com\/fr\/#organization"},"potentialAction":[{"@type":"SearchAction","target":{"@type":"EntryPoint","urlTemplate":"https:\/\/www.newsendip.com\/fr\/?s={search_term_string}"},"query-input":{"@type":"PropertyValueSpecification","valueRequired":true,"valueName":"search_term_string"}}],"inLanguage":"fr-FR"},{"@type":"Organization","@id":"https:\/\/www.newsendip.com\/fr\/#organization","name":"Newsendip","url":"https:\/\/www.newsendip.com\/fr\/","logo":{"@type":"ImageObject","inLanguage":"fr-FR","@id":"https:\/\/www.newsendip.com\/fr\/#\/schema\/logo\/image\/","url":"https:\/\/www.newsendip.com\/wp-content\/uploads\/2023\/12\/512x512.svg","contentUrl":"https:\/\/www.newsendip.com\/wp-content\/uploads\/2023\/12\/512x512.svg","width":1,"height":1,"caption":"Newsendip"},"image":{"@id":"https:\/\/www.newsendip.com\/fr\/#\/schema\/logo\/image\/"},"sameAs":["https:\/\/www.facebook.com\/newsendip","https:\/\/x.com\/newsendip","https:\/\/mastodon.social\/@newsendip","https:\/\/www.linkedin.com\/company\/newsendip"],"description":"Newsendip est un site qui a pour mission de rendre l'actualit\u00e9 internationale accessible et diversifi\u00e9e","email":"contact@newsendip.com","legalName":"Newsendip SAS","foundingDate":"2022-11-04","vatID":"FR60921124723","numberOfEmployees":{"@type":"QuantitativeValue","minValue":"1","maxValue":"10"},"publishingPrinciples":"https:\/\/www.newsendip.com\/about-us\/","ownershipFundingInfo":"https:\/\/www.newsendip.com\/legal-notice\/","actionableFeedbackPolicy":"https:\/\/www.newsendip.com\/about-us\/","correctionsPolicy":"https:\/\/www.newsendip.com\/about-us\/","ethicsPolicy":"https:\/\/www.newsendip.com\/about-us\/","diversityPolicy":"https:\/\/www.newsendip.com\/about-us\/"},{"@type":"Person","@id":"https:\/\/www.newsendip.com\/fr\/#\/schema\/person\/ea22c01755f464a3cbc2c619584d6363","name":"Cl\u00e9ment V\u00e9rit\u00e9","description":"Cl\u00e9ment is the executive editor and founder of Newsendip. He started in the media industry as a freelance reporter at 16 for a local French newspaper after school and has never left it. He later worked for seven years at The New York Times, notably as a data analyst. He holds a Master of Management in France and a Master of Arts in the United Kingdom in International Marketing &amp; Communications Strategy. He has lived in France, the United Kingdom, and Italy.","sameAs":["https:\/\/www.newsendip.com\/","https:\/\/www.linkedin.com\/in\/clementverite\/","https:\/\/x.com\/https:\/\/twitter.com\/cverite"],"knowsAbout":["News","International","Business","Media monitoring"],"knowsLanguage":["English","French","Italian","Spanish"],"url":"https:\/\/www.newsendip.com\/fr\/author\/clement-verite\/"}]}},"_links":{"self":[{"href":"https:\/\/www.newsendip.com\/fr\/wp-json\/wp\/v2\/posts\/17082","targetHints":{"allow":["GET"]}}],"collection":[{"href":"https:\/\/www.newsendip.com\/fr\/wp-json\/wp\/v2\/posts"}],"about":[{"href":"https:\/\/www.newsendip.com\/fr\/wp-json\/wp\/v2\/types\/post"}],"author":[{"embeddable":true,"href":"https:\/\/www.newsendip.com\/fr\/wp-json\/wp\/v2\/users\/1"}],"replies":[{"embeddable":true,"href":"https:\/\/www.newsendip.com\/fr\/wp-json\/wp\/v2\/comments?post=17082"}],"version-history":[{"count":0,"href":"https:\/\/www.newsendip.com\/fr\/wp-json\/wp\/v2\/posts\/17082\/revisions"}],"wp:featuredmedia":[{"embeddable":true,"href":"https:\/\/www.newsendip.com\/fr\/wp-json\/wp\/v2\/media\/17087"}],"wp:attachment":[{"href":"https:\/\/www.newsendip.com\/fr\/wp-json\/wp\/v2\/media?parent=17082"}],"wp:term":[{"taxonomy":"category","embeddable":true,"href":"https:\/\/www.newsendip.com\/fr\/wp-json\/wp\/v2\/categories?post=17082"},{"taxonomy":"post_tag","embeddable":true,"href":"https:\/\/www.newsendip.com\/fr\/wp-json\/wp\/v2\/tags?post=17082"}],"curies":[{"name":"wp","href":"https:\/\/api.w.org\/{rel}","templated":true}]}}