{"id":17138,"date":"2022-05-20T02:00:00","date_gmt":"2022-05-20T00:00:00","guid":{"rendered":"https:\/\/www.newsendip.com\/?p=17138"},"modified":"2024-07-16T21:54:40","modified_gmt":"2024-07-16T19:54:40","slug":"gains-et-pertes-du-teletravail-irlande-evalue-ses-effets-potentiels","status":"publish","type":"post","link":"https:\/\/www.newsendip.com\/fr\/gains-et-pertes-du-teletravail-irlande-evalue-ses-effets-potentiels\/","title":{"rendered":"Gains et pertes du t\u00e9l\u00e9travail, l\u2019Irlande \u00e9value ses effets potentiels"},"content":{"rendered":"<p><strong>Les personnes qui opteraient pour le t\u00e9l\u00e9travail en Irlande apr\u00e8s la pand\u00e9mie pourraient \u00e9conomiser l\u2019\u00e9quivalent de 1 400 euros et pr\u00e8s de 4 jours de leur vie dans les transports chaque ann\u00e9e. Les entreprises peuvent en b\u00e9n\u00e9ficier selon le secteur d\u2019activit\u00e9. Cela pourrait co\u00fbter jusqu\u2019\u00e0 200 millions d\u2019euros par an aux Tr\u00e9sor public, car le t\u00e9l\u00e9travail peut entra\u00eener une baisse de recettes fiscales.<br>\n<\/strong><\/p>\n<p><img decoding=\"async\" class=\"aligncenter size-large wp-image-17156\" src=\"https:\/\/www.newsendip.com\/wp-content\/uploads\/2022\/05\/remote-working-1024x839.webp\" alt=\"t\u00e9l\u00e9travail\" width=\"1024\" height=\"839\" srcset=\"https:\/\/www.newsendip.com\/wp-content\/uploads\/2022\/05\/remote-working-1024x839.webp 1024w, https:\/\/www.newsendip.com\/wp-content\/uploads\/2022\/05\/remote-working-60x49.webp 60w, https:\/\/www.newsendip.com\/wp-content\/uploads\/2022\/05\/remote-working-300x246.webp 300w, https:\/\/www.newsendip.com\/wp-content\/uploads\/2022\/05\/remote-working-768x630.webp 768w, https:\/\/www.newsendip.com\/wp-content\/uploads\/2022\/05\/remote-working-1536x1259.webp 1536w, https:\/\/www.newsendip.com\/wp-content\/uploads\/2022\/05\/remote-working.webp 1920w\" sizes=\"(max-width: 1024px) 100vw, 1024px\"><\/p>\n<p>Le <a href=\"https:\/\/enterprise.gov.ie\/en\/Publications\/An-Evaluation-of-the-Impacts-of-Remote-Working.html\">service \u00e9conomique et d\u2019\u00e9valuation du gouvernement irlandais<\/a> (IGEES) a publi\u00e9 le 18 mai une \u00e9valuation des impacts du t\u00e9l\u00e9travail en Irlande pour le d\u00e9partement des entreprises, du commerce et de l\u2019emploi.<\/p>\n<p>En \u00e9valuant l\u2019impact du travail \u00e0 distance sur <a href=\"https:\/\/www.newsendip.com\/fr\/economie\/\">l\u2019\u00e9conomie<\/a> et la soci\u00e9t\u00e9 irlandaises, le rapport donne des d\u00e9tails sur les potentiels gains et les pertes li\u00e9s \u00e0 une adoption p\u00e9renne de ce mode de&nbsp;vie.<\/p>\n<p>De mani\u00e8re g\u00e9n\u00e9rale, les employeurs et employ\u00e9s s\u2019attendent \u00e0 ce que le t\u00e9l\u00e9travail am\u00e9liore la productivit\u00e9, m\u00eame s\u2019il peut la r\u00e9duire dans certaines professions.<\/p>\n<p>Une sondage men\u00e9 par l\u2019Office central des statistiques en novembre 2021 sugg\u00e8re que 88\u202f% des personnes ayant un emploi et pouvant travailler \u00e0 distance souhaiteraient continuer \u00e0 le faire au moins une partie du temps apr\u00e8s la pand\u00e9mie de COVID-19. En avril 2021, seulement 2\u202f% des personnes ayant des responsabilit\u00e9s manag\u00e9riales s\u2019attendaient \u00e0 ce que les employ\u00e9s soient physiquement pr\u00e9sents au travail au moins 4 jours par semaine apr\u00e8s la pand\u00e9mie, selon l\u2019universit\u00e9 de Galway.<\/p>\n<p>En <a href=\"https:\/\/www.newsendip.com\/fr\/indonesie-prevoit-de-permettre-aux-fonctionnaires-de-travailler-de-partout-work-from-anywhere\/\">choisissant de travailler \u00e0 domicile<\/a>, les personnes peuvent \u00e9conomiser en moyenne 1 407 euros par an gr\u00e2ce \u00e0 des \u00e9conomies directes et indirectes, indique le rapport. Les augmentations des co\u00fbts de chauffage et d\u2019\u00e9lectricit\u00e9 li\u00e9es au t\u00e9l\u00e9travail \u00e0 domicile seront vraisemblablement compens\u00e9es par une r\u00e9duction des frais de transports.<\/p>\n<h2>Le t\u00e9l\u00e9travail peut faire \u00e9conomiser pr\u00e8s de 4 jours de sa vie par an \u00e0 passer dans les transports<\/h2>\n<p><!--more--><\/p>\n<p>L\u2019\u00e9tude pr\u00e9voit un surco\u00fbt de 79 euros en frais de chauffage dans les foyers chaque ann\u00e9e, et de 30 euros pour les frais d\u2019\u00e9lectricit\u00e9 par personne. En revanche, les travailleurs \u00e0 distance peuvent r\u00e9aliser une \u00e9conomie directe de 413 euros par an en r\u00e9duisant les d\u00e9placements domicile-travail.<\/p>\n<p>De plus, les Irlandais \u00e9conomiseraient en moyenne 93 heures par an \u2013 le temps de trajet pour se rendre au travail \u00e9tait de 28\u202fminutes en 2016. Cela repr\u00e9sente 3,9 jours par an qui&nbsp; ne sont pas consacr\u00e9s aux d\u00e9placements domicile-travail, soit 11,7 jours de travail \u00e0 raison de 8 heures par jour. L\u2019\u00e9tude a calcul\u00e9 que ce temps est l\u2019\u00e9quivalent d\u2019un gain financier de 1 103 euros, une \u00e9conomie indirecte qui constitue la majeure partie des 1 407 euros de b\u00e9n\u00e9fice sur lesquels le gouvernement irlandais a communiqu\u00e9.<\/p>\n<p>En <a href=\"https:\/\/www.newsendip.com\/fr\/bataille-politique-autour-de-la-tourbe-en-irlande\/\">termes d\u2019empreinte carbone<\/a>, il est estim\u00e9 que le t\u00e9l\u00e9travail permettra d\u2019\u00e9conomiser 164 407 tonnes d\u2019\u00e9quivalent CO2 par an, soit une \u00e9conomie \u00e9quivalente \u00e0 7,6 millions d\u2019euros sur la base d\u2019un prix du carbone de 46 euros la&nbsp;tonne.<\/p>\n<p>Les <a href=\"https:\/\/www.newsendip.com\/fr\/les-performances-environnementales-de-lirlande-patissent-dune-mauvaise-gestion-de-leau-et-dun-exces-de-places-de-parking-selon-locde\/\">transports sont la premi\u00e8re source d\u2019\u00e9missions de gaz \u00e0 effet de serre en Irlande<\/a>, et 74\u202f% d\u2019entre elles proviennent des d\u00e9placements des voitures de particuliers. On suppose toutefois que les travailleurs \u00e0 distance n\u2019effectueraient pas de d\u00e9placements plus fr\u00e9quents, bien que plus courts, pendant la journ\u00e9e. De mani\u00e8re g\u00e9n\u00e9rale, le t\u00e9l\u00e9travail pourrait r\u00e9duire les \u00e9missions totales de CO2 de l\u2019Irlande de 0,25\u202f%.<\/p>\n<p>Ces estimations sont bas\u00e9es sur un sc\u00e9nario dans lequel 400 000 personnes travaillent \u00e0 domicile 8 heures par jour pendant 100 jours par an, soit environ 2 jours par semaine. Le nombre de t\u00e9l\u00e9travailleurs dans le pays apr\u00e8s la pand\u00e9mie pourrait augmenter de 90\u202f% par rapport aux niveaux d\u2019avant la pand\u00e9mie. Avant ke COVID-19, 210 000 personnes travaillaient \u00e0 distance, soit 13\u202f% des employ\u00e9s d\u2019Irlande. Pendant les confinements d\u2019octobre 2020 et de d\u00e9cembre 2020, pas moins de 670 000 personnes travaillaient de chez&nbsp;elles.<\/p>\n<h2>Le t\u00e9l\u00e9travail peut faire des \u00e9conomies aux entreprises, selon le secteur d\u2019activit\u00e9. Co\u00fbts \u00e9lev\u00e9s mais incertains pour le Tr\u00e9sor public<\/h2>\n<p>Pour les employeurs, le t\u00e9l\u00e9travail peut permettre de r\u00e9aliser d\u2019importantes \u00e9conomies sur la location de bureaux en \u00e9vitant les centres d\u2019affaires et les bureaux de centre-ville plus co\u00fbteux. D\u2019apr\u00e8s des \u00e9tudes pr\u00e9c\u00e9dentes de l\u2019IGEES, une entreprise peut \u00e9conomiser 1 492 euros par employ\u00e9 et par an, sans compter des avantages financiers d\u00e9coulant d\u2019une augmentation de la productivit\u00e9 ou d\u2019une am\u00e9lioration du bien-\u00eatre des employ\u00e9s.<\/p>\n<p>Cependant, l\u2019un des points qui n\u2019est pas encore clair est le co\u00fbt pour le Tr\u00e9sor public. Le t\u00e9l\u00e9travail \u00e0 l\u2019\u00c9tat 200 millions d\u2019euros par an. Comme les personnes d\u00e9pensent moins et \u00e9conomisent de l\u2019argent, le Tr\u00e9sor public subirait une diminution de son assiette fiscale, comme avec les droits d\u2019accises et la TVA, car les employ\u00e9s ach\u00e8teront moins de carburant pour se d\u00e9placer. La r\u00e9duction des recettes de la TVA et des taxes sur le carburant pourrait repr\u00e9senter une perte de 111 millions d\u2019euros, et les collectivit\u00e9s locales pourraient voir leur budget diminuer de 80 millions d\u2019euros avec la baisse des imp\u00f4ts locaux pay\u00e9s par les entreprises.<\/p>\n<p>Le rapport souligne toutefois que certains r\u00e9sultats ne sont pas anticip\u00e9s. En effet, l\u2019argent \u00e9conomis\u00e9 pourrait se reporter vers d\u2019autres d\u00e9penses, pour lesquelles l\u2019\u00c9tat percevrait \u00e9galement des taxes. De m\u00eame il peut y avoir des b\u00e9n\u00e9fices soci\u00e9taux et financiers li\u00e9s \u00e0 la r\u00e9duction du stress ou des accidents de la route par exemple.<\/p>\n<p>L\u2019adoption du travail \u00e0 distance aurait de nombreuses cons\u00e9quences, sur le march\u00e9 de l\u2019immobilier entre autres. En 2021, la demande de logements dans les r\u00e9gions rurales a d\u00e9pass\u00e9 celle des villes. Le gouvernement songe \u00e9galement \u00e0 ce que <a href=\"https:\/\/www.newsendip.com\/fr\/les-pubs-irlandais-vont-ils-devenir-les-prochains-incubateurs-de-start-up\/\">les pubs dans les zones puissent \u00eatre les prochains incubateurs de start-up.<\/a> Le rapport souligne \u00e9galement qu\u2019il ne s\u2019agit pas d\u2019une situation qui serait b\u00e9n\u00e9fique pour&nbsp;tous.<\/p>\n<p>L\u2019h\u00f4tellerie, le tourisme, la restauration, le g\u00e9nie industriel ne sont pas des secteurs qui se pr\u00eatent au t\u00e9l\u00e9travail, contrairement aux secteurs du num\u00e9rique, des m\u00e9dias et de la communication.<\/p>\n<p>Les stations-service, les services de restauration et l\u2019immobilier professionnel seraient les secteurs qui <em>\u00ab\u202fsouffriront le plus\u202f\u00bb<\/em> selon le service \u00e9conomique et d\u2019\u00e9valuation du gouvernement.<\/p>\n<h2>Meilleur acc\u00e8s au march\u00e9 du travail pour les personnes handicap\u00e9es ou s\u2019occupant d\u2019un proche<\/h2>\n<p>Avec une adoption plus g\u00e9n\u00e9ralis\u00e9e du t\u00e9l\u00e9travail, les personnes avec un handicap ou s\u2019occupant de proches devraient avoir de meilleures opportunit\u00e9s sur le march\u00e9 du travail.<\/p>\n<p>Cela r\u00e9duirait des barri\u00e8res d\u2019acc\u00e8s au march\u00e9 du travail comme celles du transport ou de l\u2019inadaptation de bureaux pour des personnes handicap\u00e9es. Toutefois, l\u2019\u00e9tude avertit que les entreprises ne doivent pas utiliser le t\u00e9l\u00e9travail comme un moyen d\u2019\u00e9viter les dispositions requises sur le lieu de travail pour les personnes handicap\u00e9es. En revanche, le travail \u00e0 domicile ne peut \u00eatre vu comme la seule solution \u00e0 l\u2019inclusion des personnes handicap\u00e9es dans le monde professionnel.<\/p>\n<p>Par exemple, les travailleurs handicap\u00e9s occupent de mani\u00e8re disproportionn\u00e9e des emplois manuels ou de services qui ne se pr\u00eatent pas bien au travail \u00e0 distance. Selon le handicap, la distance peut \u00e9galement constituer un obstacle, comme pour les travailleurs souffrant de d\u00e9ficiences auditives. Par ailleurs, selon une \u00e9tude am\u00e9ricaine de 2020, les in\u00e9galit\u00e9s salariales li\u00e9es \u00e0 un handicap est l\u00e9g\u00e8rement plus important pour les travailleurs \u00e0 distance que pour les autres, ce qui sugg\u00e8re qu\u2019il faut faire plus pour r\u00e9duire les \u00e9carts salariaux que de voir le t\u00e9l\u00e9travail comme la seule solution pour r\u00e9soudre les probl\u00e8mes dont font face les personnes handicap\u00e9es dans le monde professionnel.<\/p>\n<p>Le travail \u00e0 domicile pourrait \u00e9galement accro\u00eetre l\u2019emploi f\u00e9minin et l\u2019ind\u00e9pendance financi\u00e8re. L\u2019enqu\u00eate du Bureau central des statistiques sugg\u00e8re que 75\u202f% des personnes ayant des t\u00e2ches \u00e0 domicile et qui n\u2019ont actuellement pas d\u2019emploi envisageraient d\u2019accepter un travail s\u2019il pouvait \u00eatre effectu\u00e9 \u00e0 distance. En Irlande, entre le quatri\u00e8me trimestre 2019 et 2021, il y a eu 96 200 femmes de moins dont le statut \u00e9conomique principal \u00e9tait \u00ab\u202fobligations familiales\u202f\u00bb (\u201chome duties\u201d). Et le pays a connu des niveaux records d\u2019emploi f\u00e9minin au cours de cette p\u00e9riode.<\/p>\n<p>Cependant, le rapport reste prudent pour savoir si le travail \u00e0 domicile serait davantage adopt\u00e9 par les femmes que par les hommes, et si cela pourrait avoir des cons\u00e9quences sur la visibilit\u00e9, les promotions, les possibilit\u00e9s d\u2019augmentation de salaire et les \u00e9carts de r\u00e9mun\u00e9ration homme-femme.<\/p>\n<p>Le gouvernement irlandais travaille \u00e0 l\u2019<a href=\"https:\/\/www.thejournal.ie\/remote-working-bill-scrutiny-5766516-May2022\/\">\u00e9laboration d\u2019un projet de lo<\/a>i pour \u00e9tablir un <a href=\"https:\/\/www.newsendip.com\/fr\/teletravail-en-italie-accord-sur-un-protocole-de-smart-working-apres-le-covid-19\/\">cadre juridique au travail \u00e0 distance<\/a>. Il pr\u00e9voit \u00e9galement d\u2019accro\u00eetre l\u2019acc\u00e8s au haut d\u00e9bit dans les zones rurales.<\/p>\n<p><strong><a href=\"https:\/\/www.newsendip.com\/fr\/etiquette\/irlande\/\">D\u00e9couvrez plus d\u2019informations d\u2019Irlande<\/a><\/strong><\/p>\n","protected":false},"excerpt":{"rendered":"<p>Le t\u00e9l\u00e9travail en Irlande pourraient faire \u00e9conomiser l\u2019\u00e9quivalent de 1 400 euros et pr\u00e8s de 4 jours de vie dans les transports par&nbsp;an<\/p>\n","protected":false},"author":1,"featured_media":17156,"comment_status":"closed","ping_status":"closed","sticky":false,"template":"","format":"standard","meta":{"wp_typography_post_enhancements_disabled":false,"footnotes":""},"categories":[414],"tags":[411,430,523],"class_list":["post-17138","post","type-post","status-publish","format-standard","has-post-thumbnail","hentry","category-economie","tag-actuel","tag-irlande","tag-monde"],"yoast_head":"<!-- This site is optimized with the Yoast SEO Premium plugin v27.4 (Yoast SEO v27.4) - https:\/\/yoast.com\/product\/yoast-seo-premium-wordpress\/ -->\n<title>Gains et pertes du t\u00e9l\u00e9travail, l&#039;Irlande \u00e9value ses effets potentiels<\/title>\n<meta name=\"description\" content=\"Le t\u00e9l\u00e9travail en Irlande pourraient faire \u00e9conomiser l&#039;\u00e9quivalent de 1 400 euros et pr\u00e8s de 4 jours de vie dans les transports par an\" \/>\n<meta name=\"robots\" content=\"index, follow, max-snippet:-1, max-image-preview:large, max-video-preview:-1\" \/>\n<link rel=\"canonical\" href=\"https:\/\/www.newsendip.com\/fr\/gains-et-pertes-du-teletravail-irlande-evalue-ses-effets-potentiels\/\" \/>\n<meta property=\"og:locale\" content=\"fr_FR\" \/>\n<meta property=\"og:type\" content=\"article\" \/>\n<meta property=\"og:title\" content=\"Gains et pertes du t\u00e9l\u00e9travail, l&#039;Irlande \u00e9value ses effets potentiels\" \/>\n<meta property=\"og:description\" content=\"Le t\u00e9l\u00e9travail en Irlande pourraient faire \u00e9conomiser l&#039;\u00e9quivalent de 1 400 euros et pr\u00e8s de 4 jours de vie dans les transports par an\" \/>\n<meta property=\"og:url\" content=\"https:\/\/www.newsendip.com\/fr\/gains-et-pertes-du-teletravail-irlande-evalue-ses-effets-potentiels\/\" \/>\n<meta property=\"og:site_name\" content=\"Newsendip\" \/>\n<meta property=\"article:publisher\" content=\"https:\/\/www.facebook.com\/newsendip\" \/>\n<meta property=\"article:published_time\" content=\"2022-05-20T00:00:00+00:00\" \/>\n<meta property=\"article:modified_time\" content=\"2024-07-16T19:54:40+00:00\" \/>\n<meta property=\"og:image\" content=\"https:\/\/www.newsendip.com\/wp-content\/uploads\/2022\/05\/remote-working-small-progressive.jpeg\" \/>\n\t<meta property=\"og:image:width\" content=\"640\" \/>\n\t<meta property=\"og:image:height\" content=\"525\" \/>\n\t<meta property=\"og:image:type\" content=\"image\/jpeg\" \/>\n<meta name=\"author\" content=\"Cl\u00e9ment V\u00e9rit\u00e9\" \/>\n<meta name=\"twitter:card\" content=\"summary_large_image\" \/>\n<meta name=\"twitter:image\" content=\"https:\/\/www.newsendip.com\/wp-content\/uploads\/2022\/05\/remote-working-small-progressive.jpeg\" \/>\n<meta name=\"twitter:creator\" content=\"@https:\/\/twitter.com\/cverite\" \/>\n<meta name=\"twitter:site\" content=\"@newsendip\" \/>\n<meta name=\"twitter:label1\" content=\"\u00c9crit par\" \/>\n\t<meta name=\"twitter:data1\" content=\"Cl\u00e9ment V\u00e9rit\u00e9\" \/>\n<!-- \/ Yoast SEO Premium plugin. -->","yoast_head_json":{"title":"Gains et pertes du t\u00e9l\u00e9travail, l'Irlande \u00e9value ses effets potentiels","description":"Le t\u00e9l\u00e9travail en Irlande pourraient faire \u00e9conomiser l'\u00e9quivalent de 1 400 euros et pr\u00e8s de 4 jours de vie dans les transports par an","robots":{"index":"index","follow":"follow","max-snippet":"max-snippet:-1","max-image-preview":"max-image-preview:large","max-video-preview":"max-video-preview:-1"},"canonical":"https:\/\/www.newsendip.com\/fr\/gains-et-pertes-du-teletravail-irlande-evalue-ses-effets-potentiels\/","og_locale":"fr_FR","og_type":"article","og_title":"Gains et pertes du t\u00e9l\u00e9travail, l'Irlande \u00e9value ses effets potentiels","og_description":"Le t\u00e9l\u00e9travail en Irlande pourraient faire \u00e9conomiser l'\u00e9quivalent de 1 400 euros et pr\u00e8s de 4 jours de vie dans les transports par an","og_url":"https:\/\/www.newsendip.com\/fr\/gains-et-pertes-du-teletravail-irlande-evalue-ses-effets-potentiels\/","og_site_name":"Newsendip","article_publisher":"https:\/\/www.facebook.com\/newsendip","article_published_time":"2022-05-20T00:00:00+00:00","article_modified_time":"2024-07-16T19:54:40+00:00","og_image":[{"width":640,"height":525,"url":"https:\/\/www.newsendip.com\/wp-content\/uploads\/2022\/05\/remote-working-small-progressive.jpeg","type":"image\/jpeg"}],"author":"Cl\u00e9ment V\u00e9rit\u00e9","twitter_card":"summary_large_image","twitter_image":"https:\/\/www.newsendip.com\/wp-content\/uploads\/2022\/05\/remote-working-small-progressive.jpeg","twitter_creator":"@https:\/\/twitter.com\/cverite","twitter_site":"@newsendip","twitter_misc":{"\u00c9crit par":"Cl\u00e9ment V\u00e9rit\u00e9"},"schema":{"@context":"https:\/\/schema.org","@graph":[{"@type":"NewsArticle","@id":"https:\/\/www.newsendip.com\/fr\/gains-et-pertes-du-teletravail-irlande-evalue-ses-effets-potentiels\/#article","isPartOf":{"@id":"https:\/\/www.newsendip.com\/fr\/gains-et-pertes-du-teletravail-irlande-evalue-ses-effets-potentiels\/"},"author":{"name":"Cl\u00e9ment V\u00e9rit\u00e9","@id":"https:\/\/www.newsendip.com\/fr\/#\/schema\/person\/ea22c01755f464a3cbc2c619584d6363"},"headline":"Gains et pertes du t\u00e9l\u00e9travail, l\u2019Irlande \u00e9value ses effets potentiels","datePublished":"2022-05-20T00:00:00+00:00","dateModified":"2024-07-16T19:54:40+00:00","mainEntityOfPage":{"@id":"https:\/\/www.newsendip.com\/fr\/gains-et-pertes-du-teletravail-irlande-evalue-ses-effets-potentiels\/"},"wordCount":1556,"publisher":{"@id":"https:\/\/www.newsendip.com\/fr\/#organization"},"image":{"@id":"https:\/\/www.newsendip.com\/fr\/gains-et-pertes-du-teletravail-irlande-evalue-ses-effets-potentiels\/#primaryimage"},"thumbnailUrl":"https:\/\/www.newsendip.com\/wp-content\/uploads\/2022\/05\/remote-working.webp","keywords":["Actuel","Irlande","Monde"],"articleSection":["\u00c9conomie"],"inLanguage":"fr-FR","copyrightYear":"2022","copyrightHolder":{"@id":"https:\/\/www.newsendip.com\/#organization"}},{"@type":"WebPage","@id":"https:\/\/www.newsendip.com\/fr\/gains-et-pertes-du-teletravail-irlande-evalue-ses-effets-potentiels\/","url":"https:\/\/www.newsendip.com\/fr\/gains-et-pertes-du-teletravail-irlande-evalue-ses-effets-potentiels\/","name":"Gains et pertes du t\u00e9l\u00e9travail, l'Irlande \u00e9value ses effets potentiels","isPartOf":{"@id":"https:\/\/www.newsendip.com\/fr\/#website"},"primaryImageOfPage":{"@id":"https:\/\/www.newsendip.com\/fr\/gains-et-pertes-du-teletravail-irlande-evalue-ses-effets-potentiels\/#primaryimage"},"image":{"@id":"https:\/\/www.newsendip.com\/fr\/gains-et-pertes-du-teletravail-irlande-evalue-ses-effets-potentiels\/#primaryimage"},"thumbnailUrl":"https:\/\/www.newsendip.com\/wp-content\/uploads\/2022\/05\/remote-working.webp","datePublished":"2022-05-20T00:00:00+00:00","dateModified":"2024-07-16T19:54:40+00:00","description":"Le t\u00e9l\u00e9travail en Irlande pourraient faire \u00e9conomiser l'\u00e9quivalent de 1 400 euros et pr\u00e8s de 4 jours de vie dans les transports par an","breadcrumb":{"@id":"https:\/\/www.newsendip.com\/fr\/gains-et-pertes-du-teletravail-irlande-evalue-ses-effets-potentiels\/#breadcrumb"},"inLanguage":"fr-FR","potentialAction":[{"@type":"ReadAction","target":["https:\/\/www.newsendip.com\/fr\/gains-et-pertes-du-teletravail-irlande-evalue-ses-effets-potentiels\/"]}]},{"@type":"ImageObject","inLanguage":"fr-FR","@id":"https:\/\/www.newsendip.com\/fr\/gains-et-pertes-du-teletravail-irlande-evalue-ses-effets-potentiels\/#primaryimage","url":"https:\/\/www.newsendip.com\/wp-content\/uploads\/2022\/05\/remote-working.webp","contentUrl":"https:\/\/www.newsendip.com\/wp-content\/uploads\/2022\/05\/remote-working.webp","width":1920,"height":1574,"caption":"t\u00e9l\u00e9travail"},{"@type":"BreadcrumbList","@id":"https:\/\/www.newsendip.com\/fr\/gains-et-pertes-du-teletravail-irlande-evalue-ses-effets-potentiels\/#breadcrumb","itemListElement":[{"@type":"ListItem","position":1,"name":"Accueil","item":"https:\/\/www.newsendip.com\/fr\/"},{"@type":"ListItem","position":2,"name":"Gains et pertes du t\u00e9l\u00e9travail, l&#8217;Irlande \u00e9value ses effets potentiels"}]},{"@type":"WebSite","@id":"https:\/\/www.newsendip.com\/fr\/#website","url":"https:\/\/www.newsendip.com\/fr\/","name":"Newsendip","description":"Red\u00e9couvrez l&#039;actualit\u00e9 internationale","publisher":{"@id":"https:\/\/www.newsendip.com\/fr\/#organization"},"potentialAction":[{"@type":"SearchAction","target":{"@type":"EntryPoint","urlTemplate":"https:\/\/www.newsendip.com\/fr\/?s={search_term_string}"},"query-input":{"@type":"PropertyValueSpecification","valueRequired":true,"valueName":"search_term_string"}}],"inLanguage":"fr-FR"},{"@type":"Organization","@id":"https:\/\/www.newsendip.com\/fr\/#organization","name":"Newsendip","url":"https:\/\/www.newsendip.com\/fr\/","logo":{"@type":"ImageObject","inLanguage":"fr-FR","@id":"https:\/\/www.newsendip.com\/fr\/#\/schema\/logo\/image\/","url":"https:\/\/www.newsendip.com\/wp-content\/uploads\/2023\/12\/512x512.svg","contentUrl":"https:\/\/www.newsendip.com\/wp-content\/uploads\/2023\/12\/512x512.svg","width":1,"height":1,"caption":"Newsendip"},"image":{"@id":"https:\/\/www.newsendip.com\/fr\/#\/schema\/logo\/image\/"},"sameAs":["https:\/\/www.facebook.com\/newsendip","https:\/\/x.com\/newsendip","https:\/\/mastodon.social\/@newsendip","https:\/\/www.linkedin.com\/company\/newsendip"],"description":"Newsendip est un site qui a pour mission de rendre l'actualit\u00e9 internationale accessible et diversifi\u00e9e","email":"contact@newsendip.com","legalName":"Newsendip SAS","foundingDate":"2022-11-04","vatID":"FR60921124723","numberOfEmployees":{"@type":"QuantitativeValue","minValue":"1","maxValue":"10"},"publishingPrinciples":"https:\/\/www.newsendip.com\/about-us\/","ownershipFundingInfo":"https:\/\/www.newsendip.com\/legal-notice\/","actionableFeedbackPolicy":"https:\/\/www.newsendip.com\/about-us\/","correctionsPolicy":"https:\/\/www.newsendip.com\/about-us\/","ethicsPolicy":"https:\/\/www.newsendip.com\/about-us\/","diversityPolicy":"https:\/\/www.newsendip.com\/about-us\/"},{"@type":"Person","@id":"https:\/\/www.newsendip.com\/fr\/#\/schema\/person\/ea22c01755f464a3cbc2c619584d6363","name":"Cl\u00e9ment V\u00e9rit\u00e9","description":"Cl\u00e9ment is the executive editor and founder of Newsendip. He started in the media industry as a freelance reporter at 16 for a local French newspaper after school and has never left it. He later worked for seven years at The New York Times, notably as a data analyst. He holds a Master of Management in France and a Master of Arts in the United Kingdom in International Marketing &amp; Communications Strategy. He has lived in France, the United Kingdom, and Italy.","sameAs":["https:\/\/www.newsendip.com\/","https:\/\/www.linkedin.com\/in\/clementverite\/","https:\/\/x.com\/https:\/\/twitter.com\/cverite"],"knowsAbout":["News","International","Business","Media monitoring"],"knowsLanguage":["English","French","Italian","Spanish"],"url":"https:\/\/www.newsendip.com\/fr\/author\/clement-verite\/"}]}},"_links":{"self":[{"href":"https:\/\/www.newsendip.com\/fr\/wp-json\/wp\/v2\/posts\/17138","targetHints":{"allow":["GET"]}}],"collection":[{"href":"https:\/\/www.newsendip.com\/fr\/wp-json\/wp\/v2\/posts"}],"about":[{"href":"https:\/\/www.newsendip.com\/fr\/wp-json\/wp\/v2\/types\/post"}],"author":[{"embeddable":true,"href":"https:\/\/www.newsendip.com\/fr\/wp-json\/wp\/v2\/users\/1"}],"replies":[{"embeddable":true,"href":"https:\/\/www.newsendip.com\/fr\/wp-json\/wp\/v2\/comments?post=17138"}],"version-history":[{"count":0,"href":"https:\/\/www.newsendip.com\/fr\/wp-json\/wp\/v2\/posts\/17138\/revisions"}],"wp:featuredmedia":[{"embeddable":true,"href":"https:\/\/www.newsendip.com\/fr\/wp-json\/wp\/v2\/media\/17156"}],"wp:attachment":[{"href":"https:\/\/www.newsendip.com\/fr\/wp-json\/wp\/v2\/media?parent=17138"}],"wp:term":[{"taxonomy":"category","embeddable":true,"href":"https:\/\/www.newsendip.com\/fr\/wp-json\/wp\/v2\/categories?post=17138"},{"taxonomy":"post_tag","embeddable":true,"href":"https:\/\/www.newsendip.com\/fr\/wp-json\/wp\/v2\/tags?post=17138"}],"curies":[{"name":"wp","href":"https:\/\/api.w.org\/{rel}","templated":true}]}}