{"id":17225,"date":"2022-01-24T15:34:19","date_gmt":"2022-01-24T14:34:19","guid":{"rendered":"https:\/\/www.newsendip.com\/?p=17225"},"modified":"2024-07-16T23:38:04","modified_gmt":"2024-07-16T21:38:04","slug":"cuba-en-manque-de-lait-maternise-et-de-cafe","status":"publish","type":"post","link":"https:\/\/www.newsendip.com\/fr\/cuba-en-manque-de-lait-maternise-et-de-cafe\/","title":{"rendered":"Cuba en manque de lait maternis\u00e9 et de&nbsp;caf\u00e9"},"content":{"rendered":"<p><strong>Cuba a des difficult\u00e9s \u00e0 importer du lait et manque de lait en poudre. La population a \u00e9galement du mal \u00e0 trouver du&nbsp;caf\u00e9.<\/strong><\/p>\n<figure id=\"attachment_13959\" aria-describedby=\"caption-attachment-13959\" style=\"width: 1024px\" class=\"wp-caption aligncenter\"><img decoding=\"async\" class=\"size-large wp-image-13959\" src=\"https:\/\/www.newsendip.com\/wp-content\/uploads\/2022\/01\/cuba-milk-powder-shortage-1024x667.webp\" alt=\"b\u00e9b\u00e9 buvant du lait\" width=\"1024\" height=\"667\" srcset=\"https:\/\/www.newsendip.com\/wp-content\/uploads\/2022\/01\/cuba-milk-powder-shortage-1024x667.webp 1024w, https:\/\/www.newsendip.com\/wp-content\/uploads\/2022\/01\/cuba-milk-powder-shortage-60x39.webp 60w, https:\/\/www.newsendip.com\/wp-content\/uploads\/2022\/01\/cuba-milk-powder-shortage-300x195.webp 300w, https:\/\/www.newsendip.com\/wp-content\/uploads\/2022\/01\/cuba-milk-powder-shortage-768x500.webp 768w, https:\/\/www.newsendip.com\/wp-content\/uploads\/2022\/01\/cuba-milk-powder-shortage-1536x1000.webp 1536w, https:\/\/www.newsendip.com\/wp-content\/uploads\/2022\/01\/cuba-milk-powder-shortage.webp 1920w\" sizes=\"(max-width: 1024px) 100vw, 1024px\"><figcaption id=\"caption-attachment-13959\" class=\"wp-caption-text\">Cuba fait face \u00e0 une p\u00e9nurie de lait en poudre car il \u00e9prouve des difficult\u00e9s \u00e0 importer du lait. | \u00a9 Kelly Sikkema<\/figcaption><\/figure>\n<p>Les autorit\u00e9s cubaines ont inform\u00e9 le 23 janvier que le pays rencontre des difficult\u00e9s pour fournir du lait en poudre aux enfants de moins de 7 ans, le groupe d\u2019\u00e2ge le plus prioritaire pour en recevoir.<\/p>\n<p>\u00ab\u202f<em>La distribution dans certains territoires a \u00e9t\u00e9 fragment\u00e9e\u202f\u00bb<\/em> au cours du mois de janvier, rapporte le <a href=\"#post-bottom-source\">minist\u00e8re du Commerce int\u00e9rieur<\/a>.<\/p>\n<p>En raison de la p\u00e9nurie, \u00ab\u202f<em>il a \u00e9t\u00e9 n\u00e9cessaire d\u2019inclure du lait provenant de march\u00e9s non traditionnels\u202f\u00bb<\/em>. Les autorit\u00e9s ne pr\u00e9cisent toutefois pas si elles ont introduit du lait de soja comme alternative pour le lait maternis\u00e9 ou si elles ont fait appel \u00e0 l\u2019aide humanitaire.<\/p>\n<p>La p\u00e9nurie de lait en poudre dure depuis plusieurs mois \u00e0 Cuba, notamment dans des villes comme La Havane ou Santiago de&nbsp;Cuba.<\/p>\n<p>L\u2019\u00e9t\u00e9 dernier, des manifestants sont descendus dans la rue en raison de la crise \u00e9conomique qui a entra\u00een\u00e9 des p\u00e9nuries de nourriture et de m\u00e9dicaments.<\/p>\n<p>En septembre, les autorit\u00e9s cubaines ont reconnu officiellement une p\u00e9nurie de lait. En d\u00e9cembre, la ministre du commerce int\u00e9rieur, Betsy D\u00edaz Vel\u00e1squez, avait expliqu\u00e9 que les difficult\u00e9s \u00e0 importer du lait \u00e9taient dues aux retards de livraison r\u00e9sultant de l\u2019<a href=\"https:\/\/www.newsendip.com\/fr\/faible-approvisionnement-de-certains-produits-alimentaires-dans-lextreme-orient-russe\/\">engorgement du trafic maritime<\/a>. Et \u00e0 un manque de ressources financi\u00e8res.<\/p>\n<h2>8 tonnes de lait en poudre envoy\u00e9es des \u00c9tats-Unis<\/h2>\n<p><a href=\"https:\/\/www.newsendip.com\/fr\/forte-demande-dune-marque-de-lait-nestle-pour-lutter-contre-le-covid-19-en-indonesie\/\">Le lait<\/a> en poudre destin\u00e9 aux personnes souffrant de probl\u00e8mes de sant\u00e9 n\u2019est pas fourni en raison d\u2019un manque de moyen, selon la note de janvier.<!--more--><\/p>\n<p>Cuba n\u2019est pas en mesure de produire suffisamment de lait de vache pour sa population et a de plus en plus <a href=\"https:\/\/twitter.com\/pmmonreal\/status\/1476663000278908933\">recours aux importations.<\/a> Le gouvernement a justifi\u00e9 en 2020 qu\u2019il \u00e9tait <a href=\"https:\/\/www.cibercuba.com\/noticias\/2020-10-15-u1-e199291-s27061-cuesta-producir-litro-leche-cuba-importarlo-admite-gobierno\">moins co\u00fbteux d\u2019importer du lait que de le produire<\/a>. Mais cela rend Cuba vuln\u00e9rable aux conditions du march\u00e9 mondial.<\/p>\n<p>Le <a href=\"https:\/\/www.newsendip.com\/fr\/etiquette\/nicaragua-fr\/\">Nicaragua<\/a> a envoy\u00e9 50 conteneurs de riz et de haricots \u00e0 Cuba en d\u00e9cembre.<\/p>\n<p>Trois organisations caritatives am\u00e9ricaines, Puentes de Amor, le People\u2019s Forum et CodePink, ont envoy\u00e9 8,5 tonnes de lait maternis\u00e9 par avion le 14 janvier de Miami \u00e0 Cuba pour \u00eatre distribu\u00e9 dans des h\u00f4pitaux p\u00e9diatriques.<\/p>\n<p>Bien que l\u2019OMS recommande l\u2019allaitement maternel, le lait en poudre peut \u00eatre conserv\u00e9 plus longtemps que le lait frais et est souvent consid\u00e9r\u00e9 comme une aide humanitaire car il peut sauver la vie d\u2019enfants dans les pays pauvres.<\/p>\n<p>Pendant ce temps, Cuba a r\u00e9cemment fait part d\u2019un <a href=\"https:\/\/www.newsendip.com\/fr\/cuba-a-souffert-en-2021-de-son-taux-de-mortalite-infantile-le-plus-eleve-en-20-ans\/\">taux de mortalit\u00e9 infantile le plus \u00e9lev\u00e9<\/a> depuis 20&nbsp;ans.<\/p>\n<p>L\u2019approvisionnement en caf\u00e9 est \u00e9galement perturb\u00e9, au moins depuis d\u00e9cembre. Les paniers familiaux, des rations de nourriture essentielle et de carburant que la population peut acheter \u00e0 tarif r\u00e9duit, ne contiennent pas de caf\u00e9 en janvier. Les Cubains ne trouvent pas non plus de caf\u00e9 \u00e0 acheter dans les magasins.<\/p>\n<p>En effet, le pays doit \u00e9galement importer les grains de caf\u00e9 pour satisfaire \u00e0 sa consommation int\u00e9rieure. Les autorit\u00e9s ont soulign\u00e9 une nouvelle fois que c\u2019\u00e9tait la cons\u00e9quence des retards d\u2019exp\u00e9dition, mais le <a href=\"https:\/\/www.newsendip.com\/fr\/augmentation-du-prix-du-cafe-une-bonne-nouvelle-pour-les-producteurs-colombiens-pas-pour-les-consommateurs-turcs\/\">caf\u00e9 a atteint r\u00e9cemment des prix faramineux<\/a> sur le march\u00e9 mondial.<\/p>\n<p><a href=\"https:\/\/www.newsendip.com\/fr\/etiquette\/cuba-fr\/\"><strong>D\u00e9couvrez plus d\u2019informations de&nbsp;Cuba<\/strong><\/a><\/p>\n","protected":false},"excerpt":{"rendered":"<p>Cuba a des difficult\u00e9s \u00e0 importer du lait et manque de lait en poudre. La population a \u00e9galement du mal \u00e0 trouver du&nbsp;caf\u00e9.<\/p>\n","protected":false},"author":1,"featured_media":13959,"comment_status":"closed","ping_status":"closed","sticky":false,"template":"","format":"standard","meta":{"wp_typography_post_enhancements_disabled":false,"footnotes":""},"categories":[414],"tags":[807,421],"class_list":["post-17225","post","type-post","status-publish","format-standard","has-post-thumbnail","hentry","category-economie","tag-cuba-fr","tag-vieux"],"yoast_head":"<!-- This site is optimized with the Yoast SEO Premium plugin v27.4 (Yoast SEO v27.4) - https:\/\/yoast.com\/product\/yoast-seo-premium-wordpress\/ -->\n<title>Cuba en manque de lait maternis\u00e9 et de caf\u00e9<\/title>\n<meta name=\"description\" content=\"Cuba a des difficult\u00e9s \u00e0 importer du lait et manque de lait en poudre. La population a \u00e9galement du mal \u00e0 trouver du caf\u00e9.\" \/>\n<meta name=\"robots\" content=\"index, follow, max-snippet:-1, max-image-preview:large, max-video-preview:-1\" \/>\n<link rel=\"canonical\" href=\"https:\/\/www.newsendip.com\/fr\/cuba-en-manque-de-lait-maternise-et-de-cafe\/\" \/>\n<meta property=\"og:locale\" content=\"fr_FR\" \/>\n<meta property=\"og:type\" content=\"article\" \/>\n<meta property=\"og:title\" content=\"Cuba en manque de lait maternis\u00e9 et de caf\u00e9\" \/>\n<meta property=\"og:description\" content=\"Cuba a des difficult\u00e9s \u00e0 importer du lait et manque de lait en poudre. La population a \u00e9galement du mal \u00e0 trouver du caf\u00e9.\" \/>\n<meta property=\"og:url\" content=\"https:\/\/www.newsendip.com\/fr\/cuba-en-manque-de-lait-maternise-et-de-cafe\/\" \/>\n<meta property=\"og:site_name\" content=\"Newsendip\" \/>\n<meta property=\"article:publisher\" content=\"https:\/\/www.facebook.com\/newsendip\" \/>\n<meta property=\"article:published_time\" content=\"2022-01-24T14:34:19+00:00\" \/>\n<meta property=\"article:modified_time\" content=\"2024-07-16T21:38:04+00:00\" \/>\n<meta property=\"og:image\" content=\"https:\/\/www.newsendip.com\/wp-content\/uploads\/2022\/01\/cuba-milk-powder-shortage-progressive.jpeg\" \/>\n\t<meta property=\"og:image:width\" content=\"1920\" \/>\n\t<meta property=\"og:image:height\" content=\"1250\" \/>\n\t<meta property=\"og:image:type\" content=\"image\/jpeg\" \/>\n<meta name=\"author\" content=\"Cl\u00e9ment V\u00e9rit\u00e9\" \/>\n<meta name=\"twitter:card\" content=\"summary_large_image\" \/>\n<meta name=\"twitter:image\" content=\"https:\/\/www.newsendip.com\/wp-content\/uploads\/2022\/01\/cuba-milk-powder-shortage-progressive.jpeg\" \/>\n<meta name=\"twitter:creator\" content=\"@https:\/\/twitter.com\/cverite\" \/>\n<meta name=\"twitter:site\" content=\"@newsendip\" \/>\n<meta name=\"twitter:label1\" content=\"\u00c9crit par\" \/>\n\t<meta name=\"twitter:data1\" content=\"Cl\u00e9ment V\u00e9rit\u00e9\" \/>\n\t<meta name=\"twitter:label2\" content=\"Dur\u00e9e de lecture estim\u00e9e\" \/>\n\t<meta name=\"twitter:data2\" content=\"3 minutes\" \/>\n<!-- \/ Yoast SEO Premium plugin. -->","yoast_head_json":{"title":"Cuba en manque de lait maternis\u00e9 et de caf\u00e9","description":"Cuba a des difficult\u00e9s \u00e0 importer du lait et manque de lait en poudre. La population a \u00e9galement du mal \u00e0 trouver du caf\u00e9.","robots":{"index":"index","follow":"follow","max-snippet":"max-snippet:-1","max-image-preview":"max-image-preview:large","max-video-preview":"max-video-preview:-1"},"canonical":"https:\/\/www.newsendip.com\/fr\/cuba-en-manque-de-lait-maternise-et-de-cafe\/","og_locale":"fr_FR","og_type":"article","og_title":"Cuba en manque de lait maternis\u00e9 et de caf\u00e9","og_description":"Cuba a des difficult\u00e9s \u00e0 importer du lait et manque de lait en poudre. La population a \u00e9galement du mal \u00e0 trouver du caf\u00e9.","og_url":"https:\/\/www.newsendip.com\/fr\/cuba-en-manque-de-lait-maternise-et-de-cafe\/","og_site_name":"Newsendip","article_publisher":"https:\/\/www.facebook.com\/newsendip","article_published_time":"2022-01-24T14:34:19+00:00","article_modified_time":"2024-07-16T21:38:04+00:00","og_image":[{"width":1920,"height":1250,"url":"https:\/\/www.newsendip.com\/wp-content\/uploads\/2022\/01\/cuba-milk-powder-shortage-progressive.jpeg","type":"image\/jpeg"}],"author":"Cl\u00e9ment V\u00e9rit\u00e9","twitter_card":"summary_large_image","twitter_image":"https:\/\/www.newsendip.com\/wp-content\/uploads\/2022\/01\/cuba-milk-powder-shortage-progressive.jpeg","twitter_creator":"@https:\/\/twitter.com\/cverite","twitter_site":"@newsendip","twitter_misc":{"\u00c9crit par":"Cl\u00e9ment V\u00e9rit\u00e9","Dur\u00e9e de lecture estim\u00e9e":"3 minutes"},"schema":{"@context":"https:\/\/schema.org","@graph":[{"@type":"NewsArticle","@id":"https:\/\/www.newsendip.com\/fr\/cuba-en-manque-de-lait-maternise-et-de-cafe\/#article","isPartOf":{"@id":"https:\/\/www.newsendip.com\/fr\/cuba-en-manque-de-lait-maternise-et-de-cafe\/"},"author":{"name":"Cl\u00e9ment V\u00e9rit\u00e9","@id":"https:\/\/www.newsendip.com\/fr\/#\/schema\/person\/ea22c01755f464a3cbc2c619584d6363"},"headline":"Cuba en manque de lait maternis\u00e9 et de&nbsp;caf\u00e9","datePublished":"2022-01-24T14:34:19+00:00","dateModified":"2024-07-16T21:38:04+00:00","mainEntityOfPage":{"@id":"https:\/\/www.newsendip.com\/fr\/cuba-en-manque-de-lait-maternise-et-de-cafe\/"},"wordCount":595,"publisher":{"@id":"https:\/\/www.newsendip.com\/fr\/#organization"},"image":{"@id":"https:\/\/www.newsendip.com\/fr\/cuba-en-manque-de-lait-maternise-et-de-cafe\/#primaryimage"},"thumbnailUrl":"https:\/\/www.newsendip.com\/wp-content\/uploads\/2022\/01\/cuba-milk-powder-shortage.webp","keywords":["Cuba","Vieux"],"articleSection":["\u00c9conomie"],"inLanguage":"fr-FR","copyrightYear":"2022","copyrightHolder":{"@id":"https:\/\/www.newsendip.com\/#organization"}},{"@type":"WebPage","@id":"https:\/\/www.newsendip.com\/fr\/cuba-en-manque-de-lait-maternise-et-de-cafe\/","url":"https:\/\/www.newsendip.com\/fr\/cuba-en-manque-de-lait-maternise-et-de-cafe\/","name":"Cuba en manque de lait maternis\u00e9 et de caf\u00e9","isPartOf":{"@id":"https:\/\/www.newsendip.com\/fr\/#website"},"primaryImageOfPage":{"@id":"https:\/\/www.newsendip.com\/fr\/cuba-en-manque-de-lait-maternise-et-de-cafe\/#primaryimage"},"image":{"@id":"https:\/\/www.newsendip.com\/fr\/cuba-en-manque-de-lait-maternise-et-de-cafe\/#primaryimage"},"thumbnailUrl":"https:\/\/www.newsendip.com\/wp-content\/uploads\/2022\/01\/cuba-milk-powder-shortage.webp","datePublished":"2022-01-24T14:34:19+00:00","dateModified":"2024-07-16T21:38:04+00:00","description":"Cuba a des difficult\u00e9s \u00e0 importer du lait et manque de lait en poudre. La population a \u00e9galement du mal \u00e0 trouver du caf\u00e9.","breadcrumb":{"@id":"https:\/\/www.newsendip.com\/fr\/cuba-en-manque-de-lait-maternise-et-de-cafe\/#breadcrumb"},"inLanguage":"fr-FR","potentialAction":[{"@type":"ReadAction","target":["https:\/\/www.newsendip.com\/fr\/cuba-en-manque-de-lait-maternise-et-de-cafe\/"]}]},{"@type":"ImageObject","inLanguage":"fr-FR","@id":"https:\/\/www.newsendip.com\/fr\/cuba-en-manque-de-lait-maternise-et-de-cafe\/#primaryimage","url":"https:\/\/www.newsendip.com\/wp-content\/uploads\/2022\/01\/cuba-milk-powder-shortage.webp","contentUrl":"https:\/\/www.newsendip.com\/wp-content\/uploads\/2022\/01\/cuba-milk-powder-shortage.webp","width":1920,"height":1250,"caption":"Cuba fait face \u00e0 une p\u00e9nurie de lait en poudre car il \u00e9prouve des difficult\u00e9s \u00e0 importer du lait. | \u00a9 Kelly Sikkema"},{"@type":"BreadcrumbList","@id":"https:\/\/www.newsendip.com\/fr\/cuba-en-manque-de-lait-maternise-et-de-cafe\/#breadcrumb","itemListElement":[{"@type":"ListItem","position":1,"name":"Accueil","item":"https:\/\/www.newsendip.com\/fr\/"},{"@type":"ListItem","position":2,"name":"Cuba en manque de lait maternis\u00e9 et de caf\u00e9"}]},{"@type":"WebSite","@id":"https:\/\/www.newsendip.com\/fr\/#website","url":"https:\/\/www.newsendip.com\/fr\/","name":"Newsendip","description":"Red\u00e9couvrez l&#039;actualit\u00e9 internationale","publisher":{"@id":"https:\/\/www.newsendip.com\/fr\/#organization"},"potentialAction":[{"@type":"SearchAction","target":{"@type":"EntryPoint","urlTemplate":"https:\/\/www.newsendip.com\/fr\/?s={search_term_string}"},"query-input":{"@type":"PropertyValueSpecification","valueRequired":true,"valueName":"search_term_string"}}],"inLanguage":"fr-FR"},{"@type":"Organization","@id":"https:\/\/www.newsendip.com\/fr\/#organization","name":"Newsendip","url":"https:\/\/www.newsendip.com\/fr\/","logo":{"@type":"ImageObject","inLanguage":"fr-FR","@id":"https:\/\/www.newsendip.com\/fr\/#\/schema\/logo\/image\/","url":"https:\/\/www.newsendip.com\/wp-content\/uploads\/2023\/12\/512x512.svg","contentUrl":"https:\/\/www.newsendip.com\/wp-content\/uploads\/2023\/12\/512x512.svg","width":1,"height":1,"caption":"Newsendip"},"image":{"@id":"https:\/\/www.newsendip.com\/fr\/#\/schema\/logo\/image\/"},"sameAs":["https:\/\/www.facebook.com\/newsendip","https:\/\/x.com\/newsendip","https:\/\/mastodon.social\/@newsendip","https:\/\/www.linkedin.com\/company\/newsendip"],"description":"Newsendip est un site qui a pour mission de rendre l'actualit\u00e9 internationale accessible et diversifi\u00e9e","email":"contact@newsendip.com","legalName":"Newsendip SAS","foundingDate":"2022-11-04","vatID":"FR60921124723","numberOfEmployees":{"@type":"QuantitativeValue","minValue":"1","maxValue":"10"},"publishingPrinciples":"https:\/\/www.newsendip.com\/about-us\/","ownershipFundingInfo":"https:\/\/www.newsendip.com\/legal-notice\/","actionableFeedbackPolicy":"https:\/\/www.newsendip.com\/about-us\/","correctionsPolicy":"https:\/\/www.newsendip.com\/about-us\/","ethicsPolicy":"https:\/\/www.newsendip.com\/about-us\/","diversityPolicy":"https:\/\/www.newsendip.com\/about-us\/"},{"@type":"Person","@id":"https:\/\/www.newsendip.com\/fr\/#\/schema\/person\/ea22c01755f464a3cbc2c619584d6363","name":"Cl\u00e9ment V\u00e9rit\u00e9","description":"Cl\u00e9ment is the executive editor and founder of Newsendip. He started in the media industry as a freelance reporter at 16 for a local French newspaper after school and has never left it. He later worked for seven years at The New York Times, notably as a data analyst. He holds a Master of Management in France and a Master of Arts in the United Kingdom in International Marketing &amp; Communications Strategy. He has lived in France, the United Kingdom, and Italy.","sameAs":["https:\/\/www.newsendip.com\/","https:\/\/www.linkedin.com\/in\/clementverite\/","https:\/\/x.com\/https:\/\/twitter.com\/cverite"],"knowsAbout":["News","International","Business","Media monitoring"],"knowsLanguage":["English","French","Italian","Spanish"],"url":"https:\/\/www.newsendip.com\/fr\/author\/clement-verite\/"}]}},"_links":{"self":[{"href":"https:\/\/www.newsendip.com\/fr\/wp-json\/wp\/v2\/posts\/17225","targetHints":{"allow":["GET"]}}],"collection":[{"href":"https:\/\/www.newsendip.com\/fr\/wp-json\/wp\/v2\/posts"}],"about":[{"href":"https:\/\/www.newsendip.com\/fr\/wp-json\/wp\/v2\/types\/post"}],"author":[{"embeddable":true,"href":"https:\/\/www.newsendip.com\/fr\/wp-json\/wp\/v2\/users\/1"}],"replies":[{"embeddable":true,"href":"https:\/\/www.newsendip.com\/fr\/wp-json\/wp\/v2\/comments?post=17225"}],"version-history":[{"count":0,"href":"https:\/\/www.newsendip.com\/fr\/wp-json\/wp\/v2\/posts\/17225\/revisions"}],"wp:featuredmedia":[{"embeddable":true,"href":"https:\/\/www.newsendip.com\/fr\/wp-json\/wp\/v2\/media\/13959"}],"wp:attachment":[{"href":"https:\/\/www.newsendip.com\/fr\/wp-json\/wp\/v2\/media?parent=17225"}],"wp:term":[{"taxonomy":"category","embeddable":true,"href":"https:\/\/www.newsendip.com\/fr\/wp-json\/wp\/v2\/categories?post=17225"},{"taxonomy":"post_tag","embeddable":true,"href":"https:\/\/www.newsendip.com\/fr\/wp-json\/wp\/v2\/tags?post=17225"}],"curies":[{"name":"wp","href":"https:\/\/api.w.org\/{rel}","templated":true}]}}