{"id":17311,"date":"2022-05-23T16:36:25","date_gmt":"2022-05-23T14:36:25","guid":{"rendered":"https:\/\/www.newsendip.com\/?p=17311"},"modified":"2022-11-05T13:00:43","modified_gmt":"2022-11-05T12:00:43","slug":"en-allemagne-un-billet-a-9-euros-par-mois-pour-les-transports-en-commun-pendant-lete","status":"publish","type":"post","link":"https:\/\/www.newsendip.com\/fr\/en-allemagne-un-billet-a-9-euros-par-mois-pour-les-transports-en-commun-pendant-lete\/","title":{"rendered":"En Allemagne, un billet \u00e0 9 euros par mois pour les transports en commun pendant l\u2019\u00e9t\u00e9"},"content":{"rendered":"<p><strong>Les transports en commun locaux en Allemagne ne co\u00fbteront que neuf euros par mois en juin, juillet et&nbsp;ao\u00fbt.<\/strong><\/p>\n<figure id=\"attachment_17331\" aria-describedby=\"caption-attachment-17331\" style=\"width: 769px\" class=\"wp-caption aligncenter\"><img decoding=\"async\" class=\"size-full wp-image-17331\" src=\"https:\/\/www.newsendip.com\/wp-content\/uploads\/2022\/05\/public-transport-berlin-germany.webp\" alt=\"Transport en commun \u00e0 Berlin en Allemagne\" width=\"769\" height=\"433\" srcset=\"https:\/\/www.newsendip.com\/wp-content\/uploads\/2022\/05\/public-transport-berlin-germany.webp 769w, https:\/\/www.newsendip.com\/wp-content\/uploads\/2022\/05\/public-transport-berlin-germany-60x34.webp 60w, https:\/\/www.newsendip.com\/wp-content\/uploads\/2022\/05\/public-transport-berlin-germany-300x169.webp 300w\" sizes=\"(max-width: 769px) 100vw, 769px\"><figcaption id=\"caption-attachment-17331\" class=\"wp-caption-text\">Pour la mise en place du billet \u00e0 9 euros, le S\u00e9nat de Berlin a ordonn\u00e9 d\u2019augmenter l\u2019offre de services dans le ville pour r\u00e9pondre \u00e0 l\u2019augmentation de voyageurs pour les mois de juin, juillet et ao\u00fbt | \u00a9&nbsp;BVG<\/figcaption><\/figure>\n<p>\u00c0 travers l\u2019Allemagne, les personnes pourront utiliser les transports en commun locaux et r\u00e9gionaux tels que le bus, le m\u00e9tro, le tram, les ferries et les trains de banlieue avec un nombre illimit\u00e9 de trajets pendant les mois de juin, juillet et ao\u00fbt pour 9 euros par&nbsp;mois.<\/p>\n<p>Les Allemands qui ont d\u00e9j\u00e0 un abonnement \u00e0 des transports publics verront leurs prix r\u00e9duits \u00e0 9 euros par mois \u00e9galement. Les billets de train longue distance ou les trajets de soci\u00e9t\u00e9s priv\u00e9es comme FlixTrain ou FlixBus sont exclus du programme.<\/p>\n<p>Les soci\u00e9t\u00e9s de transport ont commenc\u00e9 \u00e0 mettre en vente les billets, qui seront valables \u00e0 partir du 1er&nbsp;juin.<\/p>\n<p>Et lundi matin, la Deutsche Bahn, la compagnie ferroviaire nationale d\u2019Allemagne avaient d\u00e9j\u00e0 vendu 50 000 billets en ligne a indiqu\u00e9 une porte-parole. Vendredi, Berliner Verkehrsbetriebe, la soci\u00e9t\u00e9 qui g\u00e8re les r\u00e9seaux publics de m\u00e9tro, de tramway, de bus et de ferry de Berlin, a vendu 35 000 billets en seulement 12 heures.<\/p>\n<p>Au total, environ 30 millions d\u2019utilisateurs du ticket \u00e0 neuf euros par mois sont attendus.<!--more--><\/p>\n<p>La <a href=\"https:\/\/www.bundestag.de\/dokumente\/textarchiv\/2022\/kw19-de-regionalisierungsgesetz-891876\">mesure a \u00e9t\u00e9 adopt\u00e9e par le Bundestag<\/a> le 19 mai en tant que \u00ab\u202f<em>soutien financier direct aux citoyens en raison de la <a href=\"https:\/\/www.newsendip.com\/fr\/allemagne-active-le-premier-niveau-dun-plan-durgence-pour-le-gaz-ce-que-cela-signifie\/\">forte hausse des co\u00fbts de l\u2019\u00e9lectricit\u00e9, de l\u2019alimentation, du chauffage et des transports<\/a>\u202f\u00bb<\/em>. Faisant partie du deuxi\u00e8me train de mesures d\u2019aide, elle est \u00e9galement consid\u00e9r\u00e9e par le gouvernement f\u00e9d\u00e9ral comme une incitation \u00e0 <a href=\"https:\/\/www.newsendip.com\/fr\/data-les-emissions-de-gaz-a-effet-de-serre-de-lue-sont-inferieures-aux-niveaux-davant-la-pandemie-mais-pas-q4\/\">utiliser les transports en commun et \u00e0 \u00e9conomiser du carburant<\/a>.<\/p>\n<p>Les <em>L\u00e4nder<\/em> recevront 3,7 milliards d\u2019euros du gouvernement f\u00e9d\u00e9ral pour le financement des transports publics locaux dans le cadre de la loi sur la r\u00e9gionalisation, dont 2,5 milliards d\u2019euros sont pr\u00e9vus pour la mise en \u0153uvre du ticket \u00e0 neuf euros de juin \u00e0 ao\u00fbt de cette ann\u00e9e. Chaque region sera responsable de sa mise en&nbsp;\u0153uvre.<\/p>\n<p>Un autre 1,2 milliard d\u2019euros est aussi transf\u00e9r\u00e9 pour aider \u00e0 compenser les pertes financi\u00e8res caus\u00e9es par la pand\u00e9mie de COVID-19, les transports publics ayant perdu 10 \u00e0 15% de leurs clients pendant la pand\u00e9mie. La Hamburger Verkehrsverbund, la soci\u00e9t\u00e9 de transports publics de Hambourg a par exemple a enregistr\u00e9 707 millions de voyages pour un revenu de 686 millions d\u2019euros en 2020 alors qu\u2019elle avait plus d\u2019un milliard de passagers et un chiffre d\u2019affaires de 890 millions d\u2019euros (-23%) avant le COVID-19.<\/p>\n<p>Le Bundesrat, le Conseil f\u00e9d\u00e9ral repr\u00e9sentant les seize L\u00e4nder, a approuv\u00e9 vendredi dernier cette loi ainsi que 11 autres, dont l\u2019introduction d\u2019un bouclier tarifaire de l\u2019\u00e9nergie.<\/p>\n<p>Pour Jens Hilgenberg de BUND, une ONG allemande pour la protection de la nature et de l\u2019environnement, la mesure pourrait n\u2019\u00eatre qu\u2019un \u00ab\u202f<em>feu de paille\u202f\u00bb<\/em> si aucun investissement n\u2019est r\u00e9alis\u00e9 dans les infrastructures de transport public, avan\u00e7ant que le ticket b\u00e9n\u00e9ficierait surtout aux personnes d\u00e9j\u00e0 bien connect\u00e9es par les transports.<\/p>\n<p>Et comme le pr\u00e9vient l\u2019Association des entreprises de transport allemandes, \u00ab\u202f<em>la mise en place au dernier moment du ticket \u00e0 9 euros pose des d\u00e9fis majeurs aux transports publics locaux, notamment en ce qui concerne la capacit\u00e9 disponible\u202f\u00bb<\/em> des services. Elle conseille d\u2019avoir des horaires de voyage flexibles pendant la p\u00e9riode des vacances d\u2019\u00e9t\u00e9 alors que la plupart des trajets locaux sont effectu\u00e9s sans r\u00e9servation.<\/p>\n<p>En Autriche, un KlimaTicket, ou billet climat, a \u00e9t\u00e9 lanc\u00e9 en octobre dernier comme moyen de r\u00e9duire les \u00e9missions de carbone. Pour 1 095 euros par an, les personnes peuvent utiliser tous les services r\u00e9guliers \u2013 trains publics et priv\u00e9s, transports urbains et publics \u2013 dans toute l\u2019Autriche.<\/p>\n<p>La ministre autrichienne de l\u2019action climatique et de l\u2019\u00e9nergie, Leonore Gewessler, a d\u00e9clar\u00e9 jeudi dernier que 160 000 billets climat avaient \u00e9t\u00e9 vendus jusqu\u2019\u00e0 pr\u00e9sent, soit plus que les 120 000 pr\u00e9vus par le gouvernement. Le billet est devenu plus cher, mais environ 5 000 nouveaux clients s\u2019ajoutent chaque mois. Et cela peut cr\u00e9er de la frustration chez les voyageurs qui peuvent \u00eatre<a href=\"https:\/\/kurier.at\/chronik\/oesterreich\/klimaticket-zeigt-die-kapazitaetsprobleme-der-oebb-auf\/402016869\"> confront\u00e9s \u00e0 des transports en commun surcharg\u00e9s<\/a>.<\/p>\n<p><strong><a href=\"https:\/\/www.newsendip.com\/fr\/etiquette\/allemagne\/\">D\u00e9couvrez plus d\u2019informations sur l\u2019Allemagne<\/a><\/strong><\/p>\n","protected":false},"excerpt":{"rendered":"<p>Les transports en commun locaux en Allemagne ne co\u00fbteront que neuf euros par mois en juin, juillet et&nbsp;ao\u00fbt.<\/p>\n","protected":false},"author":1,"featured_media":17331,"comment_status":"closed","ping_status":"closed","sticky":false,"template":"","format":"standard","meta":{"wp_typography_post_enhancements_disabled":false,"footnotes":""},"categories":[3016],"tags":[478,421],"class_list":["post-17311","post","type-post","status-publish","format-standard","has-post-thumbnail","hentry","category-environnement","tag-allemagne","tag-vieux"],"yoast_head":"<!-- This site is optimized with the Yoast SEO Premium plugin v27.4 (Yoast SEO v27.4) - https:\/\/yoast.com\/product\/yoast-seo-premium-wordpress\/ -->\n<title>En Allemagne, un billet \u00e0 9 euros par mois pour les transports en commun pendant l&#039;\u00e9t\u00e9<\/title>\n<meta name=\"description\" content=\"Les transports en commun locaux en Allemagne ne co\u00fbteront que neuf euros par mois en juin, juillet et ao\u00fbt.\" \/>\n<meta name=\"robots\" content=\"index, follow, max-snippet:-1, max-image-preview:large, max-video-preview:-1\" \/>\n<link rel=\"canonical\" href=\"https:\/\/www.newsendip.com\/fr\/en-allemagne-un-billet-a-9-euros-par-mois-pour-les-transports-en-commun-pendant-lete\/\" \/>\n<meta property=\"og:locale\" content=\"fr_FR\" \/>\n<meta property=\"og:type\" content=\"article\" \/>\n<meta property=\"og:title\" content=\"En Allemagne, un billet \u00e0 9 euros par mois pour les transports en commun pendant l&#039;\u00e9t\u00e9\" \/>\n<meta property=\"og:description\" content=\"Les transports en commun locaux en Allemagne ne co\u00fbteront que neuf euros par mois en juin, juillet et ao\u00fbt.\" \/>\n<meta property=\"og:url\" content=\"https:\/\/www.newsendip.com\/fr\/en-allemagne-un-billet-a-9-euros-par-mois-pour-les-transports-en-commun-pendant-lete\/\" \/>\n<meta property=\"og:site_name\" content=\"Newsendip\" \/>\n<meta property=\"article:publisher\" content=\"https:\/\/www.facebook.com\/newsendip\" \/>\n<meta property=\"article:published_time\" content=\"2022-05-23T14:36:25+00:00\" \/>\n<meta property=\"article:modified_time\" content=\"2022-11-05T12:00:43+00:00\" \/>\n<meta property=\"og:image\" content=\"https:\/\/www.newsendip.com\/wp-content\/uploads\/2022\/05\/public-transport-berlin-germany-progressive.jpeg\" \/>\n\t<meta property=\"og:image:width\" content=\"769\" \/>\n\t<meta property=\"og:image:height\" content=\"433\" \/>\n\t<meta property=\"og:image:type\" content=\"image\/jpeg\" \/>\n<meta name=\"author\" content=\"Cl\u00e9ment V\u00e9rit\u00e9\" \/>\n<meta name=\"twitter:card\" content=\"summary_large_image\" \/>\n<meta name=\"twitter:image\" content=\"https:\/\/www.newsendip.com\/wp-content\/uploads\/2022\/05\/public-transport-berlin-germany-progressive.jpeg\" \/>\n<meta name=\"twitter:creator\" content=\"@https:\/\/twitter.com\/cverite\" \/>\n<meta name=\"twitter:site\" content=\"@newsendip\" \/>\n<meta name=\"twitter:label1\" content=\"\u00c9crit par\" \/>\n\t<meta name=\"twitter:data1\" content=\"Cl\u00e9ment V\u00e9rit\u00e9\" \/>\n\t<meta name=\"twitter:label2\" content=\"Dur\u00e9e de lecture estim\u00e9e\" \/>\n\t<meta name=\"twitter:data2\" content=\"4 minutes\" \/>\n<!-- \/ Yoast SEO Premium plugin. -->","yoast_head_json":{"title":"En Allemagne, un billet \u00e0 9 euros par mois pour les transports en commun pendant l'\u00e9t\u00e9","description":"Les transports en commun locaux en Allemagne ne co\u00fbteront que neuf euros par mois en juin, juillet et ao\u00fbt.","robots":{"index":"index","follow":"follow","max-snippet":"max-snippet:-1","max-image-preview":"max-image-preview:large","max-video-preview":"max-video-preview:-1"},"canonical":"https:\/\/www.newsendip.com\/fr\/en-allemagne-un-billet-a-9-euros-par-mois-pour-les-transports-en-commun-pendant-lete\/","og_locale":"fr_FR","og_type":"article","og_title":"En Allemagne, un billet \u00e0 9 euros par mois pour les transports en commun pendant l'\u00e9t\u00e9","og_description":"Les transports en commun locaux en Allemagne ne co\u00fbteront que neuf euros par mois en juin, juillet et ao\u00fbt.","og_url":"https:\/\/www.newsendip.com\/fr\/en-allemagne-un-billet-a-9-euros-par-mois-pour-les-transports-en-commun-pendant-lete\/","og_site_name":"Newsendip","article_publisher":"https:\/\/www.facebook.com\/newsendip","article_published_time":"2022-05-23T14:36:25+00:00","article_modified_time":"2022-11-05T12:00:43+00:00","og_image":[{"width":769,"height":433,"url":"https:\/\/www.newsendip.com\/wp-content\/uploads\/2022\/05\/public-transport-berlin-germany-progressive.jpeg","type":"image\/jpeg"}],"author":"Cl\u00e9ment V\u00e9rit\u00e9","twitter_card":"summary_large_image","twitter_image":"https:\/\/www.newsendip.com\/wp-content\/uploads\/2022\/05\/public-transport-berlin-germany-progressive.jpeg","twitter_creator":"@https:\/\/twitter.com\/cverite","twitter_site":"@newsendip","twitter_misc":{"\u00c9crit par":"Cl\u00e9ment V\u00e9rit\u00e9","Dur\u00e9e de lecture estim\u00e9e":"4 minutes"},"schema":{"@context":"https:\/\/schema.org","@graph":[{"@type":"NewsArticle","@id":"https:\/\/www.newsendip.com\/fr\/en-allemagne-un-billet-a-9-euros-par-mois-pour-les-transports-en-commun-pendant-lete\/#article","isPartOf":{"@id":"https:\/\/www.newsendip.com\/fr\/en-allemagne-un-billet-a-9-euros-par-mois-pour-les-transports-en-commun-pendant-lete\/"},"author":{"name":"Cl\u00e9ment V\u00e9rit\u00e9","@id":"https:\/\/www.newsendip.com\/fr\/#\/schema\/person\/ea22c01755f464a3cbc2c619584d6363"},"headline":"En Allemagne, un billet \u00e0 9 euros par mois pour les transports en commun pendant l\u2019\u00e9t\u00e9","datePublished":"2022-05-23T14:36:25+00:00","dateModified":"2022-11-05T12:00:43+00:00","mainEntityOfPage":{"@id":"https:\/\/www.newsendip.com\/fr\/en-allemagne-un-billet-a-9-euros-par-mois-pour-les-transports-en-commun-pendant-lete\/"},"wordCount":779,"publisher":{"@id":"https:\/\/www.newsendip.com\/fr\/#organization"},"image":{"@id":"https:\/\/www.newsendip.com\/fr\/en-allemagne-un-billet-a-9-euros-par-mois-pour-les-transports-en-commun-pendant-lete\/#primaryimage"},"thumbnailUrl":"https:\/\/www.newsendip.com\/wp-content\/uploads\/2022\/05\/public-transport-berlin-germany.webp","keywords":["Allemagne","Vieux"],"articleSection":["Environnement"],"inLanguage":"fr-FR","copyrightYear":"2022","copyrightHolder":{"@id":"https:\/\/www.newsendip.com\/#organization"}},{"@type":"WebPage","@id":"https:\/\/www.newsendip.com\/fr\/en-allemagne-un-billet-a-9-euros-par-mois-pour-les-transports-en-commun-pendant-lete\/","url":"https:\/\/www.newsendip.com\/fr\/en-allemagne-un-billet-a-9-euros-par-mois-pour-les-transports-en-commun-pendant-lete\/","name":"En Allemagne, un billet \u00e0 9 euros par mois pour les transports en commun pendant l'\u00e9t\u00e9","isPartOf":{"@id":"https:\/\/www.newsendip.com\/fr\/#website"},"primaryImageOfPage":{"@id":"https:\/\/www.newsendip.com\/fr\/en-allemagne-un-billet-a-9-euros-par-mois-pour-les-transports-en-commun-pendant-lete\/#primaryimage"},"image":{"@id":"https:\/\/www.newsendip.com\/fr\/en-allemagne-un-billet-a-9-euros-par-mois-pour-les-transports-en-commun-pendant-lete\/#primaryimage"},"thumbnailUrl":"https:\/\/www.newsendip.com\/wp-content\/uploads\/2022\/05\/public-transport-berlin-germany.webp","datePublished":"2022-05-23T14:36:25+00:00","dateModified":"2022-11-05T12:00:43+00:00","description":"Les transports en commun locaux en Allemagne ne co\u00fbteront que neuf euros par mois en juin, juillet et ao\u00fbt.","breadcrumb":{"@id":"https:\/\/www.newsendip.com\/fr\/en-allemagne-un-billet-a-9-euros-par-mois-pour-les-transports-en-commun-pendant-lete\/#breadcrumb"},"inLanguage":"fr-FR","potentialAction":[{"@type":"ReadAction","target":["https:\/\/www.newsendip.com\/fr\/en-allemagne-un-billet-a-9-euros-par-mois-pour-les-transports-en-commun-pendant-lete\/"]}]},{"@type":"ImageObject","inLanguage":"fr-FR","@id":"https:\/\/www.newsendip.com\/fr\/en-allemagne-un-billet-a-9-euros-par-mois-pour-les-transports-en-commun-pendant-lete\/#primaryimage","url":"https:\/\/www.newsendip.com\/wp-content\/uploads\/2022\/05\/public-transport-berlin-germany.webp","contentUrl":"https:\/\/www.newsendip.com\/wp-content\/uploads\/2022\/05\/public-transport-berlin-germany.webp","width":769,"height":433,"caption":"Pour la mise en place du billet \u00e0 9 euros, le S\u00e9nat de Berlin a ordonn\u00e9 d'augmenter l'offre de services dans le ville pour r\u00e9pondre \u00e0 l'augmentation de voyageurs pour les mois de juin, juillet et ao\u00fbt | \u00a9 BVG"},{"@type":"BreadcrumbList","@id":"https:\/\/www.newsendip.com\/fr\/en-allemagne-un-billet-a-9-euros-par-mois-pour-les-transports-en-commun-pendant-lete\/#breadcrumb","itemListElement":[{"@type":"ListItem","position":1,"name":"Accueil","item":"https:\/\/www.newsendip.com\/fr\/"},{"@type":"ListItem","position":2,"name":"En Allemagne, un billet \u00e0 9 euros par mois pour les transports en commun pendant l\u2019\u00e9t\u00e9"}]},{"@type":"WebSite","@id":"https:\/\/www.newsendip.com\/fr\/#website","url":"https:\/\/www.newsendip.com\/fr\/","name":"Newsendip","description":"Red\u00e9couvrez l&#039;actualit\u00e9 internationale","publisher":{"@id":"https:\/\/www.newsendip.com\/fr\/#organization"},"potentialAction":[{"@type":"SearchAction","target":{"@type":"EntryPoint","urlTemplate":"https:\/\/www.newsendip.com\/fr\/?s={search_term_string}"},"query-input":{"@type":"PropertyValueSpecification","valueRequired":true,"valueName":"search_term_string"}}],"inLanguage":"fr-FR"},{"@type":"Organization","@id":"https:\/\/www.newsendip.com\/fr\/#organization","name":"Newsendip","url":"https:\/\/www.newsendip.com\/fr\/","logo":{"@type":"ImageObject","inLanguage":"fr-FR","@id":"https:\/\/www.newsendip.com\/fr\/#\/schema\/logo\/image\/","url":"https:\/\/www.newsendip.com\/wp-content\/uploads\/2023\/12\/512x512.svg","contentUrl":"https:\/\/www.newsendip.com\/wp-content\/uploads\/2023\/12\/512x512.svg","width":1,"height":1,"caption":"Newsendip"},"image":{"@id":"https:\/\/www.newsendip.com\/fr\/#\/schema\/logo\/image\/"},"sameAs":["https:\/\/www.facebook.com\/newsendip","https:\/\/x.com\/newsendip","https:\/\/mastodon.social\/@newsendip","https:\/\/www.linkedin.com\/company\/newsendip"],"description":"Newsendip est un site qui a pour mission de rendre l'actualit\u00e9 internationale accessible et diversifi\u00e9e","email":"contact@newsendip.com","legalName":"Newsendip SAS","foundingDate":"2022-11-04","vatID":"FR60921124723","numberOfEmployees":{"@type":"QuantitativeValue","minValue":"1","maxValue":"10"},"publishingPrinciples":"https:\/\/www.newsendip.com\/about-us\/","ownershipFundingInfo":"https:\/\/www.newsendip.com\/legal-notice\/","actionableFeedbackPolicy":"https:\/\/www.newsendip.com\/about-us\/","correctionsPolicy":"https:\/\/www.newsendip.com\/about-us\/","ethicsPolicy":"https:\/\/www.newsendip.com\/about-us\/","diversityPolicy":"https:\/\/www.newsendip.com\/about-us\/"},{"@type":"Person","@id":"https:\/\/www.newsendip.com\/fr\/#\/schema\/person\/ea22c01755f464a3cbc2c619584d6363","name":"Cl\u00e9ment V\u00e9rit\u00e9","description":"Cl\u00e9ment is the executive editor and founder of Newsendip. He started in the media industry as a freelance reporter at 16 for a local French newspaper after school and has never left it. He later worked for seven years at The New York Times, notably as a data analyst. He holds a Master of Management in France and a Master of Arts in the United Kingdom in International Marketing &amp; Communications Strategy. He has lived in France, the United Kingdom, and Italy.","sameAs":["https:\/\/www.newsendip.com\/","https:\/\/www.linkedin.com\/in\/clementverite\/","https:\/\/x.com\/https:\/\/twitter.com\/cverite"],"knowsAbout":["News","International","Business","Media monitoring"],"knowsLanguage":["English","French","Italian","Spanish"],"url":"https:\/\/www.newsendip.com\/fr\/author\/clement-verite\/"}]}},"_links":{"self":[{"href":"https:\/\/www.newsendip.com\/fr\/wp-json\/wp\/v2\/posts\/17311","targetHints":{"allow":["GET"]}}],"collection":[{"href":"https:\/\/www.newsendip.com\/fr\/wp-json\/wp\/v2\/posts"}],"about":[{"href":"https:\/\/www.newsendip.com\/fr\/wp-json\/wp\/v2\/types\/post"}],"author":[{"embeddable":true,"href":"https:\/\/www.newsendip.com\/fr\/wp-json\/wp\/v2\/users\/1"}],"replies":[{"embeddable":true,"href":"https:\/\/www.newsendip.com\/fr\/wp-json\/wp\/v2\/comments?post=17311"}],"version-history":[{"count":0,"href":"https:\/\/www.newsendip.com\/fr\/wp-json\/wp\/v2\/posts\/17311\/revisions"}],"wp:featuredmedia":[{"embeddable":true,"href":"https:\/\/www.newsendip.com\/fr\/wp-json\/wp\/v2\/media\/17331"}],"wp:attachment":[{"href":"https:\/\/www.newsendip.com\/fr\/wp-json\/wp\/v2\/media?parent=17311"}],"wp:term":[{"taxonomy":"category","embeddable":true,"href":"https:\/\/www.newsendip.com\/fr\/wp-json\/wp\/v2\/categories?post=17311"},{"taxonomy":"post_tag","embeddable":true,"href":"https:\/\/www.newsendip.com\/fr\/wp-json\/wp\/v2\/tags?post=17311"}],"curies":[{"name":"wp","href":"https:\/\/api.w.org\/{rel}","templated":true}]}}