{"id":17402,"date":"2022-02-16T20:31:40","date_gmt":"2022-02-16T19:31:40","guid":{"rendered":"https:\/\/www.newsendip.com\/?p=17402"},"modified":"2022-11-07T22:58:57","modified_gmt":"2022-11-07T21:58:57","slug":"litalie-organisera-un-referendum-sur-5-lois-du-systeme-judiciaire-les-demandes-pour-le-suicide-assiste-ou-la-depenalisation-du-cannabis-rejetees","status":"publish","type":"post","link":"https:\/\/www.newsendip.com\/fr\/litalie-organisera-un-referendum-sur-5-lois-du-systeme-judiciaire-les-demandes-pour-le-suicide-assiste-ou-la-depenalisation-du-cannabis-rejetees\/","title":{"rendered":"L\u2019Italie organisera un r\u00e9f\u00e9rendum sur 5 lois du syst\u00e8me judiciaire\u202f; les demandes pour le suicide assist\u00e9 ou la d\u00e9p\u00e9nalisation du cannabis rejet\u00e9es"},"content":{"rendered":"<p><strong>L\u2019Italie organisera un r\u00e9f\u00e9rendum sur 5 lois se rapportant au syst\u00e8me judiciaire mais pas pour le suicide assist\u00e9 ni la d\u00e9p\u00e9nalisation du cannabis.<br>\n<\/strong><\/p>\n<p><img decoding=\"async\" class=\"aligncenter size-large wp-image-14070\" src=\"https:\/\/www.newsendip.com\/wp-content\/uploads\/2022\/02\/Italy-constitutional-court-1024x494.webp\" alt=\"Cour constitutionnelle d'Italie\" width=\"1024\" height=\"494\" srcset=\"https:\/\/www.newsendip.com\/wp-content\/uploads\/2022\/02\/Italy-constitutional-court-1024x494.webp 1024w, https:\/\/www.newsendip.com\/wp-content\/uploads\/2022\/02\/Italy-constitutional-court-60x29.webp 60w, https:\/\/www.newsendip.com\/wp-content\/uploads\/2022\/02\/Italy-constitutional-court-300x145.webp 300w, https:\/\/www.newsendip.com\/wp-content\/uploads\/2022\/02\/Italy-constitutional-court-768x371.webp 768w, https:\/\/www.newsendip.com\/wp-content\/uploads\/2022\/02\/Italy-constitutional-court-1536x742.webp 1536w, https:\/\/www.newsendip.com\/wp-content\/uploads\/2022\/02\/Italy-constitutional-court.webp 1920w\" sizes=\"(max-width: 1024px) 100vw, 1024px\"><\/p>\n<p>La Cour constitutionnelle italienne a \u00e9valu\u00e9 8 demandes de r\u00e9f\u00e9rendum les 15 et 16 f\u00e9vrier pour d\u00e9cider si elles \u00e9taient recevables pour une consultation de la population italienne. La Cour a annonc\u00e9 tous les r\u00e9sultats.<\/p>\n<p>Six des demandes de r\u00e9f\u00e9rendum concernaient des r\u00e9formes du syst\u00e8me judiciaire, une portait sur la <a href=\"https:\/\/www.newsendip.com\/fr\/la-thailande-retire-la-marijuana-de-la-liste-des-stupefiants-et-supprime-des-incoherences-legales-sur-le-cannabis-therapeutique\/\">d\u00e9p\u00e9nalisation<\/a> de la culture du cannabis et une autre sur l\u2019<a href=\"https:\/\/www.newsendip.com\/fr\/le-president-portugais-rejette-a-nouveau-la-loi-sur-leuthanasie-et-le-suicide-assiste\/\">euthanasie<\/a>.<\/p>\n<p>Suite \u00e0 la d\u00e9cision de la Cour constitutionnelle, les Italiens pourront se prononcer sur l\u2019abrogation de cinq lois affectant le syst\u00e8me judiciaire.<\/p>\n<p>Les p\u00e9titions pour la tenue d\u2019un r\u00e9f\u00e9rendum sur les r\u00e9formes de la justice ont recueilli plus de 4,2 millions de signatures. Elles ont notamment \u00e9t\u00e9 promues par Lega Nord, le parti populiste d\u2019extr\u00eame droite dirig\u00e9 par Matteo Salvini. Les Radicaux Italiens, un mouvement politique libertaire, les ont \u00e9galement soutenues.<\/p>\n<p>Le vote populaire devrait \u00eatre organis\u00e9 au printemps. En Italie, les r\u00e9f\u00e9rendums populaires permettent \u00e0 la population de d\u00e9cider si une loi est abrog\u00e9e. Le seuil minimum pour prendre en compte une p\u00e9tition est la signature de 500 000 \u00e9lecteurs italiens. Pour que les r\u00e9sultats d\u2019un r\u00e9f\u00e9rendum soient valid\u00e9s, la participation doit \u00eatre sup\u00e9rieure \u00e0 50\u202f% du corps \u00e9lectoral.<\/p>\n<p>Le 15 f\u00e9vrier, la Cour constitutionnelle a dans un premier temps jug\u00e9 recevables quatre des demandes de r\u00e9f\u00e9rendum, car \u00ab\u202f<em>les demandes respectives ne rel\u00e8vent d\u2019aucune des hypoth\u00e8ses pour lesquelles l\u2019ordre constitutionnel exclut le recours \u00e0 un r\u00e9f\u00e9rendum\u202f\u00bb<\/em>.<\/p>\n<h2>Abrogations potentielles par r\u00e9f\u00e9rendum de lois italiennes relatives \u00e0 la justice<\/h2>\n<p>La Cour a accept\u00e9 la demande de modification de la proc\u00e9dure d\u2019incarc\u00e9ration. Le r\u00e9f\u00e9rendum demandera si la d\u00e9tention des d\u00e9linquants doit \u00eatre supprim\u00e9e lorsque la peine potentielle est inf\u00e9rieure \u00e0 4 ans de prison. De m\u00eame, il demandera l\u2019avis des Italiens pour appliquer la d\u00e9tention provisoire&nbsp; uniquement aux suspects risquant au moins 5 ans de prison. Les potentiels r\u00e9cidivistes ne seraient pas concern\u00e9es par ce changement.<\/p>\n<p>Une question portera sur la loi Severino contre la corruption de 2012. Le r\u00e9f\u00e9rendum vise \u00e0 supprimer la suspension automatique du mandat et l\u2019in\u00e9ligibilit\u00e9 des \u00e9lus condamn\u00e9s. Si elle est abrog\u00e9e, cette d\u00e9cision sera prise par les&nbsp;juges.<!--more--><\/p>\n<p>Les Italiens d\u00e9cideront \u00e9galement si les magistrats doivent choisir entre \u00eatre procureur ou juge au d\u00e9but de leur carri\u00e8re. Une d\u00e9cision \u00e0 laquelle ils devront se tenir tout au long de leur vie professionnelle si la loi est abrog\u00e9e.<\/p>\n<p>Les magistrats du Conseil sup\u00e9rieur de la magistrature pourraient ne pas avoir besoin du soutien d\u2019autres magistrats pour \u00eatre \u00e9lus si les Italiens d\u00e9cident de r\u00e9former l\u2019organe judiciaire. Les partisans de la r\u00e9forme estiment qu\u2019elle contribuera \u00e0 supprimer un syst\u00e8me de castes avec des \u00e9lections bas\u00e9es sur de la politique interne. De plus, les magistrats pourraient \u00eatre \u00e9valu\u00e9s non seulement par leurs pairs, mais aussi par des avocats ou des professeurs de droit dans les conseils de la magistrature.<\/p>\n<p>La Cour constitutionnelle n\u2019a rejet\u00e9 qu\u2019une seule demande de r\u00e9f\u00e9rendum li\u00e9e au pouvoir judiciaire.<\/p>\n<p>Elle concernait la responsabilit\u00e9 civile des juges dans l\u2019exercice de leur fonction. Le r\u00e9f\u00e9rendum pr\u00e9voyait la possibilit\u00e9 pour les citoyens condamn\u00e9s d\u2019attaquer les juges et de les rendre personnellement responsables si une d\u00e9cision de justice s\u2019av\u00e9rait erron\u00e9e. La loi permet actuellement aux citoyens de poursuivre l\u2019\u00c9tat italien en justice pour obtenir r\u00e9paration.<\/p>\n<h2>Rejet des demandes de r\u00e9f\u00e9rendum sur l\u2019euthanasie et la d\u00e9p\u00e9nalisation du cannabis<\/h2>\n<p>La motion civile pour un r\u00e9f\u00e9rendum sur l\u2019homicide consensuel a re\u00e7u 1,2 million de signatures. Premi\u00e8re des huit d\u00e9cisions, la Cour l\u2019a jug\u00e9e irrecevable. Elle a justifi\u00e9 qu\u2019une \u00ab\u202f<em>protection minimale de la vie humaine constitutionnellement n\u00e9cessaire ne serait pas pr\u00e9serv\u00e9e, en particulier \u00e0 l\u2019\u00e9gard des personnes vuln\u00e9rables et faibles\u202f\u00bb<\/em>.<\/p>\n<p>La Cour constitutionnelle a pourtant consid\u00e9r\u00e9 en 2019 qu\u2019une personne qui participe \u00e0 un suicide assist\u00e9 n\u2019\u00e9tait \u00ab\u202f<em>pas punissable\u202f\u00bb<\/em> sous \u00ab\u202f<em>certaines conditions\u202f\u00bb<\/em>.<\/p>\n<p>Le pr\u00e9sident de la Cour Giuliano Amato a justifi\u00e9 lors de la conf\u00e9rence de presse de mercredi que le r\u00e9f\u00e9rendum sur l\u2019homicide assist\u00e9 aurait rendu l\u00e9gaux de nombreux autres cas que l\u2019<a href=\"https:\/\/www.newsendip.com\/fr\/en-colombie-les-deux-premieres-euthanasies-legales-pour-des-patients-atteints-de-maladies-non-terminales\/\">euthanasie<\/a> et le suicide assist\u00e9.<\/p>\n<p>La p\u00e9tition pour autoriser l\u2019<a href=\"https:\/\/www.newsendip.com\/fr\/les-deputes-marocains-votent-pour-la-legalisation-du-cannabis-therapeutique-et-industriel\/\">usage personnel du cannabis<\/a> a re\u00e7u 600 000 signatures. Elle a recueilli 500 000 signatures num\u00e9riques en une semaine depuis un amendement soulev\u00e9 par le d\u00e9put\u00e9 Riccardo Magi du parti Plus d\u2019Europe.<\/p>\n<p>La question portait sur la suppression du mot \u00ab\u202f<em>cultiver\u202f\u00bb<\/em> de la marijuana pour sa consommation personnelle, ce qui ne serait plus un crime. Le r\u00e9f\u00e9rendum aurait \u00e9galement propos\u00e9 de supprimer les suspensions de permis de conduire pour le transport de stup\u00e9fiants pour usage personnel.<\/p>\n<p>Ce fut cependant rejet\u00e9 par la Cour constitutionnelle parce que la mani\u00e8re dont la question \u00e9tait formul\u00e9e aurait \u00e9galement inclus la culture du pavot et de la coca, ce qui aurait \u00e9t\u00e9 contraire aux lois internationales, a justifi\u00e9 le pr\u00e9sident.<\/p>\n<p>Le rejet d\u2019une demande d\u2019abrogation d\u2019une loi par r\u00e9f\u00e9rendum n\u2019emp\u00eache pas le Parlement de modifier la l\u00e9gislation.<\/p>\n<p><a href=\"https:\/\/www.newsendip.com\/fr\/etiquette\/italie\/\"><strong>D\u00e9couvrez plus d\u2019informations sur l\u2019Italie<\/strong><\/a><\/p>\n","protected":false},"excerpt":{"rendered":"<p>L\u2019Italie organisera un r\u00e9f\u00e9rendum sur 5 lois se rapportant au syst\u00e8me judiciaire mais pas pour le suicide assist\u00e9 ni la d\u00e9p\u00e9nalisation du cannabis.<\/p>\n","protected":false},"author":1,"featured_media":14070,"comment_status":"closed","ping_status":"closed","sticky":false,"template":"","format":"standard","meta":{"wp_typography_post_enhancements_disabled":false,"footnotes":""},"categories":[409],"tags":[418,421],"class_list":["post-17402","post","type-post","status-publish","format-standard","has-post-thumbnail","hentry","category-societe","tag-italie","tag-vieux"],"yoast_head":"<!-- This site is optimized with the Yoast SEO Premium plugin v27.4 (Yoast SEO v27.4) - https:\/\/yoast.com\/product\/yoast-seo-premium-wordpress\/ -->\n<title>L&#039;Italie organisera un r\u00e9f\u00e9rendum sur 5 lois du syst\u00e8me judiciaire ; les demandes pour le suicide assist\u00e9 ou la d\u00e9p\u00e9nalisation du cannabis rejet\u00e9es<\/title>\n<meta name=\"description\" content=\"L&#039;Italie organisera un r\u00e9f\u00e9rendum sur 5 lois se rapportant au syst\u00e8me judiciaire mais pas pour le suicide assist\u00e9 ni la d\u00e9p\u00e9nalisation du cannabis.\" \/>\n<meta name=\"robots\" content=\"index, follow, max-snippet:-1, max-image-preview:large, max-video-preview:-1\" \/>\n<link rel=\"canonical\" href=\"https:\/\/www.newsendip.com\/fr\/litalie-organisera-un-referendum-sur-5-lois-du-systeme-judiciaire-les-demandes-pour-le-suicide-assiste-ou-la-depenalisation-du-cannabis-rejetees\/\" \/>\n<meta property=\"og:locale\" content=\"fr_FR\" \/>\n<meta property=\"og:type\" content=\"article\" \/>\n<meta property=\"og:title\" content=\"L&#039;Italie organisera un r\u00e9f\u00e9rendum sur 5 lois du syst\u00e8me judiciaire ; les demandes pour le suicide assist\u00e9 ou la d\u00e9p\u00e9nalisation du cannabis rejet\u00e9es\" \/>\n<meta property=\"og:description\" content=\"L&#039;Italie organisera un r\u00e9f\u00e9rendum sur 5 lois se rapportant au syst\u00e8me judiciaire mais pas pour le suicide assist\u00e9 ni la d\u00e9p\u00e9nalisation du cannabis.\" \/>\n<meta property=\"og:url\" content=\"https:\/\/www.newsendip.com\/fr\/litalie-organisera-un-referendum-sur-5-lois-du-systeme-judiciaire-les-demandes-pour-le-suicide-assiste-ou-la-depenalisation-du-cannabis-rejetees\/\" \/>\n<meta property=\"og:site_name\" content=\"Newsendip\" \/>\n<meta property=\"article:publisher\" content=\"https:\/\/www.facebook.com\/newsendip\" \/>\n<meta property=\"article:published_time\" content=\"2022-02-16T19:31:40+00:00\" \/>\n<meta property=\"article:modified_time\" content=\"2022-11-07T21:58:57+00:00\" \/>\n<meta property=\"og:image\" content=\"https:\/\/www.newsendip.com\/wp-content\/uploads\/2022\/02\/Italy-constitutional-court-progressive.jpeg\" \/>\n\t<meta property=\"og:image:width\" content=\"1920\" \/>\n\t<meta property=\"og:image:height\" content=\"927\" \/>\n\t<meta property=\"og:image:type\" content=\"image\/jpeg\" \/>\n<meta name=\"author\" content=\"Cl\u00e9ment V\u00e9rit\u00e9\" \/>\n<meta name=\"twitter:card\" content=\"summary_large_image\" \/>\n<meta name=\"twitter:image\" content=\"https:\/\/www.newsendip.com\/wp-content\/uploads\/2022\/02\/Italy-constitutional-court-progressive.jpeg\" \/>\n<meta name=\"twitter:creator\" content=\"@https:\/\/twitter.com\/cverite\" \/>\n<meta name=\"twitter:site\" content=\"@newsendip\" \/>\n<meta name=\"twitter:label1\" content=\"\u00c9crit par\" \/>\n\t<meta name=\"twitter:data1\" content=\"Cl\u00e9ment V\u00e9rit\u00e9\" \/>\n\t<meta name=\"twitter:label2\" content=\"Dur\u00e9e de lecture estim\u00e9e\" \/>\n\t<meta name=\"twitter:data2\" content=\"4 minutes\" \/>\n<!-- \/ Yoast SEO Premium plugin. -->","yoast_head_json":{"title":"L'Italie organisera un r\u00e9f\u00e9rendum sur 5 lois du syst\u00e8me judiciaire ; les demandes pour le suicide assist\u00e9 ou la d\u00e9p\u00e9nalisation du cannabis rejet\u00e9es","description":"L'Italie organisera un r\u00e9f\u00e9rendum sur 5 lois se rapportant au syst\u00e8me judiciaire mais pas pour le suicide assist\u00e9 ni la d\u00e9p\u00e9nalisation du cannabis.","robots":{"index":"index","follow":"follow","max-snippet":"max-snippet:-1","max-image-preview":"max-image-preview:large","max-video-preview":"max-video-preview:-1"},"canonical":"https:\/\/www.newsendip.com\/fr\/litalie-organisera-un-referendum-sur-5-lois-du-systeme-judiciaire-les-demandes-pour-le-suicide-assiste-ou-la-depenalisation-du-cannabis-rejetees\/","og_locale":"fr_FR","og_type":"article","og_title":"L'Italie organisera un r\u00e9f\u00e9rendum sur 5 lois du syst\u00e8me judiciaire ; les demandes pour le suicide assist\u00e9 ou la d\u00e9p\u00e9nalisation du cannabis rejet\u00e9es","og_description":"L'Italie organisera un r\u00e9f\u00e9rendum sur 5 lois se rapportant au syst\u00e8me judiciaire mais pas pour le suicide assist\u00e9 ni la d\u00e9p\u00e9nalisation du cannabis.","og_url":"https:\/\/www.newsendip.com\/fr\/litalie-organisera-un-referendum-sur-5-lois-du-systeme-judiciaire-les-demandes-pour-le-suicide-assiste-ou-la-depenalisation-du-cannabis-rejetees\/","og_site_name":"Newsendip","article_publisher":"https:\/\/www.facebook.com\/newsendip","article_published_time":"2022-02-16T19:31:40+00:00","article_modified_time":"2022-11-07T21:58:57+00:00","og_image":[{"width":1920,"height":927,"url":"https:\/\/www.newsendip.com\/wp-content\/uploads\/2022\/02\/Italy-constitutional-court-progressive.jpeg","type":"image\/jpeg"}],"author":"Cl\u00e9ment V\u00e9rit\u00e9","twitter_card":"summary_large_image","twitter_image":"https:\/\/www.newsendip.com\/wp-content\/uploads\/2022\/02\/Italy-constitutional-court-progressive.jpeg","twitter_creator":"@https:\/\/twitter.com\/cverite","twitter_site":"@newsendip","twitter_misc":{"\u00c9crit par":"Cl\u00e9ment V\u00e9rit\u00e9","Dur\u00e9e de lecture estim\u00e9e":"4 minutes"},"schema":{"@context":"https:\/\/schema.org","@graph":[{"@type":"NewsArticle","@id":"https:\/\/www.newsendip.com\/fr\/litalie-organisera-un-referendum-sur-5-lois-du-systeme-judiciaire-les-demandes-pour-le-suicide-assiste-ou-la-depenalisation-du-cannabis-rejetees\/#article","isPartOf":{"@id":"https:\/\/www.newsendip.com\/fr\/litalie-organisera-un-referendum-sur-5-lois-du-systeme-judiciaire-les-demandes-pour-le-suicide-assiste-ou-la-depenalisation-du-cannabis-rejetees\/"},"author":{"name":"Cl\u00e9ment V\u00e9rit\u00e9","@id":"https:\/\/www.newsendip.com\/fr\/#\/schema\/person\/ea22c01755f464a3cbc2c619584d6363"},"headline":"L\u2019Italie organisera un r\u00e9f\u00e9rendum sur 5 lois du syst\u00e8me judiciaire\u202f; les demandes pour le suicide assist\u00e9 ou la d\u00e9p\u00e9nalisation du cannabis rejet\u00e9es","datePublished":"2022-02-16T19:31:40+00:00","dateModified":"2022-11-07T21:58:57+00:00","mainEntityOfPage":{"@id":"https:\/\/www.newsendip.com\/fr\/litalie-organisera-un-referendum-sur-5-lois-du-systeme-judiciaire-les-demandes-pour-le-suicide-assiste-ou-la-depenalisation-du-cannabis-rejetees\/"},"wordCount":965,"publisher":{"@id":"https:\/\/www.newsendip.com\/fr\/#organization"},"image":{"@id":"https:\/\/www.newsendip.com\/fr\/litalie-organisera-un-referendum-sur-5-lois-du-systeme-judiciaire-les-demandes-pour-le-suicide-assiste-ou-la-depenalisation-du-cannabis-rejetees\/#primaryimage"},"thumbnailUrl":"https:\/\/www.newsendip.com\/wp-content\/uploads\/2022\/02\/Italy-constitutional-court.webp","keywords":["Italie","Vieux"],"articleSection":["Soci\u00e9t\u00e9"],"inLanguage":"fr-FR","copyrightYear":"2022","copyrightHolder":{"@id":"https:\/\/www.newsendip.com\/#organization"}},{"@type":"WebPage","@id":"https:\/\/www.newsendip.com\/fr\/litalie-organisera-un-referendum-sur-5-lois-du-systeme-judiciaire-les-demandes-pour-le-suicide-assiste-ou-la-depenalisation-du-cannabis-rejetees\/","url":"https:\/\/www.newsendip.com\/fr\/litalie-organisera-un-referendum-sur-5-lois-du-systeme-judiciaire-les-demandes-pour-le-suicide-assiste-ou-la-depenalisation-du-cannabis-rejetees\/","name":"L'Italie organisera un r\u00e9f\u00e9rendum sur 5 lois du syst\u00e8me judiciaire ; les demandes pour le suicide assist\u00e9 ou la d\u00e9p\u00e9nalisation du cannabis rejet\u00e9es","isPartOf":{"@id":"https:\/\/www.newsendip.com\/fr\/#website"},"primaryImageOfPage":{"@id":"https:\/\/www.newsendip.com\/fr\/litalie-organisera-un-referendum-sur-5-lois-du-systeme-judiciaire-les-demandes-pour-le-suicide-assiste-ou-la-depenalisation-du-cannabis-rejetees\/#primaryimage"},"image":{"@id":"https:\/\/www.newsendip.com\/fr\/litalie-organisera-un-referendum-sur-5-lois-du-systeme-judiciaire-les-demandes-pour-le-suicide-assiste-ou-la-depenalisation-du-cannabis-rejetees\/#primaryimage"},"thumbnailUrl":"https:\/\/www.newsendip.com\/wp-content\/uploads\/2022\/02\/Italy-constitutional-court.webp","datePublished":"2022-02-16T19:31:40+00:00","dateModified":"2022-11-07T21:58:57+00:00","description":"L'Italie organisera un r\u00e9f\u00e9rendum sur 5 lois se rapportant au syst\u00e8me judiciaire mais pas pour le suicide assist\u00e9 ni la d\u00e9p\u00e9nalisation du cannabis.","breadcrumb":{"@id":"https:\/\/www.newsendip.com\/fr\/litalie-organisera-un-referendum-sur-5-lois-du-systeme-judiciaire-les-demandes-pour-le-suicide-assiste-ou-la-depenalisation-du-cannabis-rejetees\/#breadcrumb"},"inLanguage":"fr-FR","potentialAction":[{"@type":"ReadAction","target":["https:\/\/www.newsendip.com\/fr\/litalie-organisera-un-referendum-sur-5-lois-du-systeme-judiciaire-les-demandes-pour-le-suicide-assiste-ou-la-depenalisation-du-cannabis-rejetees\/"]}]},{"@type":"ImageObject","inLanguage":"fr-FR","@id":"https:\/\/www.newsendip.com\/fr\/litalie-organisera-un-referendum-sur-5-lois-du-systeme-judiciaire-les-demandes-pour-le-suicide-assiste-ou-la-depenalisation-du-cannabis-rejetees\/#primaryimage","url":"https:\/\/www.newsendip.com\/wp-content\/uploads\/2022\/02\/Italy-constitutional-court.webp","contentUrl":"https:\/\/www.newsendip.com\/wp-content\/uploads\/2022\/02\/Italy-constitutional-court.webp","width":1920,"height":927,"caption":"Cour constitutionnelle d'Italie"},{"@type":"BreadcrumbList","@id":"https:\/\/www.newsendip.com\/fr\/litalie-organisera-un-referendum-sur-5-lois-du-systeme-judiciaire-les-demandes-pour-le-suicide-assiste-ou-la-depenalisation-du-cannabis-rejetees\/#breadcrumb","itemListElement":[{"@type":"ListItem","position":1,"name":"Accueil","item":"https:\/\/www.newsendip.com\/fr\/"},{"@type":"ListItem","position":2,"name":"L\u2019Italie organisera un r\u00e9f\u00e9rendum sur 5 lois du syst\u00e8me judiciaire ; les demandes pour le suicide assist\u00e9 ou la d\u00e9p\u00e9nalisation du cannabis rejet\u00e9es"}]},{"@type":"WebSite","@id":"https:\/\/www.newsendip.com\/fr\/#website","url":"https:\/\/www.newsendip.com\/fr\/","name":"Newsendip","description":"Red\u00e9couvrez l&#039;actualit\u00e9 internationale","publisher":{"@id":"https:\/\/www.newsendip.com\/fr\/#organization"},"potentialAction":[{"@type":"SearchAction","target":{"@type":"EntryPoint","urlTemplate":"https:\/\/www.newsendip.com\/fr\/?s={search_term_string}"},"query-input":{"@type":"PropertyValueSpecification","valueRequired":true,"valueName":"search_term_string"}}],"inLanguage":"fr-FR"},{"@type":"Organization","@id":"https:\/\/www.newsendip.com\/fr\/#organization","name":"Newsendip","url":"https:\/\/www.newsendip.com\/fr\/","logo":{"@type":"ImageObject","inLanguage":"fr-FR","@id":"https:\/\/www.newsendip.com\/fr\/#\/schema\/logo\/image\/","url":"https:\/\/www.newsendip.com\/wp-content\/uploads\/2023\/12\/512x512.svg","contentUrl":"https:\/\/www.newsendip.com\/wp-content\/uploads\/2023\/12\/512x512.svg","width":1,"height":1,"caption":"Newsendip"},"image":{"@id":"https:\/\/www.newsendip.com\/fr\/#\/schema\/logo\/image\/"},"sameAs":["https:\/\/www.facebook.com\/newsendip","https:\/\/x.com\/newsendip","https:\/\/mastodon.social\/@newsendip","https:\/\/www.linkedin.com\/company\/newsendip"],"description":"Newsendip est un site qui a pour mission de rendre l'actualit\u00e9 internationale accessible et diversifi\u00e9e","email":"contact@newsendip.com","legalName":"Newsendip SAS","foundingDate":"2022-11-04","vatID":"FR60921124723","numberOfEmployees":{"@type":"QuantitativeValue","minValue":"1","maxValue":"10"},"publishingPrinciples":"https:\/\/www.newsendip.com\/about-us\/","ownershipFundingInfo":"https:\/\/www.newsendip.com\/legal-notice\/","actionableFeedbackPolicy":"https:\/\/www.newsendip.com\/about-us\/","correctionsPolicy":"https:\/\/www.newsendip.com\/about-us\/","ethicsPolicy":"https:\/\/www.newsendip.com\/about-us\/","diversityPolicy":"https:\/\/www.newsendip.com\/about-us\/"},{"@type":"Person","@id":"https:\/\/www.newsendip.com\/fr\/#\/schema\/person\/ea22c01755f464a3cbc2c619584d6363","name":"Cl\u00e9ment V\u00e9rit\u00e9","description":"Cl\u00e9ment is the executive editor and founder of Newsendip. He started in the media industry as a freelance reporter at 16 for a local French newspaper after school and has never left it. He later worked for seven years at The New York Times, notably as a data analyst. He holds a Master of Management in France and a Master of Arts in the United Kingdom in International Marketing &amp; Communications Strategy. He has lived in France, the United Kingdom, and Italy.","sameAs":["https:\/\/www.newsendip.com\/","https:\/\/www.linkedin.com\/in\/clementverite\/","https:\/\/x.com\/https:\/\/twitter.com\/cverite"],"knowsAbout":["News","International","Business","Media monitoring"],"knowsLanguage":["English","French","Italian","Spanish"],"url":"https:\/\/www.newsendip.com\/fr\/author\/clement-verite\/"}]}},"_links":{"self":[{"href":"https:\/\/www.newsendip.com\/fr\/wp-json\/wp\/v2\/posts\/17402","targetHints":{"allow":["GET"]}}],"collection":[{"href":"https:\/\/www.newsendip.com\/fr\/wp-json\/wp\/v2\/posts"}],"about":[{"href":"https:\/\/www.newsendip.com\/fr\/wp-json\/wp\/v2\/types\/post"}],"author":[{"embeddable":true,"href":"https:\/\/www.newsendip.com\/fr\/wp-json\/wp\/v2\/users\/1"}],"replies":[{"embeddable":true,"href":"https:\/\/www.newsendip.com\/fr\/wp-json\/wp\/v2\/comments?post=17402"}],"version-history":[{"count":0,"href":"https:\/\/www.newsendip.com\/fr\/wp-json\/wp\/v2\/posts\/17402\/revisions"}],"wp:featuredmedia":[{"embeddable":true,"href":"https:\/\/www.newsendip.com\/fr\/wp-json\/wp\/v2\/media\/14070"}],"wp:attachment":[{"href":"https:\/\/www.newsendip.com\/fr\/wp-json\/wp\/v2\/media?parent=17402"}],"wp:term":[{"taxonomy":"category","embeddable":true,"href":"https:\/\/www.newsendip.com\/fr\/wp-json\/wp\/v2\/categories?post=17402"},{"taxonomy":"post_tag","embeddable":true,"href":"https:\/\/www.newsendip.com\/fr\/wp-json\/wp\/v2\/tags?post=17402"}],"curies":[{"name":"wp","href":"https:\/\/api.w.org\/{rel}","templated":true}]}}