{"id":17410,"date":"2022-05-26T02:00:00","date_gmt":"2022-05-26T00:00:00","guid":{"rendered":"https:\/\/www.newsendip.com\/?p=17410"},"modified":"2024-07-16T23:26:33","modified_gmt":"2024-07-16T21:26:33","slug":"augmentation-des-signalements-de-discrimination-pour-la-3e-annee-de-suite-aux-pays-bas","status":"publish","type":"post","link":"https:\/\/www.newsendip.com\/fr\/augmentation-des-signalements-de-discrimination-pour-la-3e-annee-de-suite-aux-pays-bas\/","title":{"rendered":"Augmentation des signalements de discrimination pour la 3e ann\u00e9e de suite aux Pays-Bas"},"content":{"rendered":"<p><strong>Les Pays-Bas ont enregistr\u00e9 plus de signalements de discrimination en 2021, en hausse pour la troisi\u00e8me ann\u00e9e cons\u00e9cutive, principalement en raison de personnes qui se sont senties discrimin\u00e9es avec les restrictions sanitaires li\u00e9es \u00e0 la pand\u00e9mie de COVID-19.<br>\n<\/strong><\/p>\n<figure id=\"attachment_17445\" aria-describedby=\"caption-attachment-17445\" style=\"width: 1024px\" class=\"wp-caption aligncenter\"><img decoding=\"async\" class=\"size-large wp-image-17445\" src=\"https:\/\/www.newsendip.com\/wp-content\/uploads\/2022\/05\/facemask-covid-street-netherlands-1024x677.webp\" alt=\"Passants portant un masque contre le COVID-19 dans la rue aux Pays-Bas\" width=\"1024\" height=\"677\" srcset=\"https:\/\/www.newsendip.com\/wp-content\/uploads\/2022\/05\/facemask-covid-street-netherlands-1024x677.webp 1024w, https:\/\/www.newsendip.com\/wp-content\/uploads\/2022\/05\/facemask-covid-street-netherlands-60x40.webp 60w, https:\/\/www.newsendip.com\/wp-content\/uploads\/2022\/05\/facemask-covid-street-netherlands-300x198.webp 300w, https:\/\/www.newsendip.com\/wp-content\/uploads\/2022\/05\/facemask-covid-street-netherlands-768x508.webp 768w, https:\/\/www.newsendip.com\/wp-content\/uploads\/2022\/05\/facemask-covid-street-netherlands-1536x1016.webp 1536w, https:\/\/www.newsendip.com\/wp-content\/uploads\/2022\/05\/facemask-covid-street-netherlands.webp 1920w\" sizes=\"(max-width: 1024px) 100vw, 1024px\"><figcaption id=\"caption-attachment-17445\" class=\"wp-caption-text\">Passants portant un masque contre le COVID-19 dans la rue aux Pays-Bas | Ewien van Bergeijk \u2013&nbsp;Kwant<\/figcaption><\/figure>\n<p>Les commissariats de police et les structures de lutte contre la discrimination aux Pays-Bas ont re\u00e7u plus de signalements de discrimination pour la troisi\u00e8me ann\u00e9e cons\u00e9cutive en 2021 selon le minist\u00e8re de l\u2019Int\u00e9rieur qui a publi\u00e9 <a href=\"https:\/\/www.rijksoverheid.nl\/ministeries\/ministerie-van-binnenlandse-zaken-en-koninkrijksrelaties\/documenten\/rapporten\/2022\/05\/24\/discriminatiecijfers-in-2021\">les statistiques pour l\u2019ann\u00e9e<\/a> le 24&nbsp;mai.<\/p>\n<p>La police a enregistr\u00e9 6 580 plaintes pour des discriminations en 2021, soit une augmentation de 7% par rapport \u00e0 2020, et les structures de lutte contre la discrimination ont re\u00e7u 6 922 plaintes, en hausse de 26% sur un&nbsp;an.<\/p>\n<p>Le m\u00e9diateur national et l\u2019Institut des droits de l\u2019homme ont \u00e9galement re\u00e7u davantage de plaintes et de demandes de renseignement. Les 4 098 signalements \u00e9mis en 2020 pour une chanson satirique, <em>Voorkomen is beter dan Chinezen<\/em> (La pr\u00e9vention est meilleure que les Chinois) diffus\u00e9e sur Radio 10, l\u2019une des stations de radio historiques des Pays-Bas, ont \u00e9t\u00e9 retir\u00e9s des comparaisons.<\/p>\n<p>Les raisons de cette augmentation s\u2019expliquent principalement par <em>\u00ab\u202fles personnes qui se sont senties exclues\u202f\u00bb<\/em> par les restrictions li\u00e9es \u00e0 la pand\u00e9mie de COVID-19, selon le minist\u00e8re. L\u2019obligation de porter un masque et le passe sanitaire pour les lieux publics ont notamment fait l\u2019objet de nombreuses plaintes. Les personnes ne se conformaient pas aux r\u00e8gles par conviction, et dans de moindres proportions pour des raisons m\u00e9dicales.<!--more--><\/p>\n<p>\u00c0 partir de septembre 2021, les personnes devaient \u00eatre vaccin\u00e9es, avoir un test n\u00e9gatif ou un certificat de r\u00e9tablissement pour obtenir le passe, ce qui a entra\u00een\u00e9 une augmentation des plaintes. Les restrictions sanitaires mises en \u0153uvre par les autorit\u00e9s ont parfois entra\u00een\u00e9 de violentes manifestations et des \u00e9meutes aux Pays-Bas. En octobre, la justice n\u00e9erlandaise a jug\u00e9 que le \u00ab\u202f<em>corona pass\u202f\u00bb<\/em> ne violait pas les lois anti-discrimination.<\/p>\n<p>\u00ab\u202f<em>Un nombre important et h\u00e9t\u00e9roclite de N\u00e9erlandais ont fait l\u2019exp\u00e9rience d\u2019\u00eatre exclu ou trait\u00e9 de mani\u00e8re in\u00e9gale parce qu\u2019ils ne veulent pas ou ne peuvent pas se conformer aux mesures COVID. De nombreuses personnes ont signal\u00e9 aux services de lutte contre la discrimination qu\u2019elles \u00e9taient en col\u00e8re et bless\u00e9es par cette situation\u202f\u00bb<\/em>, a d\u00e9clar\u00e9 Stefano Frans, pr\u00e9sident du site web Discriminatie.nl sur lequel les personnes peuvent signaler une discrimination et recevoir des conseils.<\/p>\n<p>En cons\u00e9quence, les personnes qui se sont senties discrimin\u00e9es en 2021 l\u2019ont \u00e9t\u00e9 principalement dans des lieux publics (28%), comme les h\u00f4pitaux ou les b\u00e2timents administratifs. Le lieu de travail est le deuxi\u00e8me endroit o\u00f9 des faits per\u00e7us comme discriminant ont \u00e9t\u00e9 le plus signal\u00e9s en 2021, alors qu\u2019il \u00e9tait le premier les ann\u00e9es pr\u00e9c\u00e9dentes.<\/p>\n<p>De mani\u00e8re g\u00e9n\u00e9rale, les signalements de discrimination \u00e0 cause de l\u2019origine de la personnes sont les plus nombreux, que ce soit dans les structures de lutte contre la discrimination (34%) ou dans les commissariats de police (42%). Mais le nombre de signalements a diminu\u00e9 par rapport au moment du mouvement Black Lives Matter en 2020 et des mois qui suiv\u00e8rent.<\/p>\n<p>En septembre dernier, la justice n\u00e9erlandaise a consid\u00e9r\u00e9 que l<a href=\"https:\/\/www.newsendip.com\/fr\/lappartenance-ethnique-consideree-comme-un-motif-acceptable-de-controle-de-limmigration-aux-pays-bas\/\">\u2019utilisation par la police de l\u2019ethnicit\u00e9 comme motif de contr\u00f4le d\u2019immigration n\u2019\u00e9tait pas discriminatoire<\/a>.<\/p>\n<p>Dans les commissariats, la deuxi\u00e8me raison des rapports de discrimination concerne l\u2019<a href=\"https:\/\/www.newsendip.com\/fr\/lambassadeur-britannique-convoque-par-lindonesie-a-cause-dun-drapeau-lgbt\/\">orientation sexuelle d\u2019une personne<\/a> (32%). <a href=\"https:\/\/www.newsendip.com\/fr\/les-incidents-antisemites-en-2021-aux-etats-unis-au-plus-haut-depuis-quune-ong-a-commence-a-les-decompter-en-1979\/\">Les cas d\u2019antis\u00e9mitisme<\/a> ont \u00e9galement augment\u00e9, mais ils restent inf\u00e9rieurs \u00e0 ceux enregistr\u00e9s deux ans auparavant. Pr\u00e8s d\u2019un signalement sur trois contenait des motifs non interdits par la loi, ce qui incluait un grand nombre de plaintes concernant les r\u00e8gles li\u00e9es au COVID-19.<\/p>\n<p>Les \u00e9v\u00e9nements signal\u00e9s \u00e0 la police comme discriminant consistaient en des d\u00e9clarations comme des insultes dans 62% des cas. La violence associ\u00e9e \u00e0 des d\u00e9clarations repr\u00e9sentait 11% des signalements, et les menaces un autre&nbsp;11%.<\/p>\n<p><strong><a href=\"https:\/\/www.newsendip.com\/fr\/etiquette\/pays-bas\/\">D\u00e9couvrez plus d\u2019informations sur les Pays-Bas<\/a><\/strong><\/p>\n","protected":false},"excerpt":{"rendered":"<p>Les Pays-Bas ont enregistr\u00e9 plus de signalements de discrimination en 2021, en hausse pour la troisi\u00e8me ann\u00e9e cons\u00e9cutive.<\/p>\n","protected":false},"author":1,"featured_media":17445,"comment_status":"closed","ping_status":"closed","sticky":false,"template":"","format":"standard","meta":{"wp_typography_post_enhancements_disabled":false,"footnotes":""},"categories":[409],"tags":[434,421],"class_list":["post-17410","post","type-post","status-publish","format-standard","has-post-thumbnail","hentry","category-societe","tag-pays-bas","tag-vieux"],"yoast_head":"<!-- This site is optimized with the Yoast SEO Premium plugin v27.4 (Yoast SEO v27.4) - https:\/\/yoast.com\/product\/yoast-seo-premium-wordpress\/ -->\n<title>Augmentation des signalements de discrimination pour la 3e ann\u00e9e de suite aux Pays-Bas<\/title>\n<meta name=\"description\" content=\"Les Pays-Bas ont enregistr\u00e9 plus de signalements de discrimination en 2021, en hausse pour la troisi\u00e8me ann\u00e9e cons\u00e9cutive.\" \/>\n<meta name=\"robots\" content=\"index, follow, max-snippet:-1, max-image-preview:large, max-video-preview:-1\" \/>\n<link rel=\"canonical\" href=\"https:\/\/www.newsendip.com\/fr\/augmentation-des-signalements-de-discrimination-pour-la-3e-annee-de-suite-aux-pays-bas\/\" \/>\n<meta property=\"og:locale\" content=\"fr_FR\" \/>\n<meta property=\"og:type\" content=\"article\" \/>\n<meta property=\"og:title\" content=\"Augmentation des signalements de discrimination pour la 3e ann\u00e9e de suite aux Pays-Bas\" \/>\n<meta property=\"og:description\" content=\"Les Pays-Bas ont enregistr\u00e9 plus de signalements de discrimination en 2021, en hausse pour la troisi\u00e8me ann\u00e9e cons\u00e9cutive.\" \/>\n<meta property=\"og:url\" content=\"https:\/\/www.newsendip.com\/fr\/augmentation-des-signalements-de-discrimination-pour-la-3e-annee-de-suite-aux-pays-bas\/\" \/>\n<meta property=\"og:site_name\" content=\"Newsendip\" \/>\n<meta property=\"article:publisher\" content=\"https:\/\/www.facebook.com\/newsendip\" \/>\n<meta property=\"article:published_time\" content=\"2022-05-26T00:00:00+00:00\" \/>\n<meta property=\"article:modified_time\" content=\"2024-07-16T21:26:33+00:00\" \/>\n<meta property=\"og:image\" content=\"https:\/\/www.newsendip.com\/wp-content\/uploads\/2022\/05\/facemask-covid-street-netherlands-small-progressive.jpeg\" \/>\n\t<meta property=\"og:image:width\" content=\"640\" \/>\n\t<meta property=\"og:image:height\" content=\"423\" \/>\n\t<meta property=\"og:image:type\" content=\"image\/jpeg\" \/>\n<meta name=\"author\" content=\"Cl\u00e9ment V\u00e9rit\u00e9\" \/>\n<meta name=\"twitter:card\" content=\"summary_large_image\" \/>\n<meta name=\"twitter:image\" content=\"https:\/\/www.newsendip.com\/wp-content\/uploads\/2022\/05\/facemask-covid-street-netherlands-small-progressive.jpeg\" \/>\n<meta name=\"twitter:creator\" content=\"@https:\/\/twitter.com\/cverite\" \/>\n<meta name=\"twitter:site\" content=\"@newsendip\" \/>\n<meta name=\"twitter:label1\" content=\"\u00c9crit par\" \/>\n\t<meta name=\"twitter:data1\" content=\"Cl\u00e9ment V\u00e9rit\u00e9\" \/>\n\t<meta name=\"twitter:label2\" content=\"Dur\u00e9e de lecture estim\u00e9e\" \/>\n\t<meta name=\"twitter:data2\" content=\"4 minutes\" \/>\n<!-- \/ Yoast SEO Premium plugin. -->","yoast_head_json":{"title":"Augmentation des signalements de discrimination pour la 3e ann\u00e9e de suite aux Pays-Bas","description":"Les Pays-Bas ont enregistr\u00e9 plus de signalements de discrimination en 2021, en hausse pour la troisi\u00e8me ann\u00e9e cons\u00e9cutive.","robots":{"index":"index","follow":"follow","max-snippet":"max-snippet:-1","max-image-preview":"max-image-preview:large","max-video-preview":"max-video-preview:-1"},"canonical":"https:\/\/www.newsendip.com\/fr\/augmentation-des-signalements-de-discrimination-pour-la-3e-annee-de-suite-aux-pays-bas\/","og_locale":"fr_FR","og_type":"article","og_title":"Augmentation des signalements de discrimination pour la 3e ann\u00e9e de suite aux Pays-Bas","og_description":"Les Pays-Bas ont enregistr\u00e9 plus de signalements de discrimination en 2021, en hausse pour la troisi\u00e8me ann\u00e9e cons\u00e9cutive.","og_url":"https:\/\/www.newsendip.com\/fr\/augmentation-des-signalements-de-discrimination-pour-la-3e-annee-de-suite-aux-pays-bas\/","og_site_name":"Newsendip","article_publisher":"https:\/\/www.facebook.com\/newsendip","article_published_time":"2022-05-26T00:00:00+00:00","article_modified_time":"2024-07-16T21:26:33+00:00","og_image":[{"width":640,"height":423,"url":"https:\/\/www.newsendip.com\/wp-content\/uploads\/2022\/05\/facemask-covid-street-netherlands-small-progressive.jpeg","type":"image\/jpeg"}],"author":"Cl\u00e9ment V\u00e9rit\u00e9","twitter_card":"summary_large_image","twitter_image":"https:\/\/www.newsendip.com\/wp-content\/uploads\/2022\/05\/facemask-covid-street-netherlands-small-progressive.jpeg","twitter_creator":"@https:\/\/twitter.com\/cverite","twitter_site":"@newsendip","twitter_misc":{"\u00c9crit par":"Cl\u00e9ment V\u00e9rit\u00e9","Dur\u00e9e de lecture estim\u00e9e":"4 minutes"},"schema":{"@context":"https:\/\/schema.org","@graph":[{"@type":"NewsArticle","@id":"https:\/\/www.newsendip.com\/fr\/augmentation-des-signalements-de-discrimination-pour-la-3e-annee-de-suite-aux-pays-bas\/#article","isPartOf":{"@id":"https:\/\/www.newsendip.com\/fr\/augmentation-des-signalements-de-discrimination-pour-la-3e-annee-de-suite-aux-pays-bas\/"},"author":{"name":"Cl\u00e9ment V\u00e9rit\u00e9","@id":"https:\/\/www.newsendip.com\/fr\/#\/schema\/person\/ea22c01755f464a3cbc2c619584d6363"},"headline":"Augmentation des signalements de discrimination pour la 3e ann\u00e9e de suite aux Pays-Bas","datePublished":"2022-05-26T00:00:00+00:00","dateModified":"2024-07-16T21:26:33+00:00","mainEntityOfPage":{"@id":"https:\/\/www.newsendip.com\/fr\/augmentation-des-signalements-de-discrimination-pour-la-3e-annee-de-suite-aux-pays-bas\/"},"wordCount":728,"publisher":{"@id":"https:\/\/www.newsendip.com\/fr\/#organization"},"image":{"@id":"https:\/\/www.newsendip.com\/fr\/augmentation-des-signalements-de-discrimination-pour-la-3e-annee-de-suite-aux-pays-bas\/#primaryimage"},"thumbnailUrl":"https:\/\/www.newsendip.com\/wp-content\/uploads\/2022\/05\/facemask-covid-street-netherlands.webp","keywords":["Pays-Bas","Vieux"],"articleSection":["Soci\u00e9t\u00e9"],"inLanguage":"fr-FR","copyrightYear":"2022","copyrightHolder":{"@id":"https:\/\/www.newsendip.com\/#organization"}},{"@type":"WebPage","@id":"https:\/\/www.newsendip.com\/fr\/augmentation-des-signalements-de-discrimination-pour-la-3e-annee-de-suite-aux-pays-bas\/","url":"https:\/\/www.newsendip.com\/fr\/augmentation-des-signalements-de-discrimination-pour-la-3e-annee-de-suite-aux-pays-bas\/","name":"Augmentation des signalements de discrimination pour la 3e ann\u00e9e de suite aux Pays-Bas","isPartOf":{"@id":"https:\/\/www.newsendip.com\/fr\/#website"},"primaryImageOfPage":{"@id":"https:\/\/www.newsendip.com\/fr\/augmentation-des-signalements-de-discrimination-pour-la-3e-annee-de-suite-aux-pays-bas\/#primaryimage"},"image":{"@id":"https:\/\/www.newsendip.com\/fr\/augmentation-des-signalements-de-discrimination-pour-la-3e-annee-de-suite-aux-pays-bas\/#primaryimage"},"thumbnailUrl":"https:\/\/www.newsendip.com\/wp-content\/uploads\/2022\/05\/facemask-covid-street-netherlands.webp","datePublished":"2022-05-26T00:00:00+00:00","dateModified":"2024-07-16T21:26:33+00:00","description":"Les Pays-Bas ont enregistr\u00e9 plus de signalements de discrimination en 2021, en hausse pour la troisi\u00e8me ann\u00e9e cons\u00e9cutive.","breadcrumb":{"@id":"https:\/\/www.newsendip.com\/fr\/augmentation-des-signalements-de-discrimination-pour-la-3e-annee-de-suite-aux-pays-bas\/#breadcrumb"},"inLanguage":"fr-FR","potentialAction":[{"@type":"ReadAction","target":["https:\/\/www.newsendip.com\/fr\/augmentation-des-signalements-de-discrimination-pour-la-3e-annee-de-suite-aux-pays-bas\/"]}]},{"@type":"ImageObject","inLanguage":"fr-FR","@id":"https:\/\/www.newsendip.com\/fr\/augmentation-des-signalements-de-discrimination-pour-la-3e-annee-de-suite-aux-pays-bas\/#primaryimage","url":"https:\/\/www.newsendip.com\/wp-content\/uploads\/2022\/05\/facemask-covid-street-netherlands.webp","contentUrl":"https:\/\/www.newsendip.com\/wp-content\/uploads\/2022\/05\/facemask-covid-street-netherlands.webp","width":1920,"height":1270,"caption":"Passants portant un masque contre le COVID-19 dans la rue aux Pays-Bas | Ewien van Bergeijk - Kwant"},{"@type":"BreadcrumbList","@id":"https:\/\/www.newsendip.com\/fr\/augmentation-des-signalements-de-discrimination-pour-la-3e-annee-de-suite-aux-pays-bas\/#breadcrumb","itemListElement":[{"@type":"ListItem","position":1,"name":"Accueil","item":"https:\/\/www.newsendip.com\/fr\/"},{"@type":"ListItem","position":2,"name":"Augmentation des signalements de discrimination pour la 3e ann\u00e9e de suite aux Pays-Bas"}]},{"@type":"WebSite","@id":"https:\/\/www.newsendip.com\/fr\/#website","url":"https:\/\/www.newsendip.com\/fr\/","name":"Newsendip","description":"Red\u00e9couvrez l&#039;actualit\u00e9 internationale","publisher":{"@id":"https:\/\/www.newsendip.com\/fr\/#organization"},"potentialAction":[{"@type":"SearchAction","target":{"@type":"EntryPoint","urlTemplate":"https:\/\/www.newsendip.com\/fr\/?s={search_term_string}"},"query-input":{"@type":"PropertyValueSpecification","valueRequired":true,"valueName":"search_term_string"}}],"inLanguage":"fr-FR"},{"@type":"Organization","@id":"https:\/\/www.newsendip.com\/fr\/#organization","name":"Newsendip","url":"https:\/\/www.newsendip.com\/fr\/","logo":{"@type":"ImageObject","inLanguage":"fr-FR","@id":"https:\/\/www.newsendip.com\/fr\/#\/schema\/logo\/image\/","url":"https:\/\/www.newsendip.com\/wp-content\/uploads\/2023\/12\/512x512.svg","contentUrl":"https:\/\/www.newsendip.com\/wp-content\/uploads\/2023\/12\/512x512.svg","width":1,"height":1,"caption":"Newsendip"},"image":{"@id":"https:\/\/www.newsendip.com\/fr\/#\/schema\/logo\/image\/"},"sameAs":["https:\/\/www.facebook.com\/newsendip","https:\/\/x.com\/newsendip","https:\/\/mastodon.social\/@newsendip","https:\/\/www.linkedin.com\/company\/newsendip"],"description":"Newsendip est un site qui a pour mission de rendre l'actualit\u00e9 internationale accessible et diversifi\u00e9e","email":"contact@newsendip.com","legalName":"Newsendip SAS","foundingDate":"2022-11-04","vatID":"FR60921124723","numberOfEmployees":{"@type":"QuantitativeValue","minValue":"1","maxValue":"10"},"publishingPrinciples":"https:\/\/www.newsendip.com\/about-us\/","ownershipFundingInfo":"https:\/\/www.newsendip.com\/legal-notice\/","actionableFeedbackPolicy":"https:\/\/www.newsendip.com\/about-us\/","correctionsPolicy":"https:\/\/www.newsendip.com\/about-us\/","ethicsPolicy":"https:\/\/www.newsendip.com\/about-us\/","diversityPolicy":"https:\/\/www.newsendip.com\/about-us\/"},{"@type":"Person","@id":"https:\/\/www.newsendip.com\/fr\/#\/schema\/person\/ea22c01755f464a3cbc2c619584d6363","name":"Cl\u00e9ment V\u00e9rit\u00e9","description":"Cl\u00e9ment is the executive editor and founder of Newsendip. He started in the media industry as a freelance reporter at 16 for a local French newspaper after school and has never left it. He later worked for seven years at The New York Times, notably as a data analyst. He holds a Master of Management in France and a Master of Arts in the United Kingdom in International Marketing &amp; Communications Strategy. He has lived in France, the United Kingdom, and Italy.","sameAs":["https:\/\/www.newsendip.com\/","https:\/\/www.linkedin.com\/in\/clementverite\/","https:\/\/x.com\/https:\/\/twitter.com\/cverite"],"knowsAbout":["News","International","Business","Media monitoring"],"knowsLanguage":["English","French","Italian","Spanish"],"url":"https:\/\/www.newsendip.com\/fr\/author\/clement-verite\/"}]}},"_links":{"self":[{"href":"https:\/\/www.newsendip.com\/fr\/wp-json\/wp\/v2\/posts\/17410","targetHints":{"allow":["GET"]}}],"collection":[{"href":"https:\/\/www.newsendip.com\/fr\/wp-json\/wp\/v2\/posts"}],"about":[{"href":"https:\/\/www.newsendip.com\/fr\/wp-json\/wp\/v2\/types\/post"}],"author":[{"embeddable":true,"href":"https:\/\/www.newsendip.com\/fr\/wp-json\/wp\/v2\/users\/1"}],"replies":[{"embeddable":true,"href":"https:\/\/www.newsendip.com\/fr\/wp-json\/wp\/v2\/comments?post=17410"}],"version-history":[{"count":0,"href":"https:\/\/www.newsendip.com\/fr\/wp-json\/wp\/v2\/posts\/17410\/revisions"}],"wp:featuredmedia":[{"embeddable":true,"href":"https:\/\/www.newsendip.com\/fr\/wp-json\/wp\/v2\/media\/17445"}],"wp:attachment":[{"href":"https:\/\/www.newsendip.com\/fr\/wp-json\/wp\/v2\/media?parent=17410"}],"wp:term":[{"taxonomy":"category","embeddable":true,"href":"https:\/\/www.newsendip.com\/fr\/wp-json\/wp\/v2\/categories?post=17410"},{"taxonomy":"post_tag","embeddable":true,"href":"https:\/\/www.newsendip.com\/fr\/wp-json\/wp\/v2\/tags?post=17410"}],"curies":[{"name":"wp","href":"https:\/\/api.w.org\/{rel}","templated":true}]}}