{"id":17418,"date":"2022-05-25T13:56:48","date_gmt":"2022-05-25T11:56:48","guid":{"rendered":"https:\/\/www.newsendip.com\/?p=17418"},"modified":"2024-07-16T22:16:02","modified_gmt":"2024-07-16T20:16:02","slug":"le-pdg-de-securitas-suede-profondement-attriste-par-des-employes-frequentant-des-maisons-closes","status":"publish","type":"post","link":"https:\/\/www.newsendip.com\/fr\/le-pdg-de-securitas-suede-profondement-attriste-par-des-employes-frequentant-des-maisons-closes\/","title":{"rendered":"Le DG de Securitas Su\u00e8de \u201cprofond\u00e9ment attrist\u00e9\u201d par des employ\u00e9s fr\u00e9quentant des maisons closes"},"content":{"rendered":"<p><strong>Un documentaire r\u00e9v\u00e8le que certains employ\u00e9s de Securitas Su\u00e8de ont r\u00e9guli\u00e8rement recours \u00e0 de la prostitution. Ils sont aussi impliqu\u00e9s dans une affaire de corruption pour un contrat avec la ville de&nbsp;Malm\u00f6.<\/strong><\/p>\n<p><img decoding=\"async\" class=\"aligncenter size-large wp-image-17424\" src=\"https:\/\/www.newsendip.com\/wp-content\/uploads\/2022\/05\/securitas-1024x439.webp\" alt=\"Securitas\" width=\"1024\" height=\"439\" srcset=\"https:\/\/www.newsendip.com\/wp-content\/uploads\/2022\/05\/securitas-1024x439.webp 1024w, https:\/\/www.newsendip.com\/wp-content\/uploads\/2022\/05\/securitas-60x26.webp 60w, https:\/\/www.newsendip.com\/wp-content\/uploads\/2022\/05\/securitas-300x129.webp 300w, https:\/\/www.newsendip.com\/wp-content\/uploads\/2022\/05\/securitas-768x329.webp 768w, https:\/\/www.newsendip.com\/wp-content\/uploads\/2022\/05\/securitas-1536x659.webp 1536w, https:\/\/www.newsendip.com\/wp-content\/uploads\/2022\/05\/securitas.webp 1600w\" sizes=\"(max-width: 1024px) 100vw, 1024px\"><\/p>\n<p>Le magazine d\u2019investigation <a href=\"https:\/\/www.svtplay.se\/video\/35428633\/uppdrag-granskning\/uppdrag-granskning-sasong-23-securitas-hemligheter\">Uppdrag granskning<\/a> sur la t\u00e9l\u00e9vision nationale su\u00e9doise a mis en lumi\u00e8re le comportement de certains employ\u00e9s de la soci\u00e9t\u00e9 de s\u00e9curit\u00e9 Securitas. Impliqu\u00e9s dans une affaire de corruption avec la municipalit\u00e9 de Malm\u00f6, et ils ont aussi souvent recours \u00e0 la prostitution.<\/p>\n<p>Le reportage r\u00e9v\u00e8le qu\u2019au moins quatre responsables de Securitas paient pour des services sexuels. Deux employ\u00e9s de la municipalit\u00e9 de Malm\u00f6 sont partis parce qu\u2019ils se sont rendus \u00e0 un \u00e9v\u00e9nement \u00e0 Londres pay\u00e9 par Securitas malgr\u00e9 le refus de leur responsable.<\/p>\n<p>Securitas est l\u2019une des plus grandes entreprises de s\u00e9curit\u00e9 au monde, avec 345 000 employ\u00e9s dans 46&nbsp;pays.<\/p>\n<p>Les journalistes ont enqu\u00eat\u00e9 pendant six mois sur deux employ\u00e9s, un commercial et un cadre sup\u00e9rieur, ont suivi leurs voyages d\u2019affaires, conf\u00e9rences, d\u00e9jeuners et ont intercept\u00e9 leurs conversations. L\u2019un d\u2019eux est d\u00e9crit comme \u00e9tant responsable du contrat que Securitas a avec les forces arm\u00e9es su\u00e9doises.<!--more--><\/p>\n<p>Enregistr\u00e9s par les journalistes \u00e0 leur insu, les employ\u00e9s parlent de visites r\u00e9currentes dans une maison close en Espagne, au bord de la c\u00f4te \u00e0 Malaga. L\u2019un d\u2019eux parle d\u2019une femme originaire de Roumanie \u00e0 qui il a rendu visite au moins trois fois et qu\u2019il d\u00e9crit comme \u00e9tant \u00ab\u202f<em>de classe mondiale\u202f\u00bb<\/em>.<\/p>\n<p>\u00ab\u202f<em>Ce type de comportement est totalement inacceptable et personnellement, je pense que c\u2019est triste qu\u2019en 2022, des gens et principalement des hommes puissent penser qu\u2019il est normal d\u2019acheter le corps d\u2019une autre personne. Aucune personne qui a ce comportement ne devrait travailler chez Securitas\u202f\u00bb<\/em>, a d\u00e9clar\u00e9 le directeur g\u00e9n\u00e9ral de la division Su\u00e8de, Carl Dahl\u00e9n, dans le reportage. \u00ab\u202f<em>Je suis profond\u00e9ment attrist\u00e9 et extr\u00eamement d\u00e9\u00e7u. En m\u00eame temps, il est important de distinguer que si des individus se comportent de cette mani\u00e8re, c\u2019est totalement inacceptable, mais cela ne repr\u00e9sente pas Securitas en tant qu\u2019entreprise.\u202f\u00bb<\/em><\/p>\n<p>Les deux hommes ont \u00e9t\u00e9 licenci\u00e9s par Securitas et d\u00e9nonc\u00e9s \u00e0 la police. Selon Uppdrag granskning, ces deux hommes ont \u00e9galement soudoy\u00e9 des fonctionnaires de la ville de&nbsp;Malm\u00f6.<\/p>\n<p>Ils ont organis\u00e9 un voyage \u00e0 Londres pour deux employ\u00e9s de la ville de Malm\u00f6. Dans les enregistrements audio, ils sont d\u00e9crits comme des \u00ab\u202f<em>preneurs de pots-de-vin\u202f\u00bb<\/em>. Il n\u2019est pas fait mention de prostitution ici, mais Securitas a pay\u00e9 leur s\u00e9jour \u00e0 l\u2019h\u00f4tel, leurs d\u00eeners et leurs soir\u00e9es.<\/p>\n<p>L\u2019un des hommes faisait partie du groupe qui a d\u00e9cid\u00e9 du contrat que Securitas a fini par remporter l\u2019ann\u00e9e derni\u00e8re, le second avait un r\u00f4le consultatif pour l\u2019appel d\u2019offres. Le contrat, d\u2019une valeur d\u2019environ 20 millions de couronnes su\u00e9doises (2 millions de dollars) sur quatre ans, portait sur l\u2019embauche d\u2019agents de s\u00e9curit\u00e9 municipaux autour de la place de M\u00f6llev\u00e5ngstorget.<\/p>\n<p>\u00ab\u202f<em>Nous ne pouvons pas affirmer avec certitude que l\u2019accord a \u00e9t\u00e9 conclu sans contact priv\u00e9 indu entre nos employ\u00e9s et Securitas\u202f\u00bb<\/em>, d\u00e9clare Gabriella Manieri, responsable des achats de la ville de Malm\u00f6. Selon la <a href=\"https:\/\/malmo.se\/Aktuellt\/Artiklar-Malmo-stad\/2022-05-24-Malmo-stad-forlanger-inte-avtal-med-Securitas.html\">d\u00e9claration officielle de la ville<\/a>, les deux employ\u00e9s se sont rendus \u00e0 Londres malgr\u00e9 le refus de leurs responsables, et ont dissimul\u00e9 des informations sur ce voyage.<\/p>\n<p>Selon les responsables de la municipalit\u00e9, ils ont d\u2019abord ni\u00e9, puis ont d\u00e9clar\u00e9 qu\u2019il s\u2019agissait d\u2019un voyage d\u2019affaires, mais n\u2019ont pas pr\u00e9sent\u00e9 de justificatif ni d\u00e9clar\u00e9 leurs heures de travail. Les employ\u00e9s de Securitas auraient obtenu des informations confidentielles pour faire la meilleure offre, selon Uppdrag granskning.<\/p>\n<p>Une enqu\u00eate interne a \u00e9t\u00e9 effectu\u00e9e au cours du printemps et l\u2019incident a \u00e9t\u00e9 signal\u00e9 \u00e0 la police d\u00e9but mai pour d\u00e9terminer si des d\u00e9lits ont \u00e9t\u00e9 commis. Les deux employ\u00e9s ont d\u00e9missionn\u00e9 de leur poste en admettant avoir d\u00e9rog\u00e9 aux directives internes mais ont ni\u00e9 avoir accept\u00e9 des pots-de-vin en \u00e9change d\u2019informations.<\/p>\n<p>Le contrat avec Securitas n\u2019est pas r\u00e9sili\u00e9, car il n\u2019existe pas de clause de r\u00e9siliation dans ce type de contrats, selon Malm\u00f6. La ville a toutefois d\u00e9cid\u00e9 de ne pas le renouveler lors de sa potentielle reconduction en septembre.<\/p>\n<p>Uppdrag granskning a \u00e9galement eu des informations selon lesquelles deux autres cadres sup\u00e9rieurs de Securitas fr\u00e9quentent r\u00e9guli\u00e8rement les maisons closes.<\/p>\n<p>Il y a douze ans, l\u2019ancien directeur g\u00e9n\u00e9ral de Securitas a \u00e9t\u00e9 arr\u00eat\u00e9 pour avoir achet\u00e9 les services d\u2019une prostitu\u00e9e \u00e0 Stockholm. Apr\u00e8s le scandale, l\u2019entreprise a d\u00e9clar\u00e9 qu\u2019elle mettrait fin \u00e0 la culture misogyne et sexiste qui r\u00e9gnait dans l\u2019entreprise. L\u2019ancien PDG a continu\u00e9 \u00e0 travailler pour l\u2019entreprise apr\u00e8s avoir \u00e9t\u00e9 condamn\u00e9 en 2012, avant de quitter la soci\u00e9t\u00e9.<\/p>\n<p>L\u2019achat de services sexuels est ill\u00e9gal en Su\u00e8de depuis 1999.<\/p>\n<p><strong><a href=\"https:\/\/www.newsendip.com\/fr\/etiquette\/suede\/\">D\u00e9couvrez plus d\u2019informations sur la&nbsp;Su\u00e8de<\/a><\/strong><\/p>\n","protected":false},"excerpt":{"rendered":"<p>Un documentaire r\u00e9v\u00e8le que certains employ\u00e9s de Securitas Su\u00e8de ont r\u00e9guli\u00e8rement recours \u00e0 de la prostitution. Ils sont aussi impliqu\u00e9s dans une affaire de corruption pour un contrat avec la ville de&nbsp;Malm\u00f6<\/p>\n","protected":false},"author":1,"featured_media":17424,"comment_status":"closed","ping_status":"closed","sticky":false,"template":"","format":"standard","meta":{"wp_typography_post_enhancements_disabled":false,"footnotes":""},"categories":[414],"tags":[513,421],"class_list":["post-17418","post","type-post","status-publish","format-standard","has-post-thumbnail","hentry","category-economie","tag-suede","tag-vieux"],"yoast_head":"<!-- This site is optimized with the Yoast SEO Premium plugin v27.4 (Yoast SEO v27.4) - https:\/\/yoast.com\/product\/yoast-seo-premium-wordpress\/ -->\n<title>Le DG de Securitas Su\u00e8de &#039;profond\u00e9ment attrist\u00e9&#039; par des employ\u00e9s fr\u00e9quentant des maisons closes<\/title>\n<meta name=\"description\" content=\"Un documentaire r\u00e9v\u00e8le que certains employ\u00e9s de Securitas Su\u00e8de ont r\u00e9guli\u00e8rement recours \u00e0 de la prostitution. Ils sont aussi impliqu\u00e9s dans une affaire de corruption pour un contrat avec la ville de Malm\u00f6\" \/>\n<meta name=\"robots\" content=\"index, follow, max-snippet:-1, max-image-preview:large, max-video-preview:-1\" \/>\n<link rel=\"canonical\" href=\"https:\/\/www.newsendip.com\/fr\/le-pdg-de-securitas-suede-profondement-attriste-par-des-employes-frequentant-des-maisons-closes\/\" \/>\n<meta property=\"og:locale\" content=\"fr_FR\" \/>\n<meta property=\"og:type\" content=\"article\" \/>\n<meta property=\"og:title\" content=\"Le DG de Securitas Su\u00e8de &#039;profond\u00e9ment attrist\u00e9&#039; par des employ\u00e9s fr\u00e9quentant des maisons closes\" \/>\n<meta property=\"og:description\" content=\"Un documentaire r\u00e9v\u00e8le que certains employ\u00e9s de Securitas Su\u00e8de ont r\u00e9guli\u00e8rement recours \u00e0 de la prostitution. Ils sont aussi impliqu\u00e9s dans une affaire de corruption pour un contrat avec la ville de Malm\u00f6\" \/>\n<meta property=\"og:url\" content=\"https:\/\/www.newsendip.com\/fr\/le-pdg-de-securitas-suede-profondement-attriste-par-des-employes-frequentant-des-maisons-closes\/\" \/>\n<meta property=\"og:site_name\" content=\"Newsendip\" \/>\n<meta property=\"article:publisher\" content=\"https:\/\/www.facebook.com\/newsendip\" \/>\n<meta property=\"article:published_time\" content=\"2022-05-25T11:56:48+00:00\" \/>\n<meta property=\"article:modified_time\" content=\"2024-07-16T20:16:02+00:00\" \/>\n<meta property=\"og:image\" content=\"https:\/\/www.newsendip.com\/wp-content\/uploads\/2022\/05\/securitas-min.jpeg\" \/>\n\t<meta property=\"og:image:width\" content=\"1600\" \/>\n\t<meta property=\"og:image:height\" content=\"686\" \/>\n\t<meta property=\"og:image:type\" content=\"image\/jpeg\" \/>\n<meta name=\"author\" content=\"Cl\u00e9ment V\u00e9rit\u00e9\" \/>\n<meta name=\"twitter:card\" content=\"summary_large_image\" \/>\n<meta name=\"twitter:image\" content=\"https:\/\/www.newsendip.com\/wp-content\/uploads\/2022\/05\/securitas-min.jpeg\" \/>\n<meta name=\"twitter:creator\" content=\"@https:\/\/twitter.com\/cverite\" \/>\n<meta name=\"twitter:site\" content=\"@newsendip\" \/>\n<meta name=\"twitter:label1\" content=\"\u00c9crit par\" \/>\n\t<meta name=\"twitter:data1\" content=\"Cl\u00e9ment V\u00e9rit\u00e9\" \/>\n\t<meta name=\"twitter:label2\" content=\"Dur\u00e9e de lecture estim\u00e9e\" \/>\n\t<meta name=\"twitter:data2\" content=\"4 minutes\" \/>\n<!-- \/ Yoast SEO Premium plugin. -->","yoast_head_json":{"title":"Le DG de Securitas Su\u00e8de 'profond\u00e9ment attrist\u00e9' par des employ\u00e9s fr\u00e9quentant des maisons closes","description":"Un documentaire r\u00e9v\u00e8le que certains employ\u00e9s de Securitas Su\u00e8de ont r\u00e9guli\u00e8rement recours \u00e0 de la prostitution. Ils sont aussi impliqu\u00e9s dans une affaire de corruption pour un contrat avec la ville de Malm\u00f6","robots":{"index":"index","follow":"follow","max-snippet":"max-snippet:-1","max-image-preview":"max-image-preview:large","max-video-preview":"max-video-preview:-1"},"canonical":"https:\/\/www.newsendip.com\/fr\/le-pdg-de-securitas-suede-profondement-attriste-par-des-employes-frequentant-des-maisons-closes\/","og_locale":"fr_FR","og_type":"article","og_title":"Le DG de Securitas Su\u00e8de 'profond\u00e9ment attrist\u00e9' par des employ\u00e9s fr\u00e9quentant des maisons closes","og_description":"Un documentaire r\u00e9v\u00e8le que certains employ\u00e9s de Securitas Su\u00e8de ont r\u00e9guli\u00e8rement recours \u00e0 de la prostitution. Ils sont aussi impliqu\u00e9s dans une affaire de corruption pour un contrat avec la ville de Malm\u00f6","og_url":"https:\/\/www.newsendip.com\/fr\/le-pdg-de-securitas-suede-profondement-attriste-par-des-employes-frequentant-des-maisons-closes\/","og_site_name":"Newsendip","article_publisher":"https:\/\/www.facebook.com\/newsendip","article_published_time":"2022-05-25T11:56:48+00:00","article_modified_time":"2024-07-16T20:16:02+00:00","og_image":[{"width":1600,"height":686,"url":"https:\/\/www.newsendip.com\/wp-content\/uploads\/2022\/05\/securitas-min.jpeg","type":"image\/jpeg"}],"author":"Cl\u00e9ment V\u00e9rit\u00e9","twitter_card":"summary_large_image","twitter_image":"https:\/\/www.newsendip.com\/wp-content\/uploads\/2022\/05\/securitas-min.jpeg","twitter_creator":"@https:\/\/twitter.com\/cverite","twitter_site":"@newsendip","twitter_misc":{"\u00c9crit par":"Cl\u00e9ment V\u00e9rit\u00e9","Dur\u00e9e de lecture estim\u00e9e":"4 minutes"},"schema":{"@context":"https:\/\/schema.org","@graph":[{"@type":"NewsArticle","@id":"https:\/\/www.newsendip.com\/fr\/le-pdg-de-securitas-suede-profondement-attriste-par-des-employes-frequentant-des-maisons-closes\/#article","isPartOf":{"@id":"https:\/\/www.newsendip.com\/fr\/le-pdg-de-securitas-suede-profondement-attriste-par-des-employes-frequentant-des-maisons-closes\/"},"author":{"name":"Cl\u00e9ment V\u00e9rit\u00e9","@id":"https:\/\/www.newsendip.com\/fr\/#\/schema\/person\/ea22c01755f464a3cbc2c619584d6363"},"headline":"Le DG de Securitas Su\u00e8de \u201cprofond\u00e9ment attrist\u00e9\u201d par des employ\u00e9s fr\u00e9quentant des maisons closes","datePublished":"2022-05-25T11:56:48+00:00","dateModified":"2024-07-16T20:16:02+00:00","mainEntityOfPage":{"@id":"https:\/\/www.newsendip.com\/fr\/le-pdg-de-securitas-suede-profondement-attriste-par-des-employes-frequentant-des-maisons-closes\/"},"wordCount":902,"publisher":{"@id":"https:\/\/www.newsendip.com\/fr\/#organization"},"image":{"@id":"https:\/\/www.newsendip.com\/fr\/le-pdg-de-securitas-suede-profondement-attriste-par-des-employes-frequentant-des-maisons-closes\/#primaryimage"},"thumbnailUrl":"https:\/\/www.newsendip.com\/wp-content\/uploads\/2022\/05\/securitas.webp","keywords":["Su\u00e8de","Vieux"],"articleSection":["\u00c9conomie"],"inLanguage":"fr-FR","copyrightYear":"2022","copyrightHolder":{"@id":"https:\/\/www.newsendip.com\/#organization"}},{"@type":"WebPage","@id":"https:\/\/www.newsendip.com\/fr\/le-pdg-de-securitas-suede-profondement-attriste-par-des-employes-frequentant-des-maisons-closes\/","url":"https:\/\/www.newsendip.com\/fr\/le-pdg-de-securitas-suede-profondement-attriste-par-des-employes-frequentant-des-maisons-closes\/","name":"Le DG de Securitas Su\u00e8de 'profond\u00e9ment attrist\u00e9' par des employ\u00e9s fr\u00e9quentant des maisons closes","isPartOf":{"@id":"https:\/\/www.newsendip.com\/fr\/#website"},"primaryImageOfPage":{"@id":"https:\/\/www.newsendip.com\/fr\/le-pdg-de-securitas-suede-profondement-attriste-par-des-employes-frequentant-des-maisons-closes\/#primaryimage"},"image":{"@id":"https:\/\/www.newsendip.com\/fr\/le-pdg-de-securitas-suede-profondement-attriste-par-des-employes-frequentant-des-maisons-closes\/#primaryimage"},"thumbnailUrl":"https:\/\/www.newsendip.com\/wp-content\/uploads\/2022\/05\/securitas.webp","datePublished":"2022-05-25T11:56:48+00:00","dateModified":"2024-07-16T20:16:02+00:00","description":"Un documentaire r\u00e9v\u00e8le que certains employ\u00e9s de Securitas Su\u00e8de ont r\u00e9guli\u00e8rement recours \u00e0 de la prostitution. Ils sont aussi impliqu\u00e9s dans une affaire de corruption pour un contrat avec la ville de Malm\u00f6","breadcrumb":{"@id":"https:\/\/www.newsendip.com\/fr\/le-pdg-de-securitas-suede-profondement-attriste-par-des-employes-frequentant-des-maisons-closes\/#breadcrumb"},"inLanguage":"fr-FR","potentialAction":[{"@type":"ReadAction","target":["https:\/\/www.newsendip.com\/fr\/le-pdg-de-securitas-suede-profondement-attriste-par-des-employes-frequentant-des-maisons-closes\/"]}]},{"@type":"ImageObject","inLanguage":"fr-FR","@id":"https:\/\/www.newsendip.com\/fr\/le-pdg-de-securitas-suede-profondement-attriste-par-des-employes-frequentant-des-maisons-closes\/#primaryimage","url":"https:\/\/www.newsendip.com\/wp-content\/uploads\/2022\/05\/securitas.webp","contentUrl":"https:\/\/www.newsendip.com\/wp-content\/uploads\/2022\/05\/securitas.webp","width":1600,"height":686,"caption":"Securitas"},{"@type":"BreadcrumbList","@id":"https:\/\/www.newsendip.com\/fr\/le-pdg-de-securitas-suede-profondement-attriste-par-des-employes-frequentant-des-maisons-closes\/#breadcrumb","itemListElement":[{"@type":"ListItem","position":1,"name":"Accueil","item":"https:\/\/www.newsendip.com\/fr\/"},{"@type":"ListItem","position":2,"name":"Le DG de Securitas Su\u00e8de &#8216;profond\u00e9ment attrist\u00e9&#8217; par des employ\u00e9s fr\u00e9quentant des maisons closes"}]},{"@type":"WebSite","@id":"https:\/\/www.newsendip.com\/fr\/#website","url":"https:\/\/www.newsendip.com\/fr\/","name":"Newsendip","description":"Red\u00e9couvrez l&#039;actualit\u00e9 internationale","publisher":{"@id":"https:\/\/www.newsendip.com\/fr\/#organization"},"potentialAction":[{"@type":"SearchAction","target":{"@type":"EntryPoint","urlTemplate":"https:\/\/www.newsendip.com\/fr\/?s={search_term_string}"},"query-input":{"@type":"PropertyValueSpecification","valueRequired":true,"valueName":"search_term_string"}}],"inLanguage":"fr-FR"},{"@type":"Organization","@id":"https:\/\/www.newsendip.com\/fr\/#organization","name":"Newsendip","url":"https:\/\/www.newsendip.com\/fr\/","logo":{"@type":"ImageObject","inLanguage":"fr-FR","@id":"https:\/\/www.newsendip.com\/fr\/#\/schema\/logo\/image\/","url":"https:\/\/www.newsendip.com\/wp-content\/uploads\/2023\/12\/512x512.svg","contentUrl":"https:\/\/www.newsendip.com\/wp-content\/uploads\/2023\/12\/512x512.svg","width":1,"height":1,"caption":"Newsendip"},"image":{"@id":"https:\/\/www.newsendip.com\/fr\/#\/schema\/logo\/image\/"},"sameAs":["https:\/\/www.facebook.com\/newsendip","https:\/\/x.com\/newsendip","https:\/\/mastodon.social\/@newsendip","https:\/\/www.linkedin.com\/company\/newsendip"],"description":"Newsendip est un site qui a pour mission de rendre l'actualit\u00e9 internationale accessible et diversifi\u00e9e","email":"contact@newsendip.com","legalName":"Newsendip SAS","foundingDate":"2022-11-04","vatID":"FR60921124723","numberOfEmployees":{"@type":"QuantitativeValue","minValue":"1","maxValue":"10"},"publishingPrinciples":"https:\/\/www.newsendip.com\/about-us\/","ownershipFundingInfo":"https:\/\/www.newsendip.com\/legal-notice\/","actionableFeedbackPolicy":"https:\/\/www.newsendip.com\/about-us\/","correctionsPolicy":"https:\/\/www.newsendip.com\/about-us\/","ethicsPolicy":"https:\/\/www.newsendip.com\/about-us\/","diversityPolicy":"https:\/\/www.newsendip.com\/about-us\/"},{"@type":"Person","@id":"https:\/\/www.newsendip.com\/fr\/#\/schema\/person\/ea22c01755f464a3cbc2c619584d6363","name":"Cl\u00e9ment V\u00e9rit\u00e9","description":"Cl\u00e9ment is the executive editor and founder of Newsendip. He started in the media industry as a freelance reporter at 16 for a local French newspaper after school and has never left it. He later worked for seven years at The New York Times, notably as a data analyst. He holds a Master of Management in France and a Master of Arts in the United Kingdom in International Marketing &amp; Communications Strategy. He has lived in France, the United Kingdom, and Italy.","sameAs":["https:\/\/www.newsendip.com\/","https:\/\/www.linkedin.com\/in\/clementverite\/","https:\/\/x.com\/https:\/\/twitter.com\/cverite"],"knowsAbout":["News","International","Business","Media monitoring"],"knowsLanguage":["English","French","Italian","Spanish"],"url":"https:\/\/www.newsendip.com\/fr\/author\/clement-verite\/"}]}},"_links":{"self":[{"href":"https:\/\/www.newsendip.com\/fr\/wp-json\/wp\/v2\/posts\/17418","targetHints":{"allow":["GET"]}}],"collection":[{"href":"https:\/\/www.newsendip.com\/fr\/wp-json\/wp\/v2\/posts"}],"about":[{"href":"https:\/\/www.newsendip.com\/fr\/wp-json\/wp\/v2\/types\/post"}],"author":[{"embeddable":true,"href":"https:\/\/www.newsendip.com\/fr\/wp-json\/wp\/v2\/users\/1"}],"replies":[{"embeddable":true,"href":"https:\/\/www.newsendip.com\/fr\/wp-json\/wp\/v2\/comments?post=17418"}],"version-history":[{"count":0,"href":"https:\/\/www.newsendip.com\/fr\/wp-json\/wp\/v2\/posts\/17418\/revisions"}],"wp:featuredmedia":[{"embeddable":true,"href":"https:\/\/www.newsendip.com\/fr\/wp-json\/wp\/v2\/media\/17424"}],"wp:attachment":[{"href":"https:\/\/www.newsendip.com\/fr\/wp-json\/wp\/v2\/media?parent=17418"}],"wp:term":[{"taxonomy":"category","embeddable":true,"href":"https:\/\/www.newsendip.com\/fr\/wp-json\/wp\/v2\/categories?post=17418"},{"taxonomy":"post_tag","embeddable":true,"href":"https:\/\/www.newsendip.com\/fr\/wp-json\/wp\/v2\/tags?post=17418"}],"curies":[{"name":"wp","href":"https:\/\/api.w.org\/{rel}","templated":true}]}}