{"id":17600,"date":"2022-06-02T16:44:36","date_gmt":"2022-06-02T14:44:36","guid":{"rendered":"https:\/\/www.newsendip.com\/?p=17600"},"modified":"2025-08-08T13:11:08","modified_gmt":"2025-08-08T11:11:08","slug":"la-croatie-prete-a-adopter-euro-la-roumanie-ne-remplit-aucun-critere-de-la-commission-europeenne","status":"publish","type":"post","link":"https:\/\/www.newsendip.com\/fr\/la-croatie-prete-a-adopter-euro-la-roumanie-ne-remplit-aucun-critere-de-la-commission-europeenne\/","title":{"rendered":"La Croatie pr\u00eate \u00e0 adopter l\u2019euro, la Roumanie ne remplit aucun crit\u00e8re de la Commission europ\u00e9enne"},"content":{"rendered":"<p><strong>La Croatie a r\u00e9ussi \u00e0 remplir toutes les conditions de la Commission europ\u00e9enne pour l\u2019adoption de l\u2019euro en janvier 2023, dix ans apr\u00e8s son adh\u00e9sion \u00e0 l\u2019Union europ\u00e9enne. La Roumanie n\u2019en a rempli aucune.<\/strong><\/p>\n<figure id=\"attachment_17611\" aria-describedby=\"caption-attachment-17611\" style=\"width: 1024px\" class=\"wp-caption aligncenter\"><img decoding=\"async\" class=\"size-large wp-image-17611\" src=\"https:\/\/www.newsendip.com\/wp-content\/uploads\/2022\/06\/euro-banknotes-1024x655.webp\" alt=\"billets euro\" width=\"1024\" height=\"655\" srcset=\"https:\/\/www.newsendip.com\/wp-content\/uploads\/2022\/06\/euro-banknotes-1024x655.webp 1024w, https:\/\/www.newsendip.com\/wp-content\/uploads\/2022\/06\/euro-banknotes-60x38.webp 60w, https:\/\/www.newsendip.com\/wp-content\/uploads\/2022\/06\/euro-banknotes-300x192.webp 300w, https:\/\/www.newsendip.com\/wp-content\/uploads\/2022\/06\/euro-banknotes-768x492.webp 768w, https:\/\/www.newsendip.com\/wp-content\/uploads\/2022\/06\/euro-banknotes-1536x983.webp 1536w, https:\/\/www.newsendip.com\/wp-content\/uploads\/2022\/06\/euro-banknotes.webp 1920w\" sizes=\"(max-width: 1024px) 100vw, 1024px\"><figcaption id=\"caption-attachment-17611\" class=\"wp-caption-text\">\u00a9 Dom&nbsp;J<\/figcaption><\/figure>\n<p>La Commission europ\u00e9enne et la Banque centrale europ\u00e9enne ont publi\u00e9 leurs rapports de convergence le 1er juin. Tous deux distincts mais similaires et publi\u00e9s tous les deux ans, ces rapports fournissent une \u00e9valuation des progr\u00e8s r\u00e9alis\u00e9s par les \u00c9tats membres n\u2019appartenant pas \u00e0 la zone euro en vue de leur adh\u00e9sion \u00e0 la zone&nbsp;euro.<\/p>\n<p>Et l\u2019ann\u00e9e prochaine, la zone euro ajoutera probablement la Croatie et les Croates aux 19 autres pays et aux 343 millions de citoyens qui utilisent la monnaie de l\u2019Union europ\u00e9enne. Le Conseil de l\u2019U.E. devrait prendre la d\u00e9cision officielle en juillet.<\/p>\n<p>Le rapport de la Commission europ\u00e9enne a \u00e9valu\u00e9 les progr\u00e8s r\u00e9alis\u00e9s par la Bulgarie, la R\u00e9publique tch\u00e8que, la Croatie, la Hongrie, la Pologne, la Roumanie et la Su\u00e8de en vue de l\u2019adoption de l\u2019euro.<\/p>\n<p>Il a conclut que la Croatie remplissait les quatre crit\u00e8res de convergence et disposait d\u2019une l\u00e9gislation compatible avec la zone euro, ce qui ouvre la voie \u00e0 son adoption de la monnaie en janvier 2023. Cette d\u00e9cision \u00ab\u202f<em>marque une \u00e9tape cruciale et historique dans le cheminement de la Croatie vers l\u2019adoption de l\u2019euro\u202f\u00bb<\/em>, <a href=\"https:\/\/ec.europa.eu\/commission\/presscorner\/detail\/fr\/ip_22_3312\">indique le communiqu\u00e9 de presse<\/a> de la commission. De m\u00eame, la <a href=\"https:\/\/www.ecb.europa.eu\/pub\/convergence\/html\/ecb.cr202206~e0fe4e1874.fr.html\">BCE estime<\/a> que la Croatie respecte les valeurs de r\u00e9f\u00e9rence des crit\u00e8res de convergence.<!--more--><\/p>\n<p>La pr\u00e9sidente de la Commission europ\u00e9enne, Ursula von der Leyen, a f\u00e9licit\u00e9 la Croatie, qui \u00ab\u202f<em>a fait un pas important vers l\u2019adoption de l\u2019euro\u202f\u00bb<\/em>. La nouvelle monnaie au 1er janvier \u00ab\u202f<em>rendra <a href=\"https:\/\/www.newsendip.com\/fr\/economie\/\">l\u2019\u00e9conomie<\/a> croate plus forte et profitera \u00e0 ses citoyens, aux entreprises et \u00e0 la soci\u00e9t\u00e9 dans son ensemble.<\/em>\u202f\u00bb<\/p>\n<p>\u00ab\u202f<em>Nous sommes tr\u00e8s fiers de ce succ\u00e8s et nous nous r\u00e9jouissons de tous les avantages que cela apportera \u00e0 la Croatie, tout en \u00e9tant conscients de la responsabilit\u00e9 que cette adh\u00e9sion implique\u202f\u00bb<\/em>, a d\u00e9clar\u00e9 <a href=\"https:\/\/www.hnb.hr\/en\/-\/povijesni-korak-hrvatske-na-putu-prema-uvodjenju-eura\">Boris Vuj\u010di\u0107<\/a>, le gouverneur de la Banque nationale de Croatie suite aux conclusions des deux rapports.<\/p>\n<p>Les dessins des pi\u00e8ces d\u2019euros croates sont d\u00e9j\u00e0 pr\u00eats et valid\u00e9s par le Conseil de l\u2019U.E., malgr\u00e9 une controverse avec la <a href=\"https:\/\/www.newsendip.com\/fr\/etiquette\/slovenie\/\">Slov\u00e9nie<\/a> sur l\u2019utilisation de <a href=\"https:\/\/www.newsendip.com\/fr\/nikola-tesla-sur-les-euros-croates-cela-deplait-a-la-serbie\/\">Nikola Tesla comme effigie pour la face nationale des pi\u00e8ces de 50, 20 et 10 centimes<\/a>. Par ailleurs, un concours de design a d\u00fb recommencer pour le revers de la pi\u00e8ce d\u2019un euro en raison d\u2019un probl\u00e8me de plagiat du motif de la martre, appel\u00e9e kuna en croate, le nom de la future ancienne monnaie.<\/p>\n<figure id=\"attachment_17613\" aria-describedby=\"caption-attachment-17613\" style=\"width: 1024px\" class=\"wp-caption aligncenter\"><img decoding=\"async\" class=\"size-large wp-image-17613\" src=\"https:\/\/www.newsendip.com\/wp-content\/uploads\/2022\/06\/kuna-croatia-national-side-euro-1024x576.webp\" alt=\"Pi\u00e8ce d'un euro de Croatie\" width=\"1024\" height=\"576\" srcset=\"https:\/\/www.newsendip.com\/wp-content\/uploads\/2022\/06\/kuna-croatia-national-side-euro-1024x576.webp 1024w, https:\/\/www.newsendip.com\/wp-content\/uploads\/2022\/06\/kuna-croatia-national-side-euro-300x169.webp 300w, https:\/\/www.newsendip.com\/wp-content\/uploads\/2022\/06\/kuna-croatia-national-side-euro-768x432.webp 768w, https:\/\/www.newsendip.com\/wp-content\/uploads\/2022\/06\/kuna-croatia-national-side-euro-1536x864.webp 1536w, https:\/\/www.newsendip.com\/wp-content\/uploads\/2022\/06\/kuna-croatia-national-side-euro-390x220.webp 390w, https:\/\/www.newsendip.com\/wp-content\/uploads\/2022\/06\/kuna-croatia-national-side-euro.webp 1920w\" sizes=\"(max-width: 1024px) 100vw, 1024px\"><figcaption id=\"caption-attachment-17613\" class=\"wp-caption-text\">Le design de la pi\u00e8ce d\u2019un euro approuv\u00e9e en avril 2022 avec la face croate repr\u00e9sentant une marte. Un motif d\u00e9j\u00e0 valid\u00e9 avait \u00e9t\u00e9 retir\u00e9 car le vainqueur du concours avait plagi\u00e9 une photo | Banque nationale de Croatie<\/figcaption><\/figure>\n<h2>La pand\u00e9mie de COVID-19 a particuli\u00e8rement affect\u00e9 le crit\u00e8re de stabilit\u00e9 des prix pour l\u2019adoption de l\u2019euro<\/h2>\n<p>Quatre crit\u00e8res sont \u00e9valu\u00e9s par la Commission europ\u00e9enne pour l\u2019entr\u00e9e dans la zone euro&nbsp;: la stabilit\u00e9 des prix, des finances publiques, une stabilit\u00e9 du taux de change, et la durabilit\u00e9 de la convergence.<\/p>\n<p>Seules la Croatie et la Su\u00e8de ont rempli le crit\u00e8re de stabilit\u00e9 des prix, avec des taux d\u2019inflation moyens respectifs de 4,7\u202f% et 3,7\u202f% au cours des 12 mois pr\u00e9c\u00e9dant avril 2022, inf\u00e9rieurs \u00e0 la valeur de r\u00e9f\u00e9rence de 4,9\u202f%. Mais <a href=\"https:\/\/www.newsendip.com\/fr\/etiquette\/suede\/\">la Su\u00e8de<\/a> n\u2019a pas rempli le crit\u00e8re du taux de change, la couronne s\u2019\u00e9tant appr\u00e9ci\u00e9e de pr\u00e8s de 8\u202f% par rapport \u00e0 l\u2019euro entre avril 2020 et novembre 2021.<\/p>\n<p>La <a href=\"https:\/\/www.newsendip.com\/fr\/etiquette\/republique-tcheque\/\">R\u00e9publique tch\u00e8que<\/a> (6,2\u202f%), la <a href=\"https:\/\/www.newsendip.com\/fr\/etiquette\/hongrie\/\">Hongrie<\/a> (6,8\u202f%), la <a href=\"https:\/\/www.newsendip.com\/fr\/etiquette\/pologne\/\">Pologne<\/a> (7,0\u202f%), la <a href=\"https:\/\/www.newsendip.com\/fr\/etiquette\/roumanie\/\">Roumanie<\/a> (6,4\u202f%) et la <a href=\"https:\/\/www.newsendip.com\/fr\/etiquette\/bulgarie\/\">Bulgarie<\/a> (5,9\u202f%) n\u2019ont pas rempli bas\u00e9 sur sur l\u2019indice des prix \u00e0 la consommation harmonis\u00e9.<\/p>\n<p>Dans un contexte de hausse des prix, la stabilit\u00e9 de l\u2019indice \u00e9tait plus difficile \u00e0 atteindre bien qu\u2019elle ait \u00e9t\u00e9 \u00e9valu\u00e9e comparativement au reste de la zone euro. L\u2019inflation moyenne ne doit pas \u00eatre sup\u00e9rieure de plus de 1,5 point de pourcentage au taux des trois pays de l\u2019UE les plus performants en termes de stabilit\u00e9 des&nbsp;prix.<\/p>\n<p>La valeur de r\u00e9f\u00e9rence de l\u2019inflation a \u00e9t\u00e9 calcul\u00e9e \u00e0 4,9\u202f% en avril 2022\u202f; la France, la Finlande et la Gr\u00e8ce \u00e9tant les trois \u00ab\u202f<em>\u00c9tats membres les plus performants\u202f\u00bb<\/em>. Il s\u2019agit de la valeur de r\u00e9f\u00e9rence la plus \u00e9lev\u00e9e depuis que ces rapports ont commenc\u00e9 \u00e0 \u00eatre publi\u00e9s en 1998. En 2020, la valeur de r\u00e9f\u00e9rence \u00e9tait de 1,8\u202f%.<\/p>\n<p>Les chocs \u00e9conomiques d\u00e9clench\u00e9s par la pand\u00e9mie COVID-19 et l\u2019invasion de l\u2019Ukraine par la Russie ont eu \u00ab\u202f<em>des implications importantes pour l\u2019\u00e9valuation de la convergence<\/em>\u202f\u00bb, et notamment pour le crit\u00e8re de stabilit\u00e9 des prix, note le rapport.<\/p>\n<p>De plus, l\u2019impact de la guerre en Ukraine n\u2019est pas totalement pris en compte car les moyennes sur un an refl\u00e8tent principalement la situation avant l\u2019invasion russe. Malgr\u00e9 de fortes incertitudes, l\u2019inflation dans la zone euro devrait atteindre 6,1\u202f% en 2022 avant de redescendre \u00e0 2,7\u202f% en 2023, selon les <a href=\"https:\/\/ec.europa.eu\/commission\/presscorner\/detail\/en\/IP_22_3070\">pr\u00e9visions \u00e9conomiques du printemps 2022<\/a> publi\u00e9es le 16 mai, qui servent \u00e0 \u00e9valuer le caract\u00e8re durable de la convergence.<\/p>\n<p>Selon l\u2019analyse de la Commission europ\u00e9enne, tous les \u00c9tats membres sont g\u00e9n\u00e9ralement bien int\u00e9gr\u00e9s \u00e9conomiquement et financi\u00e8rement dans l\u2019U.E. mais certains d\u2019entre eux connaissent des vuln\u00e9rabilit\u00e9s macro\u00e9conomiques et\/ou des cadres institutionnels qui font peser des risques sur la durabilit\u00e9 du processus de convergence.<\/p>\n<h2>La Roumanie est le seul pays qui n\u2019a satisfait \u00e0 aucun des crit\u00e8res d\u2019adoption de l\u2019euro<\/h2>\n<p>Les quatre crit\u00e8res d\u2019\u00e9valuation sont mesur\u00e9s par l\u2019inflation, le d\u00e9ficit et la dette publics, la stabilit\u00e9 du taux de change au cours des deux derni\u00e8res ann\u00e9es et les taux d\u2019int\u00e9r\u00eat \u00e0 long terme. Ces derniers ne doivent pas \u00eatre sup\u00e9rieurs de plus de deux points de pourcentage au taux des trois pays de l\u2019UE les plus performants.<\/p>\n<p>Dans le rapport de 2020, la Croatie ne remplissait pas le crit\u00e8re de stabilit\u00e9 du taux de change. Mais la Croatie a particip\u00e9 au m\u00e9canisme de taux de change europ\u00e9en avec la kuna depuis le 10 juillet 2020, tout comme la Bulgarie et son lev. Toutes deux satisfont d\u00e9sormais au crit\u00e8re de taux de change.<\/p>\n<p>Cependant, l\u2019<a href=\"https:\/\/www.newsendip.com\/fr\/le-premier-ministre-bulgare-confirme-lobjectif-de-leuro-en-2024-contrairement-a-la-roumanie\/\">objectif de la Bulgarie d\u2019adopter la monnaie de l\u2019UE \u00e0 partir de 2024<\/a>, confirm\u00e9 par le Premier ministre bulgare Kiril Petkov en janvier dernier, semble peu probable. La Bulgarie ne remplit pas le crit\u00e8re de stabilit\u00e9 des prix et ne dispose pas du cadre l\u00e9gislatif requis en raison, par exemple, \u00ab\u202f<em>d\u2019imperfections dans les domaines de l\u2019ind\u00e9pendance de la banque centrale\u202f\u00bb<\/em>.<\/p>\n<p>La Roumanie est le seul pays qui ne remplit aucun des quatre crit\u00e8res. Elle est \u00e9galement le seul pays \u00e0 ne pas remplir les conditions de finances publiques saines avec une \u00ab\u202f<em>proc\u00e9dure pour d\u00e9ficit excessif<\/em>\u202f\u00bb. C\u2019\u00e9tait d\u00e9j\u00e0 le cas dans le rapport de&nbsp;2020.<\/p>\n<p>Le d\u00e9ficit de la Roumanie \u00e9tait de 7,1\u202f% du produit int\u00e9rieur brut en 2021 et de 9,3\u202f% en 2020, alors que le d\u00e9ficit moyen de l\u2019UE \u00e9tait de 4,7\u202f% du PIB en 2021 et de 6,8\u202f% en 2020. La Roumanie, qui devait initialement adopter la nouvelle monnaie en 2014 a repouss\u00e9 l\u2019\u00e9ch\u00e9ance \u00e0 2019, puis \u00e0 2024. Et depuis d\u00e9cembre, la Roumanie vise&nbsp;2029.<\/p>\n<p>Tous les \u00c9tats membres de l\u2019UE, \u00e0 l\u2019exception du Danemark qui n\u2019est donc pas couvert par le rapport, se sont l\u00e9galement engag\u00e9s \u00e0 rejoindre la zone euro, mais chaque pays calibre son plan d\u2019adh\u00e9sion \u00e0 l\u2019euro.<\/p>\n<p>Le rapport de convergence de la Commission europ\u00e9enne sert de base au Conseil de l\u2019UE pour d\u00e9cider si un \u00c9tat membre remplit les conditions pour rejoindre la zone euro. Le conseil prendra les d\u00e9cisions finales sur l\u2019adoption de l\u2019euro par la Croatie au cours de la premi\u00e8re quinzaine de juillet.<\/p>\n<p>En 2013, la Croatie est devenue le dernier pays \u00e0 devenir membre de l\u2019UE, tandis que la Bulgarie et la Roumanie l\u2019ont rejointe en&nbsp;2007.<\/p>\n<p><strong><a href=\"https:\/\/www.newsendip.com\/fr\/etiquette\/croatie\/\">D\u00e9couvrez plus d\u2019actualit\u00e9s sur la Croatie<\/a><\/strong><\/p>\n","protected":false},"excerpt":{"rendered":"<p>La Croatie a r\u00e9ussi \u00e0 remplir toutes les conditions de la Commission europ\u00e9enne pour l\u2019adoption de l\u2019euro en janvier 2023, dix ans apr\u00e8s son adh\u00e9sion \u00e0 l\u2019Union europ\u00e9enne. La Roumanie n\u2019en a rempli aucune.<\/p>\n","protected":false},"author":1,"featured_media":17611,"comment_status":"closed","ping_status":"closed","sticky":false,"template":"","format":"standard","meta":{"wp_typography_post_enhancements_disabled":false,"footnotes":""},"categories":[414],"tags":[467,914,505,421],"class_list":["post-17600","post","type-post","status-publish","format-standard","has-post-thumbnail","hentry","category-economie","tag-bulgarie","tag-croatie","tag-roumanie","tag-vieux"],"yoast_head":"<!-- This site is optimized with the Yoast SEO Premium plugin v27.4 (Yoast SEO v27.4) - https:\/\/yoast.com\/product\/yoast-seo-premium-wordpress\/ -->\n<title>La Croatie pr\u00eate \u00e0 adopter l&#039;euro, la Roumanie ne remplit aucun crit\u00e8re de la Commission europ\u00e9enne<\/title>\n<meta name=\"description\" content=\"La Croatie a r\u00e9ussi \u00e0 remplir toutes les conditions de la Commission europ\u00e9enne pour l&#039;adoption de l&#039;euro en janvier 2023, dix ans apr\u00e8s son adh\u00e9sion \u00e0 l&#039;Union europ\u00e9enne. La Roumanie n&#039;en a rempli aucune.\" \/>\n<meta name=\"robots\" content=\"index, follow, max-snippet:-1, max-image-preview:large, max-video-preview:-1\" \/>\n<link rel=\"canonical\" href=\"https:\/\/www.newsendip.com\/fr\/la-croatie-prete-a-adopter-euro-la-roumanie-ne-remplit-aucun-critere-de-la-commission-europeenne\/\" \/>\n<meta property=\"og:locale\" content=\"fr_FR\" \/>\n<meta property=\"og:type\" content=\"article\" \/>\n<meta property=\"og:title\" content=\"La Croatie pr\u00eate \u00e0 adopter l&#039;euro, la Roumanie ne remplit aucun crit\u00e8re de la Commission europ\u00e9enne\" \/>\n<meta property=\"og:description\" content=\"La Croatie a r\u00e9ussi \u00e0 remplir toutes les conditions de la Commission europ\u00e9enne pour l&#039;adoption de l&#039;euro en janvier 2023, dix ans apr\u00e8s son adh\u00e9sion \u00e0 l&#039;Union europ\u00e9enne. La Roumanie n&#039;en a rempli aucune.\" \/>\n<meta property=\"og:url\" content=\"https:\/\/www.newsendip.com\/fr\/la-croatie-prete-a-adopter-euro-la-roumanie-ne-remplit-aucun-critere-de-la-commission-europeenne\/\" \/>\n<meta property=\"og:site_name\" content=\"Newsendip\" \/>\n<meta property=\"article:publisher\" content=\"https:\/\/www.facebook.com\/newsendip\" \/>\n<meta property=\"article:published_time\" content=\"2022-06-02T14:44:36+00:00\" \/>\n<meta property=\"article:modified_time\" content=\"2025-08-08T11:11:08+00:00\" \/>\n<meta property=\"og:image\" content=\"https:\/\/www.newsendip.com\/wp-content\/uploads\/2022\/06\/euro-banknotes-small-progressive.jpeg\" \/>\n<meta name=\"author\" content=\"Cl\u00e9ment V\u00e9rit\u00e9\" \/>\n<meta name=\"twitter:card\" content=\"summary_large_image\" \/>\n<meta name=\"twitter:image\" content=\"https:\/\/www.newsendip.com\/wp-content\/uploads\/2022\/06\/euro-banknotes-small-progressive.jpeg\" \/>\n<meta name=\"twitter:creator\" content=\"@https:\/\/twitter.com\/cverite\" \/>\n<meta name=\"twitter:site\" content=\"@newsendip\" \/>\n<meta name=\"twitter:label1\" content=\"\u00c9crit par\" \/>\n\t<meta name=\"twitter:data1\" content=\"Cl\u00e9ment V\u00e9rit\u00e9\" \/>\n\t<meta name=\"twitter:label2\" content=\"Dur\u00e9e de lecture estim\u00e9e\" \/>\n\t<meta name=\"twitter:data2\" content=\"7 minutes\" \/>\n<!-- \/ Yoast SEO Premium plugin. -->","yoast_head_json":{"title":"La Croatie pr\u00eate \u00e0 adopter l'euro, la Roumanie ne remplit aucun crit\u00e8re de la Commission europ\u00e9enne","description":"La Croatie a r\u00e9ussi \u00e0 remplir toutes les conditions de la Commission europ\u00e9enne pour l'adoption de l'euro en janvier 2023, dix ans apr\u00e8s son adh\u00e9sion \u00e0 l'Union europ\u00e9enne. La Roumanie n'en a rempli aucune.","robots":{"index":"index","follow":"follow","max-snippet":"max-snippet:-1","max-image-preview":"max-image-preview:large","max-video-preview":"max-video-preview:-1"},"canonical":"https:\/\/www.newsendip.com\/fr\/la-croatie-prete-a-adopter-euro-la-roumanie-ne-remplit-aucun-critere-de-la-commission-europeenne\/","og_locale":"fr_FR","og_type":"article","og_title":"La Croatie pr\u00eate \u00e0 adopter l'euro, la Roumanie ne remplit aucun crit\u00e8re de la Commission europ\u00e9enne","og_description":"La Croatie a r\u00e9ussi \u00e0 remplir toutes les conditions de la Commission europ\u00e9enne pour l'adoption de l'euro en janvier 2023, dix ans apr\u00e8s son adh\u00e9sion \u00e0 l'Union europ\u00e9enne. La Roumanie n'en a rempli aucune.","og_url":"https:\/\/www.newsendip.com\/fr\/la-croatie-prete-a-adopter-euro-la-roumanie-ne-remplit-aucun-critere-de-la-commission-europeenne\/","og_site_name":"Newsendip","article_publisher":"https:\/\/www.facebook.com\/newsendip","article_published_time":"2022-06-02T14:44:36+00:00","article_modified_time":"2025-08-08T11:11:08+00:00","og_image":[{"url":"https:\/\/www.newsendip.com\/wp-content\/uploads\/2022\/06\/euro-banknotes-small-progressive.jpeg","type":"","width":"","height":""}],"author":"Cl\u00e9ment V\u00e9rit\u00e9","twitter_card":"summary_large_image","twitter_image":"https:\/\/www.newsendip.com\/wp-content\/uploads\/2022\/06\/euro-banknotes-small-progressive.jpeg","twitter_creator":"@https:\/\/twitter.com\/cverite","twitter_site":"@newsendip","twitter_misc":{"\u00c9crit par":"Cl\u00e9ment V\u00e9rit\u00e9","Dur\u00e9e de lecture estim\u00e9e":"7 minutes"},"schema":{"@context":"https:\/\/schema.org","@graph":[{"@type":"NewsArticle","@id":"https:\/\/www.newsendip.com\/fr\/la-croatie-prete-a-adopter-euro-la-roumanie-ne-remplit-aucun-critere-de-la-commission-europeenne\/#article","isPartOf":{"@id":"https:\/\/www.newsendip.com\/fr\/la-croatie-prete-a-adopter-euro-la-roumanie-ne-remplit-aucun-critere-de-la-commission-europeenne\/"},"author":{"name":"Cl\u00e9ment V\u00e9rit\u00e9","@id":"https:\/\/www.newsendip.com\/fr\/#\/schema\/person\/ea22c01755f464a3cbc2c619584d6363"},"headline":"La Croatie pr\u00eate \u00e0 adopter l\u2019euro, la Roumanie ne remplit aucun crit\u00e8re de la Commission europ\u00e9enne","datePublished":"2022-06-02T14:44:36+00:00","dateModified":"2025-08-08T11:11:08+00:00","mainEntityOfPage":{"@id":"https:\/\/www.newsendip.com\/fr\/la-croatie-prete-a-adopter-euro-la-roumanie-ne-remplit-aucun-critere-de-la-commission-europeenne\/"},"wordCount":1460,"publisher":{"@id":"https:\/\/www.newsendip.com\/fr\/#organization"},"image":{"@id":"https:\/\/www.newsendip.com\/fr\/la-croatie-prete-a-adopter-euro-la-roumanie-ne-remplit-aucun-critere-de-la-commission-europeenne\/#primaryimage"},"thumbnailUrl":"https:\/\/www.newsendip.com\/wp-content\/uploads\/2022\/06\/euro-banknotes.webp","keywords":["Bulgarie","Croatie","Roumanie","Vieux"],"articleSection":["\u00c9conomie"],"inLanguage":"fr-FR","copyrightYear":"2022","copyrightHolder":{"@id":"https:\/\/www.newsendip.com\/#organization"}},{"@type":"WebPage","@id":"https:\/\/www.newsendip.com\/fr\/la-croatie-prete-a-adopter-euro-la-roumanie-ne-remplit-aucun-critere-de-la-commission-europeenne\/","url":"https:\/\/www.newsendip.com\/fr\/la-croatie-prete-a-adopter-euro-la-roumanie-ne-remplit-aucun-critere-de-la-commission-europeenne\/","name":"La Croatie pr\u00eate \u00e0 adopter l'euro, la Roumanie ne remplit aucun crit\u00e8re de la Commission europ\u00e9enne","isPartOf":{"@id":"https:\/\/www.newsendip.com\/fr\/#website"},"primaryImageOfPage":{"@id":"https:\/\/www.newsendip.com\/fr\/la-croatie-prete-a-adopter-euro-la-roumanie-ne-remplit-aucun-critere-de-la-commission-europeenne\/#primaryimage"},"image":{"@id":"https:\/\/www.newsendip.com\/fr\/la-croatie-prete-a-adopter-euro-la-roumanie-ne-remplit-aucun-critere-de-la-commission-europeenne\/#primaryimage"},"thumbnailUrl":"https:\/\/www.newsendip.com\/wp-content\/uploads\/2022\/06\/euro-banknotes.webp","datePublished":"2022-06-02T14:44:36+00:00","dateModified":"2025-08-08T11:11:08+00:00","description":"La Croatie a r\u00e9ussi \u00e0 remplir toutes les conditions de la Commission europ\u00e9enne pour l'adoption de l'euro en janvier 2023, dix ans apr\u00e8s son adh\u00e9sion \u00e0 l'Union europ\u00e9enne. La Roumanie n'en a rempli aucune.","breadcrumb":{"@id":"https:\/\/www.newsendip.com\/fr\/la-croatie-prete-a-adopter-euro-la-roumanie-ne-remplit-aucun-critere-de-la-commission-europeenne\/#breadcrumb"},"inLanguage":"fr-FR","potentialAction":[{"@type":"ReadAction","target":["https:\/\/www.newsendip.com\/fr\/la-croatie-prete-a-adopter-euro-la-roumanie-ne-remplit-aucun-critere-de-la-commission-europeenne\/"]}]},{"@type":"ImageObject","inLanguage":"fr-FR","@id":"https:\/\/www.newsendip.com\/fr\/la-croatie-prete-a-adopter-euro-la-roumanie-ne-remplit-aucun-critere-de-la-commission-europeenne\/#primaryimage","url":"https:\/\/www.newsendip.com\/wp-content\/uploads\/2022\/06\/euro-banknotes.webp","contentUrl":"https:\/\/www.newsendip.com\/wp-content\/uploads\/2022\/06\/euro-banknotes.webp","width":1920,"height":1229,"caption":"\u00a9 Dom J"},{"@type":"BreadcrumbList","@id":"https:\/\/www.newsendip.com\/fr\/la-croatie-prete-a-adopter-euro-la-roumanie-ne-remplit-aucun-critere-de-la-commission-europeenne\/#breadcrumb","itemListElement":[{"@type":"ListItem","position":1,"name":"Accueil","item":"https:\/\/www.newsendip.com\/fr\/"},{"@type":"ListItem","position":2,"name":"La Croatie pr\u00eate \u00e0 adopter l&#8217;euro, la Roumanie ne remplit aucun crit\u00e8re de la Commission europ\u00e9enne"}]},{"@type":"WebSite","@id":"https:\/\/www.newsendip.com\/fr\/#website","url":"https:\/\/www.newsendip.com\/fr\/","name":"Newsendip","description":"Red\u00e9couvrez l&#039;actualit\u00e9 internationale","publisher":{"@id":"https:\/\/www.newsendip.com\/fr\/#organization"},"potentialAction":[{"@type":"SearchAction","target":{"@type":"EntryPoint","urlTemplate":"https:\/\/www.newsendip.com\/fr\/?s={search_term_string}"},"query-input":{"@type":"PropertyValueSpecification","valueRequired":true,"valueName":"search_term_string"}}],"inLanguage":"fr-FR"},{"@type":"Organization","@id":"https:\/\/www.newsendip.com\/fr\/#organization","name":"Newsendip","url":"https:\/\/www.newsendip.com\/fr\/","logo":{"@type":"ImageObject","inLanguage":"fr-FR","@id":"https:\/\/www.newsendip.com\/fr\/#\/schema\/logo\/image\/","url":"https:\/\/www.newsendip.com\/wp-content\/uploads\/2023\/12\/512x512.svg","contentUrl":"https:\/\/www.newsendip.com\/wp-content\/uploads\/2023\/12\/512x512.svg","width":1,"height":1,"caption":"Newsendip"},"image":{"@id":"https:\/\/www.newsendip.com\/fr\/#\/schema\/logo\/image\/"},"sameAs":["https:\/\/www.facebook.com\/newsendip","https:\/\/x.com\/newsendip","https:\/\/mastodon.social\/@newsendip","https:\/\/www.linkedin.com\/company\/newsendip"],"description":"Newsendip est un site qui a pour mission de rendre l'actualit\u00e9 internationale accessible et diversifi\u00e9e","email":"contact@newsendip.com","legalName":"Newsendip SAS","foundingDate":"2022-11-04","vatID":"FR60921124723","numberOfEmployees":{"@type":"QuantitativeValue","minValue":"1","maxValue":"10"},"publishingPrinciples":"https:\/\/www.newsendip.com\/about-us\/","ownershipFundingInfo":"https:\/\/www.newsendip.com\/legal-notice\/","actionableFeedbackPolicy":"https:\/\/www.newsendip.com\/about-us\/","correctionsPolicy":"https:\/\/www.newsendip.com\/about-us\/","ethicsPolicy":"https:\/\/www.newsendip.com\/about-us\/","diversityPolicy":"https:\/\/www.newsendip.com\/about-us\/"},{"@type":"Person","@id":"https:\/\/www.newsendip.com\/fr\/#\/schema\/person\/ea22c01755f464a3cbc2c619584d6363","name":"Cl\u00e9ment V\u00e9rit\u00e9","description":"Cl\u00e9ment is the executive editor and founder of Newsendip. He started in the media industry as a freelance reporter at 16 for a local French newspaper after school and has never left it. He later worked for seven years at The New York Times, notably as a data analyst. He holds a Master of Management in France and a Master of Arts in the United Kingdom in International Marketing &amp; Communications Strategy. He has lived in France, the United Kingdom, and Italy.","sameAs":["https:\/\/www.newsendip.com\/","https:\/\/www.linkedin.com\/in\/clementverite\/","https:\/\/x.com\/https:\/\/twitter.com\/cverite"],"knowsAbout":["News","International","Business","Media monitoring"],"knowsLanguage":["English","French","Italian","Spanish"],"url":"https:\/\/www.newsendip.com\/fr\/author\/clement-verite\/"}]}},"_links":{"self":[{"href":"https:\/\/www.newsendip.com\/fr\/wp-json\/wp\/v2\/posts\/17600","targetHints":{"allow":["GET"]}}],"collection":[{"href":"https:\/\/www.newsendip.com\/fr\/wp-json\/wp\/v2\/posts"}],"about":[{"href":"https:\/\/www.newsendip.com\/fr\/wp-json\/wp\/v2\/types\/post"}],"author":[{"embeddable":true,"href":"https:\/\/www.newsendip.com\/fr\/wp-json\/wp\/v2\/users\/1"}],"replies":[{"embeddable":true,"href":"https:\/\/www.newsendip.com\/fr\/wp-json\/wp\/v2\/comments?post=17600"}],"version-history":[{"count":1,"href":"https:\/\/www.newsendip.com\/fr\/wp-json\/wp\/v2\/posts\/17600\/revisions"}],"predecessor-version":[{"id":44097,"href":"https:\/\/www.newsendip.com\/fr\/wp-json\/wp\/v2\/posts\/17600\/revisions\/44097"}],"wp:featuredmedia":[{"embeddable":true,"href":"https:\/\/www.newsendip.com\/fr\/wp-json\/wp\/v2\/media\/17611"}],"wp:attachment":[{"href":"https:\/\/www.newsendip.com\/fr\/wp-json\/wp\/v2\/media?parent=17600"}],"wp:term":[{"taxonomy":"category","embeddable":true,"href":"https:\/\/www.newsendip.com\/fr\/wp-json\/wp\/v2\/categories?post=17600"},{"taxonomy":"post_tag","embeddable":true,"href":"https:\/\/www.newsendip.com\/fr\/wp-json\/wp\/v2\/tags?post=17600"}],"curies":[{"name":"wp","href":"https:\/\/api.w.org\/{rel}","templated":true}]}}