{"id":17684,"date":"2022-06-06T13:43:13","date_gmt":"2022-06-06T11:43:13","guid":{"rendered":"https:\/\/www.newsendip.com\/?p=17684"},"modified":"2023-09-05T17:59:19","modified_gmt":"2023-09-05T15:59:19","slug":"le-ministre-russe-des-affaires-etrangeres-sergei-lavrov-annule-sa-visite-en-serbie","status":"publish","type":"post","link":"https:\/\/www.newsendip.com\/fr\/le-ministre-russe-des-affaires-etrangeres-sergei-lavrov-annule-sa-visite-en-serbie\/","title":{"rendered":"Le ministre russe des Affaires \u00e9trang\u00e8res, Sergei Lavrov, annule sa visite en Serbie"},"content":{"rendered":"<p><strong>Le ministre russe des affaires \u00e9trang\u00e8res Sergei Lavrov a annul\u00e9 sa visite en Serbie et l\u2019a justifi\u00e9e par le fait que la Bulgarie, la Mac\u00e9doine du Nord et le Mont\u00e9n\u00e9gro ont ferm\u00e9 leur espace a\u00e9rien aux avions russes. La visite avait eu de chances de se concr\u00e9tiser d\u00e8s le&nbsp;d\u00e9but.<br>\n<\/strong><\/p>\n<figure id=\"attachment_14185\" aria-describedby=\"caption-attachment-14185\" style=\"width: 720px\" class=\"wp-caption aligncenter\"><img decoding=\"async\" class=\"size-full wp-image-14185\" src=\"https:\/\/www.newsendip.com\/wp-content\/uploads\/2022\/03\/Sergey-lavrov-russia-foreign-minister.webp\" alt=\"Sergei Lavrov, ministre russe des affaires \u00e9trang\u00e8res\" width=\"720\" height=\"480\" srcset=\"https:\/\/www.newsendip.com\/wp-content\/uploads\/2022\/03\/Sergey-lavrov-russia-foreign-minister.webp 720w, https:\/\/www.newsendip.com\/wp-content\/uploads\/2022\/03\/Sergey-lavrov-russia-foreign-minister-60x40.webp 60w, https:\/\/www.newsendip.com\/wp-content\/uploads\/2022\/03\/Sergey-lavrov-russia-foreign-minister-300x200.webp 300w\" sizes=\"(max-width: 720px) 100vw, 720px\"><figcaption id=\"caption-attachment-14185\" class=\"wp-caption-text\">Sergei Lavrov, ministre russe des affaires \u00e9trang\u00e8res<\/figcaption><\/figure>\n<p>Vendredi, la porte-parole russe Maria Zakharova a annonc\u00e9 que le ministre des affaires \u00e9trang\u00e8res Sergei Lavrov se rendrait en Serbie les 6 et 7 juin. Il devait rencontrer le pr\u00e9sident Aleksandr Vucic et Porphyre, le patriarche de l\u2019\u00c9glise orthodoxe serbe.<\/p>\n<p>Le responsable russe \u00e9tait attendu en Serbie pour discuter d\u2019un contrat gazier de trois ans entre les deux&nbsp;pays.<\/p>\n<p>Mais la Bulgarie, la Mac\u00e9doine du Nord et le Mont\u00e9n\u00e9gro, trois pays voisins de la Serbie, ont ferm\u00e9 leur espace a\u00e9rien \u00e0 M. Lavrov, rendant le voyage impossible, a justifi\u00e9 la Russie.<\/p>\n<p>Le minist\u00e8re russe des Affaires \u00e9trang\u00e8res a annonc\u00e9 dimanche soir l\u2019annulation du voyage et d\u00e9nonc\u00e9 \u00ab\u202f<em>un autre canal de communication ferm\u00e9\u202f\u00bb<\/em> de la part des pays occidentaux. \u00ab\u202f<em>Notre diplomatie n\u2019a pas encore ma\u00eetris\u00e9 la t\u00e9l\u00e9portation\u202f\u00bb<\/em>, a d\u00e9clar\u00e9 une source du minist\u00e8re des Affaires \u00e9trang\u00e8res \u00e0 l\u2019agence de presse russe Interfax.<\/p>\n<p>Le voyage avait peu de chances de se concr\u00e9tiser d\u00e8s le d\u00e9but. Le pr\u00e9sident serbe, M. Vu\u010di\u0107, a d\u00e9clar\u00e9 en d\u00e9but de semaine derni\u00e8re qu\u2019il n\u2019\u00e9tait pas s\u00fbr que la rencontre ait lieu. La Premi\u00e8re ministre serbe Ana Brnabi\u0107 a d\u00e9clar\u00e9 dimanche que la situation \u00e9tait \u00ab\u202f<em>tr\u00e8s compliqu\u00e9e\u202f\u00bb<\/em> et que le pr\u00e9sident devait s\u2019occuper lui-m\u00eame de la logistique de la visite.<!--more--><\/p>\n<p>La Serbie est tr\u00e8s d\u00e9pendante du <a href=\"https:\/\/www.newsendip.com\/fr\/la-roumanie-veut-reactiver-ses-projets-de-gaz-offshore-en-mer-noire\/\">gaz russe<\/a> et a annonc\u00e9 le 29 mai avoir obtenu un accord verbal avec la Russie sur la fourniture de 2,2 milliards de m\u00e8tres cubes de gaz au cours des trois prochaines ann\u00e9es \u00e0 un prix favorable index\u00e9 sur les prix du p\u00e9trole.<\/p>\n<p>La Serbie entretient des liens \u00e9troits avec la Russie et est l\u2019un des seuls pays d\u2019Europe \u00e0 ne pas avoir interdit son espace a\u00e9rien aux avions russes. <a href=\"https:\/\/balkaninsight.com\/2022\/03\/02\/air-serbia-increases-flights-to-moscow-as-eu-bars-russian-planes\/\">Air Serbia assure toujours des vols directs vers Moscou<\/a>.<\/p>\n<p>Le Kremlin soutient la politique de Belgrade qui ne reconnait pas l\u2019ind\u00e9pendance du <a href=\"https:\/\/www.newsendip.com\/fr\/le-kosovo-a-refuse-douvrir-des-bureaux-de-vote-pour-le-referendum-en-serbie\/\">Kosovo<\/a> aux Nations unies. D\u00e9but mars, des milliers de Serbes ont d\u00e9fil\u00e9 \u00e0 Belgrade avec des drapeaux russes pour soutenir l\u2019invasion de l\u2019Ukraine.<\/p>\n<p>La Serbie a vot\u00e9 la r\u00e9solution de l\u2019ONU condamnant l\u2019invasion russe mais a refus\u00e9 de se joindre aux sanctions de l\u2019Union europ\u00e9enne contre la Russie. \u00ab\u202f<em>Nous ne voulons pas choisir un camp dans cette guerre\u202f\u00bb<\/em>, a justifi\u00e9 le pr\u00e9sident de la Serbie. Pourtant, la Serbie est candidate \u00e0 l\u2019adh\u00e9sion \u00e0 l\u2019UE depuis 2012 et pour y devenir potentiellement membre en 2025, ce qui lui imposerait de s\u2019aligner sur la politique \u00e9trang\u00e8re des autres \u00c9tats membres.<\/p>\n<p>L\u2019UE a impos\u00e9 une interdiction de vol aux avions russes depuis la fin du mois de f\u00e9vrier. Sergei Lavrov est \u00e9galement interdit \u00e0 titre personnel en tant que proche soutien de Vladimir Poutine.<\/p>\n<p>La Hongrie, la Roumanie et la Bulgarie sont trois membres de l\u2019UE qui partagent des fronti\u00e8res avec la Serbie \u00e0 l\u2019est et au nord du pays. La <a href=\"https:\/\/www.newsendip.com\/fr\/la-perception-des-roumains-sur-leur-pays-sest-amelioree-avec-linvasion-de-lukraine\/\">Roumanie<\/a>, la Bulgarie, le Mont\u00e9n\u00e9gro et la Mac\u00e9doine du Nord, qui ont tous deux des fronti\u00e8res avec la Serbie au sud du pays, ainsi que l\u2019Albanie qui partage des fronti\u00e8res avec le Kosovo, font partie de l\u2019OTAN.<\/p>\n<p>De plus, la Mac\u00e9doine du Nord a d\u00e9cid\u00e9 fin f\u00e9vrier de s\u2019aligner sur les recommandations de l\u2019UE visant \u00e0 interdire l\u2019entr\u00e9e dans son espace a\u00e9rien aux compagnies a\u00e9riennes de la F\u00e9d\u00e9ration de Russie. Elle s\u2019est \u00e9galement align\u00e9e sur toutes les sanctions de l\u2019UE \u00e9mises depuis l\u2019invasion de l\u2019Ukraine.<\/p>\n<p>Au Mont\u00e9n\u00e9gro, l\u2019opinion est divis\u00e9e sur les sanctions, la population serbe du pays \u00e9tant traditionnellement favorable \u00e0 la Russie. Bien qu\u2019ayant approuv\u00e9 les sanctions recommand\u00e9es par l\u2019UE, le gouvernement du Mont\u00e9n\u00e9gro a tra\u00een\u00e9 leur mise en \u0153uvre pendant des semaines. La situation politique du Mont\u00e9n\u00e9gro est instable et le gouvernement n\u2019a <a href=\"https:\/\/europeanwesternbalkans.com\/2022\/06\/04\/what-is-the-state-of-the-implementation-of-the-sanctions-on-russia-in-the-western-balkans\/\">pas encore impos\u00e9 toutes les sanctions pr\u00e9vues<\/a>. Toutefois, il a ferm\u00e9 son espace a\u00e9rien aux compagnies a\u00e9riennes et aux avions russes.<\/p>\n<p>Aucun des trois minist\u00e8res des affaires \u00e9trang\u00e8res n\u2019a comment\u00e9 la situation.<\/p>\n<p>L\u2019annulation de la visite de M. Lavrov intervient \u00e9galement alors que le chancelier allemand Olaf Scholz devait arriver en Serbie trois jours apr\u00e8s l\u2019officiel russe.<\/p>\n<p><strong><a href=\"https:\/\/www.newsendip.com\/fr\/etiquette\/serbie\/\">D\u00e9couvrez plus d\u2019actualit\u00e9s sur la Serbie<\/a><\/strong><\/p>\n","protected":false},"excerpt":{"rendered":"<p>Le ministre russe des affaires \u00e9trang\u00e8res Sergei Lavrov a annul\u00e9 sa visite en Serbie et l\u2019a justifi\u00e9e par le fait que la Bulgarie, la Mac\u00e9doine du Nord et le Mont\u00e9n\u00e9gro ont ferm\u00e9 leur espace a\u00e9rien aux avions russes. La visite avait eu de chances de se concr\u00e9tiser d\u00e8s le&nbsp;d\u00e9but.<\/p>\n","protected":false},"author":1,"featured_media":14185,"comment_status":"closed","ping_status":"closed","sticky":false,"template":"","format":"standard","meta":{"wp_typography_post_enhancements_disabled":false,"footnotes":""},"categories":[416],"tags":[467,451,915,421],"class_list":["post-17684","post","type-post","status-publish","format-standard","has-post-thumbnail","hentry","category-politique","tag-bulgarie","tag-russie","tag-serbie","tag-vieux"],"yoast_head":"<!-- This site is optimized with the Yoast SEO Premium plugin v27.4 (Yoast SEO v27.4) - https:\/\/yoast.com\/product\/yoast-seo-premium-wordpress\/ -->\n<title>Le ministre russe des Affaires \u00e9trang\u00e8res, Sergei Lavrov, annule sa visite en Serbie<\/title>\n<meta name=\"description\" content=\"Le ministre russe des affaires \u00e9trang\u00e8res Sergei Lavrov a annul\u00e9 sa visite en Serbie et l&#039;a justifi\u00e9e par le fait que la Bulgarie, la Mac\u00e9doine du Nord et le Mont\u00e9n\u00e9gro ont ferm\u00e9 leur espace a\u00e9rien aux avions russes. La visite avait eu de chances de se concr\u00e9tiser d\u00e8s le d\u00e9but.\" \/>\n<meta name=\"robots\" content=\"index, follow, max-snippet:-1, max-image-preview:large, max-video-preview:-1\" \/>\n<link rel=\"canonical\" href=\"https:\/\/www.newsendip.com\/fr\/le-ministre-russe-des-affaires-etrangeres-sergei-lavrov-annule-sa-visite-en-serbie\/\" \/>\n<meta property=\"og:locale\" content=\"fr_FR\" \/>\n<meta property=\"og:type\" content=\"article\" \/>\n<meta property=\"og:title\" content=\"Le ministre russe des Affaires \u00e9trang\u00e8res, Sergei Lavrov, annule sa visite en Serbie\" \/>\n<meta property=\"og:description\" content=\"Le ministre russe des affaires \u00e9trang\u00e8res Sergei Lavrov a annul\u00e9 sa visite en Serbie et l&#039;a justifi\u00e9e par le fait que la Bulgarie, la Mac\u00e9doine du Nord et le Mont\u00e9n\u00e9gro ont ferm\u00e9 leur espace a\u00e9rien aux avions russes. La visite avait eu de chances de se concr\u00e9tiser d\u00e8s le d\u00e9but.\" \/>\n<meta property=\"og:url\" content=\"https:\/\/www.newsendip.com\/fr\/le-ministre-russe-des-affaires-etrangeres-sergei-lavrov-annule-sa-visite-en-serbie\/\" \/>\n<meta property=\"og:site_name\" content=\"Newsendip\" \/>\n<meta property=\"article:publisher\" content=\"https:\/\/www.facebook.com\/newsendip\" \/>\n<meta property=\"article:published_time\" content=\"2022-06-06T11:43:13+00:00\" \/>\n<meta property=\"article:modified_time\" content=\"2023-09-05T15:59:19+00:00\" \/>\n<meta property=\"og:image\" content=\"https:\/\/www.newsendip.com\/wp-content\/uploads\/2022\/03\/Sergey-lavrov-russia-foreign-minister-progressive.jpeg\" \/>\n\t<meta property=\"og:image:width\" content=\"720\" \/>\n\t<meta property=\"og:image:height\" content=\"480\" \/>\n\t<meta property=\"og:image:type\" content=\"image\/jpeg\" \/>\n<meta name=\"author\" content=\"Cl\u00e9ment V\u00e9rit\u00e9\" \/>\n<meta name=\"twitter:card\" content=\"summary_large_image\" \/>\n<meta name=\"twitter:image\" content=\"https:\/\/www.newsendip.com\/wp-content\/uploads\/2022\/03\/Sergey-lavrov-russia-foreign-minister-progressive.jpeg\" \/>\n<meta name=\"twitter:creator\" content=\"@https:\/\/twitter.com\/cverite\" \/>\n<meta name=\"twitter:site\" content=\"@newsendip\" \/>\n<meta name=\"twitter:label1\" content=\"\u00c9crit par\" \/>\n\t<meta name=\"twitter:data1\" content=\"Cl\u00e9ment V\u00e9rit\u00e9\" \/>\n\t<meta name=\"twitter:label2\" content=\"Dur\u00e9e de lecture estim\u00e9e\" \/>\n\t<meta name=\"twitter:data2\" content=\"4 minutes\" \/>\n<!-- \/ Yoast SEO Premium plugin. -->","yoast_head_json":{"title":"Le ministre russe des Affaires \u00e9trang\u00e8res, Sergei Lavrov, annule sa visite en Serbie","description":"Le ministre russe des affaires \u00e9trang\u00e8res Sergei Lavrov a annul\u00e9 sa visite en Serbie et l'a justifi\u00e9e par le fait que la Bulgarie, la Mac\u00e9doine du Nord et le Mont\u00e9n\u00e9gro ont ferm\u00e9 leur espace a\u00e9rien aux avions russes. La visite avait eu de chances de se concr\u00e9tiser d\u00e8s le d\u00e9but.","robots":{"index":"index","follow":"follow","max-snippet":"max-snippet:-1","max-image-preview":"max-image-preview:large","max-video-preview":"max-video-preview:-1"},"canonical":"https:\/\/www.newsendip.com\/fr\/le-ministre-russe-des-affaires-etrangeres-sergei-lavrov-annule-sa-visite-en-serbie\/","og_locale":"fr_FR","og_type":"article","og_title":"Le ministre russe des Affaires \u00e9trang\u00e8res, Sergei Lavrov, annule sa visite en Serbie","og_description":"Le ministre russe des affaires \u00e9trang\u00e8res Sergei Lavrov a annul\u00e9 sa visite en Serbie et l'a justifi\u00e9e par le fait que la Bulgarie, la Mac\u00e9doine du Nord et le Mont\u00e9n\u00e9gro ont ferm\u00e9 leur espace a\u00e9rien aux avions russes. La visite avait eu de chances de se concr\u00e9tiser d\u00e8s le d\u00e9but.","og_url":"https:\/\/www.newsendip.com\/fr\/le-ministre-russe-des-affaires-etrangeres-sergei-lavrov-annule-sa-visite-en-serbie\/","og_site_name":"Newsendip","article_publisher":"https:\/\/www.facebook.com\/newsendip","article_published_time":"2022-06-06T11:43:13+00:00","article_modified_time":"2023-09-05T15:59:19+00:00","og_image":[{"width":720,"height":480,"url":"https:\/\/www.newsendip.com\/wp-content\/uploads\/2022\/03\/Sergey-lavrov-russia-foreign-minister-progressive.jpeg","type":"image\/jpeg"}],"author":"Cl\u00e9ment V\u00e9rit\u00e9","twitter_card":"summary_large_image","twitter_image":"https:\/\/www.newsendip.com\/wp-content\/uploads\/2022\/03\/Sergey-lavrov-russia-foreign-minister-progressive.jpeg","twitter_creator":"@https:\/\/twitter.com\/cverite","twitter_site":"@newsendip","twitter_misc":{"\u00c9crit par":"Cl\u00e9ment V\u00e9rit\u00e9","Dur\u00e9e de lecture estim\u00e9e":"4 minutes"},"schema":{"@context":"https:\/\/schema.org","@graph":[{"@type":"NewsArticle","@id":"https:\/\/www.newsendip.com\/fr\/le-ministre-russe-des-affaires-etrangeres-sergei-lavrov-annule-sa-visite-en-serbie\/#article","isPartOf":{"@id":"https:\/\/www.newsendip.com\/fr\/le-ministre-russe-des-affaires-etrangeres-sergei-lavrov-annule-sa-visite-en-serbie\/"},"author":{"name":"Cl\u00e9ment V\u00e9rit\u00e9","@id":"https:\/\/www.newsendip.com\/fr\/#\/schema\/person\/ea22c01755f464a3cbc2c619584d6363"},"headline":"Le ministre russe des Affaires \u00e9trang\u00e8res, Sergei Lavrov, annule sa visite en Serbie","datePublished":"2022-06-06T11:43:13+00:00","dateModified":"2023-09-05T15:59:19+00:00","mainEntityOfPage":{"@id":"https:\/\/www.newsendip.com\/fr\/le-ministre-russe-des-affaires-etrangeres-sergei-lavrov-annule-sa-visite-en-serbie\/"},"wordCount":845,"publisher":{"@id":"https:\/\/www.newsendip.com\/fr\/#organization"},"image":{"@id":"https:\/\/www.newsendip.com\/fr\/le-ministre-russe-des-affaires-etrangeres-sergei-lavrov-annule-sa-visite-en-serbie\/#primaryimage"},"thumbnailUrl":"https:\/\/www.newsendip.com\/wp-content\/uploads\/2022\/03\/Sergey-lavrov-russia-foreign-minister.webp","keywords":["Bulgarie","Russie","Serbie","Vieux"],"articleSection":["Politique"],"inLanguage":"fr-FR","copyrightYear":"2022","copyrightHolder":{"@id":"https:\/\/www.newsendip.com\/#organization"}},{"@type":"WebPage","@id":"https:\/\/www.newsendip.com\/fr\/le-ministre-russe-des-affaires-etrangeres-sergei-lavrov-annule-sa-visite-en-serbie\/","url":"https:\/\/www.newsendip.com\/fr\/le-ministre-russe-des-affaires-etrangeres-sergei-lavrov-annule-sa-visite-en-serbie\/","name":"Le ministre russe des Affaires \u00e9trang\u00e8res, Sergei Lavrov, annule sa visite en Serbie","isPartOf":{"@id":"https:\/\/www.newsendip.com\/fr\/#website"},"primaryImageOfPage":{"@id":"https:\/\/www.newsendip.com\/fr\/le-ministre-russe-des-affaires-etrangeres-sergei-lavrov-annule-sa-visite-en-serbie\/#primaryimage"},"image":{"@id":"https:\/\/www.newsendip.com\/fr\/le-ministre-russe-des-affaires-etrangeres-sergei-lavrov-annule-sa-visite-en-serbie\/#primaryimage"},"thumbnailUrl":"https:\/\/www.newsendip.com\/wp-content\/uploads\/2022\/03\/Sergey-lavrov-russia-foreign-minister.webp","datePublished":"2022-06-06T11:43:13+00:00","dateModified":"2023-09-05T15:59:19+00:00","description":"Le ministre russe des affaires \u00e9trang\u00e8res Sergei Lavrov a annul\u00e9 sa visite en Serbie et l'a justifi\u00e9e par le fait que la Bulgarie, la Mac\u00e9doine du Nord et le Mont\u00e9n\u00e9gro ont ferm\u00e9 leur espace a\u00e9rien aux avions russes. La visite avait eu de chances de se concr\u00e9tiser d\u00e8s le d\u00e9but.","breadcrumb":{"@id":"https:\/\/www.newsendip.com\/fr\/le-ministre-russe-des-affaires-etrangeres-sergei-lavrov-annule-sa-visite-en-serbie\/#breadcrumb"},"inLanguage":"fr-FR","potentialAction":[{"@type":"ReadAction","target":["https:\/\/www.newsendip.com\/fr\/le-ministre-russe-des-affaires-etrangeres-sergei-lavrov-annule-sa-visite-en-serbie\/"]}]},{"@type":"ImageObject","inLanguage":"fr-FR","@id":"https:\/\/www.newsendip.com\/fr\/le-ministre-russe-des-affaires-etrangeres-sergei-lavrov-annule-sa-visite-en-serbie\/#primaryimage","url":"https:\/\/www.newsendip.com\/wp-content\/uploads\/2022\/03\/Sergey-lavrov-russia-foreign-minister.webp","contentUrl":"https:\/\/www.newsendip.com\/wp-content\/uploads\/2022\/03\/Sergey-lavrov-russia-foreign-minister.webp","width":720,"height":480,"caption":"Sergei Lavrov, ministre russe des affaires \u00e9trang\u00e8res"},{"@type":"BreadcrumbList","@id":"https:\/\/www.newsendip.com\/fr\/le-ministre-russe-des-affaires-etrangeres-sergei-lavrov-annule-sa-visite-en-serbie\/#breadcrumb","itemListElement":[{"@type":"ListItem","position":1,"name":"Accueil","item":"https:\/\/www.newsendip.com\/fr\/"},{"@type":"ListItem","position":2,"name":"Le ministre russe des Affaires \u00e9trang\u00e8res, Sergei Lavrov, annule sa visite en Serbie"}]},{"@type":"WebSite","@id":"https:\/\/www.newsendip.com\/fr\/#website","url":"https:\/\/www.newsendip.com\/fr\/","name":"Newsendip","description":"Red\u00e9couvrez l&#039;actualit\u00e9 internationale","publisher":{"@id":"https:\/\/www.newsendip.com\/fr\/#organization"},"potentialAction":[{"@type":"SearchAction","target":{"@type":"EntryPoint","urlTemplate":"https:\/\/www.newsendip.com\/fr\/?s={search_term_string}"},"query-input":{"@type":"PropertyValueSpecification","valueRequired":true,"valueName":"search_term_string"}}],"inLanguage":"fr-FR"},{"@type":"Organization","@id":"https:\/\/www.newsendip.com\/fr\/#organization","name":"Newsendip","url":"https:\/\/www.newsendip.com\/fr\/","logo":{"@type":"ImageObject","inLanguage":"fr-FR","@id":"https:\/\/www.newsendip.com\/fr\/#\/schema\/logo\/image\/","url":"https:\/\/www.newsendip.com\/wp-content\/uploads\/2023\/12\/512x512.svg","contentUrl":"https:\/\/www.newsendip.com\/wp-content\/uploads\/2023\/12\/512x512.svg","width":1,"height":1,"caption":"Newsendip"},"image":{"@id":"https:\/\/www.newsendip.com\/fr\/#\/schema\/logo\/image\/"},"sameAs":["https:\/\/www.facebook.com\/newsendip","https:\/\/x.com\/newsendip","https:\/\/mastodon.social\/@newsendip","https:\/\/www.linkedin.com\/company\/newsendip"],"description":"Newsendip est un site qui a pour mission de rendre l'actualit\u00e9 internationale accessible et diversifi\u00e9e","email":"contact@newsendip.com","legalName":"Newsendip SAS","foundingDate":"2022-11-04","vatID":"FR60921124723","numberOfEmployees":{"@type":"QuantitativeValue","minValue":"1","maxValue":"10"},"publishingPrinciples":"https:\/\/www.newsendip.com\/about-us\/","ownershipFundingInfo":"https:\/\/www.newsendip.com\/legal-notice\/","actionableFeedbackPolicy":"https:\/\/www.newsendip.com\/about-us\/","correctionsPolicy":"https:\/\/www.newsendip.com\/about-us\/","ethicsPolicy":"https:\/\/www.newsendip.com\/about-us\/","diversityPolicy":"https:\/\/www.newsendip.com\/about-us\/"},{"@type":"Person","@id":"https:\/\/www.newsendip.com\/fr\/#\/schema\/person\/ea22c01755f464a3cbc2c619584d6363","name":"Cl\u00e9ment V\u00e9rit\u00e9","description":"Cl\u00e9ment is the executive editor and founder of Newsendip. He started in the media industry as a freelance reporter at 16 for a local French newspaper after school and has never left it. He later worked for seven years at The New York Times, notably as a data analyst. He holds a Master of Management in France and a Master of Arts in the United Kingdom in International Marketing &amp; Communications Strategy. He has lived in France, the United Kingdom, and Italy.","sameAs":["https:\/\/www.newsendip.com\/","https:\/\/www.linkedin.com\/in\/clementverite\/","https:\/\/x.com\/https:\/\/twitter.com\/cverite"],"knowsAbout":["News","International","Business","Media monitoring"],"knowsLanguage":["English","French","Italian","Spanish"],"url":"https:\/\/www.newsendip.com\/fr\/author\/clement-verite\/"}]}},"_links":{"self":[{"href":"https:\/\/www.newsendip.com\/fr\/wp-json\/wp\/v2\/posts\/17684","targetHints":{"allow":["GET"]}}],"collection":[{"href":"https:\/\/www.newsendip.com\/fr\/wp-json\/wp\/v2\/posts"}],"about":[{"href":"https:\/\/www.newsendip.com\/fr\/wp-json\/wp\/v2\/types\/post"}],"author":[{"embeddable":true,"href":"https:\/\/www.newsendip.com\/fr\/wp-json\/wp\/v2\/users\/1"}],"replies":[{"embeddable":true,"href":"https:\/\/www.newsendip.com\/fr\/wp-json\/wp\/v2\/comments?post=17684"}],"version-history":[{"count":0,"href":"https:\/\/www.newsendip.com\/fr\/wp-json\/wp\/v2\/posts\/17684\/revisions"}],"wp:featuredmedia":[{"embeddable":true,"href":"https:\/\/www.newsendip.com\/fr\/wp-json\/wp\/v2\/media\/14185"}],"wp:attachment":[{"href":"https:\/\/www.newsendip.com\/fr\/wp-json\/wp\/v2\/media?parent=17684"}],"wp:term":[{"taxonomy":"category","embeddable":true,"href":"https:\/\/www.newsendip.com\/fr\/wp-json\/wp\/v2\/categories?post=17684"},{"taxonomy":"post_tag","embeddable":true,"href":"https:\/\/www.newsendip.com\/fr\/wp-json\/wp\/v2\/tags?post=17684"}],"curies":[{"name":"wp","href":"https:\/\/api.w.org\/{rel}","templated":true}]}}