{"id":17881,"date":"2022-02-23T13:03:50","date_gmt":"2022-02-23T12:03:50","guid":{"rendered":"https:\/\/www.newsendip.com\/?p=17881"},"modified":"2024-07-18T16:07:47","modified_gmt":"2024-07-18T14:07:47","slug":"sadapter-a-une-nouvelle-economie-et-recycler-les-avions-de-ligne-en-avions-cargos","status":"publish","type":"post","link":"https:\/\/www.newsendip.com\/fr\/sadapter-a-une-nouvelle-economie-et-recycler-les-avions-de-ligne-en-avions-cargos\/","title":{"rendered":"S\u2019adapter \u00e0 une nouvelle \u00e9conomie et recycler les avions de ligne en avions-cargos"},"content":{"rendered":"<p><strong>Alors que le transport a\u00e9rien a \u00e9t\u00e9 s\u00e9v\u00e8rement touch\u00e9 par la pand\u00e9mie de COVID-19 et que les achats en ligne ont explos\u00e9, la conversion des avions de ligne en avions-cargos est apparue comme une opportunit\u00e9.<br>\n<\/strong><\/p>\n<figure id=\"attachment_14110\" aria-describedby=\"caption-attachment-14110\" style=\"width: 825px\" class=\"wp-caption aligncenter\"><img decoding=\"async\" class=\"size-full wp-image-14110\" src=\"https:\/\/www.newsendip.com\/wp-content\/uploads\/2022\/02\/conversion-passenger-plane-cargo-jet.webp\" alt=\"Conversion d'un avion de ligne en avion-cargo en d\u00e9coupant une ouverture pour une porte dans un B777-300ER\" width=\"825\" height=\"515\" srcset=\"https:\/\/www.newsendip.com\/wp-content\/uploads\/2022\/02\/conversion-passenger-plane-cargo-jet.webp 825w, https:\/\/www.newsendip.com\/wp-content\/uploads\/2022\/02\/conversion-passenger-plane-cargo-jet-60x37.webp 60w, https:\/\/www.newsendip.com\/wp-content\/uploads\/2022\/02\/conversion-passenger-plane-cargo-jet-300x187.webp 300w, https:\/\/www.newsendip.com\/wp-content\/uploads\/2022\/02\/conversion-passenger-plane-cargo-jet-768x479.webp 768w\" sizes=\"(max-width: 825px) 100vw, 825px\"><figcaption id=\"caption-attachment-14110\" class=\"wp-caption-text\">Conversion d\u2019un avion de ligne en avion-cargo en d\u00e9coupant une ouverture pour une porte dans un B777-300ER | \u00a9&nbsp;IAI<\/figcaption><\/figure>\n<p>Pour Israel Aerospace Industries, une entreprise a\u00e9rospatiale d\u2019\u00c9tat, la croissance du commerce \u00e9lectronique et de l\u2019industrie du transport maritime appara\u00eet comme une opportunit\u00e9. Elle transforme des avions de ligne clou\u00e9s au sol en avions de transports pour des g\u00e9ants mondiaux comme Amazon, DHL et&nbsp;UPS.<\/p>\n<p>Selon l\u2019entreprise, elle transforme d\u00e9sormais 25 avions par an contre 18 avant la pand\u00e9mie de COVID-19. Les responsables affirment que le carnet de commande est rempli pour les quatre prochaines ann\u00e9es.<\/p>\n<p>La soci\u00e9t\u00e9 avance qu\u2019une conversion, qui co\u00fbte environ 35 millions de dollars par avion, est beaucoup plus \u00e9conomique que l\u2019achat d\u2019un nouvel avion-cargo quatre ou cinq fois plus cher. Elle peut <a href=\"https:\/\/www.newsendip.com\/fr\/la-lettonie-introduit-un-systeme-de-consigne-des-bouteilles-a-lechelle-nationale-afin-dameliorer-la-gestion-des-dechets\/\">recycler<\/a> les Boeing 737 ainsi que les plus volumineux 767. La compagnie a annonc\u00e9 le 15 f\u00e9vrier qu\u2019elle avait achev\u00e9 sa 100e conversion d\u2019un B767-300, revendiquant ainsi la premi\u00e8re place mondiale des conversions de ce mod\u00e8le. La premi\u00e8re conversion d\u2019un Boeing 777 aura bient\u00f4t lieu \u00e0 Abu Dhabi, les relations entre les \u00c9mirats arabes unis et Isra\u00ebl s\u2019\u00e9tant r\u00e9chauff\u00e9es depuis les accords d\u2019Abraham.<\/p>\n<p>La conversion d\u2019un avion prend environ 3 mois et le processus ne se limite pas \u00e0 retirer les si\u00e8ges et \u00e0 installer de nouvelles portes. Apr\u00e8s sa conversion, un B\u2011767 est capable de transporter 60 tonnes de marchandises sur deux \u00e9tages.<\/p>\n<p>Les achats en ligne ont explos\u00e9 pendant la pand\u00e9mie, la demande pour les livraisons est mont\u00e9e en fl\u00e8che et les co\u00fbts avec. Amazon, par exemple, a augment\u00e9 son abonnement Prime \u00e0 partir du 18 f\u00e9vrier aux <a href=\"https:\/\/www.newsendip.com\/fr\/etiquette\/etats-unis\/\">\u00c9tats-Unis<\/a>, le faisant passer de 119 \u00e0 139 dollars, justifi\u00e9 en partie par la hausse des frais d\u2019exp\u00e9dition.<\/p>\n<h2>Un march\u00e9 viable \u00e0 long&nbsp;terme\u202f?<\/h2>\n<p>Avant la crise, 50\u202f% du fret a\u00e9rien mondial \u00e9tait constitu\u00e9 des avions de lignes. Mais lorsque la pand\u00e9mie a commenc\u00e9, quelque 80\u202f% des avions commerciaux ont cess\u00e9 de voler. Le<a href=\"https:\/\/www.newsendip.com\/fr\/faible-approvisionnement-de-certains-produits-alimentaires-dans-lextreme-orient-russe\/\"> prix du fret exp\u00e9di\u00e9 par voie maritime<\/a> s\u2019est envol\u00e9. Les transporteurs a\u00e9riens de marchandises avaient besoin d\u2019une solution de rechange et les avions de transport de passagers clou\u00e9s au sol leur ont fourni cette solution.<\/p>\n<p>Alors que la pand\u00e9mie s\u2019\u00e9loigne, on ne sait toujours pas si les personnes perdront leurs habitudes d\u2019achat en ligne m\u00eame si les restrictions de voyage s\u2019estompent.<\/p>\n<p>Malgr\u00e9 un rebond des voyages a\u00e9riens, le <a href=\"https:\/\/www.newsendip.com\/fr\/le-tourisme-international-en-guere-meilleure-posture-en-2021-malgre-une-croissance-des-revenus-de-19\/\">tourisme international ne pr\u00e9voit pas de retour aux niveaux d\u2019avant la pand\u00e9mie avant 2024<\/a>. Elle reporte r\u00e9guli\u00e8rement ses pr\u00e9visions de six&nbsp;mois.<\/p>\n<p>\u00ab\u202f<em>Nous ne pr\u00e9voyons pas de reprise du r\u00e9seau passagers avant plusieurs ann\u00e9es<\/em>\u202f\u00bb, a d\u00e9clar\u00e9 Glyn Hughes, directeur g\u00e9n\u00e9ral de l\u2019Association internationale du transport a\u00e9rien. La demande de fret a\u00e9rien, a\u2011t-il ajout\u00e9, devrait augmenter de 5\u202f% par an. Entre-temps, l\u2019International Trade Administration, qui fait partie du d\u00e9partement du commerce des \u00c9tats-Unis, pr\u00e9voit que les ventes mondiales de commerce \u00e9lectronique continueront de cro\u00eetre d\u2019environ 8\u202f% par an jusqu\u2019en 2024.<\/p>\n<p>IAI n\u2019est pas le seul acteur du march\u00e9, en concurrence par exemple avec Boeing, mais l\u2019entreprise isra\u00e9lienne s\u2019est impos\u00e9e comme un acteur de premier plan.<\/p>\n<p>Cependant, Richard Aboulafia, directeur g\u00e9n\u00e9ral de la soci\u00e9t\u00e9 de conseil Aerodynamic Advisory bas\u00e9e dans le Michigan, a estim\u00e9e que si la demande d\u2019avions r\u00e9am\u00e9nag\u00e9s est solide, il y a un risque qu\u2019IAI et d\u2019autres de trop miser sur ce march\u00e9. \u00ab\u202f<em>Il y a ce risque&nbsp;: la demande restera-t-elle \u00e9lev\u00e9e\u202f?<\/em>\u202f\u00bb, s\u2019est-il interrog\u00e9.<\/p>\n<p><a href=\"https:\/\/www.newsendip.com\/fr\/etiquette\/israel-fr\/\"><strong>D\u00e9couvrez plus d\u2019actualit\u00e9s sur Isra\u00ebl<\/strong><\/a><\/p>\n","protected":false},"excerpt":{"rendered":"<p>Alors que le transport a\u00e9rien a \u00e9t\u00e9 s\u00e9v\u00e8rement touch\u00e9 par la pand\u00e9mie de COVID-19 et que les achats en ligne ont explos\u00e9, la conversion des avions de ligne en avions-cargos est apparue comme une opportunit\u00e9.<\/p>\n","protected":false},"author":4,"featured_media":14110,"comment_status":"closed","ping_status":"closed","sticky":false,"template":"","format":"standard","meta":{"wp_typography_post_enhancements_disabled":false,"footnotes":""},"categories":[414],"tags":[485,523,421],"class_list":["post-17881","post","type-post","status-publish","format-standard","has-post-thumbnail","hentry","category-economie","tag-israel-fr","tag-monde","tag-vieux"],"yoast_head":"<!-- This site is optimized with the Yoast SEO Premium plugin v27.4 (Yoast SEO v27.4) - https:\/\/yoast.com\/product\/yoast-seo-premium-wordpress\/ -->\n<title>S&#039;adapter \u00e0 une nouvelle \u00e9conomie et recycler les avions de ligne en avions-cargos<\/title>\n<meta name=\"description\" content=\"Alors que le transport a\u00e9rien a \u00e9t\u00e9 s\u00e9v\u00e8rement touch\u00e9 par la pand\u00e9mie de COVID-19 et que les achats en ligne ont explos\u00e9, la conversion des avions de ligne en avions-cargos est apparue comme une opportunit\u00e9.\" \/>\n<meta name=\"robots\" content=\"index, follow, max-snippet:-1, max-image-preview:large, max-video-preview:-1\" \/>\n<link rel=\"canonical\" href=\"https:\/\/www.newsendip.com\/fr\/sadapter-a-une-nouvelle-economie-et-recycler-les-avions-de-ligne-en-avions-cargos\/\" \/>\n<meta property=\"og:locale\" content=\"fr_FR\" \/>\n<meta property=\"og:type\" content=\"article\" \/>\n<meta property=\"og:title\" content=\"S&#039;adapter \u00e0 une nouvelle \u00e9conomie et recycler les avions de ligne en avions-cargos\" \/>\n<meta property=\"og:description\" content=\"Alors que le transport a\u00e9rien a \u00e9t\u00e9 s\u00e9v\u00e8rement touch\u00e9 par la pand\u00e9mie de COVID-19 et que les achats en ligne ont explos\u00e9, la conversion des avions de ligne en avions-cargos est apparue comme une opportunit\u00e9.\" \/>\n<meta property=\"og:url\" content=\"https:\/\/www.newsendip.com\/fr\/sadapter-a-une-nouvelle-economie-et-recycler-les-avions-de-ligne-en-avions-cargos\/\" \/>\n<meta property=\"og:site_name\" content=\"Newsendip\" \/>\n<meta property=\"article:publisher\" content=\"https:\/\/www.facebook.com\/newsendip\" \/>\n<meta property=\"article:published_time\" content=\"2022-02-23T12:03:50+00:00\" \/>\n<meta property=\"article:modified_time\" content=\"2024-07-18T14:07:47+00:00\" \/>\n<meta property=\"og:image\" content=\"https:\/\/www.newsendip.com\/wp-content\/uploads\/2022\/02\/conversion-passenger-plane-cargo-jet-progressive.jpeg\" \/>\n\t<meta property=\"og:image:width\" content=\"825\" \/>\n\t<meta property=\"og:image:height\" content=\"515\" \/>\n\t<meta property=\"og:image:type\" content=\"image\/jpeg\" \/>\n<meta name=\"author\" content=\"Newsendip with AP\" \/>\n<meta name=\"twitter:card\" content=\"summary_large_image\" \/>\n<meta name=\"twitter:image\" content=\"https:\/\/www.newsendip.com\/wp-content\/uploads\/2022\/02\/conversion-passenger-plane-cargo-jet-progressive.jpeg\" \/>\n<meta name=\"twitter:creator\" content=\"@newsendip\" \/>\n<meta name=\"twitter:site\" content=\"@newsendip\" \/>\n<meta name=\"twitter:label1\" content=\"\u00c9crit par\" \/>\n\t<meta name=\"twitter:data1\" content=\"Newsendip avec AP\" \/>\n\t<meta name=\"twitter:label2\" content=\"Dur\u00e9e de lecture estim\u00e9e\" \/>\n\t<meta name=\"twitter:data2\" content=\"3 minutes\" \/>\n<!-- \/ Yoast SEO Premium plugin. -->","yoast_head_json":{"title":"S'adapter \u00e0 une nouvelle \u00e9conomie et recycler les avions de ligne en avions-cargos","description":"Alors que le transport a\u00e9rien a \u00e9t\u00e9 s\u00e9v\u00e8rement touch\u00e9 par la pand\u00e9mie de COVID-19 et que les achats en ligne ont explos\u00e9, la conversion des avions de ligne en avions-cargos est apparue comme une opportunit\u00e9.","robots":{"index":"index","follow":"follow","max-snippet":"max-snippet:-1","max-image-preview":"max-image-preview:large","max-video-preview":"max-video-preview:-1"},"canonical":"https:\/\/www.newsendip.com\/fr\/sadapter-a-une-nouvelle-economie-et-recycler-les-avions-de-ligne-en-avions-cargos\/","og_locale":"fr_FR","og_type":"article","og_title":"S'adapter \u00e0 une nouvelle \u00e9conomie et recycler les avions de ligne en avions-cargos","og_description":"Alors que le transport a\u00e9rien a \u00e9t\u00e9 s\u00e9v\u00e8rement touch\u00e9 par la pand\u00e9mie de COVID-19 et que les achats en ligne ont explos\u00e9, la conversion des avions de ligne en avions-cargos est apparue comme une opportunit\u00e9.","og_url":"https:\/\/www.newsendip.com\/fr\/sadapter-a-une-nouvelle-economie-et-recycler-les-avions-de-ligne-en-avions-cargos\/","og_site_name":"Newsendip","article_publisher":"https:\/\/www.facebook.com\/newsendip","article_published_time":"2022-02-23T12:03:50+00:00","article_modified_time":"2024-07-18T14:07:47+00:00","og_image":[{"width":825,"height":515,"url":"https:\/\/www.newsendip.com\/wp-content\/uploads\/2022\/02\/conversion-passenger-plane-cargo-jet-progressive.jpeg","type":"image\/jpeg"}],"author":"Newsendip with AP","twitter_card":"summary_large_image","twitter_image":"https:\/\/www.newsendip.com\/wp-content\/uploads\/2022\/02\/conversion-passenger-plane-cargo-jet-progressive.jpeg","twitter_creator":"@newsendip","twitter_site":"@newsendip","twitter_misc":{"\u00c9crit par":"Newsendip avec AP","Dur\u00e9e de lecture estim\u00e9e":"3 minutes"},"schema":{"@context":"https:\/\/schema.org","@graph":[{"@type":"NewsArticle","@id":"https:\/\/www.newsendip.com\/fr\/sadapter-a-une-nouvelle-economie-et-recycler-les-avions-de-ligne-en-avions-cargos\/#article","isPartOf":{"@id":"https:\/\/www.newsendip.com\/fr\/sadapter-a-une-nouvelle-economie-et-recycler-les-avions-de-ligne-en-avions-cargos\/"},"author":{"name":"Newsendip with AP","@id":"https:\/\/www.newsendip.com\/fr\/#\/schema\/person\/b39c439f25219d252080349ee96644f3"},"headline":"S\u2019adapter \u00e0 une nouvelle \u00e9conomie et recycler les avions de ligne en avions-cargos","datePublished":"2022-02-23T12:03:50+00:00","dateModified":"2024-07-18T14:07:47+00:00","mainEntityOfPage":{"@id":"https:\/\/www.newsendip.com\/fr\/sadapter-a-une-nouvelle-economie-et-recycler-les-avions-de-ligne-en-avions-cargos\/"},"wordCount":691,"publisher":{"@id":"https:\/\/www.newsendip.com\/fr\/#organization"},"image":{"@id":"https:\/\/www.newsendip.com\/fr\/sadapter-a-une-nouvelle-economie-et-recycler-les-avions-de-ligne-en-avions-cargos\/#primaryimage"},"thumbnailUrl":"https:\/\/www.newsendip.com\/wp-content\/uploads\/2022\/02\/conversion-passenger-plane-cargo-jet.webp","keywords":["Isra\u00ebl","Monde","Vieux"],"articleSection":["\u00c9conomie"],"inLanguage":"fr-FR","copyrightYear":"2022","copyrightHolder":{"@id":"https:\/\/www.newsendip.com\/#organization"}},{"@type":"WebPage","@id":"https:\/\/www.newsendip.com\/fr\/sadapter-a-une-nouvelle-economie-et-recycler-les-avions-de-ligne-en-avions-cargos\/","url":"https:\/\/www.newsendip.com\/fr\/sadapter-a-une-nouvelle-economie-et-recycler-les-avions-de-ligne-en-avions-cargos\/","name":"S'adapter \u00e0 une nouvelle \u00e9conomie et recycler les avions de ligne en avions-cargos","isPartOf":{"@id":"https:\/\/www.newsendip.com\/fr\/#website"},"primaryImageOfPage":{"@id":"https:\/\/www.newsendip.com\/fr\/sadapter-a-une-nouvelle-economie-et-recycler-les-avions-de-ligne-en-avions-cargos\/#primaryimage"},"image":{"@id":"https:\/\/www.newsendip.com\/fr\/sadapter-a-une-nouvelle-economie-et-recycler-les-avions-de-ligne-en-avions-cargos\/#primaryimage"},"thumbnailUrl":"https:\/\/www.newsendip.com\/wp-content\/uploads\/2022\/02\/conversion-passenger-plane-cargo-jet.webp","datePublished":"2022-02-23T12:03:50+00:00","dateModified":"2024-07-18T14:07:47+00:00","description":"Alors que le transport a\u00e9rien a \u00e9t\u00e9 s\u00e9v\u00e8rement touch\u00e9 par la pand\u00e9mie de COVID-19 et que les achats en ligne ont explos\u00e9, la conversion des avions de ligne en avions-cargos est apparue comme une opportunit\u00e9.","breadcrumb":{"@id":"https:\/\/www.newsendip.com\/fr\/sadapter-a-une-nouvelle-economie-et-recycler-les-avions-de-ligne-en-avions-cargos\/#breadcrumb"},"inLanguage":"fr-FR","potentialAction":[{"@type":"ReadAction","target":["https:\/\/www.newsendip.com\/fr\/sadapter-a-une-nouvelle-economie-et-recycler-les-avions-de-ligne-en-avions-cargos\/"]}]},{"@type":"ImageObject","inLanguage":"fr-FR","@id":"https:\/\/www.newsendip.com\/fr\/sadapter-a-une-nouvelle-economie-et-recycler-les-avions-de-ligne-en-avions-cargos\/#primaryimage","url":"https:\/\/www.newsendip.com\/wp-content\/uploads\/2022\/02\/conversion-passenger-plane-cargo-jet.webp","contentUrl":"https:\/\/www.newsendip.com\/wp-content\/uploads\/2022\/02\/conversion-passenger-plane-cargo-jet.webp","width":825,"height":515,"caption":"Conversion d'un avion de ligne en avion-cargo en d\u00e9coupant une ouverture pour une porte dans un B777-300ER | \u00a9 IAI"},{"@type":"BreadcrumbList","@id":"https:\/\/www.newsendip.com\/fr\/sadapter-a-une-nouvelle-economie-et-recycler-les-avions-de-ligne-en-avions-cargos\/#breadcrumb","itemListElement":[{"@type":"ListItem","position":1,"name":"Accueil","item":"https:\/\/www.newsendip.com\/fr\/"},{"@type":"ListItem","position":2,"name":"S&#8217;adapter \u00e0 une nouvelle \u00e9conomie et recycler les avions de ligne en avions-cargos"}]},{"@type":"WebSite","@id":"https:\/\/www.newsendip.com\/fr\/#website","url":"https:\/\/www.newsendip.com\/fr\/","name":"Newsendip","description":"Red\u00e9couvrez l&#039;actualit\u00e9 internationale","publisher":{"@id":"https:\/\/www.newsendip.com\/fr\/#organization"},"potentialAction":[{"@type":"SearchAction","target":{"@type":"EntryPoint","urlTemplate":"https:\/\/www.newsendip.com\/fr\/?s={search_term_string}"},"query-input":{"@type":"PropertyValueSpecification","valueRequired":true,"valueName":"search_term_string"}}],"inLanguage":"fr-FR"},{"@type":"Organization","@id":"https:\/\/www.newsendip.com\/fr\/#organization","name":"Newsendip","url":"https:\/\/www.newsendip.com\/fr\/","logo":{"@type":"ImageObject","inLanguage":"fr-FR","@id":"https:\/\/www.newsendip.com\/fr\/#\/schema\/logo\/image\/","url":"https:\/\/www.newsendip.com\/wp-content\/uploads\/2023\/12\/512x512.svg","contentUrl":"https:\/\/www.newsendip.com\/wp-content\/uploads\/2023\/12\/512x512.svg","width":1,"height":1,"caption":"Newsendip"},"image":{"@id":"https:\/\/www.newsendip.com\/fr\/#\/schema\/logo\/image\/"},"sameAs":["https:\/\/www.facebook.com\/newsendip","https:\/\/x.com\/newsendip","https:\/\/mastodon.social\/@newsendip","https:\/\/www.linkedin.com\/company\/newsendip"],"description":"Newsendip est un site qui a pour mission de rendre l'actualit\u00e9 internationale accessible et diversifi\u00e9e","email":"contact@newsendip.com","legalName":"Newsendip SAS","foundingDate":"2022-11-04","vatID":"FR60921124723","numberOfEmployees":{"@type":"QuantitativeValue","minValue":"1","maxValue":"10"},"publishingPrinciples":"https:\/\/www.newsendip.com\/about-us\/","ownershipFundingInfo":"https:\/\/www.newsendip.com\/legal-notice\/","actionableFeedbackPolicy":"https:\/\/www.newsendip.com\/about-us\/","correctionsPolicy":"https:\/\/www.newsendip.com\/about-us\/","ethicsPolicy":"https:\/\/www.newsendip.com\/about-us\/","diversityPolicy":"https:\/\/www.newsendip.com\/about-us\/"},{"@type":"Person","@id":"https:\/\/www.newsendip.com\/fr\/#\/schema\/person\/b39c439f25219d252080349ee96644f3","name":"Newsendip with AP","description":"Newsendip newsroom articles with the support of Associated Press newswire","knowsAbout":["News"],"url":"https:\/\/www.newsendip.com\/fr\/author\/newsendip-associated-press\/"}]}},"_links":{"self":[{"href":"https:\/\/www.newsendip.com\/fr\/wp-json\/wp\/v2\/posts\/17881","targetHints":{"allow":["GET"]}}],"collection":[{"href":"https:\/\/www.newsendip.com\/fr\/wp-json\/wp\/v2\/posts"}],"about":[{"href":"https:\/\/www.newsendip.com\/fr\/wp-json\/wp\/v2\/types\/post"}],"author":[{"embeddable":true,"href":"https:\/\/www.newsendip.com\/fr\/wp-json\/wp\/v2\/users\/4"}],"replies":[{"embeddable":true,"href":"https:\/\/www.newsendip.com\/fr\/wp-json\/wp\/v2\/comments?post=17881"}],"version-history":[{"count":0,"href":"https:\/\/www.newsendip.com\/fr\/wp-json\/wp\/v2\/posts\/17881\/revisions"}],"wp:featuredmedia":[{"embeddable":true,"href":"https:\/\/www.newsendip.com\/fr\/wp-json\/wp\/v2\/media\/14110"}],"wp:attachment":[{"href":"https:\/\/www.newsendip.com\/fr\/wp-json\/wp\/v2\/media?parent=17881"}],"wp:term":[{"taxonomy":"category","embeddable":true,"href":"https:\/\/www.newsendip.com\/fr\/wp-json\/wp\/v2\/categories?post=17881"},{"taxonomy":"post_tag","embeddable":true,"href":"https:\/\/www.newsendip.com\/fr\/wp-json\/wp\/v2\/tags?post=17881"}],"curies":[{"name":"wp","href":"https:\/\/api.w.org\/{rel}","templated":true}]}}