{"id":17926,"date":"2022-06-14T17:36:41","date_gmt":"2022-06-14T15:36:41","guid":{"rendered":"https:\/\/www.newsendip.com\/?p=17926"},"modified":"2025-08-08T13:10:32","modified_gmt":"2025-08-08T11:10:32","slug":"les-deputes-de-norvege-avaient-gele-leur-remuneration-lannee-derniere-laugmentation-de-2022-compensera","status":"publish","type":"post","link":"https:\/\/www.newsendip.com\/fr\/les-deputes-de-norvege-avaient-gele-leur-remuneration-lannee-derniere-laugmentation-de-2022-compensera\/","title":{"rendered":"Les d\u00e9put\u00e9s de Norv\u00e8ge avaient gel\u00e9 leur r\u00e9mun\u00e9ration l\u2019ann\u00e9e derni\u00e8re. L\u2019augmentation de 2022 devrait compenser"},"content":{"rendered":"<p><strong>Les membres du parlement de Norv\u00e8ge \u00e9taient cens\u00e9s geler leur r\u00e9mun\u00e9ration. Mais ils auront finalement une augmentation, non seulement pour 2022 mais aussi pour&nbsp;2021.<br>\n<\/strong><\/p>\n<figure id=\"attachment_17958\" aria-describedby=\"caption-attachment-17958\" style=\"width: 1024px\" class=\"wp-caption aligncenter\"><img decoding=\"async\" class=\"size-large wp-image-17958\" src=\"https:\/\/www.newsendip.com\/wp-content\/uploads\/2022\/06\/storting-norwegian-parliament-1024x684.webp\" alt=\"Le Storting, le parlement monocam\u00e9ral de Norv\u00e8ge\" width=\"1024\" height=\"684\" srcset=\"https:\/\/www.newsendip.com\/wp-content\/uploads\/2022\/06\/storting-norwegian-parliament-1024x684.webp 1024w, https:\/\/www.newsendip.com\/wp-content\/uploads\/2022\/06\/storting-norwegian-parliament-60x40.webp 60w, https:\/\/www.newsendip.com\/wp-content\/uploads\/2022\/06\/storting-norwegian-parliament-720x480.webp 720w, https:\/\/www.newsendip.com\/wp-content\/uploads\/2022\/06\/storting-norwegian-parliament-300x200.webp 300w, https:\/\/www.newsendip.com\/wp-content\/uploads\/2022\/06\/storting-norwegian-parliament-768x513.webp 768w, https:\/\/www.newsendip.com\/wp-content\/uploads\/2022\/06\/storting-norwegian-parliament-1536x1025.webp 1536w, https:\/\/www.newsendip.com\/wp-content\/uploads\/2022\/06\/storting-norwegian-parliament.webp 2048w\" sizes=\"(max-width: 1024px) 100vw, 1024px\"><figcaption id=\"caption-attachment-17958\" class=\"wp-caption-text\">Le Storting, le parlement monocam\u00e9ral de Norv\u00e8ge | \u00a9 Stortinget, Avril&nbsp;2021<\/figcaption><\/figure>\n<p>Les politiques norv\u00e9giens sont confront\u00e9s \u00e0 une \u00e9rosion de la confiance de la population envers ses dirigeants et il a \u00e9t\u00e9 d\u00e9cid\u00e9 en 2019 de geler les r\u00e9mun\u00e9rations des membres du parlement et du gouvernement. Cette d\u00e9cision fut \u00e9galement prise compte tenu du contexte difficile pour la population avec la pand\u00e9mie de COVID-19.<\/p>\n<p>Mais il est fort probable que les membres du Storting, le parlement monocam\u00e9ral norv\u00e9gien auront finalement une augmentation pour 2022 et 2021, \u00e0 hauteur de 76 321 couronnes brutes par an (7 337 euros), soit +7.7\u202f% entre 2022 et 2019. L\u2019augmentation de la r\u00e9mun\u00e9ration en 2020 reste gel\u00e9e, mais le gel pour 2021 ne sera qu\u2019un report.<\/p>\n<p>Le pr\u00e9sident du Storting a finalement accept\u00e9 de suivre la recommendation du comit\u00e9 de r\u00e9mun\u00e9ration et soutenue par trois partis politiques capables d\u2019obtenir une majorit\u00e9 au parlement.<\/p>\n<p>Si la nouvelle r\u00e9mun\u00e9ration est adopt\u00e9e, les membres du parlement seront pay\u00e9s 1 064 318 couronnes brutes par an (102 319 euros) \u00e0 partir du 1er mai, les membres du gouvernement 1 518 999 couronnes (146 030 euros), et le premier ministre et le pr\u00e9sident du Storting 1 869 761 couronnes (179 750 euros). Ce sera la premi\u00e8re fois que les membres du Parlement norv\u00e9gien seront pay\u00e9s plus d\u2019un million de couronnes par an, \u00e0 peu pr\u00e8s le double du salaire moyen en Norv\u00e8ge.<\/p>\n<h2>Une augmentation de 7,7\u202f% pour la r\u00e9mun\u00e9ration des parlementaires entre 2019 et&nbsp;2022<\/h2>\n<p><!--more--><\/p>\n<p>La <a href=\"https:\/\/www.stortinget.no\/en\/In-English\/Members-of-the-Storting\/Financial-support\/\">r\u00e9mun\u00e9ration des parlementaires en Norv\u00e8ge<\/a> est d\u00e9cid\u00e9e par le Storting lui-m\u00eame, sur la base de la recommandation annuelle d\u2019un Comit\u00e9 de R\u00e9mun\u00e9ration s\u00e9par\u00e9 cr\u00e9\u00e9 en 1996. La r\u00e9mun\u00e9ration, qui n\u2019est pas consid\u00e9r\u00e9e comme un salaire, d\u2019un membre du Storting \u00e9tait de 987 997 couronnes brutes par an (94 982 euros) au 1er mai 2019. Ils b\u00e9n\u00e9ficient \u00e9galement d\u2019autres avantages tels que la prise en charge des frais de d\u00e9placement et de t\u00e9l\u00e9phonie.<\/p>\n<p>Le comit\u00e9 \u00e9value \u00e9galement la r\u00e9mun\u00e9ration des membres du gouvernement, qui \u00e9tait de 1 410 073 couronnes brutes en 2019. Cette r\u00e9mun\u00e9ration est li\u00e9e \u00e0 celle du premier ministre. La r\u00e9mun\u00e9ration du pr\u00e9sident du Storting \u00e9tait la m\u00eame que celle du premier ministre&nbsp;: 1 735 682 couronnes brutes par&nbsp;an.<\/p>\n<p>La r\u00e9mun\u00e9ration et les augmentations de salaire des \u00e9lus locaux et de nombreux employ\u00e9s du secteur public sont \u00e9galement li\u00e9es \u00e0 celles des plus hauts responsables politiques.<\/p>\n<p>Mais le avril 2020, une autre commission a \u00e9t\u00e9 mise en place pour auditer tous les r\u00e9gimes de r\u00e9mun\u00e9ration des \u00e9lus publics. Un <a href=\"https:\/\/www.stortinget.no\/no\/Saker-og-publikasjoner\/Publikasjoner\/Dokumentserien\/2021-2022\/dok18-202122\/?m=0\">rapport interm\u00e9diaire fut publi\u00e9<\/a> en mai 2022 et l\u2019\u00e9valuation finale devrait \u00eatre pr\u00eat fin janvier 2023.<\/p>\n<p>Les r\u00e9mun\u00e9rations des d\u00e9put\u00e9s et des membres du gouvernement \u00e9taient cens\u00e9es rester inchang\u00e9es pendant la dur\u00e9e des d\u00e9lib\u00e9rations de la commission. Par cons\u00e9quent, aucun ajustement ne fut apport\u00e9 \u00e0 la r\u00e9mun\u00e9ration des d\u00e9put\u00e9s en mai&nbsp;2020.<\/p>\n<p>Cet audit de toutes les compensations et avantages fut mis en place alors que <a href=\"https:\/\/www.newsendip.com\/fr\/une-confiance-dans-ses-dirigeants-facteur-cle-de-la-norvege-dans-la-gestion-de-la-pandemie-de-covid-19\/\">la confiance \u00e9lev\u00e9e de la population norv\u00e9gienne envers ses dirigeants<\/a> s\u2019est \u00e9rod\u00e9 avec plusieurs controverses derni\u00e8rement, comme celle concernant le programme de logements qui a fini par <a href=\"https:\/\/www.newsendip.com\/fr\/en-norvege-le-scandale-des-avantages-en-nature-des-politiques-atteint-la-presidente-du-parlement\/\">contraindre l\u2019ancienne pr\u00e9sidente du Storting Eva Kristin Hansen \u00e0 d\u00e9missionner.<\/a><\/p>\n<p>En 2021, l\u2019augmentation a \u00e9t\u00e9 gel\u00e9e en tenant aussi compte du contexte de la pand\u00e9mie de COVID-19. Mais il s\u2019av\u00e8re qu\u2019il ne s\u2019agit finalement que d\u2019un report. La r\u00e9mun\u00e9ration des parlementaires augmentera de 76 321 couronnes par an (7 337 euros), passant de 987 997 \u00e0 1 064 318 couronnes entre 2019 et 2022, soit une hausse de 7,7\u202f%.<\/p>\n<p>Le comit\u00e9 des r\u00e9mun\u00e9rations le 2 juin a propos\u00e9 d\u2019appliquer une augmentation de 3,7\u202f% pour 2022 \u00e0 la suite de l\u2019accord sur l\u2019augmentation g\u00e9n\u00e9rale des salaires de 3,7\u202f% (l\u2019inflation devrait \u00eatre de 3,3\u202f% cette ann\u00e9e en Norv\u00e8ge). Mais l\u2019ajustement serait \u00e9galement calcul\u00e9 apr\u00e8s avoir appliqu\u00e9 une premi\u00e8re augmentation de 2,7\u202f% pour&nbsp;2021.<\/p>\n<p>La hausse de la r\u00e9mun\u00e9ration proratis\u00e9e au temps sera de 5,1\u202f% en 2022, les ajustements s\u2019appliquant en mai. Mais l\u2019augmentation annuelle r\u00e9elle, bas\u00e9e sur la valeur des r\u00e9mun\u00e9rations annuelles brutes propos\u00e9es par le comit\u00e9, sera de 7,7\u202f%.<\/p>\n<p>En 2021, la r\u00e9mun\u00e9ration des parlementaires aurait \u00e9t\u00e9 de 1 028 011 couronnes par an, soit une augmentation annuelle effective de 4,05\u202f% par rapport \u00e0 2019. En 2022, elle devrait \u00eatre de 1 064 318 couronnes par an, soit une augmentation de 3,53\u202f% par rapport \u00e0 2021. Les augmentations de la r\u00e9mun\u00e9ration du Premier ministre et des membres du gouvernement suivent les m\u00eames pourcentages.<\/p>\n<p>L\u2019augmentation de 2021 ne sera toutefois pas appliqu\u00e9e r\u00e9troactivement, ce qui signifie que le montant ajust\u00e9 ne prendra effet qu\u2019\u00e0 partir du 1er mai 2022. Le gel d\u00e9cid\u00e9 pour 2020 a \u00e9galement \u00e9t\u00e9 maintenu.<\/p>\n<h2>Une faible majorit\u00e9 au Parlement peut approuver l\u2019augmentation \u00ab\u202fsobre\u202f\u00bb<\/h2>\n<p>Il y a quelques mois, une pr\u00e9c\u00e9dente recommandation de la commission, 45 000 couronnes pour 2020 et 2021, avait d\u00e9j\u00e0 suscit\u00e9 la controverse et avait \u00e9t\u00e9 rejet\u00e9e par le pr\u00e9sident du Storting Masud Gharahkhani.<\/p>\n<p>Plus modeste que celle qui va \u00eatre vot\u00e9e, elle aurait d\u00e9j\u00e0 permis aux repr\u00e9sentants du pays d\u2019obtenir une r\u00e9mun\u00e9ration sup\u00e9rieure au seuil symbolique d\u2019un million de couronnes par an (96 136&nbsp;euros).<\/p>\n<p>Le parti travailliste, qui <a href=\"https:\/\/www.newsendip.com\/fr\/la-norvege-et-le-dilemme-entre-exporter-son-electricite-offshore-et-privilegier-sa-population\/\">dirige le pays au sein d\u2019une coalition<\/a> avec le parti du centre, voulait annuler cette augmentation. Il estimait que le moment \u00e9tait mal choisi et a propos\u00e9 que le gel se poursuive jusqu\u2019\u00e0 ce que le comit\u00e9 d\u2019\u00e9valuation rende ses conclusions finales, en janvier 2023. Le marxiste Red Party souhaite m\u00eame une r\u00e9duction de la r\u00e9mun\u00e9ration de 200 000 couronnes.<\/p>\n<p>La pr\u00e9sidence du Storting, compos\u00e9e du pr\u00e9sident M. Gharahkhani, du parti travailliste, et de cinq vice-pr\u00e9sidents, n\u2019a pas r\u00e9ussi \u00e0 trouver une majorit\u00e9 sur la derni\u00e8re recommandation et \u00e0 se mettre d\u2019accord sur la solution.<\/p>\n<p>Le premier vice-pr\u00e9sident Svein Harberg, du parti conservateur, le deuxi\u00e8me vice-pr\u00e9sident Nils T. Bj\u00f8rke, du parti du centre, et le troisi\u00e8me vice-pr\u00e9sident Morten Wold, du parti de droite Progress, ont soutenu la derni\u00e8re recommandation du comit\u00e9 de r\u00e9mun\u00e9ration et ont estim\u00e9 qu\u2019il s\u2019agissait d\u2019une proposition \u00ab\u202f<em>sobre<\/em>\u202f\u00bb. Ils ont soulign\u00e9 que les deux partis qui s\u2019opposent \u00e0 l\u2019augmentation \u00ab\u202f<em>ne peuvent pas voir qu\u2019il y a eu de nouvelles informations qui fournissent une base pour changer<\/em>\u202f\u00bb la r\u00e9mun\u00e9ration.<\/p>\n<p>Le Storting a d\u00e9cid\u00e9 en mai 2021 que la r\u00e9mun\u00e9ration des repr\u00e9sentants devait suivre les accords salariaux annuels. L\u2019audit en 2021 a aussi indiqu\u00e9 que le <a href=\"https:\/\/frifagbevegelse.no\/nyheter\/utvalg-vil-beholde-stortingets-lonnskommisjon-6.158.757657.a5a92065df\">comit\u00e9 de r\u00e9mun\u00e9ration pouvait poursuivre ses travaux en gardant sa m\u00e9thode<\/a>.<\/p>\n<p>M. Bj\u00f8rke expliqua \u00e9galement \u00e0 <a href=\"https:\/\/www.nettavisen.no\/norsk-politikk\/stortingslonn\/gav-seg-selv-76-000-i-lonnsokning-na-tar-de-3-5-maneders-ferie\/s\/5-95-528659\">Nettavisen<\/a> que la d\u00e9cision sur la r\u00e9mun\u00e9ration de 2021 fut juste repouss\u00e9e l\u2019hiver dernier \u00e0 cette&nbsp;ann\u00e9e.<\/p>\n<p>Ensemble, le parti conservateur, le parti du centre et le parti du progr\u00e8s peuvent r\u00e9unir 85 si\u00e8ges sur les 169 que compte le Storting, soit la majorit\u00e9 la plus maigre possible.<\/p>\n<p>Au final, le pr\u00e9sident M. Gharahkhani, qui \u00e9tait favorable \u00e0 la poursuite du gel <em>\u00ab\u202fjusqu\u2019\u00e0 ce que le m\u00e9nage soit fait<\/em>\u202f\u00bb, a d\u00e9cid\u00e9 le 13 juin de suivre les recommandations du comit\u00e9 de r\u00e9mun\u00e9ration.<\/p>\n<p>La nouvelle r\u00e9mun\u00e9ration des d\u00e9put\u00e9s et des membres du gouvernement doit \u00eatre vot\u00e9e au Storting le 16 juin. C\u2019est la derni\u00e8re semaine derni\u00e8re de travail du Storting avant la pause estivale.<\/p>\n<p><strong><a href=\"https:\/\/www.newsendip.com\/fr\/etiquette\/norvege\/\">D\u00e9couvrez des actualit\u00e9s de Norv\u00e8ge<\/a><\/strong><\/p>\n","protected":false},"excerpt":{"rendered":"<p>Les membres du parlement de Norv\u00e8ge \u00e9taient cens\u00e9s geler leur r\u00e9mun\u00e9ration. Mais ils auront finalement une augmentation, non seulement pour 2022 mais aussi pour&nbsp;2021.<\/p>\n","protected":false},"author":1,"featured_media":17958,"comment_status":"closed","ping_status":"closed","sticky":false,"template":"","format":"standard","meta":{"wp_typography_post_enhancements_disabled":false,"footnotes":""},"categories":[416],"tags":[427,421],"class_list":["post-17926","post","type-post","status-publish","format-standard","has-post-thumbnail","hentry","category-politique","tag-norvege","tag-vieux"],"yoast_head":"<!-- This site is optimized with the Yoast SEO Premium plugin v27.4 (Yoast SEO v27.4) - https:\/\/yoast.com\/product\/yoast-seo-premium-wordpress\/ -->\n<title>Les d\u00e9put\u00e9s de Norv\u00e8ge avaient gel\u00e9 leur r\u00e9mun\u00e9ration l&#039;ann\u00e9e derni\u00e8re. L&#039;augmentation de 2022 devrait compenser<\/title>\n<meta name=\"description\" content=\"Les membres du parlement de Norv\u00e8ge \u00e9taient cens\u00e9s geler leur r\u00e9mun\u00e9ration. Mais ils auront finalement une augmentation, non seulement pour 2022 mais aussi pour 2021.\" \/>\n<meta name=\"robots\" content=\"index, follow, max-snippet:-1, max-image-preview:large, max-video-preview:-1\" \/>\n<link rel=\"canonical\" href=\"https:\/\/www.newsendip.com\/fr\/les-deputes-de-norvege-avaient-gele-leur-remuneration-lannee-derniere-laugmentation-de-2022-compensera\/\" \/>\n<meta property=\"og:locale\" content=\"fr_FR\" \/>\n<meta property=\"og:type\" content=\"article\" \/>\n<meta property=\"og:title\" content=\"Les d\u00e9put\u00e9s de Norv\u00e8ge avaient gel\u00e9 leur r\u00e9mun\u00e9ration l&#039;ann\u00e9e derni\u00e8re. L&#039;augmentation de 2022 devrait compenser\" \/>\n<meta property=\"og:description\" content=\"Les membres du parlement de Norv\u00e8ge \u00e9taient cens\u00e9s geler leur r\u00e9mun\u00e9ration. Mais ils auront finalement une augmentation, non seulement pour 2022 mais aussi pour 2021.\" \/>\n<meta property=\"og:url\" content=\"https:\/\/www.newsendip.com\/fr\/les-deputes-de-norvege-avaient-gele-leur-remuneration-lannee-derniere-laugmentation-de-2022-compensera\/\" \/>\n<meta property=\"og:site_name\" content=\"Newsendip\" \/>\n<meta property=\"article:publisher\" content=\"https:\/\/www.facebook.com\/newsendip\" \/>\n<meta property=\"article:published_time\" content=\"2022-06-14T15:36:41+00:00\" \/>\n<meta property=\"article:modified_time\" content=\"2025-08-08T11:10:32+00:00\" \/>\n<meta property=\"og:image\" content=\"https:\/\/www.newsendip.com\/wp-content\/uploads\/2022\/06\/storting-norwegian-parliament-small-min.jpeg\" \/>\n\t<meta property=\"og:image:width\" content=\"800\" \/>\n\t<meta property=\"og:image:height\" content=\"534\" \/>\n\t<meta property=\"og:image:type\" content=\"image\/jpeg\" \/>\n<meta name=\"author\" content=\"Cl\u00e9ment V\u00e9rit\u00e9\" \/>\n<meta name=\"twitter:card\" content=\"summary_large_image\" \/>\n<meta name=\"twitter:image\" content=\"https:\/\/www.newsendip.com\/wp-content\/uploads\/2022\/06\/storting-norwegian-parliament-small-min.jpeg\" \/>\n<meta name=\"twitter:creator\" content=\"@https:\/\/twitter.com\/cverite\" \/>\n<meta name=\"twitter:site\" content=\"@newsendip\" \/>\n<meta name=\"twitter:label1\" content=\"\u00c9crit par\" \/>\n\t<meta name=\"twitter:data1\" content=\"Cl\u00e9ment V\u00e9rit\u00e9\" \/>\n\t<meta name=\"twitter:label2\" content=\"Dur\u00e9e de lecture estim\u00e9e\" \/>\n\t<meta name=\"twitter:data2\" content=\"6 minutes\" \/>\n<!-- \/ Yoast SEO Premium plugin. -->","yoast_head_json":{"title":"Les d\u00e9put\u00e9s de Norv\u00e8ge avaient gel\u00e9 leur r\u00e9mun\u00e9ration l'ann\u00e9e derni\u00e8re. L'augmentation de 2022 devrait compenser","description":"Les membres du parlement de Norv\u00e8ge \u00e9taient cens\u00e9s geler leur r\u00e9mun\u00e9ration. Mais ils auront finalement une augmentation, non seulement pour 2022 mais aussi pour 2021.","robots":{"index":"index","follow":"follow","max-snippet":"max-snippet:-1","max-image-preview":"max-image-preview:large","max-video-preview":"max-video-preview:-1"},"canonical":"https:\/\/www.newsendip.com\/fr\/les-deputes-de-norvege-avaient-gele-leur-remuneration-lannee-derniere-laugmentation-de-2022-compensera\/","og_locale":"fr_FR","og_type":"article","og_title":"Les d\u00e9put\u00e9s de Norv\u00e8ge avaient gel\u00e9 leur r\u00e9mun\u00e9ration l'ann\u00e9e derni\u00e8re. L'augmentation de 2022 devrait compenser","og_description":"Les membres du parlement de Norv\u00e8ge \u00e9taient cens\u00e9s geler leur r\u00e9mun\u00e9ration. Mais ils auront finalement une augmentation, non seulement pour 2022 mais aussi pour 2021.","og_url":"https:\/\/www.newsendip.com\/fr\/les-deputes-de-norvege-avaient-gele-leur-remuneration-lannee-derniere-laugmentation-de-2022-compensera\/","og_site_name":"Newsendip","article_publisher":"https:\/\/www.facebook.com\/newsendip","article_published_time":"2022-06-14T15:36:41+00:00","article_modified_time":"2025-08-08T11:10:32+00:00","og_image":[{"width":800,"height":534,"url":"https:\/\/www.newsendip.com\/wp-content\/uploads\/2022\/06\/storting-norwegian-parliament-small-min.jpeg","type":"image\/jpeg"}],"author":"Cl\u00e9ment V\u00e9rit\u00e9","twitter_card":"summary_large_image","twitter_image":"https:\/\/www.newsendip.com\/wp-content\/uploads\/2022\/06\/storting-norwegian-parliament-small-min.jpeg","twitter_creator":"@https:\/\/twitter.com\/cverite","twitter_site":"@newsendip","twitter_misc":{"\u00c9crit par":"Cl\u00e9ment V\u00e9rit\u00e9","Dur\u00e9e de lecture estim\u00e9e":"6 minutes"},"schema":{"@context":"https:\/\/schema.org","@graph":[{"@type":"NewsArticle","@id":"https:\/\/www.newsendip.com\/fr\/les-deputes-de-norvege-avaient-gele-leur-remuneration-lannee-derniere-laugmentation-de-2022-compensera\/#article","isPartOf":{"@id":"https:\/\/www.newsendip.com\/fr\/les-deputes-de-norvege-avaient-gele-leur-remuneration-lannee-derniere-laugmentation-de-2022-compensera\/"},"author":{"name":"Cl\u00e9ment V\u00e9rit\u00e9","@id":"https:\/\/www.newsendip.com\/fr\/#\/schema\/person\/ea22c01755f464a3cbc2c619584d6363"},"headline":"Les d\u00e9put\u00e9s de Norv\u00e8ge avaient gel\u00e9 leur r\u00e9mun\u00e9ration l\u2019ann\u00e9e derni\u00e8re. L\u2019augmentation de 2022 devrait compenser","datePublished":"2022-06-14T15:36:41+00:00","dateModified":"2025-08-08T11:10:32+00:00","mainEntityOfPage":{"@id":"https:\/\/www.newsendip.com\/fr\/les-deputes-de-norvege-avaient-gele-leur-remuneration-lannee-derniere-laugmentation-de-2022-compensera\/"},"wordCount":1329,"publisher":{"@id":"https:\/\/www.newsendip.com\/fr\/#organization"},"image":{"@id":"https:\/\/www.newsendip.com\/fr\/les-deputes-de-norvege-avaient-gele-leur-remuneration-lannee-derniere-laugmentation-de-2022-compensera\/#primaryimage"},"thumbnailUrl":"https:\/\/www.newsendip.com\/wp-content\/uploads\/2022\/06\/storting-norwegian-parliament.webp","keywords":["Norv\u00e8ge","Vieux"],"articleSection":["Politique"],"inLanguage":"fr-FR","copyrightYear":"2022","copyrightHolder":{"@id":"https:\/\/www.newsendip.com\/#organization"}},{"@type":"WebPage","@id":"https:\/\/www.newsendip.com\/fr\/les-deputes-de-norvege-avaient-gele-leur-remuneration-lannee-derniere-laugmentation-de-2022-compensera\/","url":"https:\/\/www.newsendip.com\/fr\/les-deputes-de-norvege-avaient-gele-leur-remuneration-lannee-derniere-laugmentation-de-2022-compensera\/","name":"Les d\u00e9put\u00e9s de Norv\u00e8ge avaient gel\u00e9 leur r\u00e9mun\u00e9ration l'ann\u00e9e derni\u00e8re. L'augmentation de 2022 devrait compenser","isPartOf":{"@id":"https:\/\/www.newsendip.com\/fr\/#website"},"primaryImageOfPage":{"@id":"https:\/\/www.newsendip.com\/fr\/les-deputes-de-norvege-avaient-gele-leur-remuneration-lannee-derniere-laugmentation-de-2022-compensera\/#primaryimage"},"image":{"@id":"https:\/\/www.newsendip.com\/fr\/les-deputes-de-norvege-avaient-gele-leur-remuneration-lannee-derniere-laugmentation-de-2022-compensera\/#primaryimage"},"thumbnailUrl":"https:\/\/www.newsendip.com\/wp-content\/uploads\/2022\/06\/storting-norwegian-parliament.webp","datePublished":"2022-06-14T15:36:41+00:00","dateModified":"2025-08-08T11:10:32+00:00","description":"Les membres du parlement de Norv\u00e8ge \u00e9taient cens\u00e9s geler leur r\u00e9mun\u00e9ration. Mais ils auront finalement une augmentation, non seulement pour 2022 mais aussi pour 2021.","breadcrumb":{"@id":"https:\/\/www.newsendip.com\/fr\/les-deputes-de-norvege-avaient-gele-leur-remuneration-lannee-derniere-laugmentation-de-2022-compensera\/#breadcrumb"},"inLanguage":"fr-FR","potentialAction":[{"@type":"ReadAction","target":["https:\/\/www.newsendip.com\/fr\/les-deputes-de-norvege-avaient-gele-leur-remuneration-lannee-derniere-laugmentation-de-2022-compensera\/"]}]},{"@type":"ImageObject","inLanguage":"fr-FR","@id":"https:\/\/www.newsendip.com\/fr\/les-deputes-de-norvege-avaient-gele-leur-remuneration-lannee-derniere-laugmentation-de-2022-compensera\/#primaryimage","url":"https:\/\/www.newsendip.com\/wp-content\/uploads\/2022\/06\/storting-norwegian-parliament.webp","contentUrl":"https:\/\/www.newsendip.com\/wp-content\/uploads\/2022\/06\/storting-norwegian-parliament.webp","width":2048,"height":1367,"caption":"Le Storting, le Parlement monocam\u00e9ral de Norv\u00e8ge | \u00a9 Stortinget, Avril 2021"},{"@type":"BreadcrumbList","@id":"https:\/\/www.newsendip.com\/fr\/les-deputes-de-norvege-avaient-gele-leur-remuneration-lannee-derniere-laugmentation-de-2022-compensera\/#breadcrumb","itemListElement":[{"@type":"ListItem","position":1,"name":"Accueil","item":"https:\/\/www.newsendip.com\/fr\/"},{"@type":"ListItem","position":2,"name":"Les d\u00e9put\u00e9s de Norv\u00e8ge avaient gel\u00e9 leur r\u00e9mun\u00e9ration l&#8217;ann\u00e9e derni\u00e8re. L&#8217;augmentation de 2022 devrait compenser"}]},{"@type":"WebSite","@id":"https:\/\/www.newsendip.com\/fr\/#website","url":"https:\/\/www.newsendip.com\/fr\/","name":"Newsendip","description":"Red\u00e9couvrez l&#039;actualit\u00e9 internationale","publisher":{"@id":"https:\/\/www.newsendip.com\/fr\/#organization"},"potentialAction":[{"@type":"SearchAction","target":{"@type":"EntryPoint","urlTemplate":"https:\/\/www.newsendip.com\/fr\/?s={search_term_string}"},"query-input":{"@type":"PropertyValueSpecification","valueRequired":true,"valueName":"search_term_string"}}],"inLanguage":"fr-FR"},{"@type":"Organization","@id":"https:\/\/www.newsendip.com\/fr\/#organization","name":"Newsendip","url":"https:\/\/www.newsendip.com\/fr\/","logo":{"@type":"ImageObject","inLanguage":"fr-FR","@id":"https:\/\/www.newsendip.com\/fr\/#\/schema\/logo\/image\/","url":"https:\/\/www.newsendip.com\/wp-content\/uploads\/2023\/12\/512x512.svg","contentUrl":"https:\/\/www.newsendip.com\/wp-content\/uploads\/2023\/12\/512x512.svg","width":1,"height":1,"caption":"Newsendip"},"image":{"@id":"https:\/\/www.newsendip.com\/fr\/#\/schema\/logo\/image\/"},"sameAs":["https:\/\/www.facebook.com\/newsendip","https:\/\/x.com\/newsendip","https:\/\/mastodon.social\/@newsendip","https:\/\/www.linkedin.com\/company\/newsendip"],"description":"Newsendip est un site qui a pour mission de rendre l'actualit\u00e9 internationale accessible et diversifi\u00e9e","email":"contact@newsendip.com","legalName":"Newsendip SAS","foundingDate":"2022-11-04","vatID":"FR60921124723","numberOfEmployees":{"@type":"QuantitativeValue","minValue":"1","maxValue":"10"},"publishingPrinciples":"https:\/\/www.newsendip.com\/about-us\/","ownershipFundingInfo":"https:\/\/www.newsendip.com\/legal-notice\/","actionableFeedbackPolicy":"https:\/\/www.newsendip.com\/about-us\/","correctionsPolicy":"https:\/\/www.newsendip.com\/about-us\/","ethicsPolicy":"https:\/\/www.newsendip.com\/about-us\/","diversityPolicy":"https:\/\/www.newsendip.com\/about-us\/"},{"@type":"Person","@id":"https:\/\/www.newsendip.com\/fr\/#\/schema\/person\/ea22c01755f464a3cbc2c619584d6363","name":"Cl\u00e9ment V\u00e9rit\u00e9","description":"Cl\u00e9ment is the executive editor and founder of Newsendip. He started in the media industry as a freelance reporter at 16 for a local French newspaper after school and has never left it. He later worked for seven years at The New York Times, notably as a data analyst. He holds a Master of Management in France and a Master of Arts in the United Kingdom in International Marketing &amp; Communications Strategy. He has lived in France, the United Kingdom, and Italy.","sameAs":["https:\/\/www.newsendip.com\/","https:\/\/www.linkedin.com\/in\/clementverite\/","https:\/\/x.com\/https:\/\/twitter.com\/cverite"],"knowsAbout":["News","International","Business","Media monitoring"],"knowsLanguage":["English","French","Italian","Spanish"],"url":"https:\/\/www.newsendip.com\/fr\/author\/clement-verite\/"}]}},"_links":{"self":[{"href":"https:\/\/www.newsendip.com\/fr\/wp-json\/wp\/v2\/posts\/17926","targetHints":{"allow":["GET"]}}],"collection":[{"href":"https:\/\/www.newsendip.com\/fr\/wp-json\/wp\/v2\/posts"}],"about":[{"href":"https:\/\/www.newsendip.com\/fr\/wp-json\/wp\/v2\/types\/post"}],"author":[{"embeddable":true,"href":"https:\/\/www.newsendip.com\/fr\/wp-json\/wp\/v2\/users\/1"}],"replies":[{"embeddable":true,"href":"https:\/\/www.newsendip.com\/fr\/wp-json\/wp\/v2\/comments?post=17926"}],"version-history":[{"count":1,"href":"https:\/\/www.newsendip.com\/fr\/wp-json\/wp\/v2\/posts\/17926\/revisions"}],"predecessor-version":[{"id":44096,"href":"https:\/\/www.newsendip.com\/fr\/wp-json\/wp\/v2\/posts\/17926\/revisions\/44096"}],"wp:featuredmedia":[{"embeddable":true,"href":"https:\/\/www.newsendip.com\/fr\/wp-json\/wp\/v2\/media\/17958"}],"wp:attachment":[{"href":"https:\/\/www.newsendip.com\/fr\/wp-json\/wp\/v2\/media?parent=17926"}],"wp:term":[{"taxonomy":"category","embeddable":true,"href":"https:\/\/www.newsendip.com\/fr\/wp-json\/wp\/v2\/categories?post=17926"},{"taxonomy":"post_tag","embeddable":true,"href":"https:\/\/www.newsendip.com\/fr\/wp-json\/wp\/v2\/tags?post=17926"}],"curies":[{"name":"wp","href":"https:\/\/api.w.org\/{rel}","templated":true}]}}