{"id":17981,"date":"2022-01-27T20:48:42","date_gmt":"2022-01-27T19:48:42","guid":{"rendered":"https:\/\/www.newsendip.com\/?p=17981"},"modified":"2024-07-16T17:12:46","modified_gmt":"2024-07-16T15:12:46","slug":"la-norvege-et-le-dilemme-entre-exporter-son-electricite-offshore-et-privilegier-sa-population","status":"publish","type":"post","link":"https:\/\/www.newsendip.com\/fr\/la-norvege-et-le-dilemme-entre-exporter-son-electricite-offshore-et-privilegier-sa-population\/","title":{"rendered":"La Norv\u00e8ge et le dilemme entre exporter son \u00e9lectricit\u00e9 offshore et privil\u00e9gier sa population"},"content":{"rendered":"<p><strong>Alors que la Norv\u00e8ge investit dans des parcs \u00e9oliens offshore pour augmenter son approvisionnement en \u00e9nergie renouvelable, les projets sont bloqu\u00e9s entre la perspective de faire des b\u00e9n\u00e9fices en exportant de l\u2019\u00e9lectricit\u00e9 et la crainte d\u2019une augmentation des prix pour la population. L\u2019industrie fait pression sur le gouvernement pour qu\u2019il prenne une d\u00e9cision.<br>\n<\/strong><\/p>\n<figure id=\"attachment_13982\" aria-describedby=\"caption-attachment-13982\" style=\"width: 1024px\" class=\"wp-caption aligncenter\"><img decoding=\"async\" class=\"size-large wp-image-13982\" src=\"https:\/\/www.newsendip.com\/wp-content\/uploads\/2022\/01\/offshore-wind-farm-power-1024x663.webp\" alt=\"parc \u00e9olien offshore\" width=\"1024\" height=\"663\" srcset=\"https:\/\/www.newsendip.com\/wp-content\/uploads\/2022\/01\/offshore-wind-farm-power-1024x663.webp 1024w, https:\/\/www.newsendip.com\/wp-content\/uploads\/2022\/01\/offshore-wind-farm-power-60x39.webp 60w, https:\/\/www.newsendip.com\/wp-content\/uploads\/2022\/01\/offshore-wind-farm-power-300x194.webp 300w, https:\/\/www.newsendip.com\/wp-content\/uploads\/2022\/01\/offshore-wind-farm-power-768x498.webp 768w, https:\/\/www.newsendip.com\/wp-content\/uploads\/2022\/01\/offshore-wind-farm-power-1536x995.webp 1536w, https:\/\/www.newsendip.com\/wp-content\/uploads\/2022\/01\/offshore-wind-farm-power.webp 1920w\" sizes=\"(max-width: 1024px) 100vw, 1024px\"><figcaption id=\"caption-attachment-13982\" class=\"wp-caption-text\">Le parc \u00e9olien offshore Rampion, Royaume-Uni | \u00a9 Nicholas Doherty<\/figcaption><\/figure>\n<p>La Norv\u00e8ge souhaite investir dans son r\u00e9seau \u00e9lectrique offshore mais craint que cela n\u2019entra\u00eene une hausse du prix de l\u2019\u00e9lectricit\u00e9 pour les Norv\u00e9giens.<strong> Exporter son \u00e9lectricit\u00e9 peut \u00eatre lucratif, mais les Norv\u00e9giens devront financer l\u2019investissement<\/strong> alors qu\u2019ils doivent d\u00e9j\u00e0 faire face \u00e0 l\u2019augmentation des prix de l\u2019\u00e9nergie.<\/p>\n<p>Les futures \u00e9conomies \u00e0 faible \u00e9mission de carbone offrent de grandes opportunit\u00e9s \u00e9conomiques aux acteurs du secteur des \u00e9nergies renouvelables. Et la Norv\u00e8ge pourrait en profiter gr\u00e2ce \u00e0 son <a href=\"https:\/\/www.newsendip.com\/fr\/pourquoi-la-norvege-investit-dans-lavenir-numerique-du-ghana\/\">expertise en mati\u00e8re d\u2019\u00e9nergie offshore<\/a>.<\/p>\n<p>Alors que l\u2019Union europ\u00e9enne s\u2019est engag\u00e9e \u00e0 <a href=\"https:\/\/www.newsendip.com\/fr\/la-belgique-ne-parvient-pas-a-saccorder-sur-son-plan-climat\/\">atteindre la neutralit\u00e9 carbone d\u2019ici 2050<\/a>, elle pr\u00e9voit d\u2019utiliser 60\u202fgigawatts d\u2019\u00e9lectricit\u00e9 provenant de l\u2019\u00e9olien offshore d\u2019ici 2030, et 300GW d\u2019ici&nbsp;2050.<\/p>\n<p>En 2019, la Norv\u00e8ge a export\u00e9 pour 11 milliards de couronnes norv\u00e9giennes (1,2 milliard de dollars) de technologies et de services dans le secteur de l\u2019\u00e9olien offshore. Le pays estime que cette industrie pourrait g\u00e9n\u00e9rer 50 milliards de couronnes norv\u00e9giennes \u00e0 l\u2019export en 2030 et faire partie de ses <strong>cinq plus grandes industries d\u2019exportation dans les 15 prochaines ann\u00e9es.<\/strong><\/p>\n<p>En 2020, la Norv\u00e8ge avait annonc\u00e9 l\u2019<strong>ouverture de deux nouveaux parcs \u00e9oliens<\/strong> d\u2019une capacit\u00e9 combin\u00e9e pouvant atteindre 4,5GW. Les deux parcs \u00e9oliens, Utsira Nord et S\u00f8rlige Nordsj\u00f8 II, sont situ\u00e9s en mer du Nord et <strong>devraient \u00eatre op\u00e9rationnels en 2030<\/strong>.<\/p>\n<p>Gr\u00e2ce \u00e0 ces projets, la Norv\u00e8ge peut devenir l\u2019un des principaux fournisseurs d\u2019\u00e9nergie renouvelable en Europe.<\/p>\n<h2>La course au leadership dans le secteur de l\u2019\u00e9nergie \u00e9olienne en&nbsp;mer<\/h2>\n<p>La mer du Nord poss\u00e8de l\u2019une des <strong>meilleures ressources \u00e9oliennes au monde<\/strong> et est entour\u00e9e d\u2019\u00e9conomies d\u00e9velopp\u00e9es. Et la Norv\u00e8ge esp\u00e8re en tirer parti. La production norv\u00e9gienne de p\u00e9trole et de gaz devant diminuer progressivement jusqu\u2019en 2040, l\u2019expertise offshore du pays positionne la Norv\u00e8ge comme un futur leader du secteur.<\/p>\n<p>Mais la mer du Nord est \u00e9galement profonde et si la plupart des parcs \u00e9oliens se trouvent actuellement dans des eaux peu profondes, les zones de mer profonde n\u00e9cessitent des <strong>parcs \u00e9oliens flottants<\/strong>, qui sont \u00e9galement plus co\u00fbteux \u00e0 construire.<\/p>\n<p>La <a href=\"#post-bottom-source\">direction norv\u00e9gienne des ressources en eau et de l\u2019\u00e9nergie<\/a> estime que les <strong>parcs \u00e9oliens flottants co\u00fbteraient 37% de plus que l\u2019\u00e9nergie offshore traditionnelle en 2030<\/strong>, et presque quatre fois plus que l\u2019\u00e9nergie \u00e9olienne terrestre.<\/p>\n<p>Mais la Norv\u00e8ge n\u2019est pas le seul pays \u00e0 investir dans l\u2019\u00e9olien. Les pays ayant des eaux territoriales dans la mer du Nord font de&nbsp;m\u00eame.<\/p>\n<p>Le Royaume-Uni poss\u00e8de la plus grande capacit\u00e9 d\u2019\u00e9nergie \u00e9olienne en mer et pr\u00e9voit de gros investissements dans le secteur. L\u2019\u00c9cosse a r\u00e9cemment accord\u00e9 des <a href=\"https:\/\/windeurope.org\/newsroom\/press-releases\/scotland-awards-seabed-rights-for-massive-amounts-of-offshore-wind-most-of-it-floating\/?ref=mainbanner\">droits pour les fonds marins de 7 000\u202fkm\u00b2 d\u2019espace maritime<\/a> pour des parcs \u00e9oliens offshore d\u2019une capacit\u00e9 totale de pr\u00e8s de&nbsp;25GW.<\/p>\n<p>Les Pays-Bas disposent actuellement de 2,9GW d\u2019\u00e9nergie \u00e9olienne offshore. Ils visaient 11,5GW d\u2019ici \u00e0 2030, mais ont d\u00e9cid\u00e9 de revoir leurs ambitions \u00e0 la hausse, \u00e0 22\u202fGW.<\/p>\n<p>Et avec l\u2019augmentation du nombre de parcs \u00e9oliens en mer du Nord, la<strong> possibilit\u00e9 de connecter les r\u00e9seaux \u00e9lectriques entre les pays<\/strong> et de revendre de l\u2019\u00e9lectricit\u00e9 augmente \u00e9galement.<\/p>\n<p>Le Danemark pr\u00e9voit de construire deux \u00ab\u202f<em>\u00eeles \u00e9nerg\u00e9tiques<\/em>\u202f\u00bb artificielles, l\u2019une dans la mer du Nord et l\u2019autre dans la mer Baltique. Il s\u2019agit essentiellement de centrales \u00e9lectriques flottantes situ\u00e9es \u00e0 proximit\u00e9 de parcs \u00e9oliens en mer qui permettraient de collecter l\u2019\u00e9lectricit\u00e9 de mani\u00e8re plus efficace. Elles faciliteraient ensuite sa distribution entre les pays. Le Danemark a d\u00e9j\u00e0 sign\u00e9 des accords commerciaux avec plusieurs de ses voisins.<\/p>\n<figure id=\"attachment_13983\" aria-describedby=\"caption-attachment-13983\" style=\"width: 910px\" class=\"wp-caption aligncenter\"><img decoding=\"async\" class=\"size-full wp-image-13983\" src=\"https:\/\/www.newsendip.com\/wp-content\/uploads\/2022\/01\/Sorlige-nordsjo-hybrid-cables-norway-wind-farm.webp\" alt=\"Le parc \u00e9olien offshore S\u00f8rlige Nordsj\u00f8 II\" width=\"910\" height=\"833\" srcset=\"https:\/\/www.newsendip.com\/wp-content\/uploads\/2022\/01\/Sorlige-nordsjo-hybrid-cables-norway-wind-farm.webp 910w, https:\/\/www.newsendip.com\/wp-content\/uploads\/2022\/01\/Sorlige-nordsjo-hybrid-cables-norway-wind-farm-300x275.webp 300w, https:\/\/www.newsendip.com\/wp-content\/uploads\/2022\/01\/Sorlige-nordsjo-hybrid-cables-norway-wind-farm-768x703.webp 768w\" sizes=\"(max-width: 910px) 100vw, 910px\"><figcaption id=\"caption-attachment-13983\" class=\"wp-caption-text\">Le parc \u00e9olien offshore S\u00f8rlige Nordsj\u00f8 II. Sa localisation peut \u00eatre une opportunit\u00e9 pour exporter l\u2019\u00e9lectricit\u00e9 norv\u00e9gienne \u00e0 d\u2019autres pays europ\u00e9ens<\/figcaption><\/figure>\n<h2>Investir pour des b\u00e9n\u00e9fices futurs en demandant aux Norv\u00e9giens de les financer<\/h2>\n<p>Mais la Norv\u00e8ge craint que la connexion de son r\u00e9seau avec les pays \u00e9trangers et l\u2019exportation d\u2019\u00e9lectricit\u00e9 n\u2019entra\u00eenent une hausse des prix sur le march\u00e9 int\u00e9rieur.<\/p>\n<p>Pendant ce temps, Statnett, l\u2019op\u00e9rateur public du r\u00e9seau \u00e9lectrique norv\u00e9gien, attend l\u2019<strong>approbation du gouvernement pour construire des c\u00e2bles hybrides dans les nouveaux parcs \u00e9oliens<\/strong>.<\/p>\n<p>Les<strong> c\u00e2bles hybrides peuvent fournir l\u2019\u00e9lectricit\u00e9 des syst\u00e8mes \u00e9oliens offshore aux march\u00e9s norv\u00e9gien et europ\u00e9en<\/strong>. Ainsi, la Norv\u00e8ge pourrait exporter son exc\u00e9dent d\u2019\u00e9lectricit\u00e9, mais aussi recevoir de l\u2019\u00e9lectricit\u00e9 lorsque les \u00e9oliennes n\u2019en produisent pas.<\/p>\n<p>Cependant, l\u2019exportation d\u2019\u00e9lectricit\u00e9 est per\u00e7ue comme l\u2019une des raisons pour laquelle<strong> son prix a tant augment\u00e9 en Norv\u00e8ge r\u00e9cemment<\/strong>. L\u2019\u00e9nergie \u00e9tait auparavant relativement abordable, mais le pays est en train de reconsid\u00e9rer sa strat\u00e9gie d\u2019investissement.<\/p>\n<p>Alors que l\u2019Europe est en pleine crise \u00e9nerg\u00e9tique, l\u2019\u00e9lectricit\u00e9 en Norv\u00e8ge <a href=\"https:\/\/www.nrk.no\/rogaland\/strompriser_-benjamin-har-ikkje-dusja-pa-fleire-dagar-1.15782102\">pouvait co\u00fbter en d\u00e9cembre jusqu\u2019\u00e0 sept fois plus cher qu\u2019en 2019<\/a>. Le royaume est d\u00e9j\u00e0 l\u2019<a href=\"https:\/\/www.newsendip.com\/fr\/la-roumanie-a-la-nourriture-la-moins-chere-de-lunion-europeenne\/\">un des pays les plus chers d\u2019Europe<\/a>.<\/p>\n<p>La Norv\u00e8ge exporte d\u00e9j\u00e0 son \u00e9lectricit\u00e9 par le biais de c\u00e2bles. Elle a ouvert deux c\u00e2bles, un vers le <a href=\"https:\/\/www.newsendip.com\/fr\/etiquette\/royaume-uni\/\">Royaume-Uni<\/a> et un vers l\u2019Allemagne, l\u2019ann\u00e9e derni\u00e8re.<\/p>\n<p><strong>L\u2019exportation d\u2019\u00e9lectricit\u00e9 vers le Royaume-Uni est lucrative pour la Norv\u00e8ge<\/strong>. Les Britanniques sont pr\u00eats \u00e0 payer le prix fort car les habitants ont <a href=\"https:\/\/www.spglobal.com\/platts\/en\/market-insights\/latest-news\/electric-power\/091321-factbox-uk-electricity-prices-now-most-expensive-in-europe\">l\u2019\u00e9lectricit\u00e9 la plus ch\u00e8re d\u2019Europe<\/a>.<\/p>\n<p>Mais certains Norv\u00e9giens craignent que l\u2019industrie de l\u2019\u00e9lectricit\u00e9 soit plus d\u00e9sireuse de faire des b\u00e9n\u00e9fices en vendant aux \u00e9trangers qu\u2019en approvisionnant le march\u00e9 national, ce qui aurait pour <strong>effet de r\u00e9duire l\u2019offre et d\u2019augmenter les prix dans le pays<\/strong>.<\/p>\n<h2>Les c\u00e2bles hybrides, essentiels \u00e0 la rentabilit\u00e9 de l\u2019industrie des parcs \u00e9oliens offshore<\/h2>\n<p>L\u2019ann\u00e9e derni\u00e8re, le gouvernement a d\u00e9cid\u00e9 d\u2019annuler un projet d\u2019installation de c\u00e2bles avec l\u2019\u00c9cosse. Il a \u00e9galement suspendu toutes les nouvelles licences jusqu\u2019\u00e0 ce que <strong>l\u2019impact des c\u00e2bles hybrides actuels soit mieux compris<\/strong>. N\u00e9anmoins, le gouvernement a \u00e9galement estim\u00e9 que l\u2019octroi de licences pour les c\u00e2bles hybrides devra reprendre un&nbsp;jour.<\/p>\n<p>Et l\u2019industrie fait pression et insiste sur les c\u00e2bles hybrides en <strong>d\u00e9clarant que les projets de parcs \u00e9oliens ne seront pas rentables sans eux<\/strong>. Dans le m\u00eame temps, la Norv\u00e8ge ambitionne d\u2019augmenter ses exportations par voie maritime hors p\u00e9trole et gaz d\u2019au moins 50\u202f% d\u2019ici \u00e0&nbsp;2030.<\/p>\n<p>Pour la Conf\u00e9d\u00e9ration des entreprises norv\u00e9giennes, le plus grand repr\u00e9sentant des entreprises norv\u00e9giennes, et pour l\u2019Association norv\u00e9gienne des armateurs, l\u2019organisation commerciale de l\u2019industrie maritime et offshore, <strong>l\u2019investissement est n\u00e9cessaire et ne peut plus \u00eatre retard\u00e9 pour \u00eatre comp\u00e9titif<\/strong> dans la course au march\u00e9 des \u00e9nergies renouvelables.<\/p>\n<p>\u00ab\u202f<em>Alors que nos voisins investissent dans de nouvelles \u00e9nergies renouvelables, de nombreux \u00e9l\u00e9ments indiquent que nous, en Norv\u00e8ge, sommes plus pr\u00e9occup\u00e9s \u00e0 bl\u00e2mer l\u2019Europe pour les prix \u00e9lev\u00e9s de l\u2019\u00e9lectricit\u00e9 en Norv\u00e8ge qu\u2019\u00e0 faire r\u00e9ellement ce qui est n\u00e9cessaire pour acc\u00e9l\u00e9rer les solutions<\/em>\u202f\u00bb, a d\u00e9clar\u00e9 l\u2019<a href=\"https:\/\/rederi.no\/aktuelt\/2022\/intern-uenighet-i-regjeringen-ma-ikke-forsinke-det-gronne-skiftet-og-gi-dyrere-strom\/\">Association norv\u00e9gienne des armateurs<\/a> dans un communiqu\u00e9 le 25 janvier.<\/p>\n<h2>Le gouvernement norv\u00e9gien incapable de prendre une d\u00e9cision<\/h2>\n<p>En fait, le <strong>gouvernement est d\u00e9chir\u00e9 pour faire un choix<\/strong>. Les partis travaillistes et du centre, qui forment <strong>la coalition gouvernementale, sont en fait en d\u00e9saccord sur le chemin \u00e0 suivre<\/strong>. Le parti travailliste d\u00e9tient 11 postes minist\u00e9riels et le parti du centre est repr\u00e9sent\u00e9 par 8 ministres.<\/p>\n<p>Le Premier ministre Jonas Gahr St\u00f8re, du parti travailliste, est favorable \u00e0 l\u2019investissement dans les c\u00e2bles hybrides. Mais le Parti du centre, dont fait partie le ministre des finances Trygve Slagsvold Vedum, consid\u00e8re que l\u2019\u00e9nergie \u00e9olienne offshore doit avant tout <strong>fournir une \u00e9nergie bon march\u00e9 et couvrir les besoins industriels de la Norv\u00e8ge<\/strong>.<\/p>\n<p>Ne pas approuver de nouvelles connexions internationales signifie qu\u2019il n\u2019y aura pas de c\u00e2bles hybrides selon le Parti du centre. Mais le premier ministre a d\u00e9clar\u00e9 qu\u2019il souhaitait pouvoir \u00eatre connect\u00e9 aux r\u00e9seaux \u00e9lectriques \u00e9trangers. Au milieu de cette confusion, M. St\u00f8re a admis le 12 janvier que le gouvernement devrait peut-\u00eatre <strong>mieux comprendre ce que sont r\u00e9ellement les c\u00e2bles hybrides<\/strong>.<\/p>\n<p>Selon le m\u00e9dia norv\u00e9gien <a href=\"https:\/\/www.nrk.no\/norge\/nve_-hybridkabler-vil-gi-deg-dyrere-strom-1.15827761\">NRK<\/a>, la Direction norv\u00e9gienne des ressources en eau et de l\u2019\u00e9nergie a partag\u00e9 ses calculs avec le gouvernement. Exporter l\u2019\u00e9lectricit\u00e9, et investir en cons\u00e9quence, <strong>augmentera les profits de l\u2019industrie de l\u2019\u00e9nergie, mais les Norv\u00e9giens paieront leur \u00e9lectricit\u00e9 plus cher<\/strong>.<\/p>\n<p>\u00ab\u202f<em>Nous n\u2019avons pas de conclusions claires<\/em>\u202f\u00bb, a r\u00e9agi Henrik Glette, directeur de la communication de Statnett. L\u2019entreprise attend toujours l\u2019approbation pour le d\u00e9ploiement des c\u00e2bles hybrides.<\/p>\n<p><strong><a href=\"https:\/\/www.newsendip.com\/fr\/etiquette\/norvege\/\">D\u00e9couvrez plus d\u2019actualit\u00e9s de Norv\u00e8ge<\/a><\/strong><\/p>\n","protected":false},"excerpt":{"rendered":"<p>La Norv\u00e8ge investit dans des parcs \u00e9oliens offshore pour augmenter son approvisionnement en \u00e9nergie renouvelable mais les projets sont bloqu\u00e9s entre la perspective de faire des b\u00e9n\u00e9fices en exportant de l\u2019\u00e9lectricit\u00e9 et la crainte d\u2019une augmentation des prix pour la population.<\/p>\n","protected":false},"author":1,"featured_media":13982,"comment_status":"closed","ping_status":"closed","sticky":false,"template":"","format":"standard","meta":{"wp_typography_post_enhancements_disabled":false,"footnotes":""},"categories":[3016],"tags":[411,427],"class_list":["post-17981","post","type-post","status-publish","format-standard","has-post-thumbnail","hentry","category-environnement","tag-actuel","tag-norvege"],"yoast_head":"<!-- This site is optimized with the Yoast SEO Premium plugin v27.4 (Yoast SEO v27.4) - https:\/\/yoast.com\/product\/yoast-seo-premium-wordpress\/ -->\n<title>La Norv\u00e8ge et le dilemme entre exporter son \u00e9lectricit\u00e9 offshore et privil\u00e9gier sa population<\/title>\n<meta name=\"description\" content=\"La Norv\u00e8ge investit dans des parcs \u00e9oliens offshore pour augmenter son approvisionnement en \u00e9nergie renouvelable mais les projets sont bloqu\u00e9s entre la perspective de faire des b\u00e9n\u00e9fices en exportant de l&#039;\u00e9lectricit\u00e9 et la crainte d&#039;une augmentation des prix pour la population.\" \/>\n<meta name=\"robots\" content=\"index, follow, max-snippet:-1, max-image-preview:large, max-video-preview:-1\" \/>\n<link rel=\"canonical\" href=\"https:\/\/www.newsendip.com\/fr\/la-norvege-et-le-dilemme-entre-exporter-son-electricite-offshore-et-privilegier-sa-population\/\" \/>\n<meta property=\"og:locale\" content=\"fr_FR\" \/>\n<meta property=\"og:type\" content=\"article\" \/>\n<meta property=\"og:title\" content=\"La Norv\u00e8ge et le dilemme entre exporter son \u00e9lectricit\u00e9 offshore et privil\u00e9gier sa population\" \/>\n<meta property=\"og:description\" content=\"La Norv\u00e8ge investit dans des parcs \u00e9oliens offshore pour augmenter son approvisionnement en \u00e9nergie renouvelable mais les projets sont bloqu\u00e9s entre la perspective de faire des b\u00e9n\u00e9fices en exportant de l&#039;\u00e9lectricit\u00e9 et la crainte d&#039;une augmentation des prix pour la population.\" \/>\n<meta property=\"og:url\" content=\"https:\/\/www.newsendip.com\/fr\/la-norvege-et-le-dilemme-entre-exporter-son-electricite-offshore-et-privilegier-sa-population\/\" \/>\n<meta property=\"og:site_name\" content=\"Newsendip\" \/>\n<meta property=\"article:publisher\" content=\"https:\/\/www.facebook.com\/newsendip\" \/>\n<meta property=\"article:published_time\" content=\"2022-01-27T19:48:42+00:00\" \/>\n<meta property=\"article:modified_time\" content=\"2024-07-16T15:12:46+00:00\" \/>\n<meta property=\"og:image\" content=\"https:\/\/www.newsendip.com\/wp-content\/uploads\/2022\/01\/offshore-wind-farm-power-progressive.jpeg\" \/>\n\t<meta property=\"og:image:width\" content=\"1920\" \/>\n\t<meta property=\"og:image:height\" content=\"1244\" \/>\n\t<meta property=\"og:image:type\" content=\"image\/jpeg\" \/>\n<meta name=\"author\" content=\"Cl\u00e9ment V\u00e9rit\u00e9\" \/>\n<meta name=\"twitter:card\" content=\"summary_large_image\" \/>\n<meta name=\"twitter:image\" content=\"https:\/\/www.newsendip.com\/wp-content\/uploads\/2022\/01\/offshore-wind-farm-power-progressive.jpeg\" \/>\n<meta name=\"twitter:creator\" content=\"@https:\/\/twitter.com\/cverite\" \/>\n<meta name=\"twitter:site\" content=\"@newsendip\" \/>\n<meta name=\"twitter:label1\" content=\"\u00c9crit par\" \/>\n\t<meta name=\"twitter:data1\" content=\"Cl\u00e9ment V\u00e9rit\u00e9\" \/>\n\t<meta name=\"twitter:label2\" content=\"Dur\u00e9e de lecture estim\u00e9e\" \/>\n\t<meta name=\"twitter:data2\" content=\"7 minutes\" \/>\n<!-- \/ Yoast SEO Premium plugin. -->","yoast_head_json":{"title":"La Norv\u00e8ge et le dilemme entre exporter son \u00e9lectricit\u00e9 offshore et privil\u00e9gier sa population","description":"La Norv\u00e8ge investit dans des parcs \u00e9oliens offshore pour augmenter son approvisionnement en \u00e9nergie renouvelable mais les projets sont bloqu\u00e9s entre la perspective de faire des b\u00e9n\u00e9fices en exportant de l'\u00e9lectricit\u00e9 et la crainte d'une augmentation des prix pour la population.","robots":{"index":"index","follow":"follow","max-snippet":"max-snippet:-1","max-image-preview":"max-image-preview:large","max-video-preview":"max-video-preview:-1"},"canonical":"https:\/\/www.newsendip.com\/fr\/la-norvege-et-le-dilemme-entre-exporter-son-electricite-offshore-et-privilegier-sa-population\/","og_locale":"fr_FR","og_type":"article","og_title":"La Norv\u00e8ge et le dilemme entre exporter son \u00e9lectricit\u00e9 offshore et privil\u00e9gier sa population","og_description":"La Norv\u00e8ge investit dans des parcs \u00e9oliens offshore pour augmenter son approvisionnement en \u00e9nergie renouvelable mais les projets sont bloqu\u00e9s entre la perspective de faire des b\u00e9n\u00e9fices en exportant de l'\u00e9lectricit\u00e9 et la crainte d'une augmentation des prix pour la population.","og_url":"https:\/\/www.newsendip.com\/fr\/la-norvege-et-le-dilemme-entre-exporter-son-electricite-offshore-et-privilegier-sa-population\/","og_site_name":"Newsendip","article_publisher":"https:\/\/www.facebook.com\/newsendip","article_published_time":"2022-01-27T19:48:42+00:00","article_modified_time":"2024-07-16T15:12:46+00:00","og_image":[{"width":1920,"height":1244,"url":"https:\/\/www.newsendip.com\/wp-content\/uploads\/2022\/01\/offshore-wind-farm-power-progressive.jpeg","type":"image\/jpeg"}],"author":"Cl\u00e9ment V\u00e9rit\u00e9","twitter_card":"summary_large_image","twitter_image":"https:\/\/www.newsendip.com\/wp-content\/uploads\/2022\/01\/offshore-wind-farm-power-progressive.jpeg","twitter_creator":"@https:\/\/twitter.com\/cverite","twitter_site":"@newsendip","twitter_misc":{"\u00c9crit par":"Cl\u00e9ment V\u00e9rit\u00e9","Dur\u00e9e de lecture estim\u00e9e":"7 minutes"},"schema":{"@context":"https:\/\/schema.org","@graph":[{"@type":"NewsArticle","@id":"https:\/\/www.newsendip.com\/fr\/la-norvege-et-le-dilemme-entre-exporter-son-electricite-offshore-et-privilegier-sa-population\/#article","isPartOf":{"@id":"https:\/\/www.newsendip.com\/fr\/la-norvege-et-le-dilemme-entre-exporter-son-electricite-offshore-et-privilegier-sa-population\/"},"author":{"name":"Cl\u00e9ment V\u00e9rit\u00e9","@id":"https:\/\/www.newsendip.com\/fr\/#\/schema\/person\/ea22c01755f464a3cbc2c619584d6363"},"headline":"La Norv\u00e8ge et le dilemme entre exporter son \u00e9lectricit\u00e9 offshore et privil\u00e9gier sa population","datePublished":"2022-01-27T19:48:42+00:00","dateModified":"2024-07-16T15:12:46+00:00","mainEntityOfPage":{"@id":"https:\/\/www.newsendip.com\/fr\/la-norvege-et-le-dilemme-entre-exporter-son-electricite-offshore-et-privilegier-sa-population\/"},"wordCount":1614,"publisher":{"@id":"https:\/\/www.newsendip.com\/fr\/#organization"},"image":{"@id":"https:\/\/www.newsendip.com\/fr\/la-norvege-et-le-dilemme-entre-exporter-son-electricite-offshore-et-privilegier-sa-population\/#primaryimage"},"thumbnailUrl":"https:\/\/www.newsendip.com\/wp-content\/uploads\/2022\/01\/offshore-wind-farm-power.webp","keywords":["Actuel","Norv\u00e8ge"],"articleSection":["Environnement"],"inLanguage":"fr-FR","copyrightYear":"2022","copyrightHolder":{"@id":"https:\/\/www.newsendip.com\/#organization"}},{"@type":"WebPage","@id":"https:\/\/www.newsendip.com\/fr\/la-norvege-et-le-dilemme-entre-exporter-son-electricite-offshore-et-privilegier-sa-population\/","url":"https:\/\/www.newsendip.com\/fr\/la-norvege-et-le-dilemme-entre-exporter-son-electricite-offshore-et-privilegier-sa-population\/","name":"La Norv\u00e8ge et le dilemme entre exporter son \u00e9lectricit\u00e9 offshore et privil\u00e9gier sa population","isPartOf":{"@id":"https:\/\/www.newsendip.com\/fr\/#website"},"primaryImageOfPage":{"@id":"https:\/\/www.newsendip.com\/fr\/la-norvege-et-le-dilemme-entre-exporter-son-electricite-offshore-et-privilegier-sa-population\/#primaryimage"},"image":{"@id":"https:\/\/www.newsendip.com\/fr\/la-norvege-et-le-dilemme-entre-exporter-son-electricite-offshore-et-privilegier-sa-population\/#primaryimage"},"thumbnailUrl":"https:\/\/www.newsendip.com\/wp-content\/uploads\/2022\/01\/offshore-wind-farm-power.webp","datePublished":"2022-01-27T19:48:42+00:00","dateModified":"2024-07-16T15:12:46+00:00","description":"La Norv\u00e8ge investit dans des parcs \u00e9oliens offshore pour augmenter son approvisionnement en \u00e9nergie renouvelable mais les projets sont bloqu\u00e9s entre la perspective de faire des b\u00e9n\u00e9fices en exportant de l'\u00e9lectricit\u00e9 et la crainte d'une augmentation des prix pour la population.","breadcrumb":{"@id":"https:\/\/www.newsendip.com\/fr\/la-norvege-et-le-dilemme-entre-exporter-son-electricite-offshore-et-privilegier-sa-population\/#breadcrumb"},"inLanguage":"fr-FR","potentialAction":[{"@type":"ReadAction","target":["https:\/\/www.newsendip.com\/fr\/la-norvege-et-le-dilemme-entre-exporter-son-electricite-offshore-et-privilegier-sa-population\/"]}]},{"@type":"ImageObject","inLanguage":"fr-FR","@id":"https:\/\/www.newsendip.com\/fr\/la-norvege-et-le-dilemme-entre-exporter-son-electricite-offshore-et-privilegier-sa-population\/#primaryimage","url":"https:\/\/www.newsendip.com\/wp-content\/uploads\/2022\/01\/offshore-wind-farm-power.webp","contentUrl":"https:\/\/www.newsendip.com\/wp-content\/uploads\/2022\/01\/offshore-wind-farm-power.webp","width":1920,"height":1244,"caption":"Le parc \u00e9olien offshore Rampion, Royaume-Uni | \u00a9 Nicholas Doherty"},{"@type":"BreadcrumbList","@id":"https:\/\/www.newsendip.com\/fr\/la-norvege-et-le-dilemme-entre-exporter-son-electricite-offshore-et-privilegier-sa-population\/#breadcrumb","itemListElement":[{"@type":"ListItem","position":1,"name":"Accueil","item":"https:\/\/www.newsendip.com\/fr\/"},{"@type":"ListItem","position":2,"name":"La Norv\u00e8ge et le dilemme entre exporter son \u00e9lectricit\u00e9 offshore et privil\u00e9gier sa population"}]},{"@type":"WebSite","@id":"https:\/\/www.newsendip.com\/fr\/#website","url":"https:\/\/www.newsendip.com\/fr\/","name":"Newsendip","description":"Red\u00e9couvrez l&#039;actualit\u00e9 internationale","publisher":{"@id":"https:\/\/www.newsendip.com\/fr\/#organization"},"potentialAction":[{"@type":"SearchAction","target":{"@type":"EntryPoint","urlTemplate":"https:\/\/www.newsendip.com\/fr\/?s={search_term_string}"},"query-input":{"@type":"PropertyValueSpecification","valueRequired":true,"valueName":"search_term_string"}}],"inLanguage":"fr-FR"},{"@type":"Organization","@id":"https:\/\/www.newsendip.com\/fr\/#organization","name":"Newsendip","url":"https:\/\/www.newsendip.com\/fr\/","logo":{"@type":"ImageObject","inLanguage":"fr-FR","@id":"https:\/\/www.newsendip.com\/fr\/#\/schema\/logo\/image\/","url":"https:\/\/www.newsendip.com\/wp-content\/uploads\/2023\/12\/512x512.svg","contentUrl":"https:\/\/www.newsendip.com\/wp-content\/uploads\/2023\/12\/512x512.svg","width":1,"height":1,"caption":"Newsendip"},"image":{"@id":"https:\/\/www.newsendip.com\/fr\/#\/schema\/logo\/image\/"},"sameAs":["https:\/\/www.facebook.com\/newsendip","https:\/\/x.com\/newsendip","https:\/\/mastodon.social\/@newsendip","https:\/\/www.linkedin.com\/company\/newsendip"],"description":"Newsendip est un site qui a pour mission de rendre l'actualit\u00e9 internationale accessible et diversifi\u00e9e","email":"contact@newsendip.com","legalName":"Newsendip SAS","foundingDate":"2022-11-04","vatID":"FR60921124723","numberOfEmployees":{"@type":"QuantitativeValue","minValue":"1","maxValue":"10"},"publishingPrinciples":"https:\/\/www.newsendip.com\/about-us\/","ownershipFundingInfo":"https:\/\/www.newsendip.com\/legal-notice\/","actionableFeedbackPolicy":"https:\/\/www.newsendip.com\/about-us\/","correctionsPolicy":"https:\/\/www.newsendip.com\/about-us\/","ethicsPolicy":"https:\/\/www.newsendip.com\/about-us\/","diversityPolicy":"https:\/\/www.newsendip.com\/about-us\/"},{"@type":"Person","@id":"https:\/\/www.newsendip.com\/fr\/#\/schema\/person\/ea22c01755f464a3cbc2c619584d6363","name":"Cl\u00e9ment V\u00e9rit\u00e9","description":"Cl\u00e9ment is the executive editor and founder of Newsendip. He started in the media industry as a freelance reporter at 16 for a local French newspaper after school and has never left it. He later worked for seven years at The New York Times, notably as a data analyst. He holds a Master of Management in France and a Master of Arts in the United Kingdom in International Marketing &amp; Communications Strategy. He has lived in France, the United Kingdom, and Italy.","sameAs":["https:\/\/www.newsendip.com\/","https:\/\/www.linkedin.com\/in\/clementverite\/","https:\/\/x.com\/https:\/\/twitter.com\/cverite"],"knowsAbout":["News","International","Business","Media monitoring"],"knowsLanguage":["English","French","Italian","Spanish"],"url":"https:\/\/www.newsendip.com\/fr\/author\/clement-verite\/"}]}},"_links":{"self":[{"href":"https:\/\/www.newsendip.com\/fr\/wp-json\/wp\/v2\/posts\/17981","targetHints":{"allow":["GET"]}}],"collection":[{"href":"https:\/\/www.newsendip.com\/fr\/wp-json\/wp\/v2\/posts"}],"about":[{"href":"https:\/\/www.newsendip.com\/fr\/wp-json\/wp\/v2\/types\/post"}],"author":[{"embeddable":true,"href":"https:\/\/www.newsendip.com\/fr\/wp-json\/wp\/v2\/users\/1"}],"replies":[{"embeddable":true,"href":"https:\/\/www.newsendip.com\/fr\/wp-json\/wp\/v2\/comments?post=17981"}],"version-history":[{"count":0,"href":"https:\/\/www.newsendip.com\/fr\/wp-json\/wp\/v2\/posts\/17981\/revisions"}],"wp:featuredmedia":[{"embeddable":true,"href":"https:\/\/www.newsendip.com\/fr\/wp-json\/wp\/v2\/media\/13982"}],"wp:attachment":[{"href":"https:\/\/www.newsendip.com\/fr\/wp-json\/wp\/v2\/media?parent=17981"}],"wp:term":[{"taxonomy":"category","embeddable":true,"href":"https:\/\/www.newsendip.com\/fr\/wp-json\/wp\/v2\/categories?post=17981"},{"taxonomy":"post_tag","embeddable":true,"href":"https:\/\/www.newsendip.com\/fr\/wp-json\/wp\/v2\/tags?post=17981"}],"curies":[{"name":"wp","href":"https:\/\/api.w.org\/{rel}","templated":true}]}}