{"id":17990,"date":"2022-06-15T22:08:07","date_gmt":"2022-06-15T20:08:07","guid":{"rendered":"https:\/\/www.newsendip.com\/?p=17990"},"modified":"2024-07-16T22:25:50","modified_gmt":"2024-07-16T20:25:50","slug":"pour-le-patron-de-ryanair-le-ministre-de-leconomie-de-hongrie-est-un-idiot-fini","status":"publish","type":"post","link":"https:\/\/www.newsendip.com\/fr\/pour-le-patron-de-ryanair-le-ministre-de-leconomie-de-hongrie-est-un-idiot-fini\/","title":{"rendered":"Pour le patron de Ryanair, le ministre de l\u2019\u00e9conomie hongrois est un \u00ab\u202fidiot&nbsp;fini\u202f\u00bb"},"content":{"rendered":"<p><strong>La Hongrie va appliquer une \u00ab\u202f<em>taxe sp\u00e9ciale sur les b\u00e9n\u00e9fices excessifs<\/em>\u202f\u00bb aux compagnies a\u00e9riennes alors que Ryanair et consorts perdent de l\u2019argent. Le PDG de Ryanair Michael O\u2019Leary a qualifi\u00e9 le ministre du d\u00e9veloppement \u00e9conomique d\u201d\u202f\u202f\u00bb<em>idiot fini<\/em>\u202f\u00bb.<br>\n<\/strong><\/p>\n<p><img decoding=\"async\" class=\"aligncenter size-large wp-image-18002\" src=\"https:\/\/www.newsendip.com\/wp-content\/uploads\/2022\/06\/ryanair-aircraft-1024x664.webp\" alt=\"Avion Ryanair\" width=\"1024\" height=\"664\" srcset=\"https:\/\/www.newsendip.com\/wp-content\/uploads\/2022\/06\/ryanair-aircraft-1024x664.webp 1024w, https:\/\/www.newsendip.com\/wp-content\/uploads\/2022\/06\/ryanair-aircraft-60x39.webp 60w, https:\/\/www.newsendip.com\/wp-content\/uploads\/2022\/06\/ryanair-aircraft-300x195.webp 300w, https:\/\/www.newsendip.com\/wp-content\/uploads\/2022\/06\/ryanair-aircraft-768x498.webp 768w, https:\/\/www.newsendip.com\/wp-content\/uploads\/2022\/06\/ryanair-aircraft-1536x997.webp 1536w, https:\/\/www.newsendip.com\/wp-content\/uploads\/2022\/06\/ryanair-aircraft.webp 1794w\" sizes=\"(max-width: 1024px) 100vw, 1024px\"><\/p>\n<p>Le 14 juin, le patron de Ryanair, Michael O\u2019Leary, a d\u00e9clar\u00e9 qu\u2019il pensait que M\u00e1rton Nagy, le ministre hongrois du d\u00e9veloppement \u00e9conomique, \u00e9tait un \u00ab\u202f<em>idiot fini<\/em>\u202f\u00bb, alors que le pays instaure une taxe aux compagnies a\u00e9riennes \u00e0 partir du 1er juillet.<\/p>\n<p>Le nouveau gouvernement de Viktor Orb\u00e1n, apr\u00e8s avoir d\u00e9clar\u00e9 l\u2019\u00e9tat d\u2019urgence dans le pays, <a href=\"https:\/\/www.newsendip.com\/fr\/la-hongrie-exclut-les-vehicules-immatricules-hors-du-pays-de-ses-prix-plafonnes-de-lessence\/\">a annonc\u00e9 fin mai une s\u00e9rie de mesures<\/a> visant \u00e0 am\u00e9liorer les finances de l\u2019\u00c9tat. Il s\u2019agit notamment d\u2019une taxe sur les \u00ab\u202f<em>extra-b\u00e9n\u00e9fices<\/em>\u202f\u00bb durant les deux prochaines ann\u00e9es qui s\u2019appliquera aux grandes entreprises du secteur bancaire, des assurances, de l\u2019\u00e9nergie, l\u2019industrie pharmaceutique, la grande distribution et les compagnies a\u00e9riennes<\/p>\n<p>Cette taxe sur les b\u00e9n\u00e9fices excessifs, les superprofits, devrait rapporter 800 milliards de forints (2 milliards de dollars) par an \u00e0 l\u2019\u00c9tat, dont 30 milliards de forints des compagnies a\u00e9riennes.<!--more--><\/p>\n<p>Mais pour le PDG de Ryanair, habitu\u00e9 aux d\u00e9clarations fleuries, \u00ab\u202f<em>nous ne pouvons pas comprendre son argument selon lequel une taxe sp\u00e9ciale sur les b\u00e9n\u00e9fices excessifs devrait \u00eatre impos\u00e9e \u00e0 l\u2019<a href=\"https:\/\/www.newsendip.com\/fr\/le-tourisme-international-en-guere-meilleure-posture-en-2021-malgre-une-croissance-des-revenus-de-19\/\">industrie de l\u2019aviation alors que nous avons subi des pertes record<\/a> l\u2019ann\u00e9e derni\u00e8re \u00e0 cause de Covid<\/em>\u202f\u00bb et qu\u2019ils p\u00e2tissent aussi de l\u2019invasion de l\u2019Ukraine.<\/p>\n<p>Ryanair Holdings a annonc\u00e9 le 16 mai une perte de 355 millions d\u2019euros pour 2021. L\u2019entreprise irlandaise est l\u2019une des plus grandes <a href=\"https:\/\/www.newsendip.com\/fr\/la-compagnie-aerienne-portugaise-tap-airlines-ajoute-un-representant-du-personnel-a-son-conseil-dadministration\/\">compagnies a\u00e9riennes<\/a> op\u00e9rant en Hongrie avec Wizz Air, une compagnie a\u00e9rienne hongroise low-cost, qui a d\u00e9clar\u00e9 des pertes avoisinant les 650 millions d\u2019euros en un an. Le directeur g\u00e9n\u00e9ral de Wizz Air a \u00e9galement estim\u00e9 qu\u2019une telle taxe n\u2019avait aucun sens et que l\u2019entreprise pourrait augmenter ses&nbsp;prix.<\/p>\n<p>Le m\u00eame jour qu\u2019une interview de M. O\u2019Leary accord\u00e9e \u00e0 <a href=\"https:\/\/hvg.hu\/gazdasag\/20220614_michael_oleary_ryanair_interju\">hvg.ru<\/a>, <a href=\"https:\/\/corporate.ryanair.com\/news\/ryanair-condemns-hungarian-govts-idiotic-excess-profits-tax-on-loss-making-airlines\/\">Ryanair a d\u00e9nonc\u00e9 sur son site<\/a> une taxe \u00ab\u202f<em>idiote<\/em>\u202f\u00bb sur les b\u00e9n\u00e9fices anormaux et condamn\u00e9 ce \u00ab\u202f<em>vol \u00e9hont\u00e9 d\u2019un gouvernement<\/em>\u202f\u00bb. M. O\u2019Leary a demand\u00e9 au ministre Mr Nagy d\u2019annuler cette taxe \u00ab\u202f<em>ou au moins de la limiter aux industries p\u00e9troli\u00e8res ou gazi\u00e8res qui r\u00e9alisent des profits exceptionnels, et non aux compagnies a\u00e9riennes qui enregistrent des pertes record<\/em>\u202f\u00bb.<\/p>\n<p>Il a \u00e9galement d\u00e9clar\u00e9 que la compagnie enverrait \u00e0 M. Nagy un exemplaire de <em>L\u2019<a href=\"https:\/\/www.newsendip.com\/fr\/economie\/\">\u00e9conomie<\/a> pour les nuls<\/em>.<\/p>\n<p>Avec la nouvelle taxe qui entrera en vigueur le 1er juillet, la Hongrie percevra 3 900 forints (10 euros) pour chaque passager d\u2019un avion d\u00e9collant de la Hongrie vers un \u00c9tat membre de l\u2019Union europ\u00e9enne, l\u2019Albanie, Andorre, la Bosnie-Herz\u00e9govine, la Mac\u00e9doine du Nord, l\u2019Islande, le Kosovo, le Liechtenstein, la Moldavie, Monaco, le Mont\u00e9n\u00e9gro, la Grande-Bretagne, la Norv\u00e8ge, Saint-Marin, la Suisse, la Serbie ou l\u2019Ukraine. Les vols en partance pour d\u2019autres pays seront factur\u00e9s 9 750 forints (25 euros) en plus, selon <a href=\"https:\/\/telex.hu\/gazdasag\/2022\/06\/09\/a-ryanair-kapasbol-tovabbharitotta-az-utasokra-az-extraprofitadot\">T\u00e9lex<\/a>. Les voyageurs en transit ne sont pas soumises \u00e0 cette&nbsp;taxe.<\/p>\n<p>Le d\u00e9cret du gouvernement impose la taxe sur les services au sol dans les a\u00e9roports hongrois, mais les sous-traitants peuvent transf\u00e9rer cette charge aux compagnies a\u00e9riennes, selon Ryanair.<\/p>\n<p>Ainsi, la compagnie low-cost dont le si\u00e8ge est \u00e0 Dublin a envoy\u00e9 une lettre aux clients qui ont achet\u00e9 des billets apr\u00e8s le 4 juin pour les informer qu\u2019ils devront payer un suppl\u00e9ment de 3 900 forints pour les vols \u00e0 partir du 1er juillet en raison de la taxe sur les superprofits.<\/p>\n<p>Les clients ont la possibilit\u00e9 d\u2019annuler leurs billets et de se faire rembourser int\u00e9gralement avant le 16 juin, faute de quoi l\u2019argent sera pr\u00e9lev\u00e9 directement sur le compte de la carte bancaire utilis\u00e9e pour acheter les billets. Ryanair pr\u00e9vient \u00e9galement qu\u2019il y aura moins de vols vers la Hongrie \u00e0 cause de la taxe \u00e0 l\u2019avenir, bien qu\u2019elle n\u2019envisage pas de fermer de liaison pour le moment.<\/p>\n<p>Le gouvernement avait averti que la taxe ne devait pas \u00eatre appliqu\u00e9e aux clients. Le ministre du bureau du premier ministre Gergely Guly\u00e1s a signifi\u00e9 que le gouvernement aurait les moyens l\u00e9gaux de retirer des b\u00e9n\u00e9fices si les compagnies a\u00e9riennes facturaient des frais suppl\u00e9mentaires aux consommateurs pour la taxe et qu\u2019il prendrait des mesures si elles y avaient recours de mani\u00e8re importante.<\/p>\n<p>Apr\u00e8s que Ryanair a annonc\u00e9 qu\u2019elle appliquait la taxe aux consommateurs, le ministre du d\u00e9veloppement \u00e9conomique, M. Nagy, a lanc\u00e9 une enqu\u00eate sur la protection des consommateurs afin de d\u00e9terminer si la compagnie a\u00e9rienne appliquait des tarifs d\u00e9loyaux.<\/p>\n<p>Il esp\u00e9rait \u00e9galement que \u00ab\u202f<em>les r\u00e9ponses de la compagnie a\u00e9rienne seraient aussi rapides lorsque les citoyens hongrois\u202f\u00bb<\/em> s\u2019adressent \u00e0 leur SAV pour une plainte. \u00ab\u202f<em>Nous esp\u00e9rons que les passagers ne seront pas trait\u00e9s avec une telle arrogance<\/em>\u202f\u00bb. M. Nagy a \u00e9galement affirm\u00e9 ne pas comprendre pourquoi Ryanair fait deux poids deux mesures en payant une taxe similaire en Allemagne, aux Pays-Bas, en Su\u00e8de et en France mais a des \u00ab\u202f<em>probl\u00e8mes<\/em>\u202f\u00bb avec celle de la Hongrie.<\/p>\n<p>Mais M. O\u2019Neill affirme qu\u2019un gouvernement de l\u2019Union europ\u00e9enne ne d\u00e9cide pas des politiques tarifaires des compagnies a\u00e9riennes. Il a \u00e9galement d\u00e9clar\u00e9 que \u00ab\u202f<em>nous ne perdons pas notre temps \u00e0 n\u00e9gocier avec un gouvernement qui a ce ministre stupide<\/em>\u202f\u00bb.<\/p>\n<p><strong><a href=\"https:\/\/www.newsendip.com\/fr\/etiquette\/hongrie\/\">D\u00e9couvrez des actualit\u00e9s de Hongrie<\/a><\/strong><\/p>\n","protected":false},"excerpt":{"rendered":"<p>La Hongrie va appliquer une \u00ab\u202ftaxe sp\u00e9ciale sur les b\u00e9n\u00e9fices excessifs\u202f\u00bb aux compagnies a\u00e9riennes alors que Ryanair et consorts perdent de l\u2019argent.<\/p>\n","protected":false},"author":1,"featured_media":18002,"comment_status":"closed","ping_status":"closed","sticky":false,"template":"","format":"standard","meta":{"wp_typography_post_enhancements_disabled":false,"footnotes":""},"categories":[414],"tags":[913,430,523,421],"class_list":["post-17990","post","type-post","status-publish","format-standard","has-post-thumbnail","hentry","category-economie","tag-hongrie","tag-irlande","tag-monde","tag-vieux"],"yoast_head":"<!-- This site is optimized with the Yoast SEO Premium plugin v27.4 (Yoast SEO v27.4) - https:\/\/yoast.com\/product\/yoast-seo-premium-wordpress\/ -->\n<title>Pour le patron de Ryanair, le ministre de l&#039;\u00e9conomie hongrois est un &quot;idiot fini&quot;<\/title>\n<meta name=\"description\" content=\"La Hongrie va appliquer une &quot;taxe sp\u00e9ciale sur les b\u00e9n\u00e9fices excessifs&quot; aux compagnies a\u00e9riennes alors que Ryanair et consorts perdent de l&#039;argent.\" \/>\n<meta name=\"robots\" content=\"index, follow, max-snippet:-1, max-image-preview:large, max-video-preview:-1\" \/>\n<link rel=\"canonical\" href=\"https:\/\/www.newsendip.com\/fr\/pour-le-patron-de-ryanair-le-ministre-de-leconomie-de-hongrie-est-un-idiot-fini\/\" \/>\n<meta property=\"og:locale\" content=\"fr_FR\" \/>\n<meta property=\"og:type\" content=\"article\" \/>\n<meta property=\"og:title\" content=\"Pour le patron de Ryanair, le ministre de l&#039;\u00e9conomie hongrois est un &quot;idiot fini&quot;\" \/>\n<meta property=\"og:description\" content=\"La Hongrie va appliquer une &quot;taxe sp\u00e9ciale sur les b\u00e9n\u00e9fices excessifs&quot; aux compagnies a\u00e9riennes alors que Ryanair et consorts perdent de l&#039;argent.\" \/>\n<meta property=\"og:url\" content=\"https:\/\/www.newsendip.com\/fr\/pour-le-patron-de-ryanair-le-ministre-de-leconomie-de-hongrie-est-un-idiot-fini\/\" \/>\n<meta property=\"og:site_name\" content=\"Newsendip\" \/>\n<meta property=\"article:publisher\" content=\"https:\/\/www.facebook.com\/newsendip\" \/>\n<meta property=\"article:published_time\" content=\"2022-06-15T20:08:07+00:00\" \/>\n<meta property=\"article:modified_time\" content=\"2024-07-16T20:25:50+00:00\" \/>\n<meta property=\"og:image\" content=\"https:\/\/www.newsendip.com\/wp-content\/uploads\/2022\/06\/ryanair-aircraft.jpg\" \/>\n\t<meta property=\"og:image:width\" content=\"1794\" \/>\n\t<meta property=\"og:image:height\" content=\"1164\" \/>\n\t<meta property=\"og:image:type\" content=\"image\/jpeg\" \/>\n<meta name=\"author\" content=\"Cl\u00e9ment V\u00e9rit\u00e9\" \/>\n<meta name=\"twitter:card\" content=\"summary_large_image\" \/>\n<meta name=\"twitter:image\" content=\"https:\/\/www.newsendip.com\/wp-content\/uploads\/2022\/06\/ryanair-aircraft.jpg\" \/>\n<meta name=\"twitter:creator\" content=\"@https:\/\/twitter.com\/cverite\" \/>\n<meta name=\"twitter:site\" content=\"@newsendip\" \/>\n<meta name=\"twitter:label1\" content=\"\u00c9crit par\" \/>\n\t<meta name=\"twitter:data1\" content=\"Cl\u00e9ment V\u00e9rit\u00e9\" \/>\n\t<meta name=\"twitter:label2\" content=\"Dur\u00e9e de lecture estim\u00e9e\" \/>\n\t<meta name=\"twitter:data2\" content=\"5 minutes\" \/>\n<!-- \/ Yoast SEO Premium plugin. -->","yoast_head_json":{"title":"Pour le patron de Ryanair, le ministre de l'\u00e9conomie hongrois est un \"idiot fini\"","description":"La Hongrie va appliquer une \"taxe sp\u00e9ciale sur les b\u00e9n\u00e9fices excessifs\" aux compagnies a\u00e9riennes alors que Ryanair et consorts perdent de l'argent.","robots":{"index":"index","follow":"follow","max-snippet":"max-snippet:-1","max-image-preview":"max-image-preview:large","max-video-preview":"max-video-preview:-1"},"canonical":"https:\/\/www.newsendip.com\/fr\/pour-le-patron-de-ryanair-le-ministre-de-leconomie-de-hongrie-est-un-idiot-fini\/","og_locale":"fr_FR","og_type":"article","og_title":"Pour le patron de Ryanair, le ministre de l'\u00e9conomie hongrois est un \"idiot fini\"","og_description":"La Hongrie va appliquer une \"taxe sp\u00e9ciale sur les b\u00e9n\u00e9fices excessifs\" aux compagnies a\u00e9riennes alors que Ryanair et consorts perdent de l'argent.","og_url":"https:\/\/www.newsendip.com\/fr\/pour-le-patron-de-ryanair-le-ministre-de-leconomie-de-hongrie-est-un-idiot-fini\/","og_site_name":"Newsendip","article_publisher":"https:\/\/www.facebook.com\/newsendip","article_published_time":"2022-06-15T20:08:07+00:00","article_modified_time":"2024-07-16T20:25:50+00:00","og_image":[{"width":1794,"height":1164,"url":"https:\/\/www.newsendip.com\/wp-content\/uploads\/2022\/06\/ryanair-aircraft.jpg","type":"image\/jpeg"}],"author":"Cl\u00e9ment V\u00e9rit\u00e9","twitter_card":"summary_large_image","twitter_image":"https:\/\/www.newsendip.com\/wp-content\/uploads\/2022\/06\/ryanair-aircraft.jpg","twitter_creator":"@https:\/\/twitter.com\/cverite","twitter_site":"@newsendip","twitter_misc":{"\u00c9crit par":"Cl\u00e9ment V\u00e9rit\u00e9","Dur\u00e9e de lecture estim\u00e9e":"5 minutes"},"schema":{"@context":"https:\/\/schema.org","@graph":[{"@type":"NewsArticle","@id":"https:\/\/www.newsendip.com\/fr\/pour-le-patron-de-ryanair-le-ministre-de-leconomie-de-hongrie-est-un-idiot-fini\/#article","isPartOf":{"@id":"https:\/\/www.newsendip.com\/fr\/pour-le-patron-de-ryanair-le-ministre-de-leconomie-de-hongrie-est-un-idiot-fini\/"},"author":{"name":"Cl\u00e9ment V\u00e9rit\u00e9","@id":"https:\/\/www.newsendip.com\/fr\/#\/schema\/person\/ea22c01755f464a3cbc2c619584d6363"},"headline":"Pour le patron de Ryanair, le ministre de l\u2019\u00e9conomie hongrois est un \u00ab\u202fidiot&nbsp;fini\u202f\u00bb","datePublished":"2022-06-15T20:08:07+00:00","dateModified":"2024-07-16T20:25:50+00:00","mainEntityOfPage":{"@id":"https:\/\/www.newsendip.com\/fr\/pour-le-patron-de-ryanair-le-ministre-de-leconomie-de-hongrie-est-un-idiot-fini\/"},"wordCount":972,"publisher":{"@id":"https:\/\/www.newsendip.com\/fr\/#organization"},"image":{"@id":"https:\/\/www.newsendip.com\/fr\/pour-le-patron-de-ryanair-le-ministre-de-leconomie-de-hongrie-est-un-idiot-fini\/#primaryimage"},"thumbnailUrl":"https:\/\/www.newsendip.com\/wp-content\/uploads\/2022\/06\/ryanair-aircraft.webp","keywords":["Hongrie","Irlande","Monde","Vieux"],"articleSection":["\u00c9conomie"],"inLanguage":"fr-FR","copyrightYear":"2022","copyrightHolder":{"@id":"https:\/\/www.newsendip.com\/#organization"}},{"@type":"WebPage","@id":"https:\/\/www.newsendip.com\/fr\/pour-le-patron-de-ryanair-le-ministre-de-leconomie-de-hongrie-est-un-idiot-fini\/","url":"https:\/\/www.newsendip.com\/fr\/pour-le-patron-de-ryanair-le-ministre-de-leconomie-de-hongrie-est-un-idiot-fini\/","name":"Pour le patron de Ryanair, le ministre de l'\u00e9conomie hongrois est un \"idiot fini\"","isPartOf":{"@id":"https:\/\/www.newsendip.com\/fr\/#website"},"primaryImageOfPage":{"@id":"https:\/\/www.newsendip.com\/fr\/pour-le-patron-de-ryanair-le-ministre-de-leconomie-de-hongrie-est-un-idiot-fini\/#primaryimage"},"image":{"@id":"https:\/\/www.newsendip.com\/fr\/pour-le-patron-de-ryanair-le-ministre-de-leconomie-de-hongrie-est-un-idiot-fini\/#primaryimage"},"thumbnailUrl":"https:\/\/www.newsendip.com\/wp-content\/uploads\/2022\/06\/ryanair-aircraft.webp","datePublished":"2022-06-15T20:08:07+00:00","dateModified":"2024-07-16T20:25:50+00:00","description":"La Hongrie va appliquer une \"taxe sp\u00e9ciale sur les b\u00e9n\u00e9fices excessifs\" aux compagnies a\u00e9riennes alors que Ryanair et consorts perdent de l'argent.","breadcrumb":{"@id":"https:\/\/www.newsendip.com\/fr\/pour-le-patron-de-ryanair-le-ministre-de-leconomie-de-hongrie-est-un-idiot-fini\/#breadcrumb"},"inLanguage":"fr-FR","potentialAction":[{"@type":"ReadAction","target":["https:\/\/www.newsendip.com\/fr\/pour-le-patron-de-ryanair-le-ministre-de-leconomie-de-hongrie-est-un-idiot-fini\/"]}]},{"@type":"ImageObject","inLanguage":"fr-FR","@id":"https:\/\/www.newsendip.com\/fr\/pour-le-patron-de-ryanair-le-ministre-de-leconomie-de-hongrie-est-un-idiot-fini\/#primaryimage","url":"https:\/\/www.newsendip.com\/wp-content\/uploads\/2022\/06\/ryanair-aircraft.webp","contentUrl":"https:\/\/www.newsendip.com\/wp-content\/uploads\/2022\/06\/ryanair-aircraft.webp","width":1794,"height":1164,"caption":"Avion Ryanair"},{"@type":"BreadcrumbList","@id":"https:\/\/www.newsendip.com\/fr\/pour-le-patron-de-ryanair-le-ministre-de-leconomie-de-hongrie-est-un-idiot-fini\/#breadcrumb","itemListElement":[{"@type":"ListItem","position":1,"name":"Accueil","item":"https:\/\/www.newsendip.com\/fr\/"},{"@type":"ListItem","position":2,"name":"Pour le patron de Ryanair, le ministre de l&#8217;\u00e9conomie hongrois est un &#8220;idiot fini&#8221;"}]},{"@type":"WebSite","@id":"https:\/\/www.newsendip.com\/fr\/#website","url":"https:\/\/www.newsendip.com\/fr\/","name":"Newsendip","description":"Red\u00e9couvrez l&#039;actualit\u00e9 internationale","publisher":{"@id":"https:\/\/www.newsendip.com\/fr\/#organization"},"potentialAction":[{"@type":"SearchAction","target":{"@type":"EntryPoint","urlTemplate":"https:\/\/www.newsendip.com\/fr\/?s={search_term_string}"},"query-input":{"@type":"PropertyValueSpecification","valueRequired":true,"valueName":"search_term_string"}}],"inLanguage":"fr-FR"},{"@type":"Organization","@id":"https:\/\/www.newsendip.com\/fr\/#organization","name":"Newsendip","url":"https:\/\/www.newsendip.com\/fr\/","logo":{"@type":"ImageObject","inLanguage":"fr-FR","@id":"https:\/\/www.newsendip.com\/fr\/#\/schema\/logo\/image\/","url":"https:\/\/www.newsendip.com\/wp-content\/uploads\/2023\/12\/512x512.svg","contentUrl":"https:\/\/www.newsendip.com\/wp-content\/uploads\/2023\/12\/512x512.svg","width":1,"height":1,"caption":"Newsendip"},"image":{"@id":"https:\/\/www.newsendip.com\/fr\/#\/schema\/logo\/image\/"},"sameAs":["https:\/\/www.facebook.com\/newsendip","https:\/\/x.com\/newsendip","https:\/\/mastodon.social\/@newsendip","https:\/\/www.linkedin.com\/company\/newsendip"],"description":"Newsendip est un site qui a pour mission de rendre l'actualit\u00e9 internationale accessible et diversifi\u00e9e","email":"contact@newsendip.com","legalName":"Newsendip SAS","foundingDate":"2022-11-04","vatID":"FR60921124723","numberOfEmployees":{"@type":"QuantitativeValue","minValue":"1","maxValue":"10"},"publishingPrinciples":"https:\/\/www.newsendip.com\/about-us\/","ownershipFundingInfo":"https:\/\/www.newsendip.com\/legal-notice\/","actionableFeedbackPolicy":"https:\/\/www.newsendip.com\/about-us\/","correctionsPolicy":"https:\/\/www.newsendip.com\/about-us\/","ethicsPolicy":"https:\/\/www.newsendip.com\/about-us\/","diversityPolicy":"https:\/\/www.newsendip.com\/about-us\/"},{"@type":"Person","@id":"https:\/\/www.newsendip.com\/fr\/#\/schema\/person\/ea22c01755f464a3cbc2c619584d6363","name":"Cl\u00e9ment V\u00e9rit\u00e9","description":"Cl\u00e9ment is the executive editor and founder of Newsendip. He started in the media industry as a freelance reporter at 16 for a local French newspaper after school and has never left it. He later worked for seven years at The New York Times, notably as a data analyst. He holds a Master of Management in France and a Master of Arts in the United Kingdom in International Marketing &amp; Communications Strategy. He has lived in France, the United Kingdom, and Italy.","sameAs":["https:\/\/www.newsendip.com\/","https:\/\/www.linkedin.com\/in\/clementverite\/","https:\/\/x.com\/https:\/\/twitter.com\/cverite"],"knowsAbout":["News","International","Business","Media monitoring"],"knowsLanguage":["English","French","Italian","Spanish"],"url":"https:\/\/www.newsendip.com\/fr\/author\/clement-verite\/"}]}},"_links":{"self":[{"href":"https:\/\/www.newsendip.com\/fr\/wp-json\/wp\/v2\/posts\/17990","targetHints":{"allow":["GET"]}}],"collection":[{"href":"https:\/\/www.newsendip.com\/fr\/wp-json\/wp\/v2\/posts"}],"about":[{"href":"https:\/\/www.newsendip.com\/fr\/wp-json\/wp\/v2\/types\/post"}],"author":[{"embeddable":true,"href":"https:\/\/www.newsendip.com\/fr\/wp-json\/wp\/v2\/users\/1"}],"replies":[{"embeddable":true,"href":"https:\/\/www.newsendip.com\/fr\/wp-json\/wp\/v2\/comments?post=17990"}],"version-history":[{"count":0,"href":"https:\/\/www.newsendip.com\/fr\/wp-json\/wp\/v2\/posts\/17990\/revisions"}],"wp:featuredmedia":[{"embeddable":true,"href":"https:\/\/www.newsendip.com\/fr\/wp-json\/wp\/v2\/media\/18002"}],"wp:attachment":[{"href":"https:\/\/www.newsendip.com\/fr\/wp-json\/wp\/v2\/media?parent=17990"}],"wp:term":[{"taxonomy":"category","embeddable":true,"href":"https:\/\/www.newsendip.com\/fr\/wp-json\/wp\/v2\/categories?post=17990"},{"taxonomy":"post_tag","embeddable":true,"href":"https:\/\/www.newsendip.com\/fr\/wp-json\/wp\/v2\/tags?post=17990"}],"curies":[{"name":"wp","href":"https:\/\/api.w.org\/{rel}","templated":true}]}}